{"id":583,"date":"2008-07-01T09:32:26","date_gmt":"2008-07-01T07:32:26","guid":{"rendered":"http:\/\/beta.mojabochnia.pl\/?p=583"},"modified":"2008-08-25T14:17:28","modified_gmt":"2008-08-25T12:17:28","slug":"podsumowanie-warsztatow-filmowych-w-mdk","status":"publish","type":"post","link":"https:\/\/www.mojabochnia.pl\/?p=583","title":{"rendered":"Podsumowanie warsztat\u00f3w filmowych w MDK"},"content":{"rendered":"<p>Warsztaty prowadzili Miron Wojdy\u0142o i Jim Kambeitz, znani i nagradzani w dziedzinie sztuki filmowej. Panowie zapoznali uczestnik\u00f3w z tajnikami swego zawodu. Podczas warsztat\u00f3w uczestnicy zdobyli wiedz\u0119 teoretyczn\u0105 i umiej\u0119tno\u015bci praktyczne z zakresu realizacji filmowej. W programie znalaz\u0142y si\u0119 mi\u0119dzy innymi: \u0107wiczenia podczas pracy na autentycznym planie filmowym, eksperymenty z kamer\u0105, \u015bwiat\u0142em i monta\u017cem. <\/p>\n<p>Celem warsztat\u00f3w by\u0142o podniesienie kompetencji w zakresie odbioru tw\u00f3rczo\u015bci filmowej, a tak\u017ce przygotowanie teoretyczne i praktyczne do udzia\u0142u w tegorocznej (drugiej) edycji konkursu \u201e15000 klatek o Bochni\u201d. Przypomnijmy, \u017ce w pierwszej edycji konkursu, rozstrzygni\u0119tej we wrze\u015bniu 2007 r. zwyci\u0119\u017cy\u0142 film \u201eCieniom.\u201d<\/p>\n<p>Produkcje bior\u0105cych udzia\u0142 w tegorocznych warsztatach zaprezentowane zostan\u0105 w kinie letnim, w ogrodzie MDK. Informacje o terminie premiery dost\u0119pne b\u0119d\u0105 wkr\u00f3tce na boche\u0144skich portalach internetowych oraz stronach www.kino.bochnia.pl i www.mdk.bochnia.pl. <\/p>\n<p>Projekt zosta\u0142 dofinansowany w ramach dotacji z Polskiego Instytutu Sztuki Filmowej. <\/p>\n","protected":false},"excerpt":{"rendered":"<p>Kr\u00f3tko, ale pracowicie i owocnie \u2013 tak w skr\u00f3cie podsumowa\u0107 mo\u017cna trwaj\u0105ce tydzie\u0144, bezp\u0142atne warsztaty filmowe w Miejskim Domu Kultury. Od 23 do 27 czerwca, do p\u00f3\u017anych godzin nocnych, grupy warsztatowe ci\u0119\u017cko pracowa\u0142y, na planach filmowych. Dzi\u0119ki temu za kilka dni b\u0119dziemy mieli okazj\u0119 podziwia\u0107 efekt w postaci dw\u00f3ch film\u00f3w, zdradzimy tylko, \u017ce obie produkcje to horrory. <\/p>\n","protected":false},"author":8,"featured_media":0,"comment_status":"open","ping_status":"open","sticky":false,"template":"","format":"standard","meta":{"_acf_changed":false,"footnotes":""},"categories":[5],"tags":[63,17142,17165],"class_list":["post-583","post","type-post","status-publish","format-standard","hentry","category-biezace-wydarzenia","tag-dom-kultury","tag-film","tag-warsztaty"],"acf":[],"yoast_head":"<!-- This site is optimized with the Yoast SEO plugin v26.9 - https:\/\/yoast.com\/product\/yoast-seo-wordpress\/ -->\n<title>Podsumowanie warsztat\u00f3w filmowych w MDK - mojabochnia.pl - portal informacyjny<\/title>\n<meta name=\"robots\" content=\"index, follow, max-snippet:-1, max-image-preview:large, max-video-preview:-1\" \/>\n<link rel=\"canonical\" href=\"https:\/\/www.mojabochnia.pl\/?p=583\" \/>\n<meta property=\"og:locale\" content=\"pl_PL\" \/>\n<meta property=\"og:type\" content=\"article\" \/>\n<meta property=\"og:title\" content=\"Podsumowanie warsztat\u00f3w filmowych w MDK - mojabochnia.pl - portal informacyjny\" \/>\n<meta property=\"og:description\" content=\"Kr\u00f3tko, ale pracowicie i owocnie \u2013 tak w skr\u00f3cie podsumowa\u0107 mo\u017cna trwaj\u0105ce tydzie\u0144, bezp\u0142atne warsztaty filmowe w Miejskim Domu Kultury. Od 23 do 27 czerwca, do p\u00f3\u017anych godzin nocnych, grupy warsztatowe ci\u0119\u017cko pracowa\u0142y, na planach filmowych. Dzi\u0119ki temu za kilka dni b\u0119dziemy mieli okazj\u0119 podziwia\u0107 efekt w postaci dw\u00f3ch film\u00f3w, zdradzimy tylko, \u017ce obie produkcje to horrory.\" \/>\n<meta property=\"og:url\" content=\"https:\/\/www.mojabochnia.pl\/?p=583\" \/>\n<meta property=\"og:site_name\" content=\"mojabochnia.pl - portal informacyjny\" \/>\n<meta property=\"article:publisher\" content=\"https:\/\/www.facebook.com\/mojabochnia\" \/>\n<meta property=\"article:published_time\" content=\"2008-07-01T07:32:26+00:00\" \/>\n<meta property=\"article:modified_time\" content=\"2008-08-25T12:17:28+00:00\" \/>\n<meta name=\"author\" content=\"informacja prasowa\" \/>\n<meta name=\"twitter:card\" content=\"summary_large_image\" \/>\n<meta name=\"twitter:label1\" content=\"Written by\" \/>\n\t<meta name=\"twitter:data1\" content=\"informacja prasowa\" \/>\n\t<meta name=\"twitter:label2\" content=\"Est. reading time\" \/>\n\t<meta name=\"twitter:data2\" content=\"1 minuta\" \/>\n<script type=\"application\/ld+json\" class=\"yoast-schema-graph\">{\"@context\":\"https:\/\/schema.org\",\"@graph\":[{\"@type\":\"Article\",\"@id\":\"https:\/\/www.mojabochnia.pl\/?p=583#article\",\"isPartOf\":{\"@id\":\"https:\/\/www.mojabochnia.pl\/?p=583\"},\"author\":{\"name\":\"informacja prasowa\",\"@id\":\"https:\/\/www.mojabochnia.pl\/#\/schema\/person\/9e15cf1bcb74043790f124a3130fe41e\"},\"headline\":\"Podsumowanie warsztat\u00f3w filmowych w MDK\",\"datePublished\":\"2008-07-01T07:32:26+00:00\",\"dateModified\":\"2008-08-25T12:17:28+00:00\",\"mainEntityOfPage\":{\"@id\":\"https:\/\/www.mojabochnia.pl\/?p=583\"},\"wordCount\":168,\"commentCount\":0,\"publisher\":{\"@id\":\"https:\/\/www.mojabochnia.pl\/#organization\"},\"keywords\":[\"dom kultury\",\"film\",\"warsztaty\"],\"articleSection\":[\"2_ostatnie\"],\"inLanguage\":\"pl-PL\",\"potentialAction\":[{\"@type\":\"CommentAction\",\"name\":\"Comment\",\"target\":[\"https:\/\/www.mojabochnia.pl\/?p=583#respond\"]}]},{\"@type\":\"WebPage\",\"@id\":\"https:\/\/www.mojabochnia.pl\/?p=583\",\"url\":\"https:\/\/www.mojabochnia.pl\/?p=583\",\"name\":\"Podsumowanie warsztat\u00f3w filmowych w MDK - mojabochnia.pl - portal informacyjny\",\"isPartOf\":{\"@id\":\"https:\/\/www.mojabochnia.pl\/#website\"},\"datePublished\":\"2008-07-01T07:32:26+00:00\",\"dateModified\":\"2008-08-25T12:17:28+00:00\",\"breadcrumb\":{\"@id\":\"https:\/\/www.mojabochnia.pl\/?p=583#breadcrumb\"},\"inLanguage\":\"pl-PL\",\"potentialAction\":[{\"@type\":\"ReadAction\",\"target\":[\"https:\/\/www.mojabochnia.pl\/?p=583\"]}]},{\"@type\":\"BreadcrumbList\",\"@id\":\"https:\/\/www.mojabochnia.pl\/?p=583#breadcrumb\",\"itemListElement\":[{\"@type\":\"ListItem\",\"position\":1,\"name\":\"Home\",\"item\":\"https:\/\/www.mojabochnia.pl\/\"},{\"@type\":\"ListItem\",\"position\":2,\"name\":\"Podsumowanie warsztat\u00f3w filmowych w MDK\"}]},{\"@type\":\"WebSite\",\"@id\":\"https:\/\/www.mojabochnia.pl\/#website\",\"url\":\"https:\/\/www.mojabochnia.pl\/\",\"name\":\"mojabochnia.pl - portal informacyjny\",\"description\":\"mojaBochnia to portal informacyjny o Bochni. Codziennie o Bochni piszemy i pokazujemy najwa\u017cniejsze wydarzenia\",\"publisher\":{\"@id\":\"https:\/\/www.mojabochnia.pl\/#organization\"},\"potentialAction\":[{\"@type\":\"SearchAction\",\"target\":{\"@type\":\"EntryPoint\",\"urlTemplate\":\"https:\/\/www.mojabochnia.pl\/?s={search_term_string}\"},\"query-input\":{\"@type\":\"PropertyValueSpecification\",\"valueRequired\":true,\"valueName\":\"search_term_string\"}}],\"inLanguage\":\"pl-PL\"},{\"@type\":\"Organization\",\"@id\":\"https:\/\/www.mojabochnia.pl\/#organization\",\"name\":\"mojabochnia.pl - portal informacyjny\",\"url\":\"https:\/\/www.mojabochnia.pl\/\",\"logo\":{\"@type\":\"ImageObject\",\"inLanguage\":\"pl-PL\",\"@id\":\"https:\/\/www.mojabochnia.pl\/#\/schema\/logo\/image\/\",\"url\":\"https:\/\/www.mojabochnia.pl\/wp-content\/uploads\/2017\/08\/logo-mb-opt.png\",\"contentUrl\":\"https:\/\/www.mojabochnia.pl\/wp-content\/uploads\/2017\/08\/logo-mb-opt.png\",\"width\":250,\"height\":48,\"caption\":\"mojabochnia.pl - portal informacyjny\"},\"image\":{\"@id\":\"https:\/\/www.mojabochnia.pl\/#\/schema\/logo\/image\/\"},\"sameAs\":[\"https:\/\/www.facebook.com\/mojabochnia\"]},{\"@type\":\"Person\",\"@id\":\"https:\/\/www.mojabochnia.pl\/#\/schema\/person\/9e15cf1bcb74043790f124a3130fe41e\",\"name\":\"informacja prasowa\",\"sameAs\":[\"http:\/\/\"],\"url\":\"https:\/\/www.mojabochnia.pl\/?author=8\"}]}<\/script>\n<!-- \/ Yoast SEO plugin. -->","yoast_head_json":{"title":"Podsumowanie warsztat\u00f3w filmowych w MDK - mojabochnia.pl - portal informacyjny","robots":{"index":"index","follow":"follow","max-snippet":"max-snippet:-1","max-image-preview":"max-image-preview:large","max-video-preview":"max-video-preview:-1"},"canonical":"https:\/\/www.mojabochnia.pl\/?p=583","og_locale":"pl_PL","og_type":"article","og_title":"Podsumowanie warsztat\u00f3w filmowych w MDK - mojabochnia.pl - portal informacyjny","og_description":"Kr\u00f3tko, ale pracowicie i owocnie \u2013 tak w skr\u00f3cie podsumowa\u0107 mo\u017cna trwaj\u0105ce tydzie\u0144, bezp\u0142atne warsztaty filmowe w Miejskim Domu Kultury. Od 23 do 27 czerwca, do p\u00f3\u017anych godzin nocnych, grupy warsztatowe ci\u0119\u017cko pracowa\u0142y, na planach filmowych. Dzi\u0119ki temu za kilka dni b\u0119dziemy mieli okazj\u0119 podziwia\u0107 efekt w postaci dw\u00f3ch film\u00f3w, zdradzimy tylko, \u017ce obie produkcje to horrory.","og_url":"https:\/\/www.mojabochnia.pl\/?p=583","og_site_name":"mojabochnia.pl - portal informacyjny","article_publisher":"https:\/\/www.facebook.com\/mojabochnia","article_published_time":"2008-07-01T07:32:26+00:00","article_modified_time":"2008-08-25T12:17:28+00:00","author":"informacja prasowa","twitter_card":"summary_large_image","twitter_misc":{"Written by":"informacja prasowa","Est. reading time":"1 minuta"},"schema":{"@context":"https:\/\/schema.org","@graph":[{"@type":"Article","@id":"https:\/\/www.mojabochnia.pl\/?p=583#article","isPartOf":{"@id":"https:\/\/www.mojabochnia.pl\/?p=583"},"author":{"name":"informacja prasowa","@id":"https:\/\/www.mojabochnia.pl\/#\/schema\/person\/9e15cf1bcb74043790f124a3130fe41e"},"headline":"Podsumowanie warsztat\u00f3w filmowych w MDK","datePublished":"2008-07-01T07:32:26+00:00","dateModified":"2008-08-25T12:17:28+00:00","mainEntityOfPage":{"@id":"https:\/\/www.mojabochnia.pl\/?p=583"},"wordCount":168,"commentCount":0,"publisher":{"@id":"https:\/\/www.mojabochnia.pl\/#organization"},"keywords":["dom kultury","film","warsztaty"],"articleSection":["2_ostatnie"],"inLanguage":"pl-PL","potentialAction":[{"@type":"CommentAction","name":"Comment","target":["https:\/\/www.mojabochnia.pl\/?p=583#respond"]}]},{"@type":"WebPage","@id":"https:\/\/www.mojabochnia.pl\/?p=583","url":"https:\/\/www.mojabochnia.pl\/?p=583","name":"Podsumowanie warsztat\u00f3w filmowych w MDK - mojabochnia.pl - portal informacyjny","isPartOf":{"@id":"https:\/\/www.mojabochnia.pl\/#website"},"datePublished":"2008-07-01T07:32:26+00:00","dateModified":"2008-08-25T12:17:28+00:00","breadcrumb":{"@id":"https:\/\/www.mojabochnia.pl\/?p=583#breadcrumb"},"inLanguage":"pl-PL","potentialAction":[{"@type":"ReadAction","target":["https:\/\/www.mojabochnia.pl\/?p=583"]}]},{"@type":"BreadcrumbList","@id":"https:\/\/www.mojabochnia.pl\/?p=583#breadcrumb","itemListElement":[{"@type":"ListItem","position":1,"name":"Home","item":"https:\/\/www.mojabochnia.pl\/"},{"@type":"ListItem","position":2,"name":"Podsumowanie warsztat\u00f3w filmowych w MDK"}]},{"@type":"WebSite","@id":"https:\/\/www.mojabochnia.pl\/#website","url":"https:\/\/www.mojabochnia.pl\/","name":"mojabochnia.pl - portal informacyjny","description":"mojaBochnia to portal informacyjny o Bochni. Codziennie o Bochni piszemy i pokazujemy najwa\u017cniejsze wydarzenia","publisher":{"@id":"https:\/\/www.mojabochnia.pl\/#organization"},"potentialAction":[{"@type":"SearchAction","target":{"@type":"EntryPoint","urlTemplate":"https:\/\/www.mojabochnia.pl\/?s={search_term_string}"},"query-input":{"@type":"PropertyValueSpecification","valueRequired":true,"valueName":"search_term_string"}}],"inLanguage":"pl-PL"},{"@type":"Organization","@id":"https:\/\/www.mojabochnia.pl\/#organization","name":"mojabochnia.pl - portal informacyjny","url":"https:\/\/www.mojabochnia.pl\/","logo":{"@type":"ImageObject","inLanguage":"pl-PL","@id":"https:\/\/www.mojabochnia.pl\/#\/schema\/logo\/image\/","url":"https:\/\/www.mojabochnia.pl\/wp-content\/uploads\/2017\/08\/logo-mb-opt.png","contentUrl":"https:\/\/www.mojabochnia.pl\/wp-content\/uploads\/2017\/08\/logo-mb-opt.png","width":250,"height":48,"caption":"mojabochnia.pl - portal informacyjny"},"image":{"@id":"https:\/\/www.mojabochnia.pl\/#\/schema\/logo\/image\/"},"sameAs":["https:\/\/www.facebook.com\/mojabochnia"]},{"@type":"Person","@id":"https:\/\/www.mojabochnia.pl\/#\/schema\/person\/9e15cf1bcb74043790f124a3130fe41e","name":"informacja prasowa","sameAs":["http:\/\/"],"url":"https:\/\/www.mojabochnia.pl\/?author=8"}]}},"_links":{"self":[{"href":"https:\/\/www.mojabochnia.pl\/index.php?rest_route=\/wp\/v2\/posts\/583","targetHints":{"allow":["GET"]}}],"collection":[{"href":"https:\/\/www.mojabochnia.pl\/index.php?rest_route=\/wp\/v2\/posts"}],"about":[{"href":"https:\/\/www.mojabochnia.pl\/index.php?rest_route=\/wp\/v2\/types\/post"}],"author":[{"embeddable":true,"href":"https:\/\/www.mojabochnia.pl\/index.php?rest_route=\/wp\/v2\/users\/8"}],"replies":[{"embeddable":true,"href":"https:\/\/www.mojabochnia.pl\/index.php?rest_route=%2Fwp%2Fv2%2Fcomments&post=583"}],"version-history":[{"count":0,"href":"https:\/\/www.mojabochnia.pl\/index.php?rest_route=\/wp\/v2\/posts\/583\/revisions"}],"wp:attachment":[{"href":"https:\/\/www.mojabochnia.pl\/index.php?rest_route=%2Fwp%2Fv2%2Fmedia&parent=583"}],"wp:term":[{"taxonomy":"category","embeddable":true,"href":"https:\/\/www.mojabochnia.pl\/index.php?rest_route=%2Fwp%2Fv2%2Fcategories&post=583"},{"taxonomy":"post_tag","embeddable":true,"href":"https:\/\/www.mojabochnia.pl\/index.php?rest_route=%2Fwp%2Fv2%2Ftags&post=583"}],"curies":[{"name":"wp","href":"https:\/\/api.w.org\/{rel}","templated":true}]}}