{"id":5819,"date":"2009-02-24T12:34:48","date_gmt":"2009-02-24T11:34:48","guid":{"rendered":"http:\/\/www.mojabochnia.pl\/?p=5819"},"modified":"2009-02-23T15:25:00","modified_gmt":"2009-02-23T14:25:00","slug":"pobiegna-na-specjalne-zaproszenie","status":"publish","type":"post","link":"https:\/\/www.mojabochnia.pl\/?p=5819","title":{"rendered":"10 sztafet pobiegnie na specjalne zaproszenie"},"content":{"rendered":"<p>&#8211; <em>Sztafety zaproszone to: pierwsza tr\u00f3jka z roku ubieg\u0142ego, przedstawiciele patron\u00f3w medialnych czy te\u017c firm sponsorskich. Ich lista mo\u017ce ulec zmianie, gdyby kt\u00f3ra\u015b ze sztafet nie potwierdzi\u0142a udzia\u0142u w zawodach<\/em> \u2013 m\u00f3wi Tomasz G\u0142\u00f3d, dyrektor biegu.<br \/>\n<strong><br \/>\nLista zaproszonych sztafet:<\/strong><br \/>\n1. Chemia Hurt Rybnik ( 1 miejsce 2008)<br \/>\n2. Maratony Polskie Team (2 miejsce 2008)<br \/>\n3. D\u0119by Wa\u0142brzych ( 3 miejsce 2008)<br \/>\n4. EXTREME WOMEN Maratony Polskie TEAM<br \/>\n5. D\u0119by Wa\u0142brzych<br \/>\n6. Meble Kler<br \/>\n7. KB Lech Rypin 1<br \/>\n8. SC Polonia Hannover (sztafeta zagraniczna z Niemiec)<br \/>\n9. KB LOK Bochnia 1 (w sk\u0142adzie: Roman Maciejasz, Adrian Barna\u015b, Tomasz G\u0142\u00f3d, Rafa\u0142 Krzemie\u0144)<br \/>\n10. KB LOK Bochnia 2 (w sk\u0142adzie: Jaros\u0142aw Sroka, Micha\u0142 Majchrzak, Szczepan Dziedzic, Wojciech Kozub).<\/p>\n<p>Bieg odb\u0119dzie si\u0119 w dniach 7-8 marca, wtedy kiedy Bochnia \u015bwi\u0119tuje Dzie\u0144 Kr\u00f3la Kazimierza. <\/p>\n<p>Lista wylosowanych sztafet, kt\u00f3re wezm\u0105 udzia\u0142 w biegu &#8211;<a href=\"http:\/\/www.mojabochnia.pl\/?p=5499\"> link<\/a><\/p>\n<p>Wi\u0119cej na temat V Jubileuszowego 12-godzinnego Podziemnego Biegu Sztafetowego w Kopalni Soli Bochnia mo\u017cna przeczyta\u0107 na stronie <a onclick=\"javascript:pageTracker._trackPageview('\/outgoing\/www.sztafetabochnia.pl\/');\"  href=\"http:\/\/www.sztafetabochnia.pl\/\">www.sztafetabochnia.pl<\/a>. <\/p>\n","protected":false},"excerpt":{"rendered":"<p>Trwaj\u0105 przygotowania do V Jubileuszowego 12-godzinnego Podziemnego Biegu Sztafetowego w Kopalni Soli Bochnia. Znamy ju\u017c list\u0119 sztafet, kt\u00f3re zosta\u0142y zaproszone do biegu. <\/p>\n","protected":false},"author":1,"featured_media":0,"comment_status":"open","ping_status":"closed","sticky":false,"template":"","format":"standard","meta":{"_acf_changed":false,"footnotes":""},"categories":[29],"tags":[17622,17210,564,17160,2554,17292,17146,17106,17317,2697],"class_list":["post-5819","post","type-post","status-publish","format-standard","hentry","category-sport","tag-12-godzinny-podziemny-bieg-sztafetowy","tag-bieg","tag-czas-wolny","tag-dni-bochni","tag-dzien-krola-kazimierza","tag-impreza","tag-kopalnia-soli","tag-sport","tag-sztafeta","tag-tomasz-glod"],"acf":[],"yoast_head":"<!-- This site is optimized with the Yoast SEO plugin v26.9 - https:\/\/yoast.com\/product\/yoast-seo-wordpress\/ -->\n<title>10 sztafet pobiegnie na specjalne zaproszenie - mojabochnia.pl - portal informacyjny<\/title>\n<meta name=\"robots\" content=\"index, follow, max-snippet:-1, max-image-preview:large, max-video-preview:-1\" \/>\n<link rel=\"canonical\" href=\"https:\/\/www.mojabochnia.pl\/?p=5819\" \/>\n<meta property=\"og:locale\" content=\"pl_PL\" \/>\n<meta property=\"og:type\" content=\"article\" \/>\n<meta property=\"og:title\" content=\"10 sztafet pobiegnie na specjalne zaproszenie - mojabochnia.pl - portal informacyjny\" \/>\n<meta property=\"og:description\" content=\"Trwaj\u0105 przygotowania do V Jubileuszowego 12-godzinnego Podziemnego Biegu Sztafetowego w Kopalni Soli Bochnia. Znamy ju\u017c list\u0119 sztafet, kt\u00f3re zosta\u0142y zaproszone do biegu.\" \/>\n<meta property=\"og:url\" content=\"https:\/\/www.mojabochnia.pl\/?p=5819\" \/>\n<meta property=\"og:site_name\" content=\"mojabochnia.pl - portal informacyjny\" \/>\n<meta property=\"article:publisher\" content=\"https:\/\/www.facebook.com\/mojabochnia\" \/>\n<meta property=\"article:published_time\" content=\"2009-02-24T11:34:48+00:00\" \/>\n<meta name=\"author\" content=\"administrator\" \/>\n<meta name=\"twitter:card\" content=\"summary_large_image\" \/>\n<meta name=\"twitter:label1\" content=\"Written by\" \/>\n\t<meta name=\"twitter:data1\" content=\"administrator\" \/>\n\t<meta name=\"twitter:label2\" content=\"Est. reading time\" \/>\n\t<meta name=\"twitter:data2\" content=\"1 minuta\" \/>\n<script type=\"application\/ld+json\" class=\"yoast-schema-graph\">{\"@context\":\"https:\/\/schema.org\",\"@graph\":[{\"@type\":\"Article\",\"@id\":\"https:\/\/www.mojabochnia.pl\/?p=5819#article\",\"isPartOf\":{\"@id\":\"https:\/\/www.mojabochnia.pl\/?p=5819\"},\"author\":{\"name\":\"administrator\",\"@id\":\"https:\/\/www.mojabochnia.pl\/#\/schema\/person\/c00e1f64e6fa0e6de6d410f2c340017f\"},\"headline\":\"10 sztafet pobiegnie na specjalne zaproszenie\",\"datePublished\":\"2009-02-24T11:34:48+00:00\",\"mainEntityOfPage\":{\"@id\":\"https:\/\/www.mojabochnia.pl\/?p=5819\"},\"wordCount\":166,\"commentCount\":0,\"publisher\":{\"@id\":\"https:\/\/www.mojabochnia.pl\/#organization\"},\"keywords\":[\"12-godzinny podziemny bieg sztafetowy\",\"bieg\",\"czas wolny\",\"dni bochni\",\"dzie\u0144 kr\u00f3la kazimierza\",\"impreza\",\"kopalnia soli\",\"sport\",\"sztafeta\",\"tomasz g\u0142\u00f3d\"],\"articleSection\":[\"sport\"],\"inLanguage\":\"pl-PL\",\"potentialAction\":[{\"@type\":\"CommentAction\",\"name\":\"Comment\",\"target\":[\"https:\/\/www.mojabochnia.pl\/?p=5819#respond\"]}]},{\"@type\":\"WebPage\",\"@id\":\"https:\/\/www.mojabochnia.pl\/?p=5819\",\"url\":\"https:\/\/www.mojabochnia.pl\/?p=5819\",\"name\":\"10 sztafet pobiegnie na specjalne zaproszenie - mojabochnia.pl - portal informacyjny\",\"isPartOf\":{\"@id\":\"https:\/\/www.mojabochnia.pl\/#website\"},\"datePublished\":\"2009-02-24T11:34:48+00:00\",\"breadcrumb\":{\"@id\":\"https:\/\/www.mojabochnia.pl\/?p=5819#breadcrumb\"},\"inLanguage\":\"pl-PL\",\"potentialAction\":[{\"@type\":\"ReadAction\",\"target\":[\"https:\/\/www.mojabochnia.pl\/?p=5819\"]}]},{\"@type\":\"BreadcrumbList\",\"@id\":\"https:\/\/www.mojabochnia.pl\/?p=5819#breadcrumb\",\"itemListElement\":[{\"@type\":\"ListItem\",\"position\":1,\"name\":\"Home\",\"item\":\"https:\/\/www.mojabochnia.pl\/\"},{\"@type\":\"ListItem\",\"position\":2,\"name\":\"10 sztafet pobiegnie na specjalne zaproszenie\"}]},{\"@type\":\"WebSite\",\"@id\":\"https:\/\/www.mojabochnia.pl\/#website\",\"url\":\"https:\/\/www.mojabochnia.pl\/\",\"name\":\"mojabochnia.pl - portal informacyjny\",\"description\":\"mojaBochnia to portal informacyjny o Bochni. Codziennie o Bochni piszemy i pokazujemy najwa\u017cniejsze wydarzenia\",\"publisher\":{\"@id\":\"https:\/\/www.mojabochnia.pl\/#organization\"},\"potentialAction\":[{\"@type\":\"SearchAction\",\"target\":{\"@type\":\"EntryPoint\",\"urlTemplate\":\"https:\/\/www.mojabochnia.pl\/?s={search_term_string}\"},\"query-input\":{\"@type\":\"PropertyValueSpecification\",\"valueRequired\":true,\"valueName\":\"search_term_string\"}}],\"inLanguage\":\"pl-PL\"},{\"@type\":\"Organization\",\"@id\":\"https:\/\/www.mojabochnia.pl\/#organization\",\"name\":\"mojabochnia.pl - portal informacyjny\",\"url\":\"https:\/\/www.mojabochnia.pl\/\",\"logo\":{\"@type\":\"ImageObject\",\"inLanguage\":\"pl-PL\",\"@id\":\"https:\/\/www.mojabochnia.pl\/#\/schema\/logo\/image\/\",\"url\":\"https:\/\/www.mojabochnia.pl\/wp-content\/uploads\/2017\/08\/logo-mb-opt.png\",\"contentUrl\":\"https:\/\/www.mojabochnia.pl\/wp-content\/uploads\/2017\/08\/logo-mb-opt.png\",\"width\":250,\"height\":48,\"caption\":\"mojabochnia.pl - portal informacyjny\"},\"image\":{\"@id\":\"https:\/\/www.mojabochnia.pl\/#\/schema\/logo\/image\/\"},\"sameAs\":[\"https:\/\/www.facebook.com\/mojabochnia\"]},{\"@type\":\"Person\",\"@id\":\"https:\/\/www.mojabochnia.pl\/#\/schema\/person\/c00e1f64e6fa0e6de6d410f2c340017f\",\"name\":\"administrator\",\"url\":\"https:\/\/www.mojabochnia.pl\/?author=1\"}]}<\/script>\n<!-- \/ Yoast SEO plugin. -->","yoast_head_json":{"title":"10 sztafet pobiegnie na specjalne zaproszenie - mojabochnia.pl - portal informacyjny","robots":{"index":"index","follow":"follow","max-snippet":"max-snippet:-1","max-image-preview":"max-image-preview:large","max-video-preview":"max-video-preview:-1"},"canonical":"https:\/\/www.mojabochnia.pl\/?p=5819","og_locale":"pl_PL","og_type":"article","og_title":"10 sztafet pobiegnie na specjalne zaproszenie - mojabochnia.pl - portal informacyjny","og_description":"Trwaj\u0105 przygotowania do V Jubileuszowego 12-godzinnego Podziemnego Biegu Sztafetowego w Kopalni Soli Bochnia. Znamy ju\u017c list\u0119 sztafet, kt\u00f3re zosta\u0142y zaproszone do biegu.","og_url":"https:\/\/www.mojabochnia.pl\/?p=5819","og_site_name":"mojabochnia.pl - portal informacyjny","article_publisher":"https:\/\/www.facebook.com\/mojabochnia","article_published_time":"2009-02-24T11:34:48+00:00","author":"administrator","twitter_card":"summary_large_image","twitter_misc":{"Written by":"administrator","Est. reading time":"1 minuta"},"schema":{"@context":"https:\/\/schema.org","@graph":[{"@type":"Article","@id":"https:\/\/www.mojabochnia.pl\/?p=5819#article","isPartOf":{"@id":"https:\/\/www.mojabochnia.pl\/?p=5819"},"author":{"name":"administrator","@id":"https:\/\/www.mojabochnia.pl\/#\/schema\/person\/c00e1f64e6fa0e6de6d410f2c340017f"},"headline":"10 sztafet pobiegnie na specjalne zaproszenie","datePublished":"2009-02-24T11:34:48+00:00","mainEntityOfPage":{"@id":"https:\/\/www.mojabochnia.pl\/?p=5819"},"wordCount":166,"commentCount":0,"publisher":{"@id":"https:\/\/www.mojabochnia.pl\/#organization"},"keywords":["12-godzinny podziemny bieg sztafetowy","bieg","czas wolny","dni bochni","dzie\u0144 kr\u00f3la kazimierza","impreza","kopalnia soli","sport","sztafeta","tomasz g\u0142\u00f3d"],"articleSection":["sport"],"inLanguage":"pl-PL","potentialAction":[{"@type":"CommentAction","name":"Comment","target":["https:\/\/www.mojabochnia.pl\/?p=5819#respond"]}]},{"@type":"WebPage","@id":"https:\/\/www.mojabochnia.pl\/?p=5819","url":"https:\/\/www.mojabochnia.pl\/?p=5819","name":"10 sztafet pobiegnie na specjalne zaproszenie - mojabochnia.pl - portal informacyjny","isPartOf":{"@id":"https:\/\/www.mojabochnia.pl\/#website"},"datePublished":"2009-02-24T11:34:48+00:00","breadcrumb":{"@id":"https:\/\/www.mojabochnia.pl\/?p=5819#breadcrumb"},"inLanguage":"pl-PL","potentialAction":[{"@type":"ReadAction","target":["https:\/\/www.mojabochnia.pl\/?p=5819"]}]},{"@type":"BreadcrumbList","@id":"https:\/\/www.mojabochnia.pl\/?p=5819#breadcrumb","itemListElement":[{"@type":"ListItem","position":1,"name":"Home","item":"https:\/\/www.mojabochnia.pl\/"},{"@type":"ListItem","position":2,"name":"10 sztafet pobiegnie na specjalne zaproszenie"}]},{"@type":"WebSite","@id":"https:\/\/www.mojabochnia.pl\/#website","url":"https:\/\/www.mojabochnia.pl\/","name":"mojabochnia.pl - portal informacyjny","description":"mojaBochnia to portal informacyjny o Bochni. Codziennie o Bochni piszemy i pokazujemy najwa\u017cniejsze wydarzenia","publisher":{"@id":"https:\/\/www.mojabochnia.pl\/#organization"},"potentialAction":[{"@type":"SearchAction","target":{"@type":"EntryPoint","urlTemplate":"https:\/\/www.mojabochnia.pl\/?s={search_term_string}"},"query-input":{"@type":"PropertyValueSpecification","valueRequired":true,"valueName":"search_term_string"}}],"inLanguage":"pl-PL"},{"@type":"Organization","@id":"https:\/\/www.mojabochnia.pl\/#organization","name":"mojabochnia.pl - portal informacyjny","url":"https:\/\/www.mojabochnia.pl\/","logo":{"@type":"ImageObject","inLanguage":"pl-PL","@id":"https:\/\/www.mojabochnia.pl\/#\/schema\/logo\/image\/","url":"https:\/\/www.mojabochnia.pl\/wp-content\/uploads\/2017\/08\/logo-mb-opt.png","contentUrl":"https:\/\/www.mojabochnia.pl\/wp-content\/uploads\/2017\/08\/logo-mb-opt.png","width":250,"height":48,"caption":"mojabochnia.pl - portal informacyjny"},"image":{"@id":"https:\/\/www.mojabochnia.pl\/#\/schema\/logo\/image\/"},"sameAs":["https:\/\/www.facebook.com\/mojabochnia"]},{"@type":"Person","@id":"https:\/\/www.mojabochnia.pl\/#\/schema\/person\/c00e1f64e6fa0e6de6d410f2c340017f","name":"administrator","url":"https:\/\/www.mojabochnia.pl\/?author=1"}]}},"_links":{"self":[{"href":"https:\/\/www.mojabochnia.pl\/index.php?rest_route=\/wp\/v2\/posts\/5819","targetHints":{"allow":["GET"]}}],"collection":[{"href":"https:\/\/www.mojabochnia.pl\/index.php?rest_route=\/wp\/v2\/posts"}],"about":[{"href":"https:\/\/www.mojabochnia.pl\/index.php?rest_route=\/wp\/v2\/types\/post"}],"author":[{"embeddable":true,"href":"https:\/\/www.mojabochnia.pl\/index.php?rest_route=\/wp\/v2\/users\/1"}],"replies":[{"embeddable":true,"href":"https:\/\/www.mojabochnia.pl\/index.php?rest_route=%2Fwp%2Fv2%2Fcomments&post=5819"}],"version-history":[{"count":0,"href":"https:\/\/www.mojabochnia.pl\/index.php?rest_route=\/wp\/v2\/posts\/5819\/revisions"}],"wp:attachment":[{"href":"https:\/\/www.mojabochnia.pl\/index.php?rest_route=%2Fwp%2Fv2%2Fmedia&parent=5819"}],"wp:term":[{"taxonomy":"category","embeddable":true,"href":"https:\/\/www.mojabochnia.pl\/index.php?rest_route=%2Fwp%2Fv2%2Fcategories&post=5819"},{"taxonomy":"post_tag","embeddable":true,"href":"https:\/\/www.mojabochnia.pl\/index.php?rest_route=%2Fwp%2Fv2%2Ftags&post=5819"}],"curies":[{"name":"wp","href":"https:\/\/api.w.org\/{rel}","templated":true}]}}