{"id":5813,"date":"2009-02-24T06:56:28","date_gmt":"2009-02-24T05:56:28","guid":{"rendered":"http:\/\/www.mojabochnia.pl\/?p=5813"},"modified":"2009-04-16T12:43:26","modified_gmt":"2009-04-16T10:43:26","slug":"czy-pod-plyta-rynku-sa-stare-piwnice","status":"publish","type":"post","link":"https:\/\/www.mojabochnia.pl\/?p=5813","title":{"rendered":"Czy pod p\u0142yt\u0105 rynku s\u0105 stare lochy?"},"content":{"rendered":"<p>Chodzi o stwierdzenie, czy pod rynkiem znajduj\u0105 si\u0119 mury dawnego ratusza miejskiego. \u2013 Mamy nadziej\u0119, \u017ce ostatecznie uzyskamy odpowied\u017a o przebiegu ewentualnych mur\u00f3w, kt\u00f3re si\u0119 tam znajduj\u0105. Pytanie, czy uda na m si\u0119 odtworzy\u0107 kszta\u0142t budynku (w domy\u015ble ratusza, ale pewno\u015bci jeszcze nie mamy), czy te\u017c ca\u0142y czas b\u0119dziemy mieli obraz dosy\u0107 nieuporz\u0105dkowanych w\u0105tk\u00f3w, kt\u00f3re nie pozwol\u0105 nam na jednoznaczne okre\u015blenie rozmiar\u00f3w i kszta\u0142tu budowli, kt\u00f3ra prawdopodobnie si\u0119 tam znajduje \u2013 m\u00f3wi Marek Materna, archeolog z boche\u0144skiego muzeum.<\/p>\n<p>Ratusz boche\u0144ski zosta\u0142 zburzony na prze\u0142omie XVIII i XIX w. przez Austriak\u00f3w. Prawdopodobn\u0105 przyczyn\u0105 by\u0142 z\u0142y stan techniczny budowli oraz ch\u0119\u0107 wykorzenienia przez zaborc\u00f3w akcent\u00f3w polsko\u015bci. \u2013 <em>Czy [ratusz] zosta\u0142 rozebrany tylko do \u00f3wczesnej powierzchni rynku, czy wybrano go wraz z fundamentami. Przypominam, \u017ce wed\u0142ug opis\u00f3w ratusz mia\u0142 piwnice, lochy, w kt\u00f3rych dawniej przetrzymywano przest\u0119pc\u00f3w. Czy zatem zlikwidowano go tylko do powierzchni gruntu, czy te\u017c zlikwidowano wszystkie jego elementy. To, co obserwujemy w urz\u0105dzeniach georadarowych, elektromagnetycznych, mo\u017ce by\u0107 jedynie echem wkop\u00f3w fundamentowych, czyli miejsca po dawnych fundamentach<\/em> \u2013 dodaje Marek Materna. <\/p>\n<p>Marek Materna sugeruje, \u017ce dobrze by\u0142oby wykona\u0107 inwazyjne badania p\u0142yty boche\u0144skiego rynku. Jest ku temu potrzeba, poniewa\u017c powierzchnia jego jest pofalowana, wyst\u0119puj\u0105 r\u00f3wnie\u017c cieki wodne, kt\u00f3re zalewaj\u0105 okoliczne budynki.<\/p>\n","protected":false},"excerpt":{"rendered":"<p>Wiosn\u0105 p\u0142yta boche\u0144skiego rynku zostanie zbadana przez archeolog\u00f3w. Do tej pory wykonano ju\u017c trzy badania nieinwazyjne, teraz przyjdzie kolejna czwart\u0105 pr\u00f3b\u0119, kt\u00f3ra ma potwierdzi\u0107 dotychczasowe ustalenia. <\/p>\n","protected":false},"author":4,"featured_media":0,"comment_status":"open","ping_status":"closed","sticky":false,"template":"","format":"standard","meta":{"_acf_changed":false,"footnotes":""},"categories":[5,11],"tags":[2646,578,2695,17131,2645,17290,74,2530,1193,17348,2694,2696],"class_list":["post-5813","post","type-post","status-publish","format-standard","hentry","category-biezace-wydarzenia","category-top-temat","tag-archeolog","tag-archeologia","tag-georadar","tag-historia","tag-marek-materna","tag-muzeum","tag-muzeum-im-stanislawa-fischera","tag-odkrycie","tag-ratusz","tag-rynek","tag-wykopaliska","tag-zabor-austriacki"],"acf":[],"yoast_head":"<!-- This site is optimized with the Yoast SEO plugin v26.9 - https:\/\/yoast.com\/product\/yoast-seo-wordpress\/ -->\n<title>Czy pod p\u0142yt\u0105 rynku s\u0105 stare lochy? - mojabochnia.pl - portal informacyjny<\/title>\n<meta name=\"robots\" content=\"index, follow, max-snippet:-1, max-image-preview:large, max-video-preview:-1\" \/>\n<link rel=\"canonical\" href=\"https:\/\/www.mojabochnia.pl\/?p=5813\" \/>\n<meta property=\"og:locale\" content=\"pl_PL\" \/>\n<meta property=\"og:type\" content=\"article\" \/>\n<meta property=\"og:title\" content=\"Czy pod p\u0142yt\u0105 rynku s\u0105 stare lochy? - mojabochnia.pl - portal informacyjny\" \/>\n<meta property=\"og:description\" content=\"Wiosn\u0105 p\u0142yta boche\u0144skiego rynku zostanie zbadana przez archeolog\u00f3w. Do tej pory wykonano ju\u017c trzy badania nieinwazyjne, teraz przyjdzie kolejna czwart\u0105 pr\u00f3b\u0119, kt\u00f3ra ma potwierdzi\u0107 dotychczasowe ustalenia.\" \/>\n<meta property=\"og:url\" content=\"https:\/\/www.mojabochnia.pl\/?p=5813\" \/>\n<meta property=\"og:site_name\" content=\"mojabochnia.pl - portal informacyjny\" \/>\n<meta property=\"article:publisher\" content=\"https:\/\/www.facebook.com\/mojabochnia\" \/>\n<meta property=\"article:published_time\" content=\"2009-02-24T05:56:28+00:00\" \/>\n<meta property=\"article:modified_time\" content=\"2009-04-16T10:43:26+00:00\" \/>\n<meta name=\"author\" content=\"Pawe\u0142 Michalczyk\" \/>\n<meta name=\"twitter:card\" content=\"summary_large_image\" \/>\n<meta name=\"twitter:label1\" content=\"Written by\" \/>\n\t<meta name=\"twitter:data1\" content=\"Pawe\u0142 Michalczyk\" \/>\n\t<meta name=\"twitter:label2\" content=\"Est. reading time\" \/>\n\t<meta name=\"twitter:data2\" content=\"1 minuta\" \/>\n<script type=\"application\/ld+json\" class=\"yoast-schema-graph\">{\"@context\":\"https:\/\/schema.org\",\"@graph\":[{\"@type\":\"Article\",\"@id\":\"https:\/\/www.mojabochnia.pl\/?p=5813#article\",\"isPartOf\":{\"@id\":\"https:\/\/www.mojabochnia.pl\/?p=5813\"},\"author\":{\"name\":\"Pawe\u0142 Michalczyk\",\"@id\":\"https:\/\/www.mojabochnia.pl\/#\/schema\/person\/ea042e4724a77627963f02166828ead4\"},\"headline\":\"Czy pod p\u0142yt\u0105 rynku s\u0105 stare lochy?\",\"datePublished\":\"2009-02-24T05:56:28+00:00\",\"dateModified\":\"2009-04-16T10:43:26+00:00\",\"mainEntityOfPage\":{\"@id\":\"https:\/\/www.mojabochnia.pl\/?p=5813\"},\"wordCount\":240,\"commentCount\":0,\"publisher\":{\"@id\":\"https:\/\/www.mojabochnia.pl\/#organization\"},\"keywords\":[\"archeolog\",\"archeologia\",\"georadar\",\"historia\",\"marek materna\",\"muzeum\",\"muzeum im. stanis\u0142awa fischera\",\"odkrycie\",\"ratusz\",\"rynek\",\"wykopaliska\",\"zab\u00f3r austriacki\"],\"articleSection\":[\"2_ostatnie\",\"3_w centrum uwagi\"],\"inLanguage\":\"pl-PL\",\"potentialAction\":[{\"@type\":\"CommentAction\",\"name\":\"Comment\",\"target\":[\"https:\/\/www.mojabochnia.pl\/?p=5813#respond\"]}]},{\"@type\":\"WebPage\",\"@id\":\"https:\/\/www.mojabochnia.pl\/?p=5813\",\"url\":\"https:\/\/www.mojabochnia.pl\/?p=5813\",\"name\":\"Czy pod p\u0142yt\u0105 rynku s\u0105 stare lochy? - mojabochnia.pl - portal informacyjny\",\"isPartOf\":{\"@id\":\"https:\/\/www.mojabochnia.pl\/#website\"},\"datePublished\":\"2009-02-24T05:56:28+00:00\",\"dateModified\":\"2009-04-16T10:43:26+00:00\",\"breadcrumb\":{\"@id\":\"https:\/\/www.mojabochnia.pl\/?p=5813#breadcrumb\"},\"inLanguage\":\"pl-PL\",\"potentialAction\":[{\"@type\":\"ReadAction\",\"target\":[\"https:\/\/www.mojabochnia.pl\/?p=5813\"]}]},{\"@type\":\"BreadcrumbList\",\"@id\":\"https:\/\/www.mojabochnia.pl\/?p=5813#breadcrumb\",\"itemListElement\":[{\"@type\":\"ListItem\",\"position\":1,\"name\":\"Home\",\"item\":\"https:\/\/www.mojabochnia.pl\/\"},{\"@type\":\"ListItem\",\"position\":2,\"name\":\"Czy pod p\u0142yt\u0105 rynku s\u0105 stare lochy?\"}]},{\"@type\":\"WebSite\",\"@id\":\"https:\/\/www.mojabochnia.pl\/#website\",\"url\":\"https:\/\/www.mojabochnia.pl\/\",\"name\":\"mojabochnia.pl - portal informacyjny\",\"description\":\"mojaBochnia to portal informacyjny o Bochni. Codziennie o Bochni piszemy i pokazujemy najwa\u017cniejsze wydarzenia\",\"publisher\":{\"@id\":\"https:\/\/www.mojabochnia.pl\/#organization\"},\"potentialAction\":[{\"@type\":\"SearchAction\",\"target\":{\"@type\":\"EntryPoint\",\"urlTemplate\":\"https:\/\/www.mojabochnia.pl\/?s={search_term_string}\"},\"query-input\":{\"@type\":\"PropertyValueSpecification\",\"valueRequired\":true,\"valueName\":\"search_term_string\"}}],\"inLanguage\":\"pl-PL\"},{\"@type\":\"Organization\",\"@id\":\"https:\/\/www.mojabochnia.pl\/#organization\",\"name\":\"mojabochnia.pl - portal informacyjny\",\"url\":\"https:\/\/www.mojabochnia.pl\/\",\"logo\":{\"@type\":\"ImageObject\",\"inLanguage\":\"pl-PL\",\"@id\":\"https:\/\/www.mojabochnia.pl\/#\/schema\/logo\/image\/\",\"url\":\"https:\/\/www.mojabochnia.pl\/wp-content\/uploads\/2017\/08\/logo-mb-opt.png\",\"contentUrl\":\"https:\/\/www.mojabochnia.pl\/wp-content\/uploads\/2017\/08\/logo-mb-opt.png\",\"width\":250,\"height\":48,\"caption\":\"mojabochnia.pl - portal informacyjny\"},\"image\":{\"@id\":\"https:\/\/www.mojabochnia.pl\/#\/schema\/logo\/image\/\"},\"sameAs\":[\"https:\/\/www.facebook.com\/mojabochnia\"]},{\"@type\":\"Person\",\"@id\":\"https:\/\/www.mojabochnia.pl\/#\/schema\/person\/ea042e4724a77627963f02166828ead4\",\"name\":\"Pawe\u0142 Michalczyk\",\"url\":\"https:\/\/www.mojabochnia.pl\/?author=4\"}]}<\/script>\n<!-- \/ Yoast SEO plugin. -->","yoast_head_json":{"title":"Czy pod p\u0142yt\u0105 rynku s\u0105 stare lochy? - mojabochnia.pl - portal informacyjny","robots":{"index":"index","follow":"follow","max-snippet":"max-snippet:-1","max-image-preview":"max-image-preview:large","max-video-preview":"max-video-preview:-1"},"canonical":"https:\/\/www.mojabochnia.pl\/?p=5813","og_locale":"pl_PL","og_type":"article","og_title":"Czy pod p\u0142yt\u0105 rynku s\u0105 stare lochy? - mojabochnia.pl - portal informacyjny","og_description":"Wiosn\u0105 p\u0142yta boche\u0144skiego rynku zostanie zbadana przez archeolog\u00f3w. Do tej pory wykonano ju\u017c trzy badania nieinwazyjne, teraz przyjdzie kolejna czwart\u0105 pr\u00f3b\u0119, kt\u00f3ra ma potwierdzi\u0107 dotychczasowe ustalenia.","og_url":"https:\/\/www.mojabochnia.pl\/?p=5813","og_site_name":"mojabochnia.pl - portal informacyjny","article_publisher":"https:\/\/www.facebook.com\/mojabochnia","article_published_time":"2009-02-24T05:56:28+00:00","article_modified_time":"2009-04-16T10:43:26+00:00","author":"Pawe\u0142 Michalczyk","twitter_card":"summary_large_image","twitter_misc":{"Written by":"Pawe\u0142 Michalczyk","Est. reading time":"1 minuta"},"schema":{"@context":"https:\/\/schema.org","@graph":[{"@type":"Article","@id":"https:\/\/www.mojabochnia.pl\/?p=5813#article","isPartOf":{"@id":"https:\/\/www.mojabochnia.pl\/?p=5813"},"author":{"name":"Pawe\u0142 Michalczyk","@id":"https:\/\/www.mojabochnia.pl\/#\/schema\/person\/ea042e4724a77627963f02166828ead4"},"headline":"Czy pod p\u0142yt\u0105 rynku s\u0105 stare lochy?","datePublished":"2009-02-24T05:56:28+00:00","dateModified":"2009-04-16T10:43:26+00:00","mainEntityOfPage":{"@id":"https:\/\/www.mojabochnia.pl\/?p=5813"},"wordCount":240,"commentCount":0,"publisher":{"@id":"https:\/\/www.mojabochnia.pl\/#organization"},"keywords":["archeolog","archeologia","georadar","historia","marek materna","muzeum","muzeum im. stanis\u0142awa fischera","odkrycie","ratusz","rynek","wykopaliska","zab\u00f3r austriacki"],"articleSection":["2_ostatnie","3_w centrum uwagi"],"inLanguage":"pl-PL","potentialAction":[{"@type":"CommentAction","name":"Comment","target":["https:\/\/www.mojabochnia.pl\/?p=5813#respond"]}]},{"@type":"WebPage","@id":"https:\/\/www.mojabochnia.pl\/?p=5813","url":"https:\/\/www.mojabochnia.pl\/?p=5813","name":"Czy pod p\u0142yt\u0105 rynku s\u0105 stare lochy? - mojabochnia.pl - portal informacyjny","isPartOf":{"@id":"https:\/\/www.mojabochnia.pl\/#website"},"datePublished":"2009-02-24T05:56:28+00:00","dateModified":"2009-04-16T10:43:26+00:00","breadcrumb":{"@id":"https:\/\/www.mojabochnia.pl\/?p=5813#breadcrumb"},"inLanguage":"pl-PL","potentialAction":[{"@type":"ReadAction","target":["https:\/\/www.mojabochnia.pl\/?p=5813"]}]},{"@type":"BreadcrumbList","@id":"https:\/\/www.mojabochnia.pl\/?p=5813#breadcrumb","itemListElement":[{"@type":"ListItem","position":1,"name":"Home","item":"https:\/\/www.mojabochnia.pl\/"},{"@type":"ListItem","position":2,"name":"Czy pod p\u0142yt\u0105 rynku s\u0105 stare lochy?"}]},{"@type":"WebSite","@id":"https:\/\/www.mojabochnia.pl\/#website","url":"https:\/\/www.mojabochnia.pl\/","name":"mojabochnia.pl - portal informacyjny","description":"mojaBochnia to portal informacyjny o Bochni. Codziennie o Bochni piszemy i pokazujemy najwa\u017cniejsze wydarzenia","publisher":{"@id":"https:\/\/www.mojabochnia.pl\/#organization"},"potentialAction":[{"@type":"SearchAction","target":{"@type":"EntryPoint","urlTemplate":"https:\/\/www.mojabochnia.pl\/?s={search_term_string}"},"query-input":{"@type":"PropertyValueSpecification","valueRequired":true,"valueName":"search_term_string"}}],"inLanguage":"pl-PL"},{"@type":"Organization","@id":"https:\/\/www.mojabochnia.pl\/#organization","name":"mojabochnia.pl - portal informacyjny","url":"https:\/\/www.mojabochnia.pl\/","logo":{"@type":"ImageObject","inLanguage":"pl-PL","@id":"https:\/\/www.mojabochnia.pl\/#\/schema\/logo\/image\/","url":"https:\/\/www.mojabochnia.pl\/wp-content\/uploads\/2017\/08\/logo-mb-opt.png","contentUrl":"https:\/\/www.mojabochnia.pl\/wp-content\/uploads\/2017\/08\/logo-mb-opt.png","width":250,"height":48,"caption":"mojabochnia.pl - portal informacyjny"},"image":{"@id":"https:\/\/www.mojabochnia.pl\/#\/schema\/logo\/image\/"},"sameAs":["https:\/\/www.facebook.com\/mojabochnia"]},{"@type":"Person","@id":"https:\/\/www.mojabochnia.pl\/#\/schema\/person\/ea042e4724a77627963f02166828ead4","name":"Pawe\u0142 Michalczyk","url":"https:\/\/www.mojabochnia.pl\/?author=4"}]}},"_links":{"self":[{"href":"https:\/\/www.mojabochnia.pl\/index.php?rest_route=\/wp\/v2\/posts\/5813","targetHints":{"allow":["GET"]}}],"collection":[{"href":"https:\/\/www.mojabochnia.pl\/index.php?rest_route=\/wp\/v2\/posts"}],"about":[{"href":"https:\/\/www.mojabochnia.pl\/index.php?rest_route=\/wp\/v2\/types\/post"}],"author":[{"embeddable":true,"href":"https:\/\/www.mojabochnia.pl\/index.php?rest_route=\/wp\/v2\/users\/4"}],"replies":[{"embeddable":true,"href":"https:\/\/www.mojabochnia.pl\/index.php?rest_route=%2Fwp%2Fv2%2Fcomments&post=5813"}],"version-history":[{"count":0,"href":"https:\/\/www.mojabochnia.pl\/index.php?rest_route=\/wp\/v2\/posts\/5813\/revisions"}],"wp:attachment":[{"href":"https:\/\/www.mojabochnia.pl\/index.php?rest_route=%2Fwp%2Fv2%2Fmedia&parent=5813"}],"wp:term":[{"taxonomy":"category","embeddable":true,"href":"https:\/\/www.mojabochnia.pl\/index.php?rest_route=%2Fwp%2Fv2%2Fcategories&post=5813"},{"taxonomy":"post_tag","embeddable":true,"href":"https:\/\/www.mojabochnia.pl\/index.php?rest_route=%2Fwp%2Fv2%2Ftags&post=5813"}],"curies":[{"name":"wp","href":"https:\/\/api.w.org\/{rel}","templated":true}]}}