{"id":5811,"date":"2009-02-24T13:20:32","date_gmt":"2009-02-24T12:20:32","guid":{"rendered":"http:\/\/www.mojabochnia.pl\/?p=5811"},"modified":"2009-02-23T14:34:48","modified_gmt":"2009-02-23T13:34:48","slug":"orliki-walczyly-o-puchar-dyrektora-mosir-u","status":"publish","type":"post","link":"https:\/\/www.mojabochnia.pl\/?p=5811","title":{"rendered":"Orliki walczy\u0142y o Puchar Dyrektora MOSir-u"},"content":{"rendered":"<p>W turnieju wzi\u0119\u0142y udzia\u0142 druzyny: Polonia Krak\u00f3w\/Prosz\u00f3wki, UKS Gulon Zakliczyn, Okocimski Brzesko oraz MOSiR Bochnia. <\/p>\n<p>&#8211; <em>Ostatecznie pierwsze miejsce na podium zaj\u0119\u0142a dru\u017cyna s\u0105siad\u00f3w OKOCIMSKI Brzesko. Na drugiej pozycji uplasowa\u0142 si\u0119 zesp\u00f3\u0142 MOSiR Bochnia, na trzecim POLONIA Krak\u00f3w. Ostatnie miejsce zaj\u0119li pi\u0142karze z Zakliczyna. Wszystkim jednak dopisywa\u0142 dobry humor. W\u015br\u00f3d uczestnik\u00f3w wyr\u00f3\u017cniono najlepszego strzelca. Zosta\u0142 nim pi\u0142karz naszego klubu Dominik Juszczak, kt\u00f3ry strzeli\u0142 7 bramek. Najlepszym bramkarzem okaza\u0142 si\u0119 Dawid Laska z Okocimski Brzesko, a najlepszym zawodnikiem r\u00f3wnie\u017c pi\u0142karz tego zespo\u0142u Kamil Francuz. Na zako\u0144czenie turnieju wszystkie dru\u017cyny i wyr\u00f3\u017cnieni pi\u0142karze otrzymali z r\u0105k dyrektor MOSiR Sabiny Bajdy pami\u0105tkowe dyplomy i puchary oraz drobne upominki<\/em> \u2013 relacjonuje zawody Maria Walasek z MOSiR-u. <\/p>\n<p><strong>Wyniki poszczeg\u00f3lnych spotka\u0144:<\/strong><\/p>\n<p>MOSiR \u2013 POLONIA        3:2<br \/>\nGULON \u2013 OKOCIMSKI 1:7<br \/>\nMOSiR \u2013 GULON7:1<br \/>\nPOLONIA \u2013 OKOCIMSKI0:3<br \/>\nMOSiR \u2013 OKOCIMSKI1:1<br \/>\nPOLONIA \u2013 GULON4:0<\/p>\n","protected":false},"excerpt":{"rendered":"<p>19 lutego na hali sportowej Gimnazjum nr 1 w Bochni dru\u017cyny \u201eorlik\u00f3w\u201d walczy\u0142y w Turnieju Pi\u0142karskim o Puchar Dyrektora MOSiR Bochnia.<\/p>\n","protected":false},"author":1,"featured_media":0,"comment_status":"open","ping_status":"closed","sticky":false,"template":"","format":"standard","meta":{"_acf_changed":false,"footnotes":""},"categories":[29],"tags":[34,1855,178,1762,17181,17106,17130,634],"class_list":["post-5811","post","type-post","status-publish","format-standard","hentry","category-sport","tag-krakow","tag-miejski-osrodek-sportu-i-rekreacji","tag-mosir","tag-okocimski","tag-pilka-nozna","tag-sport","tag-turniej","tag-zakliczyn"],"acf":[],"yoast_head":"<!-- This site is optimized with the Yoast SEO plugin v26.9 - https:\/\/yoast.com\/product\/yoast-seo-wordpress\/ -->\n<title>Orliki walczy\u0142y o Puchar Dyrektora MOSir-u - mojabochnia.pl - portal informacyjny<\/title>\n<meta name=\"robots\" content=\"index, follow, max-snippet:-1, max-image-preview:large, max-video-preview:-1\" \/>\n<link rel=\"canonical\" href=\"https:\/\/www.mojabochnia.pl\/?p=5811\" \/>\n<meta property=\"og:locale\" content=\"pl_PL\" \/>\n<meta property=\"og:type\" content=\"article\" \/>\n<meta property=\"og:title\" content=\"Orliki walczy\u0142y o Puchar Dyrektora MOSir-u - mojabochnia.pl - portal informacyjny\" \/>\n<meta property=\"og:description\" content=\"19 lutego na hali sportowej Gimnazjum nr 1 w Bochni dru\u017cyny \u201eorlik\u00f3w\u201d walczy\u0142y w Turnieju Pi\u0142karskim o Puchar Dyrektora MOSiR Bochnia.\" \/>\n<meta property=\"og:url\" content=\"https:\/\/www.mojabochnia.pl\/?p=5811\" \/>\n<meta property=\"og:site_name\" content=\"mojabochnia.pl - portal informacyjny\" \/>\n<meta property=\"article:publisher\" content=\"https:\/\/www.facebook.com\/mojabochnia\" \/>\n<meta property=\"article:published_time\" content=\"2009-02-24T12:20:32+00:00\" \/>\n<meta name=\"author\" content=\"administrator\" \/>\n<meta name=\"twitter:card\" content=\"summary_large_image\" \/>\n<meta name=\"twitter:label1\" content=\"Written by\" \/>\n\t<meta name=\"twitter:data1\" content=\"administrator\" \/>\n\t<meta name=\"twitter:label2\" content=\"Est. reading time\" \/>\n\t<meta name=\"twitter:data2\" content=\"1 minuta\" \/>\n<script type=\"application\/ld+json\" class=\"yoast-schema-graph\">{\"@context\":\"https:\/\/schema.org\",\"@graph\":[{\"@type\":\"Article\",\"@id\":\"https:\/\/www.mojabochnia.pl\/?p=5811#article\",\"isPartOf\":{\"@id\":\"https:\/\/www.mojabochnia.pl\/?p=5811\"},\"author\":{\"name\":\"administrator\",\"@id\":\"https:\/\/www.mojabochnia.pl\/#\/schema\/person\/c00e1f64e6fa0e6de6d410f2c340017f\"},\"headline\":\"Orliki walczy\u0142y o Puchar Dyrektora MOSir-u\",\"datePublished\":\"2009-02-24T12:20:32+00:00\",\"mainEntityOfPage\":{\"@id\":\"https:\/\/www.mojabochnia.pl\/?p=5811\"},\"wordCount\":159,\"commentCount\":0,\"publisher\":{\"@id\":\"https:\/\/www.mojabochnia.pl\/#organization\"},\"keywords\":[\"Krak\u00f3w\",\"miejski o\u015brodek sportu i rekreacji\",\"MOSiR\",\"okocimski\",\"pi\u0142ka no\u017cna\",\"sport\",\"turniej\",\"zakliczyn\"],\"articleSection\":[\"sport\"],\"inLanguage\":\"pl-PL\",\"potentialAction\":[{\"@type\":\"CommentAction\",\"name\":\"Comment\",\"target\":[\"https:\/\/www.mojabochnia.pl\/?p=5811#respond\"]}]},{\"@type\":\"WebPage\",\"@id\":\"https:\/\/www.mojabochnia.pl\/?p=5811\",\"url\":\"https:\/\/www.mojabochnia.pl\/?p=5811\",\"name\":\"Orliki walczy\u0142y o Puchar Dyrektora MOSir-u - mojabochnia.pl - portal informacyjny\",\"isPartOf\":{\"@id\":\"https:\/\/www.mojabochnia.pl\/#website\"},\"datePublished\":\"2009-02-24T12:20:32+00:00\",\"breadcrumb\":{\"@id\":\"https:\/\/www.mojabochnia.pl\/?p=5811#breadcrumb\"},\"inLanguage\":\"pl-PL\",\"potentialAction\":[{\"@type\":\"ReadAction\",\"target\":[\"https:\/\/www.mojabochnia.pl\/?p=5811\"]}]},{\"@type\":\"BreadcrumbList\",\"@id\":\"https:\/\/www.mojabochnia.pl\/?p=5811#breadcrumb\",\"itemListElement\":[{\"@type\":\"ListItem\",\"position\":1,\"name\":\"Home\",\"item\":\"https:\/\/www.mojabochnia.pl\/\"},{\"@type\":\"ListItem\",\"position\":2,\"name\":\"Orliki walczy\u0142y o Puchar Dyrektora MOSir-u\"}]},{\"@type\":\"WebSite\",\"@id\":\"https:\/\/www.mojabochnia.pl\/#website\",\"url\":\"https:\/\/www.mojabochnia.pl\/\",\"name\":\"mojabochnia.pl - portal informacyjny\",\"description\":\"mojaBochnia to portal informacyjny o Bochni. Codziennie o Bochni piszemy i pokazujemy najwa\u017cniejsze wydarzenia\",\"publisher\":{\"@id\":\"https:\/\/www.mojabochnia.pl\/#organization\"},\"potentialAction\":[{\"@type\":\"SearchAction\",\"target\":{\"@type\":\"EntryPoint\",\"urlTemplate\":\"https:\/\/www.mojabochnia.pl\/?s={search_term_string}\"},\"query-input\":{\"@type\":\"PropertyValueSpecification\",\"valueRequired\":true,\"valueName\":\"search_term_string\"}}],\"inLanguage\":\"pl-PL\"},{\"@type\":\"Organization\",\"@id\":\"https:\/\/www.mojabochnia.pl\/#organization\",\"name\":\"mojabochnia.pl - portal informacyjny\",\"url\":\"https:\/\/www.mojabochnia.pl\/\",\"logo\":{\"@type\":\"ImageObject\",\"inLanguage\":\"pl-PL\",\"@id\":\"https:\/\/www.mojabochnia.pl\/#\/schema\/logo\/image\/\",\"url\":\"https:\/\/www.mojabochnia.pl\/wp-content\/uploads\/2017\/08\/logo-mb-opt.png\",\"contentUrl\":\"https:\/\/www.mojabochnia.pl\/wp-content\/uploads\/2017\/08\/logo-mb-opt.png\",\"width\":250,\"height\":48,\"caption\":\"mojabochnia.pl - portal informacyjny\"},\"image\":{\"@id\":\"https:\/\/www.mojabochnia.pl\/#\/schema\/logo\/image\/\"},\"sameAs\":[\"https:\/\/www.facebook.com\/mojabochnia\"]},{\"@type\":\"Person\",\"@id\":\"https:\/\/www.mojabochnia.pl\/#\/schema\/person\/c00e1f64e6fa0e6de6d410f2c340017f\",\"name\":\"administrator\",\"url\":\"https:\/\/www.mojabochnia.pl\/?author=1\"}]}<\/script>\n<!-- \/ Yoast SEO plugin. -->","yoast_head_json":{"title":"Orliki walczy\u0142y o Puchar Dyrektora MOSir-u - mojabochnia.pl - portal informacyjny","robots":{"index":"index","follow":"follow","max-snippet":"max-snippet:-1","max-image-preview":"max-image-preview:large","max-video-preview":"max-video-preview:-1"},"canonical":"https:\/\/www.mojabochnia.pl\/?p=5811","og_locale":"pl_PL","og_type":"article","og_title":"Orliki walczy\u0142y o Puchar Dyrektora MOSir-u - mojabochnia.pl - portal informacyjny","og_description":"19 lutego na hali sportowej Gimnazjum nr 1 w Bochni dru\u017cyny \u201eorlik\u00f3w\u201d walczy\u0142y w Turnieju Pi\u0142karskim o Puchar Dyrektora MOSiR Bochnia.","og_url":"https:\/\/www.mojabochnia.pl\/?p=5811","og_site_name":"mojabochnia.pl - portal informacyjny","article_publisher":"https:\/\/www.facebook.com\/mojabochnia","article_published_time":"2009-02-24T12:20:32+00:00","author":"administrator","twitter_card":"summary_large_image","twitter_misc":{"Written by":"administrator","Est. reading time":"1 minuta"},"schema":{"@context":"https:\/\/schema.org","@graph":[{"@type":"Article","@id":"https:\/\/www.mojabochnia.pl\/?p=5811#article","isPartOf":{"@id":"https:\/\/www.mojabochnia.pl\/?p=5811"},"author":{"name":"administrator","@id":"https:\/\/www.mojabochnia.pl\/#\/schema\/person\/c00e1f64e6fa0e6de6d410f2c340017f"},"headline":"Orliki walczy\u0142y o Puchar Dyrektora MOSir-u","datePublished":"2009-02-24T12:20:32+00:00","mainEntityOfPage":{"@id":"https:\/\/www.mojabochnia.pl\/?p=5811"},"wordCount":159,"commentCount":0,"publisher":{"@id":"https:\/\/www.mojabochnia.pl\/#organization"},"keywords":["Krak\u00f3w","miejski o\u015brodek sportu i rekreacji","MOSiR","okocimski","pi\u0142ka no\u017cna","sport","turniej","zakliczyn"],"articleSection":["sport"],"inLanguage":"pl-PL","potentialAction":[{"@type":"CommentAction","name":"Comment","target":["https:\/\/www.mojabochnia.pl\/?p=5811#respond"]}]},{"@type":"WebPage","@id":"https:\/\/www.mojabochnia.pl\/?p=5811","url":"https:\/\/www.mojabochnia.pl\/?p=5811","name":"Orliki walczy\u0142y o Puchar Dyrektora MOSir-u - mojabochnia.pl - portal informacyjny","isPartOf":{"@id":"https:\/\/www.mojabochnia.pl\/#website"},"datePublished":"2009-02-24T12:20:32+00:00","breadcrumb":{"@id":"https:\/\/www.mojabochnia.pl\/?p=5811#breadcrumb"},"inLanguage":"pl-PL","potentialAction":[{"@type":"ReadAction","target":["https:\/\/www.mojabochnia.pl\/?p=5811"]}]},{"@type":"BreadcrumbList","@id":"https:\/\/www.mojabochnia.pl\/?p=5811#breadcrumb","itemListElement":[{"@type":"ListItem","position":1,"name":"Home","item":"https:\/\/www.mojabochnia.pl\/"},{"@type":"ListItem","position":2,"name":"Orliki walczy\u0142y o Puchar Dyrektora MOSir-u"}]},{"@type":"WebSite","@id":"https:\/\/www.mojabochnia.pl\/#website","url":"https:\/\/www.mojabochnia.pl\/","name":"mojabochnia.pl - portal informacyjny","description":"mojaBochnia to portal informacyjny o Bochni. Codziennie o Bochni piszemy i pokazujemy najwa\u017cniejsze wydarzenia","publisher":{"@id":"https:\/\/www.mojabochnia.pl\/#organization"},"potentialAction":[{"@type":"SearchAction","target":{"@type":"EntryPoint","urlTemplate":"https:\/\/www.mojabochnia.pl\/?s={search_term_string}"},"query-input":{"@type":"PropertyValueSpecification","valueRequired":true,"valueName":"search_term_string"}}],"inLanguage":"pl-PL"},{"@type":"Organization","@id":"https:\/\/www.mojabochnia.pl\/#organization","name":"mojabochnia.pl - portal informacyjny","url":"https:\/\/www.mojabochnia.pl\/","logo":{"@type":"ImageObject","inLanguage":"pl-PL","@id":"https:\/\/www.mojabochnia.pl\/#\/schema\/logo\/image\/","url":"https:\/\/www.mojabochnia.pl\/wp-content\/uploads\/2017\/08\/logo-mb-opt.png","contentUrl":"https:\/\/www.mojabochnia.pl\/wp-content\/uploads\/2017\/08\/logo-mb-opt.png","width":250,"height":48,"caption":"mojabochnia.pl - portal informacyjny"},"image":{"@id":"https:\/\/www.mojabochnia.pl\/#\/schema\/logo\/image\/"},"sameAs":["https:\/\/www.facebook.com\/mojabochnia"]},{"@type":"Person","@id":"https:\/\/www.mojabochnia.pl\/#\/schema\/person\/c00e1f64e6fa0e6de6d410f2c340017f","name":"administrator","url":"https:\/\/www.mojabochnia.pl\/?author=1"}]}},"_links":{"self":[{"href":"https:\/\/www.mojabochnia.pl\/index.php?rest_route=\/wp\/v2\/posts\/5811","targetHints":{"allow":["GET"]}}],"collection":[{"href":"https:\/\/www.mojabochnia.pl\/index.php?rest_route=\/wp\/v2\/posts"}],"about":[{"href":"https:\/\/www.mojabochnia.pl\/index.php?rest_route=\/wp\/v2\/types\/post"}],"author":[{"embeddable":true,"href":"https:\/\/www.mojabochnia.pl\/index.php?rest_route=\/wp\/v2\/users\/1"}],"replies":[{"embeddable":true,"href":"https:\/\/www.mojabochnia.pl\/index.php?rest_route=%2Fwp%2Fv2%2Fcomments&post=5811"}],"version-history":[{"count":0,"href":"https:\/\/www.mojabochnia.pl\/index.php?rest_route=\/wp\/v2\/posts\/5811\/revisions"}],"wp:attachment":[{"href":"https:\/\/www.mojabochnia.pl\/index.php?rest_route=%2Fwp%2Fv2%2Fmedia&parent=5811"}],"wp:term":[{"taxonomy":"category","embeddable":true,"href":"https:\/\/www.mojabochnia.pl\/index.php?rest_route=%2Fwp%2Fv2%2Fcategories&post=5811"},{"taxonomy":"post_tag","embeddable":true,"href":"https:\/\/www.mojabochnia.pl\/index.php?rest_route=%2Fwp%2Fv2%2Ftags&post=5811"}],"curies":[{"name":"wp","href":"https:\/\/api.w.org\/{rel}","templated":true}]}}