{"id":5808,"date":"2009-02-24T11:15:30","date_gmt":"2009-02-24T10:15:30","guid":{"rendered":"http:\/\/www.mojabochnia.pl\/?p=5808"},"modified":"2009-02-24T12:58:29","modified_gmt":"2009-02-24T11:58:29","slug":"porozmawiaja-o-%e2%80%9eboisku-bezdomnych%e2%80%9d","status":"publish","type":"post","link":"https:\/\/www.mojabochnia.pl\/?p=5808","title":{"rendered":"Mi\u0142o\u015bnicy filmu porozmawiaj\u0105 o \u201eBoisku Bezdomnych\u201d"},"content":{"rendered":"<p>&#8211; <em>Prelekcj\u0119 przed seansem oraz dyskusj\u0119 po seansie poprowadzi Maciej Stroi\u0144ski &#8211; filmoznawca, multiintelektualista, doktorant Instytutu Sztuk Audiowizualnych Uniwersytetu Jagiello\u0144skiego <\/em>\u2013 informuje Luiza Sawicka Hofstede z boche\u0144skiego MDK. <\/p>\n<p>Prelekcj\u0119 Macieja Stro\u0144skiego zaplanowano na godz. 18.30, natomiast projekcja filmu rozpocznie si\u0119 p\u00f3\u0142 godziny p\u00f3\u017aniej. <\/p>\n<p>Wi\u0119cej o filmie \u201eBoisko Bezdomnych\u201d &#8211;<a href=\"http:\/\/www.mojabochnia.pl\/?p=5678\"> link<\/a><\/p>\n","protected":false},"excerpt":{"rendered":"<p>W \u015brod\u0119 25 lutego w boche\u0144skim kinie Regis w ramach Boche\u0144skiej Akademii Filmowej b\u0119dzie wy\u015bwietlany film \u201eBoisko bezdomnych\u201d. Organizatorzy serdecznie zapraszaj\u0105 tak\u017ce na prelekcj\u0119.<\/p>\n","protected":false},"author":1,"featured_media":0,"comment_status":"open","ping_status":"closed","sticky":false,"template":"","format":"standard","meta":{"_acf_changed":false,"footnotes":""},"categories":[92],"tags":[2692,2691,564,17142,17263,17426,1338,17346,121],"class_list":["post-5808","post","type-post","status-publish","format-standard","hentry","category-kultura","tag-baf","tag-bochenska-akademia-filmowa","tag-czas-wolny","tag-film","tag-kino-regis","tag-miejski-dom-kultury","tag-prelekcja","tag-spotkanie","tag-wypoczynek"],"acf":[],"yoast_head":"<!-- This site is optimized with the Yoast SEO plugin v26.9 - https:\/\/yoast.com\/product\/yoast-seo-wordpress\/ -->\n<title>Mi\u0142o\u015bnicy filmu porozmawiaj\u0105 o \u201eBoisku Bezdomnych\u201d - mojabochnia.pl - portal informacyjny<\/title>\n<meta name=\"robots\" content=\"index, follow, max-snippet:-1, max-image-preview:large, max-video-preview:-1\" \/>\n<link rel=\"canonical\" href=\"https:\/\/www.mojabochnia.pl\/?p=5808\" \/>\n<meta property=\"og:locale\" content=\"pl_PL\" \/>\n<meta property=\"og:type\" content=\"article\" \/>\n<meta property=\"og:title\" content=\"Mi\u0142o\u015bnicy filmu porozmawiaj\u0105 o \u201eBoisku Bezdomnych\u201d - mojabochnia.pl - portal informacyjny\" \/>\n<meta property=\"og:description\" content=\"W \u015brod\u0119 25 lutego w boche\u0144skim kinie Regis w ramach Boche\u0144skiej Akademii Filmowej b\u0119dzie wy\u015bwietlany film \u201eBoisko bezdomnych\u201d. Organizatorzy serdecznie zapraszaj\u0105 tak\u017ce na prelekcj\u0119.\" \/>\n<meta property=\"og:url\" content=\"https:\/\/www.mojabochnia.pl\/?p=5808\" \/>\n<meta property=\"og:site_name\" content=\"mojabochnia.pl - portal informacyjny\" \/>\n<meta property=\"article:publisher\" content=\"https:\/\/www.facebook.com\/mojabochnia\" \/>\n<meta property=\"article:published_time\" content=\"2009-02-24T10:15:30+00:00\" \/>\n<meta property=\"article:modified_time\" content=\"2009-02-24T11:58:29+00:00\" \/>\n<meta name=\"author\" content=\"administrator\" \/>\n<meta name=\"twitter:card\" content=\"summary_large_image\" \/>\n<meta name=\"twitter:label1\" content=\"Written by\" \/>\n\t<meta name=\"twitter:data1\" content=\"administrator\" \/>\n<script type=\"application\/ld+json\" class=\"yoast-schema-graph\">{\"@context\":\"https:\/\/schema.org\",\"@graph\":[{\"@type\":\"Article\",\"@id\":\"https:\/\/www.mojabochnia.pl\/?p=5808#article\",\"isPartOf\":{\"@id\":\"https:\/\/www.mojabochnia.pl\/?p=5808\"},\"author\":{\"name\":\"administrator\",\"@id\":\"https:\/\/www.mojabochnia.pl\/#\/schema\/person\/c00e1f64e6fa0e6de6d410f2c340017f\"},\"headline\":\"Mi\u0142o\u015bnicy filmu porozmawiaj\u0105 o \u201eBoisku Bezdomnych\u201d\",\"datePublished\":\"2009-02-24T10:15:30+00:00\",\"dateModified\":\"2009-02-24T11:58:29+00:00\",\"mainEntityOfPage\":{\"@id\":\"https:\/\/www.mojabochnia.pl\/?p=5808\"},\"wordCount\":62,\"commentCount\":0,\"publisher\":{\"@id\":\"https:\/\/www.mojabochnia.pl\/#organization\"},\"keywords\":[\"BAF\",\"boche\u0144ska akademia filmowa\",\"czas wolny\",\"film\",\"kino regis\",\"miejski dom kultury\",\"prelekcja\",\"spotkanie\",\"wypoczynek\"],\"articleSection\":[\"kultura\"],\"inLanguage\":\"pl-PL\",\"potentialAction\":[{\"@type\":\"CommentAction\",\"name\":\"Comment\",\"target\":[\"https:\/\/www.mojabochnia.pl\/?p=5808#respond\"]}]},{\"@type\":\"WebPage\",\"@id\":\"https:\/\/www.mojabochnia.pl\/?p=5808\",\"url\":\"https:\/\/www.mojabochnia.pl\/?p=5808\",\"name\":\"Mi\u0142o\u015bnicy filmu porozmawiaj\u0105 o \u201eBoisku Bezdomnych\u201d - mojabochnia.pl - portal informacyjny\",\"isPartOf\":{\"@id\":\"https:\/\/www.mojabochnia.pl\/#website\"},\"datePublished\":\"2009-02-24T10:15:30+00:00\",\"dateModified\":\"2009-02-24T11:58:29+00:00\",\"breadcrumb\":{\"@id\":\"https:\/\/www.mojabochnia.pl\/?p=5808#breadcrumb\"},\"inLanguage\":\"pl-PL\",\"potentialAction\":[{\"@type\":\"ReadAction\",\"target\":[\"https:\/\/www.mojabochnia.pl\/?p=5808\"]}]},{\"@type\":\"BreadcrumbList\",\"@id\":\"https:\/\/www.mojabochnia.pl\/?p=5808#breadcrumb\",\"itemListElement\":[{\"@type\":\"ListItem\",\"position\":1,\"name\":\"Home\",\"item\":\"https:\/\/www.mojabochnia.pl\/\"},{\"@type\":\"ListItem\",\"position\":2,\"name\":\"Mi\u0142o\u015bnicy filmu porozmawiaj\u0105 o \u201eBoisku Bezdomnych\u201d\"}]},{\"@type\":\"WebSite\",\"@id\":\"https:\/\/www.mojabochnia.pl\/#website\",\"url\":\"https:\/\/www.mojabochnia.pl\/\",\"name\":\"mojabochnia.pl - portal informacyjny\",\"description\":\"mojaBochnia to portal informacyjny o Bochni. Codziennie o Bochni piszemy i pokazujemy najwa\u017cniejsze wydarzenia\",\"publisher\":{\"@id\":\"https:\/\/www.mojabochnia.pl\/#organization\"},\"potentialAction\":[{\"@type\":\"SearchAction\",\"target\":{\"@type\":\"EntryPoint\",\"urlTemplate\":\"https:\/\/www.mojabochnia.pl\/?s={search_term_string}\"},\"query-input\":{\"@type\":\"PropertyValueSpecification\",\"valueRequired\":true,\"valueName\":\"search_term_string\"}}],\"inLanguage\":\"pl-PL\"},{\"@type\":\"Organization\",\"@id\":\"https:\/\/www.mojabochnia.pl\/#organization\",\"name\":\"mojabochnia.pl - portal informacyjny\",\"url\":\"https:\/\/www.mojabochnia.pl\/\",\"logo\":{\"@type\":\"ImageObject\",\"inLanguage\":\"pl-PL\",\"@id\":\"https:\/\/www.mojabochnia.pl\/#\/schema\/logo\/image\/\",\"url\":\"https:\/\/www.mojabochnia.pl\/wp-content\/uploads\/2017\/08\/logo-mb-opt.png\",\"contentUrl\":\"https:\/\/www.mojabochnia.pl\/wp-content\/uploads\/2017\/08\/logo-mb-opt.png\",\"width\":250,\"height\":48,\"caption\":\"mojabochnia.pl - portal informacyjny\"},\"image\":{\"@id\":\"https:\/\/www.mojabochnia.pl\/#\/schema\/logo\/image\/\"},\"sameAs\":[\"https:\/\/www.facebook.com\/mojabochnia\"]},{\"@type\":\"Person\",\"@id\":\"https:\/\/www.mojabochnia.pl\/#\/schema\/person\/c00e1f64e6fa0e6de6d410f2c340017f\",\"name\":\"administrator\",\"url\":\"https:\/\/www.mojabochnia.pl\/?author=1\"}]}<\/script>\n<!-- \/ Yoast SEO plugin. -->","yoast_head_json":{"title":"Mi\u0142o\u015bnicy filmu porozmawiaj\u0105 o \u201eBoisku Bezdomnych\u201d - mojabochnia.pl - portal informacyjny","robots":{"index":"index","follow":"follow","max-snippet":"max-snippet:-1","max-image-preview":"max-image-preview:large","max-video-preview":"max-video-preview:-1"},"canonical":"https:\/\/www.mojabochnia.pl\/?p=5808","og_locale":"pl_PL","og_type":"article","og_title":"Mi\u0142o\u015bnicy filmu porozmawiaj\u0105 o \u201eBoisku Bezdomnych\u201d - mojabochnia.pl - portal informacyjny","og_description":"W \u015brod\u0119 25 lutego w boche\u0144skim kinie Regis w ramach Boche\u0144skiej Akademii Filmowej b\u0119dzie wy\u015bwietlany film \u201eBoisko bezdomnych\u201d. Organizatorzy serdecznie zapraszaj\u0105 tak\u017ce na prelekcj\u0119.","og_url":"https:\/\/www.mojabochnia.pl\/?p=5808","og_site_name":"mojabochnia.pl - portal informacyjny","article_publisher":"https:\/\/www.facebook.com\/mojabochnia","article_published_time":"2009-02-24T10:15:30+00:00","article_modified_time":"2009-02-24T11:58:29+00:00","author":"administrator","twitter_card":"summary_large_image","twitter_misc":{"Written by":"administrator"},"schema":{"@context":"https:\/\/schema.org","@graph":[{"@type":"Article","@id":"https:\/\/www.mojabochnia.pl\/?p=5808#article","isPartOf":{"@id":"https:\/\/www.mojabochnia.pl\/?p=5808"},"author":{"name":"administrator","@id":"https:\/\/www.mojabochnia.pl\/#\/schema\/person\/c00e1f64e6fa0e6de6d410f2c340017f"},"headline":"Mi\u0142o\u015bnicy filmu porozmawiaj\u0105 o \u201eBoisku Bezdomnych\u201d","datePublished":"2009-02-24T10:15:30+00:00","dateModified":"2009-02-24T11:58:29+00:00","mainEntityOfPage":{"@id":"https:\/\/www.mojabochnia.pl\/?p=5808"},"wordCount":62,"commentCount":0,"publisher":{"@id":"https:\/\/www.mojabochnia.pl\/#organization"},"keywords":["BAF","boche\u0144ska akademia filmowa","czas wolny","film","kino regis","miejski dom kultury","prelekcja","spotkanie","wypoczynek"],"articleSection":["kultura"],"inLanguage":"pl-PL","potentialAction":[{"@type":"CommentAction","name":"Comment","target":["https:\/\/www.mojabochnia.pl\/?p=5808#respond"]}]},{"@type":"WebPage","@id":"https:\/\/www.mojabochnia.pl\/?p=5808","url":"https:\/\/www.mojabochnia.pl\/?p=5808","name":"Mi\u0142o\u015bnicy filmu porozmawiaj\u0105 o \u201eBoisku Bezdomnych\u201d - mojabochnia.pl - portal informacyjny","isPartOf":{"@id":"https:\/\/www.mojabochnia.pl\/#website"},"datePublished":"2009-02-24T10:15:30+00:00","dateModified":"2009-02-24T11:58:29+00:00","breadcrumb":{"@id":"https:\/\/www.mojabochnia.pl\/?p=5808#breadcrumb"},"inLanguage":"pl-PL","potentialAction":[{"@type":"ReadAction","target":["https:\/\/www.mojabochnia.pl\/?p=5808"]}]},{"@type":"BreadcrumbList","@id":"https:\/\/www.mojabochnia.pl\/?p=5808#breadcrumb","itemListElement":[{"@type":"ListItem","position":1,"name":"Home","item":"https:\/\/www.mojabochnia.pl\/"},{"@type":"ListItem","position":2,"name":"Mi\u0142o\u015bnicy filmu porozmawiaj\u0105 o \u201eBoisku Bezdomnych\u201d"}]},{"@type":"WebSite","@id":"https:\/\/www.mojabochnia.pl\/#website","url":"https:\/\/www.mojabochnia.pl\/","name":"mojabochnia.pl - portal informacyjny","description":"mojaBochnia to portal informacyjny o Bochni. Codziennie o Bochni piszemy i pokazujemy najwa\u017cniejsze wydarzenia","publisher":{"@id":"https:\/\/www.mojabochnia.pl\/#organization"},"potentialAction":[{"@type":"SearchAction","target":{"@type":"EntryPoint","urlTemplate":"https:\/\/www.mojabochnia.pl\/?s={search_term_string}"},"query-input":{"@type":"PropertyValueSpecification","valueRequired":true,"valueName":"search_term_string"}}],"inLanguage":"pl-PL"},{"@type":"Organization","@id":"https:\/\/www.mojabochnia.pl\/#organization","name":"mojabochnia.pl - portal informacyjny","url":"https:\/\/www.mojabochnia.pl\/","logo":{"@type":"ImageObject","inLanguage":"pl-PL","@id":"https:\/\/www.mojabochnia.pl\/#\/schema\/logo\/image\/","url":"https:\/\/www.mojabochnia.pl\/wp-content\/uploads\/2017\/08\/logo-mb-opt.png","contentUrl":"https:\/\/www.mojabochnia.pl\/wp-content\/uploads\/2017\/08\/logo-mb-opt.png","width":250,"height":48,"caption":"mojabochnia.pl - portal informacyjny"},"image":{"@id":"https:\/\/www.mojabochnia.pl\/#\/schema\/logo\/image\/"},"sameAs":["https:\/\/www.facebook.com\/mojabochnia"]},{"@type":"Person","@id":"https:\/\/www.mojabochnia.pl\/#\/schema\/person\/c00e1f64e6fa0e6de6d410f2c340017f","name":"administrator","url":"https:\/\/www.mojabochnia.pl\/?author=1"}]}},"_links":{"self":[{"href":"https:\/\/www.mojabochnia.pl\/index.php?rest_route=\/wp\/v2\/posts\/5808","targetHints":{"allow":["GET"]}}],"collection":[{"href":"https:\/\/www.mojabochnia.pl\/index.php?rest_route=\/wp\/v2\/posts"}],"about":[{"href":"https:\/\/www.mojabochnia.pl\/index.php?rest_route=\/wp\/v2\/types\/post"}],"author":[{"embeddable":true,"href":"https:\/\/www.mojabochnia.pl\/index.php?rest_route=\/wp\/v2\/users\/1"}],"replies":[{"embeddable":true,"href":"https:\/\/www.mojabochnia.pl\/index.php?rest_route=%2Fwp%2Fv2%2Fcomments&post=5808"}],"version-history":[{"count":0,"href":"https:\/\/www.mojabochnia.pl\/index.php?rest_route=\/wp\/v2\/posts\/5808\/revisions"}],"wp:attachment":[{"href":"https:\/\/www.mojabochnia.pl\/index.php?rest_route=%2Fwp%2Fv2%2Fmedia&parent=5808"}],"wp:term":[{"taxonomy":"category","embeddable":true,"href":"https:\/\/www.mojabochnia.pl\/index.php?rest_route=%2Fwp%2Fv2%2Fcategories&post=5808"},{"taxonomy":"post_tag","embeddable":true,"href":"https:\/\/www.mojabochnia.pl\/index.php?rest_route=%2Fwp%2Fv2%2Ftags&post=5808"}],"curies":[{"name":"wp","href":"https:\/\/api.w.org\/{rel}","templated":true}]}}