{"id":5731,"date":"2009-02-21T08:01:08","date_gmt":"2009-02-21T07:01:08","guid":{"rendered":"http:\/\/www.mojabochnia.pl\/?p=5731"},"modified":"2009-02-20T10:36:32","modified_gmt":"2009-02-20T09:36:32","slug":"malarstwo-marii-jagly-w-mdk","status":"publish","type":"post","link":"https:\/\/www.mojabochnia.pl\/?p=5731","title":{"rendered":"Malarstwo Marii Jag\u0142y w MDK"},"content":{"rendered":"<p>Tematyka obejmuje pejza\u017ce i motywy ro\u015blinne. \u2013<em> Bardzo si\u0119 cieszymy, \u017ce mieli\u015bmy okazj\u0119 otworzy\u0107 wystaw\u0119 pani Marii w Miejskim  Domu Kultury ze wzgl\u0119du na to, i\u017c jest to pierwsza indywidualna wystawa tej autorki, kt\u00f3ra swego czasu zarzuci\u0142a malowanie. P\u00f3\u017aniej stwierdzi\u0142a \u017ce dalej posiada du\u017ce pok\u0142ady talentu i postanowi\u0142a powr\u00f3ci\u0107 do sztuk plastycznych. Dzi\u0119ki temu mogli\u015bmy zaprezentowa\u0107 te pi\u0119kne obrazy <\/em>\u2013 m\u00f3wi Dorota Halberda, dyrektor MDK.<\/p>\n<p><img decoding=\"async\" src=\"http:\/\/www.mojabochnia.pl\/f\/2009\/02\/090221_pm_jagla_mdk1.jpg\" \/><\/p>\n<p>Wystaw\u0119 prac Marii Jag\u0142y w Miejskim Domu Kultury w Bochni mo\u017cna ogl\u0105da\u0107 w sali kameralnej kina Regis do ko\u0144ca lutego.<\/p>\n","protected":false},"excerpt":{"rendered":"<p>Wystaw\u0119 prac Marii Jag\u0142y mo\u017cna ogl\u0105da\u0107 w Miejskim Domu Kultury w Bochni. Wystawa obejmuje prace plastyczne wykonane r\u00f3\u017cnymi technikami, m.in. kola\u017ce. <\/p>\n","protected":false},"author":4,"featured_media":0,"comment_status":"open","ping_status":"closed","sticky":false,"template":"","format":"standard","meta":{"_acf_changed":false,"footnotes":""},"categories":[92],"tags":[554,17203,1281,17289,17263,17555,17158,17444,2564,2652,17157],"class_list":["post-5731","post","type-post","status-publish","format-standard","hentry","category-kultura","tag-dorota-halberda","tag-dyrektor","tag-ekspozycja","tag-kino","tag-kino-regis","tag-liceum-plastyczne","tag-malarstwo","tag-mdk","tag-prace-plastyczne","tag-sala-kameralna","tag-wystawa"],"acf":[],"yoast_head":"<!-- This site is optimized with the Yoast SEO plugin v26.9 - https:\/\/yoast.com\/product\/yoast-seo-wordpress\/ -->\n<title>Malarstwo Marii Jag\u0142y w MDK - mojabochnia.pl - portal informacyjny<\/title>\n<meta name=\"robots\" content=\"index, follow, max-snippet:-1, max-image-preview:large, max-video-preview:-1\" \/>\n<link rel=\"canonical\" href=\"https:\/\/www.mojabochnia.pl\/?p=5731\" \/>\n<meta property=\"og:locale\" content=\"pl_PL\" \/>\n<meta property=\"og:type\" content=\"article\" \/>\n<meta property=\"og:title\" content=\"Malarstwo Marii Jag\u0142y w MDK - mojabochnia.pl - portal informacyjny\" \/>\n<meta property=\"og:description\" content=\"Wystaw\u0119 prac Marii Jag\u0142y mo\u017cna ogl\u0105da\u0107 w Miejskim Domu Kultury w Bochni. Wystawa obejmuje prace plastyczne wykonane r\u00f3\u017cnymi technikami, m.in. kola\u017ce.\" \/>\n<meta property=\"og:url\" content=\"https:\/\/www.mojabochnia.pl\/?p=5731\" \/>\n<meta property=\"og:site_name\" content=\"mojabochnia.pl - portal informacyjny\" \/>\n<meta property=\"article:publisher\" content=\"https:\/\/www.facebook.com\/mojabochnia\" \/>\n<meta property=\"article:published_time\" content=\"2009-02-21T07:01:08+00:00\" \/>\n<meta property=\"og:image\" content=\"http:\/\/www.mojabochnia.pl\/f\/2009\/02\/090221_pm_jagla_mdk1.jpg\" \/>\n<meta name=\"author\" content=\"Pawe\u0142 Michalczyk\" \/>\n<meta name=\"twitter:card\" content=\"summary_large_image\" \/>\n<meta name=\"twitter:label1\" content=\"Written by\" \/>\n\t<meta name=\"twitter:data1\" content=\"Pawe\u0142 Michalczyk\" \/>\n\t<meta name=\"twitter:label2\" content=\"Est. reading time\" \/>\n\t<meta name=\"twitter:data2\" content=\"1 minuta\" \/>\n<script type=\"application\/ld+json\" class=\"yoast-schema-graph\">{\"@context\":\"https:\/\/schema.org\",\"@graph\":[{\"@type\":\"Article\",\"@id\":\"https:\/\/www.mojabochnia.pl\/?p=5731#article\",\"isPartOf\":{\"@id\":\"https:\/\/www.mojabochnia.pl\/?p=5731\"},\"author\":{\"name\":\"Pawe\u0142 Michalczyk\",\"@id\":\"https:\/\/www.mojabochnia.pl\/#\/schema\/person\/ea042e4724a77627963f02166828ead4\"},\"headline\":\"Malarstwo Marii Jag\u0142y w MDK\",\"datePublished\":\"2009-02-21T07:01:08+00:00\",\"mainEntityOfPage\":{\"@id\":\"https:\/\/www.mojabochnia.pl\/?p=5731\"},\"wordCount\":109,\"commentCount\":1,\"publisher\":{\"@id\":\"https:\/\/www.mojabochnia.pl\/#organization\"},\"image\":{\"@id\":\"https:\/\/www.mojabochnia.pl\/?p=5731#primaryimage\"},\"thumbnailUrl\":\"http:\/\/www.mojabochnia.pl\/f\/2009\/02\/090221_pm_jagla_mdk1.jpg\",\"keywords\":[\"dorota halberda\",\"dyrektor\",\"ekspozycja\",\"Kino\",\"kino regis\",\"liceum plastyczne\",\"malarstwo\",\"MDK\",\"prace plastyczne\",\"sala kameralna\",\"wystawa\"],\"articleSection\":[\"kultura\"],\"inLanguage\":\"pl-PL\",\"potentialAction\":[{\"@type\":\"CommentAction\",\"name\":\"Comment\",\"target\":[\"https:\/\/www.mojabochnia.pl\/?p=5731#respond\"]}]},{\"@type\":\"WebPage\",\"@id\":\"https:\/\/www.mojabochnia.pl\/?p=5731\",\"url\":\"https:\/\/www.mojabochnia.pl\/?p=5731\",\"name\":\"Malarstwo Marii Jag\u0142y w MDK - mojabochnia.pl - portal informacyjny\",\"isPartOf\":{\"@id\":\"https:\/\/www.mojabochnia.pl\/#website\"},\"primaryImageOfPage\":{\"@id\":\"https:\/\/www.mojabochnia.pl\/?p=5731#primaryimage\"},\"image\":{\"@id\":\"https:\/\/www.mojabochnia.pl\/?p=5731#primaryimage\"},\"thumbnailUrl\":\"http:\/\/www.mojabochnia.pl\/f\/2009\/02\/090221_pm_jagla_mdk1.jpg\",\"datePublished\":\"2009-02-21T07:01:08+00:00\",\"breadcrumb\":{\"@id\":\"https:\/\/www.mojabochnia.pl\/?p=5731#breadcrumb\"},\"inLanguage\":\"pl-PL\",\"potentialAction\":[{\"@type\":\"ReadAction\",\"target\":[\"https:\/\/www.mojabochnia.pl\/?p=5731\"]}]},{\"@type\":\"ImageObject\",\"inLanguage\":\"pl-PL\",\"@id\":\"https:\/\/www.mojabochnia.pl\/?p=5731#primaryimage\",\"url\":\"http:\/\/www.mojabochnia.pl\/f\/2009\/02\/090221_pm_jagla_mdk1.jpg\",\"contentUrl\":\"http:\/\/www.mojabochnia.pl\/f\/2009\/02\/090221_pm_jagla_mdk1.jpg\"},{\"@type\":\"BreadcrumbList\",\"@id\":\"https:\/\/www.mojabochnia.pl\/?p=5731#breadcrumb\",\"itemListElement\":[{\"@type\":\"ListItem\",\"position\":1,\"name\":\"Home\",\"item\":\"https:\/\/www.mojabochnia.pl\/\"},{\"@type\":\"ListItem\",\"position\":2,\"name\":\"Malarstwo Marii Jag\u0142y w MDK\"}]},{\"@type\":\"WebSite\",\"@id\":\"https:\/\/www.mojabochnia.pl\/#website\",\"url\":\"https:\/\/www.mojabochnia.pl\/\",\"name\":\"mojabochnia.pl - portal informacyjny\",\"description\":\"mojaBochnia to portal informacyjny o Bochni. Codziennie o Bochni piszemy i pokazujemy najwa\u017cniejsze wydarzenia\",\"publisher\":{\"@id\":\"https:\/\/www.mojabochnia.pl\/#organization\"},\"potentialAction\":[{\"@type\":\"SearchAction\",\"target\":{\"@type\":\"EntryPoint\",\"urlTemplate\":\"https:\/\/www.mojabochnia.pl\/?s={search_term_string}\"},\"query-input\":{\"@type\":\"PropertyValueSpecification\",\"valueRequired\":true,\"valueName\":\"search_term_string\"}}],\"inLanguage\":\"pl-PL\"},{\"@type\":\"Organization\",\"@id\":\"https:\/\/www.mojabochnia.pl\/#organization\",\"name\":\"mojabochnia.pl - portal informacyjny\",\"url\":\"https:\/\/www.mojabochnia.pl\/\",\"logo\":{\"@type\":\"ImageObject\",\"inLanguage\":\"pl-PL\",\"@id\":\"https:\/\/www.mojabochnia.pl\/#\/schema\/logo\/image\/\",\"url\":\"https:\/\/www.mojabochnia.pl\/wp-content\/uploads\/2017\/08\/logo-mb-opt.png\",\"contentUrl\":\"https:\/\/www.mojabochnia.pl\/wp-content\/uploads\/2017\/08\/logo-mb-opt.png\",\"width\":250,\"height\":48,\"caption\":\"mojabochnia.pl - portal informacyjny\"},\"image\":{\"@id\":\"https:\/\/www.mojabochnia.pl\/#\/schema\/logo\/image\/\"},\"sameAs\":[\"https:\/\/www.facebook.com\/mojabochnia\"]},{\"@type\":\"Person\",\"@id\":\"https:\/\/www.mojabochnia.pl\/#\/schema\/person\/ea042e4724a77627963f02166828ead4\",\"name\":\"Pawe\u0142 Michalczyk\",\"url\":\"https:\/\/www.mojabochnia.pl\/?author=4\"}]}<\/script>\n<!-- \/ Yoast SEO plugin. -->","yoast_head_json":{"title":"Malarstwo Marii Jag\u0142y w MDK - mojabochnia.pl - portal informacyjny","robots":{"index":"index","follow":"follow","max-snippet":"max-snippet:-1","max-image-preview":"max-image-preview:large","max-video-preview":"max-video-preview:-1"},"canonical":"https:\/\/www.mojabochnia.pl\/?p=5731","og_locale":"pl_PL","og_type":"article","og_title":"Malarstwo Marii Jag\u0142y w MDK - mojabochnia.pl - portal informacyjny","og_description":"Wystaw\u0119 prac Marii Jag\u0142y mo\u017cna ogl\u0105da\u0107 w Miejskim Domu Kultury w Bochni. Wystawa obejmuje prace plastyczne wykonane r\u00f3\u017cnymi technikami, m.in. kola\u017ce.","og_url":"https:\/\/www.mojabochnia.pl\/?p=5731","og_site_name":"mojabochnia.pl - portal informacyjny","article_publisher":"https:\/\/www.facebook.com\/mojabochnia","article_published_time":"2009-02-21T07:01:08+00:00","og_image":[{"url":"http:\/\/www.mojabochnia.pl\/f\/2009\/02\/090221_pm_jagla_mdk1.jpg","type":"","width":"","height":""}],"author":"Pawe\u0142 Michalczyk","twitter_card":"summary_large_image","twitter_misc":{"Written by":"Pawe\u0142 Michalczyk","Est. reading time":"1 minuta"},"schema":{"@context":"https:\/\/schema.org","@graph":[{"@type":"Article","@id":"https:\/\/www.mojabochnia.pl\/?p=5731#article","isPartOf":{"@id":"https:\/\/www.mojabochnia.pl\/?p=5731"},"author":{"name":"Pawe\u0142 Michalczyk","@id":"https:\/\/www.mojabochnia.pl\/#\/schema\/person\/ea042e4724a77627963f02166828ead4"},"headline":"Malarstwo Marii Jag\u0142y w MDK","datePublished":"2009-02-21T07:01:08+00:00","mainEntityOfPage":{"@id":"https:\/\/www.mojabochnia.pl\/?p=5731"},"wordCount":109,"commentCount":1,"publisher":{"@id":"https:\/\/www.mojabochnia.pl\/#organization"},"image":{"@id":"https:\/\/www.mojabochnia.pl\/?p=5731#primaryimage"},"thumbnailUrl":"http:\/\/www.mojabochnia.pl\/f\/2009\/02\/090221_pm_jagla_mdk1.jpg","keywords":["dorota halberda","dyrektor","ekspozycja","Kino","kino regis","liceum plastyczne","malarstwo","MDK","prace plastyczne","sala kameralna","wystawa"],"articleSection":["kultura"],"inLanguage":"pl-PL","potentialAction":[{"@type":"CommentAction","name":"Comment","target":["https:\/\/www.mojabochnia.pl\/?p=5731#respond"]}]},{"@type":"WebPage","@id":"https:\/\/www.mojabochnia.pl\/?p=5731","url":"https:\/\/www.mojabochnia.pl\/?p=5731","name":"Malarstwo Marii Jag\u0142y w MDK - mojabochnia.pl - portal informacyjny","isPartOf":{"@id":"https:\/\/www.mojabochnia.pl\/#website"},"primaryImageOfPage":{"@id":"https:\/\/www.mojabochnia.pl\/?p=5731#primaryimage"},"image":{"@id":"https:\/\/www.mojabochnia.pl\/?p=5731#primaryimage"},"thumbnailUrl":"http:\/\/www.mojabochnia.pl\/f\/2009\/02\/090221_pm_jagla_mdk1.jpg","datePublished":"2009-02-21T07:01:08+00:00","breadcrumb":{"@id":"https:\/\/www.mojabochnia.pl\/?p=5731#breadcrumb"},"inLanguage":"pl-PL","potentialAction":[{"@type":"ReadAction","target":["https:\/\/www.mojabochnia.pl\/?p=5731"]}]},{"@type":"ImageObject","inLanguage":"pl-PL","@id":"https:\/\/www.mojabochnia.pl\/?p=5731#primaryimage","url":"http:\/\/www.mojabochnia.pl\/f\/2009\/02\/090221_pm_jagla_mdk1.jpg","contentUrl":"http:\/\/www.mojabochnia.pl\/f\/2009\/02\/090221_pm_jagla_mdk1.jpg"},{"@type":"BreadcrumbList","@id":"https:\/\/www.mojabochnia.pl\/?p=5731#breadcrumb","itemListElement":[{"@type":"ListItem","position":1,"name":"Home","item":"https:\/\/www.mojabochnia.pl\/"},{"@type":"ListItem","position":2,"name":"Malarstwo Marii Jag\u0142y w MDK"}]},{"@type":"WebSite","@id":"https:\/\/www.mojabochnia.pl\/#website","url":"https:\/\/www.mojabochnia.pl\/","name":"mojabochnia.pl - portal informacyjny","description":"mojaBochnia to portal informacyjny o Bochni. Codziennie o Bochni piszemy i pokazujemy najwa\u017cniejsze wydarzenia","publisher":{"@id":"https:\/\/www.mojabochnia.pl\/#organization"},"potentialAction":[{"@type":"SearchAction","target":{"@type":"EntryPoint","urlTemplate":"https:\/\/www.mojabochnia.pl\/?s={search_term_string}"},"query-input":{"@type":"PropertyValueSpecification","valueRequired":true,"valueName":"search_term_string"}}],"inLanguage":"pl-PL"},{"@type":"Organization","@id":"https:\/\/www.mojabochnia.pl\/#organization","name":"mojabochnia.pl - portal informacyjny","url":"https:\/\/www.mojabochnia.pl\/","logo":{"@type":"ImageObject","inLanguage":"pl-PL","@id":"https:\/\/www.mojabochnia.pl\/#\/schema\/logo\/image\/","url":"https:\/\/www.mojabochnia.pl\/wp-content\/uploads\/2017\/08\/logo-mb-opt.png","contentUrl":"https:\/\/www.mojabochnia.pl\/wp-content\/uploads\/2017\/08\/logo-mb-opt.png","width":250,"height":48,"caption":"mojabochnia.pl - portal informacyjny"},"image":{"@id":"https:\/\/www.mojabochnia.pl\/#\/schema\/logo\/image\/"},"sameAs":["https:\/\/www.facebook.com\/mojabochnia"]},{"@type":"Person","@id":"https:\/\/www.mojabochnia.pl\/#\/schema\/person\/ea042e4724a77627963f02166828ead4","name":"Pawe\u0142 Michalczyk","url":"https:\/\/www.mojabochnia.pl\/?author=4"}]}},"_links":{"self":[{"href":"https:\/\/www.mojabochnia.pl\/index.php?rest_route=\/wp\/v2\/posts\/5731","targetHints":{"allow":["GET"]}}],"collection":[{"href":"https:\/\/www.mojabochnia.pl\/index.php?rest_route=\/wp\/v2\/posts"}],"about":[{"href":"https:\/\/www.mojabochnia.pl\/index.php?rest_route=\/wp\/v2\/types\/post"}],"author":[{"embeddable":true,"href":"https:\/\/www.mojabochnia.pl\/index.php?rest_route=\/wp\/v2\/users\/4"}],"replies":[{"embeddable":true,"href":"https:\/\/www.mojabochnia.pl\/index.php?rest_route=%2Fwp%2Fv2%2Fcomments&post=5731"}],"version-history":[{"count":0,"href":"https:\/\/www.mojabochnia.pl\/index.php?rest_route=\/wp\/v2\/posts\/5731\/revisions"}],"wp:attachment":[{"href":"https:\/\/www.mojabochnia.pl\/index.php?rest_route=%2Fwp%2Fv2%2Fmedia&parent=5731"}],"wp:term":[{"taxonomy":"category","embeddable":true,"href":"https:\/\/www.mojabochnia.pl\/index.php?rest_route=%2Fwp%2Fv2%2Fcategories&post=5731"},{"taxonomy":"post_tag","embeddable":true,"href":"https:\/\/www.mojabochnia.pl\/index.php?rest_route=%2Fwp%2Fv2%2Ftags&post=5731"}],"curies":[{"name":"wp","href":"https:\/\/api.w.org\/{rel}","templated":true}]}}