{"id":572,"date":"2008-07-16T15:12:23","date_gmt":"2008-07-16T13:12:23","guid":{"rendered":"http:\/\/beta.mojabochnia.pl\/?p=572"},"modified":"2008-08-25T12:29:05","modified_gmt":"2008-08-25T10:29:05","slug":"wystapia-brathanki-i-zbigniew-wodecki","status":"publish","type":"post","link":"https:\/\/www.mojabochnia.pl\/?p=572","title":{"rendered":"Wyst\u0105pi\u0105 Brathanki i Zbigniew Wodecki"},"content":{"rendered":"<p>To nie jedyna gwiazda, jaka wyst\u0105pi w tym roku w Czchowie. Nast\u0119pnego dnia, w niedziel\u0119, dla publiczno\u015bci za\u015bpiewa bowiem Zbigniew Wodecki. Obydwa koncerty zaplanowano p\u00f3\u017anym wieczorem, po 21. Wcze\u015bniej b\u0119dzie mo\u017cna zobaczy\u0107 tak\u017ce m.in. potyczki i walki rycerskie, wyst\u0119py par tanecznych, koncerty zespo\u0142\u00f3w ludowych, a na zako\u0144czenie pokaz sztucznych ogni. <\/p>\n<p>Ci, kt\u00f3rzy nie dadz\u0105 rady dojecha\u0107 do Czchowa na koncert Brathank\u00f3w, mog\u0105 spr\u00f3bowa\u0107 tak\u017ce nast\u0119pnego dnia, w niedziel\u0119 &#8211; tym razem w Wieliczce, gdzie zesp\u00f3\u0142 wyst\u0105pi ok. 21.15 na parkingu przy warzelni.<\/p>\n<p>Szczeg\u00f3\u0142y Dni Czchowa:<\/p>\n<p>26 lipca<br \/>\n18.00 &#8211; rozpocz\u0119cie<br \/>\n18.10 &#8211; koncert zespo\u0142u UPSS<br \/>\n19.15 &#8211; wyst\u0119p pary tanecznej &#8222;Iskra&#8221; z Gliwic<br \/>\n19.30 &#8211; koncert zespo\u0142u Exclusive Band<br \/>\n21.30 &#8211; koncert zespo\u0142u Brathanki<br \/>\n23.00 &#8211; koncert zespo\u0142u Camert&#8217;s Band<\/p>\n<p>27 lipca<br \/>\n14.00 &#8211; rozpocz\u0119cie &#8211; \u015bredniowieczne Miasto Czch\u00f3w &#8211; zabaw plebejskie, potyczki i walki rycerskie, inscenizacje<br \/>\n15.00 &#8211; koncert laureat\u00f3w IV konkursuPiosenki Dzieci\u0119cej i M\u0142odzie\u017cowej Majstersztyk<br \/>\n16.00 &#8211; historia Elijasza &#8211; spektakl teatralny<br \/>\n16.45 &#8211; wyst\u0119p pary tanecznej &#8222;Iskra&#8221; z Gliwic<br \/>\n17.30 &#8211; koncert &#8222;Najpi\u0119kniejsze melodie i ta\u0144ce ludowe&#8221; w wykonaniu Zespo\u0142u Mali Czchowianie, Zespo\u0142u instrumentalnego oraz Ch\u00f3ru  z Czchowa<br \/>\n19.00 &#8211; losowanie nagr\u00f3d oraz podsumowanie akcji &#8222;Kup ksi\u0105\u017ck\u0119 dla Biblioteki&#8221;<br \/>\n20.00 &#8211; koncert zespo\u0142u VIP<br \/>\n21.00 &#8211; koncert Zbigniewa Wodeckiego<br \/>\n22.30 &#8211; pokaz sztucznych ogni<br \/>\n22.45 &#8211; koncert zespo\u0142u Venus<\/p>\n","protected":false},"excerpt":{"rendered":"<p>Za nieca\u0142e dwa tygodnie, w sobot\u0119 26 lipca, warto b\u0119dzie si\u0119 wybra\u0107 do Czchowa. W ramach Dni Czchowa, na scenie wyst\u0105pi\u0105 tam Brathanki. <\/p>\n","protected":false},"author":2,"featured_media":0,"comment_status":"open","ping_status":"open","sticky":false,"template":"","format":"standard","meta":{"_acf_changed":false,"footnotes":""},"categories":[5],"tags":[247,437,17108,50,54,243,436],"class_list":["post-572","post","type-post","status-publish","format-standard","hentry","category-biezace-wydarzenia","tag-brathanki","tag-czchow","tag-koncert","tag-pokaz-sztucznych-ogni","tag-pokaz-taneczny","tag-wieliczka","tag-zbigniew-wodecki"],"acf":[],"yoast_head":"<!-- This site is optimized with the Yoast SEO plugin v26.9 - https:\/\/yoast.com\/product\/yoast-seo-wordpress\/ -->\n<title>Wyst\u0105pi\u0105 Brathanki i Zbigniew Wodecki - mojabochnia.pl - portal informacyjny<\/title>\n<meta name=\"robots\" content=\"index, follow, max-snippet:-1, max-image-preview:large, max-video-preview:-1\" \/>\n<link rel=\"canonical\" href=\"https:\/\/www.mojabochnia.pl\/?p=572\" \/>\n<meta property=\"og:locale\" content=\"pl_PL\" \/>\n<meta property=\"og:type\" content=\"article\" \/>\n<meta property=\"og:title\" content=\"Wyst\u0105pi\u0105 Brathanki i Zbigniew Wodecki - mojabochnia.pl - portal informacyjny\" \/>\n<meta property=\"og:description\" content=\"Za nieca\u0142e dwa tygodnie, w sobot\u0119 26 lipca, warto b\u0119dzie si\u0119 wybra\u0107 do Czchowa. W ramach Dni Czchowa, na scenie wyst\u0105pi\u0105 tam Brathanki.\" \/>\n<meta property=\"og:url\" content=\"https:\/\/www.mojabochnia.pl\/?p=572\" \/>\n<meta property=\"og:site_name\" content=\"mojabochnia.pl - portal informacyjny\" \/>\n<meta property=\"article:publisher\" content=\"https:\/\/www.facebook.com\/mojabochnia\" \/>\n<meta property=\"article:published_time\" content=\"2008-07-16T13:12:23+00:00\" \/>\n<meta property=\"article:modified_time\" content=\"2008-08-25T10:29:05+00:00\" \/>\n<meta name=\"author\" content=\"Jacek Kucharski\" \/>\n<meta name=\"twitter:card\" content=\"summary_large_image\" \/>\n<meta name=\"twitter:label1\" content=\"Written by\" \/>\n\t<meta name=\"twitter:data1\" content=\"Jacek Kucharski\" \/>\n\t<meta name=\"twitter:label2\" content=\"Est. reading time\" \/>\n\t<meta name=\"twitter:data2\" content=\"1 minuta\" \/>\n<script type=\"application\/ld+json\" class=\"yoast-schema-graph\">{\"@context\":\"https:\/\/schema.org\",\"@graph\":[{\"@type\":\"Article\",\"@id\":\"https:\/\/www.mojabochnia.pl\/?p=572#article\",\"isPartOf\":{\"@id\":\"https:\/\/www.mojabochnia.pl\/?p=572\"},\"author\":{\"name\":\"Jacek Kucharski\",\"@id\":\"https:\/\/www.mojabochnia.pl\/#\/schema\/person\/cbf2046fc62995d3796f0c0160613698\"},\"headline\":\"Wyst\u0105pi\u0105 Brathanki i Zbigniew Wodecki\",\"datePublished\":\"2008-07-16T13:12:23+00:00\",\"dateModified\":\"2008-08-25T10:29:05+00:00\",\"mainEntityOfPage\":{\"@id\":\"https:\/\/www.mojabochnia.pl\/?p=572\"},\"wordCount\":240,\"commentCount\":0,\"publisher\":{\"@id\":\"https:\/\/www.mojabochnia.pl\/#organization\"},\"keywords\":[\"brathanki\",\"czch\u00f3w\",\"koncert\",\"pokaz sztucznych ogni\",\"pokaz taneczny\",\"wieliczka\",\"zbigniew wodecki\"],\"articleSection\":[\"2_ostatnie\"],\"inLanguage\":\"pl-PL\",\"potentialAction\":[{\"@type\":\"CommentAction\",\"name\":\"Comment\",\"target\":[\"https:\/\/www.mojabochnia.pl\/?p=572#respond\"]}]},{\"@type\":\"WebPage\",\"@id\":\"https:\/\/www.mojabochnia.pl\/?p=572\",\"url\":\"https:\/\/www.mojabochnia.pl\/?p=572\",\"name\":\"Wyst\u0105pi\u0105 Brathanki i Zbigniew Wodecki - mojabochnia.pl - portal informacyjny\",\"isPartOf\":{\"@id\":\"https:\/\/www.mojabochnia.pl\/#website\"},\"datePublished\":\"2008-07-16T13:12:23+00:00\",\"dateModified\":\"2008-08-25T10:29:05+00:00\",\"breadcrumb\":{\"@id\":\"https:\/\/www.mojabochnia.pl\/?p=572#breadcrumb\"},\"inLanguage\":\"pl-PL\",\"potentialAction\":[{\"@type\":\"ReadAction\",\"target\":[\"https:\/\/www.mojabochnia.pl\/?p=572\"]}]},{\"@type\":\"BreadcrumbList\",\"@id\":\"https:\/\/www.mojabochnia.pl\/?p=572#breadcrumb\",\"itemListElement\":[{\"@type\":\"ListItem\",\"position\":1,\"name\":\"Home\",\"item\":\"https:\/\/www.mojabochnia.pl\/\"},{\"@type\":\"ListItem\",\"position\":2,\"name\":\"Wyst\u0105pi\u0105 Brathanki i Zbigniew Wodecki\"}]},{\"@type\":\"WebSite\",\"@id\":\"https:\/\/www.mojabochnia.pl\/#website\",\"url\":\"https:\/\/www.mojabochnia.pl\/\",\"name\":\"mojabochnia.pl - portal informacyjny\",\"description\":\"mojaBochnia to portal informacyjny o Bochni. Codziennie o Bochni piszemy i pokazujemy najwa\u017cniejsze wydarzenia\",\"publisher\":{\"@id\":\"https:\/\/www.mojabochnia.pl\/#organization\"},\"potentialAction\":[{\"@type\":\"SearchAction\",\"target\":{\"@type\":\"EntryPoint\",\"urlTemplate\":\"https:\/\/www.mojabochnia.pl\/?s={search_term_string}\"},\"query-input\":{\"@type\":\"PropertyValueSpecification\",\"valueRequired\":true,\"valueName\":\"search_term_string\"}}],\"inLanguage\":\"pl-PL\"},{\"@type\":\"Organization\",\"@id\":\"https:\/\/www.mojabochnia.pl\/#organization\",\"name\":\"mojabochnia.pl - portal informacyjny\",\"url\":\"https:\/\/www.mojabochnia.pl\/\",\"logo\":{\"@type\":\"ImageObject\",\"inLanguage\":\"pl-PL\",\"@id\":\"https:\/\/www.mojabochnia.pl\/#\/schema\/logo\/image\/\",\"url\":\"https:\/\/www.mojabochnia.pl\/wp-content\/uploads\/2017\/08\/logo-mb-opt.png\",\"contentUrl\":\"https:\/\/www.mojabochnia.pl\/wp-content\/uploads\/2017\/08\/logo-mb-opt.png\",\"width\":250,\"height\":48,\"caption\":\"mojabochnia.pl - portal informacyjny\"},\"image\":{\"@id\":\"https:\/\/www.mojabochnia.pl\/#\/schema\/logo\/image\/\"},\"sameAs\":[\"https:\/\/www.facebook.com\/mojabochnia\"]},{\"@type\":\"Person\",\"@id\":\"https:\/\/www.mojabochnia.pl\/#\/schema\/person\/cbf2046fc62995d3796f0c0160613698\",\"name\":\"Jacek Kucharski\",\"url\":\"https:\/\/www.mojabochnia.pl\/?author=2\"}]}<\/script>\n<!-- \/ Yoast SEO plugin. -->","yoast_head_json":{"title":"Wyst\u0105pi\u0105 Brathanki i Zbigniew Wodecki - mojabochnia.pl - portal informacyjny","robots":{"index":"index","follow":"follow","max-snippet":"max-snippet:-1","max-image-preview":"max-image-preview:large","max-video-preview":"max-video-preview:-1"},"canonical":"https:\/\/www.mojabochnia.pl\/?p=572","og_locale":"pl_PL","og_type":"article","og_title":"Wyst\u0105pi\u0105 Brathanki i Zbigniew Wodecki - mojabochnia.pl - portal informacyjny","og_description":"Za nieca\u0142e dwa tygodnie, w sobot\u0119 26 lipca, warto b\u0119dzie si\u0119 wybra\u0107 do Czchowa. W ramach Dni Czchowa, na scenie wyst\u0105pi\u0105 tam Brathanki.","og_url":"https:\/\/www.mojabochnia.pl\/?p=572","og_site_name":"mojabochnia.pl - portal informacyjny","article_publisher":"https:\/\/www.facebook.com\/mojabochnia","article_published_time":"2008-07-16T13:12:23+00:00","article_modified_time":"2008-08-25T10:29:05+00:00","author":"Jacek Kucharski","twitter_card":"summary_large_image","twitter_misc":{"Written by":"Jacek Kucharski","Est. reading time":"1 minuta"},"schema":{"@context":"https:\/\/schema.org","@graph":[{"@type":"Article","@id":"https:\/\/www.mojabochnia.pl\/?p=572#article","isPartOf":{"@id":"https:\/\/www.mojabochnia.pl\/?p=572"},"author":{"name":"Jacek Kucharski","@id":"https:\/\/www.mojabochnia.pl\/#\/schema\/person\/cbf2046fc62995d3796f0c0160613698"},"headline":"Wyst\u0105pi\u0105 Brathanki i Zbigniew Wodecki","datePublished":"2008-07-16T13:12:23+00:00","dateModified":"2008-08-25T10:29:05+00:00","mainEntityOfPage":{"@id":"https:\/\/www.mojabochnia.pl\/?p=572"},"wordCount":240,"commentCount":0,"publisher":{"@id":"https:\/\/www.mojabochnia.pl\/#organization"},"keywords":["brathanki","czch\u00f3w","koncert","pokaz sztucznych ogni","pokaz taneczny","wieliczka","zbigniew wodecki"],"articleSection":["2_ostatnie"],"inLanguage":"pl-PL","potentialAction":[{"@type":"CommentAction","name":"Comment","target":["https:\/\/www.mojabochnia.pl\/?p=572#respond"]}]},{"@type":"WebPage","@id":"https:\/\/www.mojabochnia.pl\/?p=572","url":"https:\/\/www.mojabochnia.pl\/?p=572","name":"Wyst\u0105pi\u0105 Brathanki i Zbigniew Wodecki - mojabochnia.pl - portal informacyjny","isPartOf":{"@id":"https:\/\/www.mojabochnia.pl\/#website"},"datePublished":"2008-07-16T13:12:23+00:00","dateModified":"2008-08-25T10:29:05+00:00","breadcrumb":{"@id":"https:\/\/www.mojabochnia.pl\/?p=572#breadcrumb"},"inLanguage":"pl-PL","potentialAction":[{"@type":"ReadAction","target":["https:\/\/www.mojabochnia.pl\/?p=572"]}]},{"@type":"BreadcrumbList","@id":"https:\/\/www.mojabochnia.pl\/?p=572#breadcrumb","itemListElement":[{"@type":"ListItem","position":1,"name":"Home","item":"https:\/\/www.mojabochnia.pl\/"},{"@type":"ListItem","position":2,"name":"Wyst\u0105pi\u0105 Brathanki i Zbigniew Wodecki"}]},{"@type":"WebSite","@id":"https:\/\/www.mojabochnia.pl\/#website","url":"https:\/\/www.mojabochnia.pl\/","name":"mojabochnia.pl - portal informacyjny","description":"mojaBochnia to portal informacyjny o Bochni. Codziennie o Bochni piszemy i pokazujemy najwa\u017cniejsze wydarzenia","publisher":{"@id":"https:\/\/www.mojabochnia.pl\/#organization"},"potentialAction":[{"@type":"SearchAction","target":{"@type":"EntryPoint","urlTemplate":"https:\/\/www.mojabochnia.pl\/?s={search_term_string}"},"query-input":{"@type":"PropertyValueSpecification","valueRequired":true,"valueName":"search_term_string"}}],"inLanguage":"pl-PL"},{"@type":"Organization","@id":"https:\/\/www.mojabochnia.pl\/#organization","name":"mojabochnia.pl - portal informacyjny","url":"https:\/\/www.mojabochnia.pl\/","logo":{"@type":"ImageObject","inLanguage":"pl-PL","@id":"https:\/\/www.mojabochnia.pl\/#\/schema\/logo\/image\/","url":"https:\/\/www.mojabochnia.pl\/wp-content\/uploads\/2017\/08\/logo-mb-opt.png","contentUrl":"https:\/\/www.mojabochnia.pl\/wp-content\/uploads\/2017\/08\/logo-mb-opt.png","width":250,"height":48,"caption":"mojabochnia.pl - portal informacyjny"},"image":{"@id":"https:\/\/www.mojabochnia.pl\/#\/schema\/logo\/image\/"},"sameAs":["https:\/\/www.facebook.com\/mojabochnia"]},{"@type":"Person","@id":"https:\/\/www.mojabochnia.pl\/#\/schema\/person\/cbf2046fc62995d3796f0c0160613698","name":"Jacek Kucharski","url":"https:\/\/www.mojabochnia.pl\/?author=2"}]}},"_links":{"self":[{"href":"https:\/\/www.mojabochnia.pl\/index.php?rest_route=\/wp\/v2\/posts\/572","targetHints":{"allow":["GET"]}}],"collection":[{"href":"https:\/\/www.mojabochnia.pl\/index.php?rest_route=\/wp\/v2\/posts"}],"about":[{"href":"https:\/\/www.mojabochnia.pl\/index.php?rest_route=\/wp\/v2\/types\/post"}],"author":[{"embeddable":true,"href":"https:\/\/www.mojabochnia.pl\/index.php?rest_route=\/wp\/v2\/users\/2"}],"replies":[{"embeddable":true,"href":"https:\/\/www.mojabochnia.pl\/index.php?rest_route=%2Fwp%2Fv2%2Fcomments&post=572"}],"version-history":[{"count":0,"href":"https:\/\/www.mojabochnia.pl\/index.php?rest_route=\/wp\/v2\/posts\/572\/revisions"}],"wp:attachment":[{"href":"https:\/\/www.mojabochnia.pl\/index.php?rest_route=%2Fwp%2Fv2%2Fmedia&parent=572"}],"wp:term":[{"taxonomy":"category","embeddable":true,"href":"https:\/\/www.mojabochnia.pl\/index.php?rest_route=%2Fwp%2Fv2%2Fcategories&post=572"},{"taxonomy":"post_tag","embeddable":true,"href":"https:\/\/www.mojabochnia.pl\/index.php?rest_route=%2Fwp%2Fv2%2Ftags&post=572"}],"curies":[{"name":"wp","href":"https:\/\/api.w.org\/{rel}","templated":true}]}}