{"id":564,"date":"2008-07-01T13:21:06","date_gmt":"2008-07-01T11:21:06","guid":{"rendered":"http:\/\/beta.mojabochnia.pl\/?p=564"},"modified":"2008-08-25T14:14:56","modified_gmt":"2008-08-25T12:14:56","slug":"gdzie-sanepid-zbadal-wode","status":"publish","type":"post","link":"https:\/\/www.mojabochnia.pl\/?p=564","title":{"rendered":"Gdzie sanepid zbada\u0142 wod\u0119?"},"content":{"rendered":"<p>Chodzi o zalew w \u0141apanowie, odkryty basen w Nowym Wi\u015bniczu \u2013 Leksandrowej oraz k\u0105pielisko w Borku na terenie Centrum Aktywnego Wypoczynku. Osoby korzystaj\u0105ce z k\u0105pielisk w rzekach s\u0105 nara\u017ceni na zanieczyszczenia, jakie sp\u0142ywaj\u0105 wraz z deszczem.<\/p>\n<p>\u2013 <em>Deszcz\u00f3wka zbiera z powierzchni zwierz\u0119ce odchody, zmywa je do row\u00f3w odp\u0142ywowych, kt\u00f3re odprowadzaj\u0105 wod\u0119 bezpo\u015brednio do rzeki. Np. jeden gram psich odchod\u00f3w zawiera ok. 2,3 mln bakterii. \u017beby cz\u0142owiek si\u0119 zarazi\u0142, wystarczy 10 bakterii. Opr\u00f3cz tego, poniewa\u017c jest coraz wi\u0119cej teren\u00f3w pokrytych asfaltem, to z tych teren\u00f3w r\u00f3wnie\u017c deszcz\u00f3wka zmywa brud w postaci py\u0142u z opon, oleje itd. <\/em>\u2013 m\u00f3wi Stanis\u0142aw Weiss, Pa\u0144stwowy Powiatowy Inspektor Sanitarny w Bochni. Dodaje on, \u017ce osoby, kt\u00f3re k\u0105pi\u0105 si\u0119 w rzekach i strumykach, robi\u0105 to na w\u0142asn\u0105 odpowiedzialno\u015b\u0107. <\/p>\n<p>Dodatkowo w Rabie ko\u0142o Bochni nie wolno si\u0119 k\u0105pa\u0107, poniewa\u017c poni\u017cej jest uj\u0119cie wody pitnej dla ca\u0142ego miasta i okolicznych miejscowo\u015bci. Stra\u017c miejska, kt\u00f3ra dostrze\u017ce dzikich pla\u017cowicz\u00f3w nad Rab\u0105, mo\u017ce ich ukara\u0107 mandatem. <\/p>\n<p>Opr\u00f3cz tego w ci\u0105gu wakacji czynne s\u0105 kryte p\u0142ywalnie w Prosz\u00f3wkach oraz Bochni. Basen w Prosz\u00f3wkach czynny jest mi\u0119dzy 8.00 a 22.00. P\u0142ywalnia ta w okresie wakacji wprowadzi\u0142a kilka promocji. Ka\u017cde dziecko, kt\u00f3re kupi bilet od godz. 11.00 do 12.00, mo\u017ce liczy\u0107 na bezp\u0142atn\u0105 nauk\u0119 p\u0142ywania z ratownikiem (indywidualn\u0105 b\u0105d\u017a grupow\u0105, w zale\u017cno\u015bci od liczby ch\u0119tnych). Co tydzie\u0144 w\u015br\u00f3d korzystaj\u0105cych z basenu losowane s\u0105 nagrody, a na koniec wakacji zostanie rozlosowana nagroda specjalna. Opr\u00f3cz tego przez ca\u0142y lipiec dziecko, kt\u00f3re przyjdzie na basen z osob\u0105 doros\u0142\u0105, mo\u017ce wej\u015b\u0107 za z\u0142ot\u00f3wk\u0119. Basen w Prosz\u00f3wkach ma te\u017c propozycj\u0119 dla pa\u0144: aquaaerobik (poniedzia\u0142ek i \u015broda od godz. 20.00) oraz aerobik (poniedzia\u0142ki, \u015brody i pi\u0105tki od godz. 20.00).<\/p>\n<p>Boche\u0144ski basen czynny jest codziennie od 6.30 do 21.30. Oferta jak przez ca\u0142y rok.<\/p>\n","protected":false},"excerpt":{"rendered":"<p>Sezon k\u0105pielowy trwa w najlepsze. Jednak nie ka\u017cde k\u0105pielisko pod go\u0142ym niebem jest bezpieczne. W powiecie boche\u0144skim sanepid dopu\u015bci\u0142 do u\u017cytku tylko 3 takie miejsca.<\/p>\n","protected":false},"author":4,"featured_media":0,"comment_status":"open","ping_status":"open","sticky":false,"template":"","format":"standard","meta":{"_acf_changed":false,"footnotes":""},"categories":[5],"tags":[17120,15,17,17262,429,17233,17118,17127,17187,17223,17180,380,17255,121],"class_list":["post-564","post","type-post","status-publish","format-standard","hentry","category-biezace-wydarzenia","tag-basen","tag-borek","tag-centrum-aktywnego-wypoczynku-borek","tag-kapielisko","tag-leksandrowa","tag-lapanow","tag-wisnicz","tag-powiat-bochenski","tag-proszowki","tag-raba","tag-sanepid","tag-stanislaw-weiss","tag-straz-miejska","tag-wypoczynek"],"acf":[],"yoast_head":"<!-- This site is optimized with the Yoast SEO plugin v26.9 - https:\/\/yoast.com\/product\/yoast-seo-wordpress\/ -->\n<title>Gdzie sanepid zbada\u0142 wod\u0119? - mojabochnia.pl - portal informacyjny<\/title>\n<meta name=\"robots\" content=\"index, follow, max-snippet:-1, max-image-preview:large, max-video-preview:-1\" \/>\n<link rel=\"canonical\" href=\"https:\/\/www.mojabochnia.pl\/?p=564\" \/>\n<meta property=\"og:locale\" content=\"pl_PL\" \/>\n<meta property=\"og:type\" content=\"article\" \/>\n<meta property=\"og:title\" content=\"Gdzie sanepid zbada\u0142 wod\u0119? - mojabochnia.pl - portal informacyjny\" \/>\n<meta property=\"og:description\" content=\"Sezon k\u0105pielowy trwa w najlepsze. Jednak nie ka\u017cde k\u0105pielisko pod go\u0142ym niebem jest bezpieczne. W powiecie boche\u0144skim sanepid dopu\u015bci\u0142 do u\u017cytku tylko 3 takie miejsca.\" \/>\n<meta property=\"og:url\" content=\"https:\/\/www.mojabochnia.pl\/?p=564\" \/>\n<meta property=\"og:site_name\" content=\"mojabochnia.pl - portal informacyjny\" \/>\n<meta property=\"article:publisher\" content=\"https:\/\/www.facebook.com\/mojabochnia\" \/>\n<meta property=\"article:published_time\" content=\"2008-07-01T11:21:06+00:00\" \/>\n<meta property=\"article:modified_time\" content=\"2008-08-25T12:14:56+00:00\" \/>\n<meta name=\"author\" content=\"Pawe\u0142 Michalczyk\" \/>\n<meta name=\"twitter:card\" content=\"summary_large_image\" \/>\n<meta name=\"twitter:label1\" content=\"Written by\" \/>\n\t<meta name=\"twitter:data1\" content=\"Pawe\u0142 Michalczyk\" \/>\n\t<meta name=\"twitter:label2\" content=\"Est. reading time\" \/>\n\t<meta name=\"twitter:data2\" content=\"2 minuty\" \/>\n<script type=\"application\/ld+json\" class=\"yoast-schema-graph\">{\"@context\":\"https:\/\/schema.org\",\"@graph\":[{\"@type\":\"Article\",\"@id\":\"https:\/\/www.mojabochnia.pl\/?p=564#article\",\"isPartOf\":{\"@id\":\"https:\/\/www.mojabochnia.pl\/?p=564\"},\"author\":{\"name\":\"Pawe\u0142 Michalczyk\",\"@id\":\"https:\/\/www.mojabochnia.pl\/#\/schema\/person\/ea042e4724a77627963f02166828ead4\"},\"headline\":\"Gdzie sanepid zbada\u0142 wod\u0119?\",\"datePublished\":\"2008-07-01T11:21:06+00:00\",\"dateModified\":\"2008-08-25T12:14:56+00:00\",\"mainEntityOfPage\":{\"@id\":\"https:\/\/www.mojabochnia.pl\/?p=564\"},\"wordCount\":343,\"commentCount\":0,\"publisher\":{\"@id\":\"https:\/\/www.mojabochnia.pl\/#organization\"},\"keywords\":[\"basen\",\"Borek\",\"Centrum Aktywnego Wypoczynku Borek\",\"k\u0105pielisko\",\"leksandrowa\",\"\u0141apan\u00f3w\",\"Nowy Wi\u015bnicz\",\"powiat boche\u0144ski\",\"prosz\u00f3wki\",\"raba\",\"sanepid\",\"stanis\u0142aw weiss\",\"stra\u017c miejska\",\"wypoczynek\"],\"articleSection\":[\"2_ostatnie\"],\"inLanguage\":\"pl-PL\",\"potentialAction\":[{\"@type\":\"CommentAction\",\"name\":\"Comment\",\"target\":[\"https:\/\/www.mojabochnia.pl\/?p=564#respond\"]}]},{\"@type\":\"WebPage\",\"@id\":\"https:\/\/www.mojabochnia.pl\/?p=564\",\"url\":\"https:\/\/www.mojabochnia.pl\/?p=564\",\"name\":\"Gdzie sanepid zbada\u0142 wod\u0119? - mojabochnia.pl - portal informacyjny\",\"isPartOf\":{\"@id\":\"https:\/\/www.mojabochnia.pl\/#website\"},\"datePublished\":\"2008-07-01T11:21:06+00:00\",\"dateModified\":\"2008-08-25T12:14:56+00:00\",\"breadcrumb\":{\"@id\":\"https:\/\/www.mojabochnia.pl\/?p=564#breadcrumb\"},\"inLanguage\":\"pl-PL\",\"potentialAction\":[{\"@type\":\"ReadAction\",\"target\":[\"https:\/\/www.mojabochnia.pl\/?p=564\"]}]},{\"@type\":\"BreadcrumbList\",\"@id\":\"https:\/\/www.mojabochnia.pl\/?p=564#breadcrumb\",\"itemListElement\":[{\"@type\":\"ListItem\",\"position\":1,\"name\":\"Home\",\"item\":\"https:\/\/www.mojabochnia.pl\/\"},{\"@type\":\"ListItem\",\"position\":2,\"name\":\"Gdzie sanepid zbada\u0142 wod\u0119?\"}]},{\"@type\":\"WebSite\",\"@id\":\"https:\/\/www.mojabochnia.pl\/#website\",\"url\":\"https:\/\/www.mojabochnia.pl\/\",\"name\":\"mojabochnia.pl - portal informacyjny\",\"description\":\"mojaBochnia to portal informacyjny o Bochni. Codziennie o Bochni piszemy i pokazujemy najwa\u017cniejsze wydarzenia\",\"publisher\":{\"@id\":\"https:\/\/www.mojabochnia.pl\/#organization\"},\"potentialAction\":[{\"@type\":\"SearchAction\",\"target\":{\"@type\":\"EntryPoint\",\"urlTemplate\":\"https:\/\/www.mojabochnia.pl\/?s={search_term_string}\"},\"query-input\":{\"@type\":\"PropertyValueSpecification\",\"valueRequired\":true,\"valueName\":\"search_term_string\"}}],\"inLanguage\":\"pl-PL\"},{\"@type\":\"Organization\",\"@id\":\"https:\/\/www.mojabochnia.pl\/#organization\",\"name\":\"mojabochnia.pl - portal informacyjny\",\"url\":\"https:\/\/www.mojabochnia.pl\/\",\"logo\":{\"@type\":\"ImageObject\",\"inLanguage\":\"pl-PL\",\"@id\":\"https:\/\/www.mojabochnia.pl\/#\/schema\/logo\/image\/\",\"url\":\"https:\/\/www.mojabochnia.pl\/wp-content\/uploads\/2017\/08\/logo-mb-opt.png\",\"contentUrl\":\"https:\/\/www.mojabochnia.pl\/wp-content\/uploads\/2017\/08\/logo-mb-opt.png\",\"width\":250,\"height\":48,\"caption\":\"mojabochnia.pl - portal informacyjny\"},\"image\":{\"@id\":\"https:\/\/www.mojabochnia.pl\/#\/schema\/logo\/image\/\"},\"sameAs\":[\"https:\/\/www.facebook.com\/mojabochnia\"]},{\"@type\":\"Person\",\"@id\":\"https:\/\/www.mojabochnia.pl\/#\/schema\/person\/ea042e4724a77627963f02166828ead4\",\"name\":\"Pawe\u0142 Michalczyk\",\"url\":\"https:\/\/www.mojabochnia.pl\/?author=4\"}]}<\/script>\n<!-- \/ Yoast SEO plugin. -->","yoast_head_json":{"title":"Gdzie sanepid zbada\u0142 wod\u0119? - mojabochnia.pl - portal informacyjny","robots":{"index":"index","follow":"follow","max-snippet":"max-snippet:-1","max-image-preview":"max-image-preview:large","max-video-preview":"max-video-preview:-1"},"canonical":"https:\/\/www.mojabochnia.pl\/?p=564","og_locale":"pl_PL","og_type":"article","og_title":"Gdzie sanepid zbada\u0142 wod\u0119? - mojabochnia.pl - portal informacyjny","og_description":"Sezon k\u0105pielowy trwa w najlepsze. Jednak nie ka\u017cde k\u0105pielisko pod go\u0142ym niebem jest bezpieczne. W powiecie boche\u0144skim sanepid dopu\u015bci\u0142 do u\u017cytku tylko 3 takie miejsca.","og_url":"https:\/\/www.mojabochnia.pl\/?p=564","og_site_name":"mojabochnia.pl - portal informacyjny","article_publisher":"https:\/\/www.facebook.com\/mojabochnia","article_published_time":"2008-07-01T11:21:06+00:00","article_modified_time":"2008-08-25T12:14:56+00:00","author":"Pawe\u0142 Michalczyk","twitter_card":"summary_large_image","twitter_misc":{"Written by":"Pawe\u0142 Michalczyk","Est. reading time":"2 minuty"},"schema":{"@context":"https:\/\/schema.org","@graph":[{"@type":"Article","@id":"https:\/\/www.mojabochnia.pl\/?p=564#article","isPartOf":{"@id":"https:\/\/www.mojabochnia.pl\/?p=564"},"author":{"name":"Pawe\u0142 Michalczyk","@id":"https:\/\/www.mojabochnia.pl\/#\/schema\/person\/ea042e4724a77627963f02166828ead4"},"headline":"Gdzie sanepid zbada\u0142 wod\u0119?","datePublished":"2008-07-01T11:21:06+00:00","dateModified":"2008-08-25T12:14:56+00:00","mainEntityOfPage":{"@id":"https:\/\/www.mojabochnia.pl\/?p=564"},"wordCount":343,"commentCount":0,"publisher":{"@id":"https:\/\/www.mojabochnia.pl\/#organization"},"keywords":["basen","Borek","Centrum Aktywnego Wypoczynku Borek","k\u0105pielisko","leksandrowa","\u0141apan\u00f3w","Nowy Wi\u015bnicz","powiat boche\u0144ski","prosz\u00f3wki","raba","sanepid","stanis\u0142aw weiss","stra\u017c miejska","wypoczynek"],"articleSection":["2_ostatnie"],"inLanguage":"pl-PL","potentialAction":[{"@type":"CommentAction","name":"Comment","target":["https:\/\/www.mojabochnia.pl\/?p=564#respond"]}]},{"@type":"WebPage","@id":"https:\/\/www.mojabochnia.pl\/?p=564","url":"https:\/\/www.mojabochnia.pl\/?p=564","name":"Gdzie sanepid zbada\u0142 wod\u0119? - mojabochnia.pl - portal informacyjny","isPartOf":{"@id":"https:\/\/www.mojabochnia.pl\/#website"},"datePublished":"2008-07-01T11:21:06+00:00","dateModified":"2008-08-25T12:14:56+00:00","breadcrumb":{"@id":"https:\/\/www.mojabochnia.pl\/?p=564#breadcrumb"},"inLanguage":"pl-PL","potentialAction":[{"@type":"ReadAction","target":["https:\/\/www.mojabochnia.pl\/?p=564"]}]},{"@type":"BreadcrumbList","@id":"https:\/\/www.mojabochnia.pl\/?p=564#breadcrumb","itemListElement":[{"@type":"ListItem","position":1,"name":"Home","item":"https:\/\/www.mojabochnia.pl\/"},{"@type":"ListItem","position":2,"name":"Gdzie sanepid zbada\u0142 wod\u0119?"}]},{"@type":"WebSite","@id":"https:\/\/www.mojabochnia.pl\/#website","url":"https:\/\/www.mojabochnia.pl\/","name":"mojabochnia.pl - portal informacyjny","description":"mojaBochnia to portal informacyjny o Bochni. Codziennie o Bochni piszemy i pokazujemy najwa\u017cniejsze wydarzenia","publisher":{"@id":"https:\/\/www.mojabochnia.pl\/#organization"},"potentialAction":[{"@type":"SearchAction","target":{"@type":"EntryPoint","urlTemplate":"https:\/\/www.mojabochnia.pl\/?s={search_term_string}"},"query-input":{"@type":"PropertyValueSpecification","valueRequired":true,"valueName":"search_term_string"}}],"inLanguage":"pl-PL"},{"@type":"Organization","@id":"https:\/\/www.mojabochnia.pl\/#organization","name":"mojabochnia.pl - portal informacyjny","url":"https:\/\/www.mojabochnia.pl\/","logo":{"@type":"ImageObject","inLanguage":"pl-PL","@id":"https:\/\/www.mojabochnia.pl\/#\/schema\/logo\/image\/","url":"https:\/\/www.mojabochnia.pl\/wp-content\/uploads\/2017\/08\/logo-mb-opt.png","contentUrl":"https:\/\/www.mojabochnia.pl\/wp-content\/uploads\/2017\/08\/logo-mb-opt.png","width":250,"height":48,"caption":"mojabochnia.pl - portal informacyjny"},"image":{"@id":"https:\/\/www.mojabochnia.pl\/#\/schema\/logo\/image\/"},"sameAs":["https:\/\/www.facebook.com\/mojabochnia"]},{"@type":"Person","@id":"https:\/\/www.mojabochnia.pl\/#\/schema\/person\/ea042e4724a77627963f02166828ead4","name":"Pawe\u0142 Michalczyk","url":"https:\/\/www.mojabochnia.pl\/?author=4"}]}},"_links":{"self":[{"href":"https:\/\/www.mojabochnia.pl\/index.php?rest_route=\/wp\/v2\/posts\/564","targetHints":{"allow":["GET"]}}],"collection":[{"href":"https:\/\/www.mojabochnia.pl\/index.php?rest_route=\/wp\/v2\/posts"}],"about":[{"href":"https:\/\/www.mojabochnia.pl\/index.php?rest_route=\/wp\/v2\/types\/post"}],"author":[{"embeddable":true,"href":"https:\/\/www.mojabochnia.pl\/index.php?rest_route=\/wp\/v2\/users\/4"}],"replies":[{"embeddable":true,"href":"https:\/\/www.mojabochnia.pl\/index.php?rest_route=%2Fwp%2Fv2%2Fcomments&post=564"}],"version-history":[{"count":0,"href":"https:\/\/www.mojabochnia.pl\/index.php?rest_route=\/wp\/v2\/posts\/564\/revisions"}],"wp:attachment":[{"href":"https:\/\/www.mojabochnia.pl\/index.php?rest_route=%2Fwp%2Fv2%2Fmedia&parent=564"}],"wp:term":[{"taxonomy":"category","embeddable":true,"href":"https:\/\/www.mojabochnia.pl\/index.php?rest_route=%2Fwp%2Fv2%2Fcategories&post=564"},{"taxonomy":"post_tag","embeddable":true,"href":"https:\/\/www.mojabochnia.pl\/index.php?rest_route=%2Fwp%2Fv2%2Ftags&post=564"}],"curies":[{"name":"wp","href":"https:\/\/api.w.org\/{rel}","templated":true}]}}