{"id":56260,"date":"2011-07-27T11:45:15","date_gmt":"2011-07-27T09:45:15","guid":{"rendered":"http:\/\/www.mojabochnia.pl\/?p=56260"},"modified":"2011-07-27T13:03:28","modified_gmt":"2011-07-27T11:03:28","slug":"brak-chetnych-na-kamienice-przy-rzeznickiej","status":"publish","type":"post","link":"https:\/\/www.mojabochnia.pl\/?p=56260","title":{"rendered":"Brak ch\u0119tnych na kamienic\u0119 przy Rze\u017anickiej"},"content":{"rendered":"<p>Jak nas poinformowano w urz\u0119dzie miejskim, nikt nie zdecydowa\u0142 si\u0119 na wp\u0142at\u0119 150 tys. z\u0142 wadium, co by\u0142o warunkiem koniecznym udzia\u0142u w przetargu. Przypomnijmy, cena wywo\u0142awcza za budynek (o \u0142\u0105cznej powierzchni u\u017cytkowej 448,69 m2) to 938 tys. z\u0142.<\/p>\n<p>Tomasz Przyby\u0142o, zast\u0119pca burmistrza Bochni, zapowiada, \u017ce ponowny przetarg zostanie og\u0142oszony by\u0107 mo\u017ce w drugiej po\u0142owie wrze\u015bnia. Cena wywo\u0142awcza mo\u017ce by\u0107 ni\u017csza ni\u017c pierwotna. Jego zdaniem lokalizacja budynku jest bardzo atrakcyjna i kupiec pr\u0119dzej czy p\u00f3\u017aniej powinien si\u0119 znale\u017a\u0107.<\/p>\n<p>Obecnie miasto sprzedaje inn\u0105 nieruchomo\u015b\u0107. Jest to dzia\u0142ka przy ul. Krz\u0119czk\u00f3w o pow. 0.0605 ha. Cena wywo\u0142awcza to 141.485,00 z\u0142 netto, wadium: 20.000,00 z\u0142.<\/p>\n<p>Przetarg odb\u0119dzie si\u0119 4 sierpnia o godz. 11:00 (sala narad nr 100, godz.11.00).<\/p>\n","protected":false},"excerpt":{"rendered":"<p>Nikt nie by\u0142 ch\u0119tny na zakup zabytkowej kamienicy przy ul. Rze\u017anickiej 3 w Bochni. Przetarg, jaki og\u0142osi\u0142o miasto na 26 lipca, nie zosta\u0142 rozstrzygni\u0119ty. Nie z\u0142o\u017cona zosta\u0142a ani jedna oferta.<\/p>\n","protected":false},"author":4,"featured_media":0,"comment_status":"open","ping_status":"closed","sticky":true,"template":"","format":"standard","meta":{"_acf_changed":false,"footnotes":""},"categories":[5,6251,6250],"tags":[17294,17339,5926,9687,9686],"class_list":["post-56260","post","type-post","status-publish","format-standard","hentry","category-biezace-wydarzenia","category-polityka-i-wydarzenia","category-tematyka","tag-kamienica","tag-przetarg","tag-sprzedaz","tag-ul-rzeznicka","tag-wadium","main_tag-kamienica"],"acf":[],"yoast_head":"<!-- This site is optimized with the Yoast SEO plugin v26.9 - https:\/\/yoast.com\/product\/yoast-seo-wordpress\/ -->\n<title>Brak ch\u0119tnych na kamienic\u0119 przy Rze\u017anickiej - mojabochnia.pl - portal informacyjny<\/title>\n<meta name=\"robots\" content=\"index, follow, max-snippet:-1, max-image-preview:large, max-video-preview:-1\" \/>\n<link rel=\"canonical\" href=\"https:\/\/www.mojabochnia.pl\/?p=56260\" \/>\n<meta property=\"og:locale\" content=\"pl_PL\" \/>\n<meta property=\"og:type\" content=\"article\" \/>\n<meta property=\"og:title\" content=\"Brak ch\u0119tnych na kamienic\u0119 przy Rze\u017anickiej - mojabochnia.pl - portal informacyjny\" \/>\n<meta property=\"og:description\" content=\"Nikt nie by\u0142 ch\u0119tny na zakup zabytkowej kamienicy przy ul. Rze\u017anickiej 3 w Bochni. Przetarg, jaki og\u0142osi\u0142o miasto na 26 lipca, nie zosta\u0142 rozstrzygni\u0119ty. Nie z\u0142o\u017cona zosta\u0142a ani jedna oferta.\" \/>\n<meta property=\"og:url\" content=\"https:\/\/www.mojabochnia.pl\/?p=56260\" \/>\n<meta property=\"og:site_name\" content=\"mojabochnia.pl - portal informacyjny\" \/>\n<meta property=\"article:publisher\" content=\"https:\/\/www.facebook.com\/mojabochnia\" \/>\n<meta property=\"article:published_time\" content=\"2011-07-27T09:45:15+00:00\" \/>\n<meta property=\"article:modified_time\" content=\"2011-07-27T11:03:28+00:00\" \/>\n<meta name=\"author\" content=\"Pawe\u0142 Michalczyk\" \/>\n<meta name=\"twitter:card\" content=\"summary_large_image\" \/>\n<meta name=\"twitter:label1\" content=\"Written by\" \/>\n\t<meta name=\"twitter:data1\" content=\"Pawe\u0142 Michalczyk\" \/>\n\t<meta name=\"twitter:label2\" content=\"Est. reading time\" \/>\n\t<meta name=\"twitter:data2\" content=\"1 minuta\" \/>\n<script type=\"application\/ld+json\" class=\"yoast-schema-graph\">{\"@context\":\"https:\/\/schema.org\",\"@graph\":[{\"@type\":\"Article\",\"@id\":\"https:\/\/www.mojabochnia.pl\/?p=56260#article\",\"isPartOf\":{\"@id\":\"https:\/\/www.mojabochnia.pl\/?p=56260\"},\"author\":{\"name\":\"Pawe\u0142 Michalczyk\",\"@id\":\"https:\/\/www.mojabochnia.pl\/#\/schema\/person\/ea042e4724a77627963f02166828ead4\"},\"headline\":\"Brak ch\u0119tnych na kamienic\u0119 przy Rze\u017anickiej\",\"datePublished\":\"2011-07-27T09:45:15+00:00\",\"dateModified\":\"2011-07-27T11:03:28+00:00\",\"mainEntityOfPage\":{\"@id\":\"https:\/\/www.mojabochnia.pl\/?p=56260\"},\"wordCount\":135,\"commentCount\":0,\"publisher\":{\"@id\":\"https:\/\/www.mojabochnia.pl\/#organization\"},\"keywords\":[\"kamienica\",\"przetarg\",\"sprzeda\u017c\",\"ul. rze\u017anicka\",\"wadium\"],\"articleSection\":[\"2_ostatnie\",\"polityka i wydarzenia\",\"tematyka\"],\"inLanguage\":\"pl-PL\",\"potentialAction\":[{\"@type\":\"CommentAction\",\"name\":\"Comment\",\"target\":[\"https:\/\/www.mojabochnia.pl\/?p=56260#respond\"]}]},{\"@type\":\"WebPage\",\"@id\":\"https:\/\/www.mojabochnia.pl\/?p=56260\",\"url\":\"https:\/\/www.mojabochnia.pl\/?p=56260\",\"name\":\"Brak ch\u0119tnych na kamienic\u0119 przy Rze\u017anickiej - mojabochnia.pl - portal informacyjny\",\"isPartOf\":{\"@id\":\"https:\/\/www.mojabochnia.pl\/#website\"},\"datePublished\":\"2011-07-27T09:45:15+00:00\",\"dateModified\":\"2011-07-27T11:03:28+00:00\",\"breadcrumb\":{\"@id\":\"https:\/\/www.mojabochnia.pl\/?p=56260#breadcrumb\"},\"inLanguage\":\"pl-PL\",\"potentialAction\":[{\"@type\":\"ReadAction\",\"target\":[\"https:\/\/www.mojabochnia.pl\/?p=56260\"]}]},{\"@type\":\"BreadcrumbList\",\"@id\":\"https:\/\/www.mojabochnia.pl\/?p=56260#breadcrumb\",\"itemListElement\":[{\"@type\":\"ListItem\",\"position\":1,\"name\":\"Home\",\"item\":\"https:\/\/www.mojabochnia.pl\/\"},{\"@type\":\"ListItem\",\"position\":2,\"name\":\"Brak ch\u0119tnych na kamienic\u0119 przy Rze\u017anickiej\"}]},{\"@type\":\"WebSite\",\"@id\":\"https:\/\/www.mojabochnia.pl\/#website\",\"url\":\"https:\/\/www.mojabochnia.pl\/\",\"name\":\"mojabochnia.pl - portal informacyjny\",\"description\":\"mojaBochnia to portal informacyjny o Bochni. Codziennie o Bochni piszemy i pokazujemy najwa\u017cniejsze wydarzenia\",\"publisher\":{\"@id\":\"https:\/\/www.mojabochnia.pl\/#organization\"},\"potentialAction\":[{\"@type\":\"SearchAction\",\"target\":{\"@type\":\"EntryPoint\",\"urlTemplate\":\"https:\/\/www.mojabochnia.pl\/?s={search_term_string}\"},\"query-input\":{\"@type\":\"PropertyValueSpecification\",\"valueRequired\":true,\"valueName\":\"search_term_string\"}}],\"inLanguage\":\"pl-PL\"},{\"@type\":\"Organization\",\"@id\":\"https:\/\/www.mojabochnia.pl\/#organization\",\"name\":\"mojabochnia.pl - portal informacyjny\",\"url\":\"https:\/\/www.mojabochnia.pl\/\",\"logo\":{\"@type\":\"ImageObject\",\"inLanguage\":\"pl-PL\",\"@id\":\"https:\/\/www.mojabochnia.pl\/#\/schema\/logo\/image\/\",\"url\":\"https:\/\/www.mojabochnia.pl\/wp-content\/uploads\/2017\/08\/logo-mb-opt.png\",\"contentUrl\":\"https:\/\/www.mojabochnia.pl\/wp-content\/uploads\/2017\/08\/logo-mb-opt.png\",\"width\":250,\"height\":48,\"caption\":\"mojabochnia.pl - portal informacyjny\"},\"image\":{\"@id\":\"https:\/\/www.mojabochnia.pl\/#\/schema\/logo\/image\/\"},\"sameAs\":[\"https:\/\/www.facebook.com\/mojabochnia\"]},{\"@type\":\"Person\",\"@id\":\"https:\/\/www.mojabochnia.pl\/#\/schema\/person\/ea042e4724a77627963f02166828ead4\",\"name\":\"Pawe\u0142 Michalczyk\",\"url\":\"https:\/\/www.mojabochnia.pl\/?author=4\"}]}<\/script>\n<!-- \/ Yoast SEO plugin. -->","yoast_head_json":{"title":"Brak ch\u0119tnych na kamienic\u0119 przy Rze\u017anickiej - mojabochnia.pl - portal informacyjny","robots":{"index":"index","follow":"follow","max-snippet":"max-snippet:-1","max-image-preview":"max-image-preview:large","max-video-preview":"max-video-preview:-1"},"canonical":"https:\/\/www.mojabochnia.pl\/?p=56260","og_locale":"pl_PL","og_type":"article","og_title":"Brak ch\u0119tnych na kamienic\u0119 przy Rze\u017anickiej - mojabochnia.pl - portal informacyjny","og_description":"Nikt nie by\u0142 ch\u0119tny na zakup zabytkowej kamienicy przy ul. Rze\u017anickiej 3 w Bochni. Przetarg, jaki og\u0142osi\u0142o miasto na 26 lipca, nie zosta\u0142 rozstrzygni\u0119ty. Nie z\u0142o\u017cona zosta\u0142a ani jedna oferta.","og_url":"https:\/\/www.mojabochnia.pl\/?p=56260","og_site_name":"mojabochnia.pl - portal informacyjny","article_publisher":"https:\/\/www.facebook.com\/mojabochnia","article_published_time":"2011-07-27T09:45:15+00:00","article_modified_time":"2011-07-27T11:03:28+00:00","author":"Pawe\u0142 Michalczyk","twitter_card":"summary_large_image","twitter_misc":{"Written by":"Pawe\u0142 Michalczyk","Est. reading time":"1 minuta"},"schema":{"@context":"https:\/\/schema.org","@graph":[{"@type":"Article","@id":"https:\/\/www.mojabochnia.pl\/?p=56260#article","isPartOf":{"@id":"https:\/\/www.mojabochnia.pl\/?p=56260"},"author":{"name":"Pawe\u0142 Michalczyk","@id":"https:\/\/www.mojabochnia.pl\/#\/schema\/person\/ea042e4724a77627963f02166828ead4"},"headline":"Brak ch\u0119tnych na kamienic\u0119 przy Rze\u017anickiej","datePublished":"2011-07-27T09:45:15+00:00","dateModified":"2011-07-27T11:03:28+00:00","mainEntityOfPage":{"@id":"https:\/\/www.mojabochnia.pl\/?p=56260"},"wordCount":135,"commentCount":0,"publisher":{"@id":"https:\/\/www.mojabochnia.pl\/#organization"},"keywords":["kamienica","przetarg","sprzeda\u017c","ul. rze\u017anicka","wadium"],"articleSection":["2_ostatnie","polityka i wydarzenia","tematyka"],"inLanguage":"pl-PL","potentialAction":[{"@type":"CommentAction","name":"Comment","target":["https:\/\/www.mojabochnia.pl\/?p=56260#respond"]}]},{"@type":"WebPage","@id":"https:\/\/www.mojabochnia.pl\/?p=56260","url":"https:\/\/www.mojabochnia.pl\/?p=56260","name":"Brak ch\u0119tnych na kamienic\u0119 przy Rze\u017anickiej - mojabochnia.pl - portal informacyjny","isPartOf":{"@id":"https:\/\/www.mojabochnia.pl\/#website"},"datePublished":"2011-07-27T09:45:15+00:00","dateModified":"2011-07-27T11:03:28+00:00","breadcrumb":{"@id":"https:\/\/www.mojabochnia.pl\/?p=56260#breadcrumb"},"inLanguage":"pl-PL","potentialAction":[{"@type":"ReadAction","target":["https:\/\/www.mojabochnia.pl\/?p=56260"]}]},{"@type":"BreadcrumbList","@id":"https:\/\/www.mojabochnia.pl\/?p=56260#breadcrumb","itemListElement":[{"@type":"ListItem","position":1,"name":"Home","item":"https:\/\/www.mojabochnia.pl\/"},{"@type":"ListItem","position":2,"name":"Brak ch\u0119tnych na kamienic\u0119 przy Rze\u017anickiej"}]},{"@type":"WebSite","@id":"https:\/\/www.mojabochnia.pl\/#website","url":"https:\/\/www.mojabochnia.pl\/","name":"mojabochnia.pl - portal informacyjny","description":"mojaBochnia to portal informacyjny o Bochni. Codziennie o Bochni piszemy i pokazujemy najwa\u017cniejsze wydarzenia","publisher":{"@id":"https:\/\/www.mojabochnia.pl\/#organization"},"potentialAction":[{"@type":"SearchAction","target":{"@type":"EntryPoint","urlTemplate":"https:\/\/www.mojabochnia.pl\/?s={search_term_string}"},"query-input":{"@type":"PropertyValueSpecification","valueRequired":true,"valueName":"search_term_string"}}],"inLanguage":"pl-PL"},{"@type":"Organization","@id":"https:\/\/www.mojabochnia.pl\/#organization","name":"mojabochnia.pl - portal informacyjny","url":"https:\/\/www.mojabochnia.pl\/","logo":{"@type":"ImageObject","inLanguage":"pl-PL","@id":"https:\/\/www.mojabochnia.pl\/#\/schema\/logo\/image\/","url":"https:\/\/www.mojabochnia.pl\/wp-content\/uploads\/2017\/08\/logo-mb-opt.png","contentUrl":"https:\/\/www.mojabochnia.pl\/wp-content\/uploads\/2017\/08\/logo-mb-opt.png","width":250,"height":48,"caption":"mojabochnia.pl - portal informacyjny"},"image":{"@id":"https:\/\/www.mojabochnia.pl\/#\/schema\/logo\/image\/"},"sameAs":["https:\/\/www.facebook.com\/mojabochnia"]},{"@type":"Person","@id":"https:\/\/www.mojabochnia.pl\/#\/schema\/person\/ea042e4724a77627963f02166828ead4","name":"Pawe\u0142 Michalczyk","url":"https:\/\/www.mojabochnia.pl\/?author=4"}]}},"_links":{"self":[{"href":"https:\/\/www.mojabochnia.pl\/index.php?rest_route=\/wp\/v2\/posts\/56260","targetHints":{"allow":["GET"]}}],"collection":[{"href":"https:\/\/www.mojabochnia.pl\/index.php?rest_route=\/wp\/v2\/posts"}],"about":[{"href":"https:\/\/www.mojabochnia.pl\/index.php?rest_route=\/wp\/v2\/types\/post"}],"author":[{"embeddable":true,"href":"https:\/\/www.mojabochnia.pl\/index.php?rest_route=\/wp\/v2\/users\/4"}],"replies":[{"embeddable":true,"href":"https:\/\/www.mojabochnia.pl\/index.php?rest_route=%2Fwp%2Fv2%2Fcomments&post=56260"}],"version-history":[{"count":10,"href":"https:\/\/www.mojabochnia.pl\/index.php?rest_route=\/wp\/v2\/posts\/56260\/revisions"}],"predecessor-version":[{"id":56331,"href":"https:\/\/www.mojabochnia.pl\/index.php?rest_route=\/wp\/v2\/posts\/56260\/revisions\/56331"}],"wp:attachment":[{"href":"https:\/\/www.mojabochnia.pl\/index.php?rest_route=%2Fwp%2Fv2%2Fmedia&parent=56260"}],"wp:term":[{"taxonomy":"category","embeddable":true,"href":"https:\/\/www.mojabochnia.pl\/index.php?rest_route=%2Fwp%2Fv2%2Fcategories&post=56260"},{"taxonomy":"post_tag","embeddable":true,"href":"https:\/\/www.mojabochnia.pl\/index.php?rest_route=%2Fwp%2Fv2%2Ftags&post=56260"}],"curies":[{"name":"wp","href":"https:\/\/api.w.org\/{rel}","templated":true}]}}