{"id":5614,"date":"2009-02-23T06:30:47","date_gmt":"2009-02-23T05:30:47","guid":{"rendered":"http:\/\/www.mojabochnia.pl\/?p=5614"},"modified":"2009-04-16T12:43:55","modified_gmt":"2009-04-16T10:43:55","slug":"bedzie-katalog-on-line-biblioteki-miejskiej","status":"publish","type":"post","link":"https:\/\/www.mojabochnia.pl\/?p=5614","title":{"rendered":"B\u0119dzie katalog on-line biblioteki miejskiej"},"content":{"rendered":"<p>Uruchomienie katalogu on-line znacznie u\u0142atwi czytelnikom wypo\u017cyczenie danej ksi\u0105\u017cki. \u2013<em> W tej chwili trwaj\u0105 prace nad tworzeniem bazy danych biblioteki, do bazy danych wprowadzona jest ju\u017c cz\u0119\u015b\u0107 ksi\u0119gozbioru: 32 tysi\u0105ce rekord\u00f3w ksi\u0105\u017cek oraz 2,5 tysi\u0105ca rekord\u00f3w zbior\u00f3w specjalnych. Baza ta pozwoli w najbli\u017cszym czasie na uruchomienie katalogu on-line, na naszej stronie internetowej jest ju\u017c przygotowane miejsce na ten katalog, a z czasem umo\u017cliwi uruchomienie komputerowego wypo\u017cyczania ksi\u0105\u017cek, co bardzo u\u0142atwi naszym czytelnikom ich poszukiwanie<\/em> \u2013 m\u00f3wi Dorota Rzepka, dyrektor plac\u00f3wki.<\/p>\n<p>Katalog on-line pozwoli na sprawdzenie, w kt\u00f3rej plac\u00f3wce bibliotecznej dana ksi\u0105\u017cka jest dost\u0119pna. Ksi\u0105\u017ck\u0119 b\u0119dzie mo\u017cna przez internet zam\u00f3wi\u0107, b\u0119dzie te\u017c mo\u017cliwa elektroniczna prolongata.<\/p>\n<p>Katalog on-line ma ju\u017c Biblioteka Pedagogiczna przy ul. D\u0105browskiego 1 b w Bochni. W Internecie mo\u017cna <a onclick=\"javascript:pageTracker._trackPageview('\/outgoing\/www.bpt.edu.pl\/katalogwww.htm');\"  href=\"http:\/\/www.bpt.edu.pl\/katalogwww.htm\">sprawdzi\u0107 katalog ksi\u0105\u017cek oraz czasopism<\/a>, a ksi\u0105\u017cki mo\u017cna zarezerwowa\u0107 telefonicznie (tel. 612-33-54). <\/p>\n","protected":false},"excerpt":{"rendered":"<p>Boche\u0144ska biblioteka wci\u0105\u017c nie ma internetowej bazy danych swojego ksi\u0119gozbioru. Prace nad ni\u0105 trwaj\u0105 ju\u017c kilka lat i powoli zmierzaj\u0105 do ko\u0144ca. <\/p>\n","protected":false},"author":4,"featured_media":0,"comment_status":"open","ping_status":"closed","sticky":false,"template":"","format":"standard","meta":{"_acf_changed":false,"footnotes":""},"categories":[5,11],"tags":[17162,2309,2658,667,17203,2602,2603,2433],"class_list":["post-5614","post","type-post","status-publish","format-standard","hentry","category-biezace-wydarzenia","category-top-temat","tag-biblioteka","tag-biblioteka-miejska","tag-biblioteka-pedagogiczna","tag-dorota-rzepka","tag-dyrektor","tag-katalog","tag-katalog-on-line","tag-powiatowa-i-miejska-biblioteka-publiczna"],"acf":[],"yoast_head":"<!-- This site is optimized with the Yoast SEO plugin v26.9 - https:\/\/yoast.com\/product\/yoast-seo-wordpress\/ -->\n<title>B\u0119dzie katalog on-line biblioteki miejskiej - mojabochnia.pl - portal informacyjny<\/title>\n<meta name=\"robots\" content=\"index, follow, max-snippet:-1, max-image-preview:large, max-video-preview:-1\" \/>\n<link rel=\"canonical\" href=\"https:\/\/www.mojabochnia.pl\/?p=5614\" \/>\n<meta property=\"og:locale\" content=\"pl_PL\" \/>\n<meta property=\"og:type\" content=\"article\" \/>\n<meta property=\"og:title\" content=\"B\u0119dzie katalog on-line biblioteki miejskiej - mojabochnia.pl - portal informacyjny\" \/>\n<meta property=\"og:description\" content=\"Boche\u0144ska biblioteka wci\u0105\u017c nie ma internetowej bazy danych swojego ksi\u0119gozbioru. Prace nad ni\u0105 trwaj\u0105 ju\u017c kilka lat i powoli zmierzaj\u0105 do ko\u0144ca.\" \/>\n<meta property=\"og:url\" content=\"https:\/\/www.mojabochnia.pl\/?p=5614\" \/>\n<meta property=\"og:site_name\" content=\"mojabochnia.pl - portal informacyjny\" \/>\n<meta property=\"article:publisher\" content=\"https:\/\/www.facebook.com\/mojabochnia\" \/>\n<meta property=\"article:published_time\" content=\"2009-02-23T05:30:47+00:00\" \/>\n<meta property=\"article:modified_time\" content=\"2009-04-16T10:43:55+00:00\" \/>\n<meta name=\"author\" content=\"Pawe\u0142 Michalczyk\" \/>\n<meta name=\"twitter:card\" content=\"summary_large_image\" \/>\n<meta name=\"twitter:label1\" content=\"Written by\" \/>\n\t<meta name=\"twitter:data1\" content=\"Pawe\u0142 Michalczyk\" \/>\n\t<meta name=\"twitter:label2\" content=\"Est. reading time\" \/>\n\t<meta name=\"twitter:data2\" content=\"1 minuta\" \/>\n<script type=\"application\/ld+json\" class=\"yoast-schema-graph\">{\"@context\":\"https:\/\/schema.org\",\"@graph\":[{\"@type\":\"Article\",\"@id\":\"https:\/\/www.mojabochnia.pl\/?p=5614#article\",\"isPartOf\":{\"@id\":\"https:\/\/www.mojabochnia.pl\/?p=5614\"},\"author\":{\"name\":\"Pawe\u0142 Michalczyk\",\"@id\":\"https:\/\/www.mojabochnia.pl\/#\/schema\/person\/ea042e4724a77627963f02166828ead4\"},\"headline\":\"B\u0119dzie katalog on-line biblioteki miejskiej\",\"datePublished\":\"2009-02-23T05:30:47+00:00\",\"dateModified\":\"2009-04-16T10:43:55+00:00\",\"mainEntityOfPage\":{\"@id\":\"https:\/\/www.mojabochnia.pl\/?p=5614\"},\"wordCount\":166,\"commentCount\":1,\"publisher\":{\"@id\":\"https:\/\/www.mojabochnia.pl\/#organization\"},\"keywords\":[\"biblioteka\",\"biblioteka miejska\",\"biblioteka pedagogiczna\",\"dorota rzepka\",\"dyrektor\",\"katalog\",\"katalog on-line\",\"powiatowa i miejska biblioteka publiczna\"],\"articleSection\":[\"2_ostatnie\",\"3_w centrum uwagi\"],\"inLanguage\":\"pl-PL\",\"potentialAction\":[{\"@type\":\"CommentAction\",\"name\":\"Comment\",\"target\":[\"https:\/\/www.mojabochnia.pl\/?p=5614#respond\"]}]},{\"@type\":\"WebPage\",\"@id\":\"https:\/\/www.mojabochnia.pl\/?p=5614\",\"url\":\"https:\/\/www.mojabochnia.pl\/?p=5614\",\"name\":\"B\u0119dzie katalog on-line biblioteki miejskiej - mojabochnia.pl - portal informacyjny\",\"isPartOf\":{\"@id\":\"https:\/\/www.mojabochnia.pl\/#website\"},\"datePublished\":\"2009-02-23T05:30:47+00:00\",\"dateModified\":\"2009-04-16T10:43:55+00:00\",\"breadcrumb\":{\"@id\":\"https:\/\/www.mojabochnia.pl\/?p=5614#breadcrumb\"},\"inLanguage\":\"pl-PL\",\"potentialAction\":[{\"@type\":\"ReadAction\",\"target\":[\"https:\/\/www.mojabochnia.pl\/?p=5614\"]}]},{\"@type\":\"BreadcrumbList\",\"@id\":\"https:\/\/www.mojabochnia.pl\/?p=5614#breadcrumb\",\"itemListElement\":[{\"@type\":\"ListItem\",\"position\":1,\"name\":\"Home\",\"item\":\"https:\/\/www.mojabochnia.pl\/\"},{\"@type\":\"ListItem\",\"position\":2,\"name\":\"B\u0119dzie katalog on-line biblioteki miejskiej\"}]},{\"@type\":\"WebSite\",\"@id\":\"https:\/\/www.mojabochnia.pl\/#website\",\"url\":\"https:\/\/www.mojabochnia.pl\/\",\"name\":\"mojabochnia.pl - portal informacyjny\",\"description\":\"mojaBochnia to portal informacyjny o Bochni. Codziennie o Bochni piszemy i pokazujemy najwa\u017cniejsze wydarzenia\",\"publisher\":{\"@id\":\"https:\/\/www.mojabochnia.pl\/#organization\"},\"potentialAction\":[{\"@type\":\"SearchAction\",\"target\":{\"@type\":\"EntryPoint\",\"urlTemplate\":\"https:\/\/www.mojabochnia.pl\/?s={search_term_string}\"},\"query-input\":{\"@type\":\"PropertyValueSpecification\",\"valueRequired\":true,\"valueName\":\"search_term_string\"}}],\"inLanguage\":\"pl-PL\"},{\"@type\":\"Organization\",\"@id\":\"https:\/\/www.mojabochnia.pl\/#organization\",\"name\":\"mojabochnia.pl - portal informacyjny\",\"url\":\"https:\/\/www.mojabochnia.pl\/\",\"logo\":{\"@type\":\"ImageObject\",\"inLanguage\":\"pl-PL\",\"@id\":\"https:\/\/www.mojabochnia.pl\/#\/schema\/logo\/image\/\",\"url\":\"https:\/\/www.mojabochnia.pl\/wp-content\/uploads\/2017\/08\/logo-mb-opt.png\",\"contentUrl\":\"https:\/\/www.mojabochnia.pl\/wp-content\/uploads\/2017\/08\/logo-mb-opt.png\",\"width\":250,\"height\":48,\"caption\":\"mojabochnia.pl - portal informacyjny\"},\"image\":{\"@id\":\"https:\/\/www.mojabochnia.pl\/#\/schema\/logo\/image\/\"},\"sameAs\":[\"https:\/\/www.facebook.com\/mojabochnia\"]},{\"@type\":\"Person\",\"@id\":\"https:\/\/www.mojabochnia.pl\/#\/schema\/person\/ea042e4724a77627963f02166828ead4\",\"name\":\"Pawe\u0142 Michalczyk\",\"url\":\"https:\/\/www.mojabochnia.pl\/?author=4\"}]}<\/script>\n<!-- \/ Yoast SEO plugin. -->","yoast_head_json":{"title":"B\u0119dzie katalog on-line biblioteki miejskiej - mojabochnia.pl - portal informacyjny","robots":{"index":"index","follow":"follow","max-snippet":"max-snippet:-1","max-image-preview":"max-image-preview:large","max-video-preview":"max-video-preview:-1"},"canonical":"https:\/\/www.mojabochnia.pl\/?p=5614","og_locale":"pl_PL","og_type":"article","og_title":"B\u0119dzie katalog on-line biblioteki miejskiej - mojabochnia.pl - portal informacyjny","og_description":"Boche\u0144ska biblioteka wci\u0105\u017c nie ma internetowej bazy danych swojego ksi\u0119gozbioru. Prace nad ni\u0105 trwaj\u0105 ju\u017c kilka lat i powoli zmierzaj\u0105 do ko\u0144ca.","og_url":"https:\/\/www.mojabochnia.pl\/?p=5614","og_site_name":"mojabochnia.pl - portal informacyjny","article_publisher":"https:\/\/www.facebook.com\/mojabochnia","article_published_time":"2009-02-23T05:30:47+00:00","article_modified_time":"2009-04-16T10:43:55+00:00","author":"Pawe\u0142 Michalczyk","twitter_card":"summary_large_image","twitter_misc":{"Written by":"Pawe\u0142 Michalczyk","Est. reading time":"1 minuta"},"schema":{"@context":"https:\/\/schema.org","@graph":[{"@type":"Article","@id":"https:\/\/www.mojabochnia.pl\/?p=5614#article","isPartOf":{"@id":"https:\/\/www.mojabochnia.pl\/?p=5614"},"author":{"name":"Pawe\u0142 Michalczyk","@id":"https:\/\/www.mojabochnia.pl\/#\/schema\/person\/ea042e4724a77627963f02166828ead4"},"headline":"B\u0119dzie katalog on-line biblioteki miejskiej","datePublished":"2009-02-23T05:30:47+00:00","dateModified":"2009-04-16T10:43:55+00:00","mainEntityOfPage":{"@id":"https:\/\/www.mojabochnia.pl\/?p=5614"},"wordCount":166,"commentCount":1,"publisher":{"@id":"https:\/\/www.mojabochnia.pl\/#organization"},"keywords":["biblioteka","biblioteka miejska","biblioteka pedagogiczna","dorota rzepka","dyrektor","katalog","katalog on-line","powiatowa i miejska biblioteka publiczna"],"articleSection":["2_ostatnie","3_w centrum uwagi"],"inLanguage":"pl-PL","potentialAction":[{"@type":"CommentAction","name":"Comment","target":["https:\/\/www.mojabochnia.pl\/?p=5614#respond"]}]},{"@type":"WebPage","@id":"https:\/\/www.mojabochnia.pl\/?p=5614","url":"https:\/\/www.mojabochnia.pl\/?p=5614","name":"B\u0119dzie katalog on-line biblioteki miejskiej - mojabochnia.pl - portal informacyjny","isPartOf":{"@id":"https:\/\/www.mojabochnia.pl\/#website"},"datePublished":"2009-02-23T05:30:47+00:00","dateModified":"2009-04-16T10:43:55+00:00","breadcrumb":{"@id":"https:\/\/www.mojabochnia.pl\/?p=5614#breadcrumb"},"inLanguage":"pl-PL","potentialAction":[{"@type":"ReadAction","target":["https:\/\/www.mojabochnia.pl\/?p=5614"]}]},{"@type":"BreadcrumbList","@id":"https:\/\/www.mojabochnia.pl\/?p=5614#breadcrumb","itemListElement":[{"@type":"ListItem","position":1,"name":"Home","item":"https:\/\/www.mojabochnia.pl\/"},{"@type":"ListItem","position":2,"name":"B\u0119dzie katalog on-line biblioteki miejskiej"}]},{"@type":"WebSite","@id":"https:\/\/www.mojabochnia.pl\/#website","url":"https:\/\/www.mojabochnia.pl\/","name":"mojabochnia.pl - portal informacyjny","description":"mojaBochnia to portal informacyjny o Bochni. Codziennie o Bochni piszemy i pokazujemy najwa\u017cniejsze wydarzenia","publisher":{"@id":"https:\/\/www.mojabochnia.pl\/#organization"},"potentialAction":[{"@type":"SearchAction","target":{"@type":"EntryPoint","urlTemplate":"https:\/\/www.mojabochnia.pl\/?s={search_term_string}"},"query-input":{"@type":"PropertyValueSpecification","valueRequired":true,"valueName":"search_term_string"}}],"inLanguage":"pl-PL"},{"@type":"Organization","@id":"https:\/\/www.mojabochnia.pl\/#organization","name":"mojabochnia.pl - portal informacyjny","url":"https:\/\/www.mojabochnia.pl\/","logo":{"@type":"ImageObject","inLanguage":"pl-PL","@id":"https:\/\/www.mojabochnia.pl\/#\/schema\/logo\/image\/","url":"https:\/\/www.mojabochnia.pl\/wp-content\/uploads\/2017\/08\/logo-mb-opt.png","contentUrl":"https:\/\/www.mojabochnia.pl\/wp-content\/uploads\/2017\/08\/logo-mb-opt.png","width":250,"height":48,"caption":"mojabochnia.pl - portal informacyjny"},"image":{"@id":"https:\/\/www.mojabochnia.pl\/#\/schema\/logo\/image\/"},"sameAs":["https:\/\/www.facebook.com\/mojabochnia"]},{"@type":"Person","@id":"https:\/\/www.mojabochnia.pl\/#\/schema\/person\/ea042e4724a77627963f02166828ead4","name":"Pawe\u0142 Michalczyk","url":"https:\/\/www.mojabochnia.pl\/?author=4"}]}},"_links":{"self":[{"href":"https:\/\/www.mojabochnia.pl\/index.php?rest_route=\/wp\/v2\/posts\/5614","targetHints":{"allow":["GET"]}}],"collection":[{"href":"https:\/\/www.mojabochnia.pl\/index.php?rest_route=\/wp\/v2\/posts"}],"about":[{"href":"https:\/\/www.mojabochnia.pl\/index.php?rest_route=\/wp\/v2\/types\/post"}],"author":[{"embeddable":true,"href":"https:\/\/www.mojabochnia.pl\/index.php?rest_route=\/wp\/v2\/users\/4"}],"replies":[{"embeddable":true,"href":"https:\/\/www.mojabochnia.pl\/index.php?rest_route=%2Fwp%2Fv2%2Fcomments&post=5614"}],"version-history":[{"count":0,"href":"https:\/\/www.mojabochnia.pl\/index.php?rest_route=\/wp\/v2\/posts\/5614\/revisions"}],"wp:attachment":[{"href":"https:\/\/www.mojabochnia.pl\/index.php?rest_route=%2Fwp%2Fv2%2Fmedia&parent=5614"}],"wp:term":[{"taxonomy":"category","embeddable":true,"href":"https:\/\/www.mojabochnia.pl\/index.php?rest_route=%2Fwp%2Fv2%2Fcategories&post=5614"},{"taxonomy":"post_tag","embeddable":true,"href":"https:\/\/www.mojabochnia.pl\/index.php?rest_route=%2Fwp%2Fv2%2Ftags&post=5614"}],"curies":[{"name":"wp","href":"https:\/\/api.w.org\/{rel}","templated":true}]}}