{"id":5610,"date":"2009-02-19T09:33:36","date_gmt":"2009-02-19T08:33:36","guid":{"rendered":"http:\/\/www.mojabochnia.pl\/?p=5610"},"modified":"2009-02-19T09:54:31","modified_gmt":"2009-02-19T08:54:31","slug":"ile-urodzen-zgonow-slubow-w-2008","status":"publish","type":"post","link":"https:\/\/www.mojabochnia.pl\/?p=5610","title":{"rendered":"Ile urodze\u0144, zgon\u00f3w, \u015blub\u00f3w w 2008?"},"content":{"rendered":"<p>Jak poinformowa\u0142a nas Zdzis\u0142awa Gawor, Kierownik Urz\u0119du Stanu Cywilnego w Bochni, w 2008 roku w Urz\u0119dzie Stanu Cywilnego sporz\u0105dzono:<\/p>\n<p>870 akt\u00f3w urodze\u0144<br \/>\n407 akt\u00f3w ma\u0142\u017ce\u0144stw (udzielono 100 \u015blub\u00f3w cywilnych)<br \/>\n544 akt\u00f3w zgon\u00f3w<br \/>\nwprowadzono w ksi\u0119gi urz\u0119du 55 wyrok\u00f3w rozwodowych.<\/p>\n<p>&#8211;<em> Na podstawie danych z Ewidencji Ludno\u015bci tutejszego urz\u0119du ustalono, \u017ce na terenie miasta urodzi\u0142o si\u0119 352 dzieci, zmar\u0142o 243 osoby, ma\u0142\u017ce\u0144stwo zawar\u0142o 459 os\u00f3b (nie jest to ilo\u015b\u0107 ma\u0142\u017ce\u0144stw, poniewa\u017c niekt\u00f3re pary ma\u0142\u017ce\u0144skie mieszkaj\u0105 obydwoje na terenie Miasta Bochnia), rozwiod\u0142o si\u0119 89 os\u00f3b (nie jest to ilo\u015b\u0107 rozwod\u00f3w, poniewa\u017c ma\u0142\u017conkowie zazwyczaj mieszkaj\u0105 razem pod jednym adresem)<\/em> &#8211; dodaje Zdzis\u0142awa Gawor.<\/p>\n<p><strong>W 2005 r.<\/strong> liczba wszystkich urodze\u0144 w Bochni wynios\u0142a 827, liczba ma\u0142\u017ce\u0144stw \u2013 308, liczba zgon\u00f3w \u2013 536. <strong>W 2006 roku<\/strong> odpowiednio: 852, 372 i 555. <strong>W 2007<\/strong> \u2013 895, 372 i 514. W odniesieniu do miasta Bochnia liczby te wynosz\u0105 <strong>w 2005 r.<\/strong>: urodzenia \u2013 351, ma\u0142\u017ce\u0144stwa \u2013 415, zgony \u2013 253. <strong>W 2006 r.<\/strong>: 370, 472 i 268. <strong>W 2007 r.<\/strong>: 370, 495 i 213.<\/p>\n<p>&#8211; <em>Nie jeste\u015bmy w stanie poda\u0107  og\u00f3lnej liczby rozwod\u00f3w, mo\u017cemy tylko wskaza\u0107, \u017ce corocznie rejestrujemy coraz wi\u0119cej wyrok\u00f3w orzekaj\u0105cych rozw\u00f3d i separacj\u0119 <\/em>\u2013 dodaje kierownik USC w Bochni.<\/p>\n","protected":false},"excerpt":{"rendered":"<p>29 709 mieszka\u0144c\u00f3w liczy\u0142a Bochnia na koniec 2008 r. Ile w minionym roku zanotowano urodze\u0144, zgon\u00f3w czy \u015blub\u00f3w? Z takim pytaniem zwr\u00f3cili\u015bmy si\u0119 do Urz\u0119du Stanu Cywilnego.<\/p>\n","protected":false},"author":4,"featured_media":0,"comment_status":"open","ping_status":"closed","sticky":false,"template":"","format":"standard","meta":{"_acf_changed":false,"footnotes":""},"categories":[5],"tags":[2624,1010,2622,392,17630,393,2623],"class_list":["post-5610","post","type-post","status-publish","format-standard","hentry","category-biezace-wydarzenia","tag-sluby","tag-statystyka","tag-urodzenia","tag-urzad-stanu-cywilnego","tag-usc","tag-zdzislawa-gawor","tag-zgony"],"acf":[],"yoast_head":"<!-- This site is optimized with the Yoast SEO plugin v26.9 - https:\/\/yoast.com\/product\/yoast-seo-wordpress\/ -->\n<title>Ile urodze\u0144, zgon\u00f3w, \u015blub\u00f3w w 2008? - mojabochnia.pl - portal informacyjny<\/title>\n<meta name=\"robots\" content=\"index, follow, max-snippet:-1, max-image-preview:large, max-video-preview:-1\" \/>\n<link rel=\"canonical\" href=\"https:\/\/www.mojabochnia.pl\/?p=5610\" \/>\n<meta property=\"og:locale\" content=\"pl_PL\" \/>\n<meta property=\"og:type\" content=\"article\" \/>\n<meta property=\"og:title\" content=\"Ile urodze\u0144, zgon\u00f3w, \u015blub\u00f3w w 2008? - mojabochnia.pl - portal informacyjny\" \/>\n<meta property=\"og:description\" content=\"29 709 mieszka\u0144c\u00f3w liczy\u0142a Bochnia na koniec 2008 r. Ile w minionym roku zanotowano urodze\u0144, zgon\u00f3w czy \u015blub\u00f3w? Z takim pytaniem zwr\u00f3cili\u015bmy si\u0119 do Urz\u0119du Stanu Cywilnego.\" \/>\n<meta property=\"og:url\" content=\"https:\/\/www.mojabochnia.pl\/?p=5610\" \/>\n<meta property=\"og:site_name\" content=\"mojabochnia.pl - portal informacyjny\" \/>\n<meta property=\"article:publisher\" content=\"https:\/\/www.facebook.com\/mojabochnia\" \/>\n<meta property=\"article:published_time\" content=\"2009-02-19T08:33:36+00:00\" \/>\n<meta property=\"article:modified_time\" content=\"2009-02-19T08:54:31+00:00\" \/>\n<meta name=\"author\" content=\"Pawe\u0142 Michalczyk\" \/>\n<meta name=\"twitter:card\" content=\"summary_large_image\" \/>\n<meta name=\"twitter:label1\" content=\"Written by\" \/>\n\t<meta name=\"twitter:data1\" content=\"Pawe\u0142 Michalczyk\" \/>\n\t<meta name=\"twitter:label2\" content=\"Est. reading time\" \/>\n\t<meta name=\"twitter:data2\" content=\"1 minuta\" \/>\n<script type=\"application\/ld+json\" class=\"yoast-schema-graph\">{\"@context\":\"https:\/\/schema.org\",\"@graph\":[{\"@type\":\"Article\",\"@id\":\"https:\/\/www.mojabochnia.pl\/?p=5610#article\",\"isPartOf\":{\"@id\":\"https:\/\/www.mojabochnia.pl\/?p=5610\"},\"author\":{\"name\":\"Pawe\u0142 Michalczyk\",\"@id\":\"https:\/\/www.mojabochnia.pl\/#\/schema\/person\/ea042e4724a77627963f02166828ead4\"},\"headline\":\"Ile urodze\u0144, zgon\u00f3w, \u015blub\u00f3w w 2008?\",\"datePublished\":\"2009-02-19T08:33:36+00:00\",\"dateModified\":\"2009-02-19T08:54:31+00:00\",\"mainEntityOfPage\":{\"@id\":\"https:\/\/www.mojabochnia.pl\/?p=5610\"},\"wordCount\":208,\"commentCount\":4,\"publisher\":{\"@id\":\"https:\/\/www.mojabochnia.pl\/#organization\"},\"keywords\":[\"\u015bluby\",\"statystyka\",\"urodzenia\",\"urz\u0105d stanu cywilnego\",\"usc\",\"zdzis\u0142awa gawor\",\"zgony\"],\"articleSection\":[\"2_ostatnie\"],\"inLanguage\":\"pl-PL\",\"potentialAction\":[{\"@type\":\"CommentAction\",\"name\":\"Comment\",\"target\":[\"https:\/\/www.mojabochnia.pl\/?p=5610#respond\"]}]},{\"@type\":\"WebPage\",\"@id\":\"https:\/\/www.mojabochnia.pl\/?p=5610\",\"url\":\"https:\/\/www.mojabochnia.pl\/?p=5610\",\"name\":\"Ile urodze\u0144, zgon\u00f3w, \u015blub\u00f3w w 2008? - mojabochnia.pl - portal informacyjny\",\"isPartOf\":{\"@id\":\"https:\/\/www.mojabochnia.pl\/#website\"},\"datePublished\":\"2009-02-19T08:33:36+00:00\",\"dateModified\":\"2009-02-19T08:54:31+00:00\",\"breadcrumb\":{\"@id\":\"https:\/\/www.mojabochnia.pl\/?p=5610#breadcrumb\"},\"inLanguage\":\"pl-PL\",\"potentialAction\":[{\"@type\":\"ReadAction\",\"target\":[\"https:\/\/www.mojabochnia.pl\/?p=5610\"]}]},{\"@type\":\"BreadcrumbList\",\"@id\":\"https:\/\/www.mojabochnia.pl\/?p=5610#breadcrumb\",\"itemListElement\":[{\"@type\":\"ListItem\",\"position\":1,\"name\":\"Home\",\"item\":\"https:\/\/www.mojabochnia.pl\/\"},{\"@type\":\"ListItem\",\"position\":2,\"name\":\"Ile urodze\u0144, zgon\u00f3w, \u015blub\u00f3w w 2008?\"}]},{\"@type\":\"WebSite\",\"@id\":\"https:\/\/www.mojabochnia.pl\/#website\",\"url\":\"https:\/\/www.mojabochnia.pl\/\",\"name\":\"mojabochnia.pl - portal informacyjny\",\"description\":\"mojaBochnia to portal informacyjny o Bochni. Codziennie o Bochni piszemy i pokazujemy najwa\u017cniejsze wydarzenia\",\"publisher\":{\"@id\":\"https:\/\/www.mojabochnia.pl\/#organization\"},\"potentialAction\":[{\"@type\":\"SearchAction\",\"target\":{\"@type\":\"EntryPoint\",\"urlTemplate\":\"https:\/\/www.mojabochnia.pl\/?s={search_term_string}\"},\"query-input\":{\"@type\":\"PropertyValueSpecification\",\"valueRequired\":true,\"valueName\":\"search_term_string\"}}],\"inLanguage\":\"pl-PL\"},{\"@type\":\"Organization\",\"@id\":\"https:\/\/www.mojabochnia.pl\/#organization\",\"name\":\"mojabochnia.pl - portal informacyjny\",\"url\":\"https:\/\/www.mojabochnia.pl\/\",\"logo\":{\"@type\":\"ImageObject\",\"inLanguage\":\"pl-PL\",\"@id\":\"https:\/\/www.mojabochnia.pl\/#\/schema\/logo\/image\/\",\"url\":\"https:\/\/www.mojabochnia.pl\/wp-content\/uploads\/2017\/08\/logo-mb-opt.png\",\"contentUrl\":\"https:\/\/www.mojabochnia.pl\/wp-content\/uploads\/2017\/08\/logo-mb-opt.png\",\"width\":250,\"height\":48,\"caption\":\"mojabochnia.pl - portal informacyjny\"},\"image\":{\"@id\":\"https:\/\/www.mojabochnia.pl\/#\/schema\/logo\/image\/\"},\"sameAs\":[\"https:\/\/www.facebook.com\/mojabochnia\"]},{\"@type\":\"Person\",\"@id\":\"https:\/\/www.mojabochnia.pl\/#\/schema\/person\/ea042e4724a77627963f02166828ead4\",\"name\":\"Pawe\u0142 Michalczyk\",\"url\":\"https:\/\/www.mojabochnia.pl\/?author=4\"}]}<\/script>\n<!-- \/ Yoast SEO plugin. -->","yoast_head_json":{"title":"Ile urodze\u0144, zgon\u00f3w, \u015blub\u00f3w w 2008? - mojabochnia.pl - portal informacyjny","robots":{"index":"index","follow":"follow","max-snippet":"max-snippet:-1","max-image-preview":"max-image-preview:large","max-video-preview":"max-video-preview:-1"},"canonical":"https:\/\/www.mojabochnia.pl\/?p=5610","og_locale":"pl_PL","og_type":"article","og_title":"Ile urodze\u0144, zgon\u00f3w, \u015blub\u00f3w w 2008? - mojabochnia.pl - portal informacyjny","og_description":"29 709 mieszka\u0144c\u00f3w liczy\u0142a Bochnia na koniec 2008 r. Ile w minionym roku zanotowano urodze\u0144, zgon\u00f3w czy \u015blub\u00f3w? Z takim pytaniem zwr\u00f3cili\u015bmy si\u0119 do Urz\u0119du Stanu Cywilnego.","og_url":"https:\/\/www.mojabochnia.pl\/?p=5610","og_site_name":"mojabochnia.pl - portal informacyjny","article_publisher":"https:\/\/www.facebook.com\/mojabochnia","article_published_time":"2009-02-19T08:33:36+00:00","article_modified_time":"2009-02-19T08:54:31+00:00","author":"Pawe\u0142 Michalczyk","twitter_card":"summary_large_image","twitter_misc":{"Written by":"Pawe\u0142 Michalczyk","Est. reading time":"1 minuta"},"schema":{"@context":"https:\/\/schema.org","@graph":[{"@type":"Article","@id":"https:\/\/www.mojabochnia.pl\/?p=5610#article","isPartOf":{"@id":"https:\/\/www.mojabochnia.pl\/?p=5610"},"author":{"name":"Pawe\u0142 Michalczyk","@id":"https:\/\/www.mojabochnia.pl\/#\/schema\/person\/ea042e4724a77627963f02166828ead4"},"headline":"Ile urodze\u0144, zgon\u00f3w, \u015blub\u00f3w w 2008?","datePublished":"2009-02-19T08:33:36+00:00","dateModified":"2009-02-19T08:54:31+00:00","mainEntityOfPage":{"@id":"https:\/\/www.mojabochnia.pl\/?p=5610"},"wordCount":208,"commentCount":4,"publisher":{"@id":"https:\/\/www.mojabochnia.pl\/#organization"},"keywords":["\u015bluby","statystyka","urodzenia","urz\u0105d stanu cywilnego","usc","zdzis\u0142awa gawor","zgony"],"articleSection":["2_ostatnie"],"inLanguage":"pl-PL","potentialAction":[{"@type":"CommentAction","name":"Comment","target":["https:\/\/www.mojabochnia.pl\/?p=5610#respond"]}]},{"@type":"WebPage","@id":"https:\/\/www.mojabochnia.pl\/?p=5610","url":"https:\/\/www.mojabochnia.pl\/?p=5610","name":"Ile urodze\u0144, zgon\u00f3w, \u015blub\u00f3w w 2008? - mojabochnia.pl - portal informacyjny","isPartOf":{"@id":"https:\/\/www.mojabochnia.pl\/#website"},"datePublished":"2009-02-19T08:33:36+00:00","dateModified":"2009-02-19T08:54:31+00:00","breadcrumb":{"@id":"https:\/\/www.mojabochnia.pl\/?p=5610#breadcrumb"},"inLanguage":"pl-PL","potentialAction":[{"@type":"ReadAction","target":["https:\/\/www.mojabochnia.pl\/?p=5610"]}]},{"@type":"BreadcrumbList","@id":"https:\/\/www.mojabochnia.pl\/?p=5610#breadcrumb","itemListElement":[{"@type":"ListItem","position":1,"name":"Home","item":"https:\/\/www.mojabochnia.pl\/"},{"@type":"ListItem","position":2,"name":"Ile urodze\u0144, zgon\u00f3w, \u015blub\u00f3w w 2008?"}]},{"@type":"WebSite","@id":"https:\/\/www.mojabochnia.pl\/#website","url":"https:\/\/www.mojabochnia.pl\/","name":"mojabochnia.pl - portal informacyjny","description":"mojaBochnia to portal informacyjny o Bochni. Codziennie o Bochni piszemy i pokazujemy najwa\u017cniejsze wydarzenia","publisher":{"@id":"https:\/\/www.mojabochnia.pl\/#organization"},"potentialAction":[{"@type":"SearchAction","target":{"@type":"EntryPoint","urlTemplate":"https:\/\/www.mojabochnia.pl\/?s={search_term_string}"},"query-input":{"@type":"PropertyValueSpecification","valueRequired":true,"valueName":"search_term_string"}}],"inLanguage":"pl-PL"},{"@type":"Organization","@id":"https:\/\/www.mojabochnia.pl\/#organization","name":"mojabochnia.pl - portal informacyjny","url":"https:\/\/www.mojabochnia.pl\/","logo":{"@type":"ImageObject","inLanguage":"pl-PL","@id":"https:\/\/www.mojabochnia.pl\/#\/schema\/logo\/image\/","url":"https:\/\/www.mojabochnia.pl\/wp-content\/uploads\/2017\/08\/logo-mb-opt.png","contentUrl":"https:\/\/www.mojabochnia.pl\/wp-content\/uploads\/2017\/08\/logo-mb-opt.png","width":250,"height":48,"caption":"mojabochnia.pl - portal informacyjny"},"image":{"@id":"https:\/\/www.mojabochnia.pl\/#\/schema\/logo\/image\/"},"sameAs":["https:\/\/www.facebook.com\/mojabochnia"]},{"@type":"Person","@id":"https:\/\/www.mojabochnia.pl\/#\/schema\/person\/ea042e4724a77627963f02166828ead4","name":"Pawe\u0142 Michalczyk","url":"https:\/\/www.mojabochnia.pl\/?author=4"}]}},"_links":{"self":[{"href":"https:\/\/www.mojabochnia.pl\/index.php?rest_route=\/wp\/v2\/posts\/5610","targetHints":{"allow":["GET"]}}],"collection":[{"href":"https:\/\/www.mojabochnia.pl\/index.php?rest_route=\/wp\/v2\/posts"}],"about":[{"href":"https:\/\/www.mojabochnia.pl\/index.php?rest_route=\/wp\/v2\/types\/post"}],"author":[{"embeddable":true,"href":"https:\/\/www.mojabochnia.pl\/index.php?rest_route=\/wp\/v2\/users\/4"}],"replies":[{"embeddable":true,"href":"https:\/\/www.mojabochnia.pl\/index.php?rest_route=%2Fwp%2Fv2%2Fcomments&post=5610"}],"version-history":[{"count":0,"href":"https:\/\/www.mojabochnia.pl\/index.php?rest_route=\/wp\/v2\/posts\/5610\/revisions"}],"wp:attachment":[{"href":"https:\/\/www.mojabochnia.pl\/index.php?rest_route=%2Fwp%2Fv2%2Fmedia&parent=5610"}],"wp:term":[{"taxonomy":"category","embeddable":true,"href":"https:\/\/www.mojabochnia.pl\/index.php?rest_route=%2Fwp%2Fv2%2Fcategories&post=5610"},{"taxonomy":"post_tag","embeddable":true,"href":"https:\/\/www.mojabochnia.pl\/index.php?rest_route=%2Fwp%2Fv2%2Ftags&post=5610"}],"curies":[{"name":"wp","href":"https:\/\/api.w.org\/{rel}","templated":true}]}}