{"id":5602,"date":"2009-02-18T12:59:05","date_gmt":"2009-02-18T11:59:05","guid":{"rendered":"http:\/\/www.mojabochnia.pl\/?p=5602"},"modified":"2009-02-18T12:28:30","modified_gmt":"2009-02-18T11:28:30","slug":"edward-sitko-rpk-stanie-na-nogi","status":"publish","type":"post","link":"https:\/\/www.mojabochnia.pl\/?p=5602","title":{"rendered":"Edward Sitko: RPK stanie na nogi"},"content":{"rendered":"<p>Przypomnijmy, poprzednia prezes Ma\u0142gorzata Osika poda\u0142a si\u0119 w grudniu do dymisji. \u2013 <em>Podj\u0105\u0142em si\u0119 tej pracy dlatego, \u017ce wiem \u017ce jest ogromna szansa, \u017ceby komunikacja w Bochni funkcjonowa\u0142a jeszcze lepiej ni\u017c do tej pory. Takie mo\u017cliwo\u015bci s\u0105 mimo narastaj\u0105cego kryzysu<\/em>. <\/p>\n<p>Nowy prezes uwa\u017ca, \u017ce na pocz\u0105tek trzeba postawi\u0107 na nowy tabor. &#8211; <em>Jest to kwestia, kt\u00f3r\u0105 trzeba za\u0142atwi\u0107 w pierwszym p\u00f3\u0142roczu. Mam na my\u015bli kasowanie starych wys\u0142u\u017conych autobus\u00f3w wysokogabarytowych i przej\u015bcie na autobusy ma\u0142ogabarytowe, np. mercedesy 709, kt\u00f3rymi pos\u0142uguj\u0105 si\u0119 g\u0142\u00f3wnie \u201ebusiarze\u201d. S\u0105 to autobusy bardzo \u0142atwe w obs\u0142udze, bardzo oszcz\u0119dne<\/em> \u2013 m\u00f3wi prezes. Koszt jednego u\u017cywanego autobusu to ok. 30 tys. z\u0142. <\/p>\n<p>Jak m\u00f3wi prezes, w ubieg\u0142ym roku przedsi\u0119biorstwo wyda\u0142o na paliwo 1,8 mln z\u0142. Przy oszcz\u0119dnych autobusach mo\u017cna by\u0142oby zaoszcz\u0119dzi\u0107 wed\u0142ug jego kalkulacji ok. 1 mln z\u0142. Edward Sitko zamierza te\u017c przeprowadzi\u0107 monitoring linii RPK pod k\u0105tem ich rentowno\u015bci. <\/p>\n<p>Nowy prezes RPK w Bochni by\u0142 niegdy\u015b szefem boche\u0144skiego PKS-u, w latach siedemdziesi\u0105tych by\u0142 te\u017c naczelnikiem miasta.<\/p>\n","protected":false},"excerpt":{"rendered":"<p>Rejonowe Przedsi\u0119biorstwo Komunikacyjne w Bochni stanie na nogi \u2013 zapewnia nowy prezes Edward Sitko. Dzisiaj zacz\u0105\u0142 formalnie pe\u0142ni\u0107 swoj\u0105 funkcj\u0119. <\/p>\n","protected":false},"author":4,"featured_media":0,"comment_status":"open","ping_status":"closed","sticky":false,"template":"","format":"standard","meta":{"_acf_changed":false,"footnotes":""},"categories":[5],"tags":[17594,17171,17314,2596,17215,1302,2044,291,430,17138],"class_list":["post-5602","post","type-post","status-publish","format-standard","hentry","category-biezace-wydarzenia","tag-autobus","tag-bogdan-kosturkiewicz","tag-busy","tag-edward-sitko","tag-jerzy-lysy","tag-jozef-slonina","tag-prezes","tag-rejonowe-przedsiebiorstwo-komunikacyjne-w-bochni","tag-rpk","tag-stanislaw-gaworczyk"],"acf":[],"yoast_head":"<!-- This site is optimized with the Yoast SEO plugin v26.9 - https:\/\/yoast.com\/product\/yoast-seo-wordpress\/ -->\n<title>Edward Sitko: RPK stanie na nogi - mojabochnia.pl - portal informacyjny<\/title>\n<meta name=\"robots\" content=\"index, follow, max-snippet:-1, max-image-preview:large, max-video-preview:-1\" \/>\n<link rel=\"canonical\" href=\"https:\/\/www.mojabochnia.pl\/?p=5602\" \/>\n<meta property=\"og:locale\" content=\"pl_PL\" \/>\n<meta property=\"og:type\" content=\"article\" \/>\n<meta property=\"og:title\" content=\"Edward Sitko: RPK stanie na nogi - mojabochnia.pl - portal informacyjny\" \/>\n<meta property=\"og:description\" content=\"Rejonowe Przedsi\u0119biorstwo Komunikacyjne w Bochni stanie na nogi \u2013 zapewnia nowy prezes Edward Sitko. Dzisiaj zacz\u0105\u0142 formalnie pe\u0142ni\u0107 swoj\u0105 funkcj\u0119.\" \/>\n<meta property=\"og:url\" content=\"https:\/\/www.mojabochnia.pl\/?p=5602\" \/>\n<meta property=\"og:site_name\" content=\"mojabochnia.pl - portal informacyjny\" \/>\n<meta property=\"article:publisher\" content=\"https:\/\/www.facebook.com\/mojabochnia\" \/>\n<meta property=\"article:published_time\" content=\"2009-02-18T11:59:05+00:00\" \/>\n<meta name=\"author\" content=\"Pawe\u0142 Michalczyk\" \/>\n<meta name=\"twitter:card\" content=\"summary_large_image\" \/>\n<meta name=\"twitter:label1\" content=\"Written by\" \/>\n\t<meta name=\"twitter:data1\" content=\"Pawe\u0142 Michalczyk\" \/>\n\t<meta name=\"twitter:label2\" content=\"Est. reading time\" \/>\n\t<meta name=\"twitter:data2\" content=\"1 minuta\" \/>\n<script type=\"application\/ld+json\" class=\"yoast-schema-graph\">{\"@context\":\"https:\/\/schema.org\",\"@graph\":[{\"@type\":\"Article\",\"@id\":\"https:\/\/www.mojabochnia.pl\/?p=5602#article\",\"isPartOf\":{\"@id\":\"https:\/\/www.mojabochnia.pl\/?p=5602\"},\"author\":{\"name\":\"Pawe\u0142 Michalczyk\",\"@id\":\"https:\/\/www.mojabochnia.pl\/#\/schema\/person\/ea042e4724a77627963f02166828ead4\"},\"headline\":\"Edward Sitko: RPK stanie na nogi\",\"datePublished\":\"2009-02-18T11:59:05+00:00\",\"mainEntityOfPage\":{\"@id\":\"https:\/\/www.mojabochnia.pl\/?p=5602\"},\"wordCount\":196,\"commentCount\":3,\"publisher\":{\"@id\":\"https:\/\/www.mojabochnia.pl\/#organization\"},\"keywords\":[\"autobus\",\"bogdan kosturkiewicz\",\"busy\",\"edward sitko\",\"jerzy lysy\",\"j\u00f3zef s\u0142onina\",\"prezes\",\"Rejonowe Przedsi\u0119biorstwo Komunikacyjne w Bochni\",\"RPK\",\"stanis\u0142aw gaworczyk\"],\"articleSection\":[\"2_ostatnie\"],\"inLanguage\":\"pl-PL\",\"potentialAction\":[{\"@type\":\"CommentAction\",\"name\":\"Comment\",\"target\":[\"https:\/\/www.mojabochnia.pl\/?p=5602#respond\"]}]},{\"@type\":\"WebPage\",\"@id\":\"https:\/\/www.mojabochnia.pl\/?p=5602\",\"url\":\"https:\/\/www.mojabochnia.pl\/?p=5602\",\"name\":\"Edward Sitko: RPK stanie na nogi - mojabochnia.pl - portal informacyjny\",\"isPartOf\":{\"@id\":\"https:\/\/www.mojabochnia.pl\/#website\"},\"datePublished\":\"2009-02-18T11:59:05+00:00\",\"breadcrumb\":{\"@id\":\"https:\/\/www.mojabochnia.pl\/?p=5602#breadcrumb\"},\"inLanguage\":\"pl-PL\",\"potentialAction\":[{\"@type\":\"ReadAction\",\"target\":[\"https:\/\/www.mojabochnia.pl\/?p=5602\"]}]},{\"@type\":\"BreadcrumbList\",\"@id\":\"https:\/\/www.mojabochnia.pl\/?p=5602#breadcrumb\",\"itemListElement\":[{\"@type\":\"ListItem\",\"position\":1,\"name\":\"Home\",\"item\":\"https:\/\/www.mojabochnia.pl\/\"},{\"@type\":\"ListItem\",\"position\":2,\"name\":\"Edward Sitko: RPK stanie na nogi\"}]},{\"@type\":\"WebSite\",\"@id\":\"https:\/\/www.mojabochnia.pl\/#website\",\"url\":\"https:\/\/www.mojabochnia.pl\/\",\"name\":\"mojabochnia.pl - portal informacyjny\",\"description\":\"mojaBochnia to portal informacyjny o Bochni. Codziennie o Bochni piszemy i pokazujemy najwa\u017cniejsze wydarzenia\",\"publisher\":{\"@id\":\"https:\/\/www.mojabochnia.pl\/#organization\"},\"potentialAction\":[{\"@type\":\"SearchAction\",\"target\":{\"@type\":\"EntryPoint\",\"urlTemplate\":\"https:\/\/www.mojabochnia.pl\/?s={search_term_string}\"},\"query-input\":{\"@type\":\"PropertyValueSpecification\",\"valueRequired\":true,\"valueName\":\"search_term_string\"}}],\"inLanguage\":\"pl-PL\"},{\"@type\":\"Organization\",\"@id\":\"https:\/\/www.mojabochnia.pl\/#organization\",\"name\":\"mojabochnia.pl - portal informacyjny\",\"url\":\"https:\/\/www.mojabochnia.pl\/\",\"logo\":{\"@type\":\"ImageObject\",\"inLanguage\":\"pl-PL\",\"@id\":\"https:\/\/www.mojabochnia.pl\/#\/schema\/logo\/image\/\",\"url\":\"https:\/\/www.mojabochnia.pl\/wp-content\/uploads\/2017\/08\/logo-mb-opt.png\",\"contentUrl\":\"https:\/\/www.mojabochnia.pl\/wp-content\/uploads\/2017\/08\/logo-mb-opt.png\",\"width\":250,\"height\":48,\"caption\":\"mojabochnia.pl - portal informacyjny\"},\"image\":{\"@id\":\"https:\/\/www.mojabochnia.pl\/#\/schema\/logo\/image\/\"},\"sameAs\":[\"https:\/\/www.facebook.com\/mojabochnia\"]},{\"@type\":\"Person\",\"@id\":\"https:\/\/www.mojabochnia.pl\/#\/schema\/person\/ea042e4724a77627963f02166828ead4\",\"name\":\"Pawe\u0142 Michalczyk\",\"url\":\"https:\/\/www.mojabochnia.pl\/?author=4\"}]}<\/script>\n<!-- \/ Yoast SEO plugin. -->","yoast_head_json":{"title":"Edward Sitko: RPK stanie na nogi - mojabochnia.pl - portal informacyjny","robots":{"index":"index","follow":"follow","max-snippet":"max-snippet:-1","max-image-preview":"max-image-preview:large","max-video-preview":"max-video-preview:-1"},"canonical":"https:\/\/www.mojabochnia.pl\/?p=5602","og_locale":"pl_PL","og_type":"article","og_title":"Edward Sitko: RPK stanie na nogi - mojabochnia.pl - portal informacyjny","og_description":"Rejonowe Przedsi\u0119biorstwo Komunikacyjne w Bochni stanie na nogi \u2013 zapewnia nowy prezes Edward Sitko. Dzisiaj zacz\u0105\u0142 formalnie pe\u0142ni\u0107 swoj\u0105 funkcj\u0119.","og_url":"https:\/\/www.mojabochnia.pl\/?p=5602","og_site_name":"mojabochnia.pl - portal informacyjny","article_publisher":"https:\/\/www.facebook.com\/mojabochnia","article_published_time":"2009-02-18T11:59:05+00:00","author":"Pawe\u0142 Michalczyk","twitter_card":"summary_large_image","twitter_misc":{"Written by":"Pawe\u0142 Michalczyk","Est. reading time":"1 minuta"},"schema":{"@context":"https:\/\/schema.org","@graph":[{"@type":"Article","@id":"https:\/\/www.mojabochnia.pl\/?p=5602#article","isPartOf":{"@id":"https:\/\/www.mojabochnia.pl\/?p=5602"},"author":{"name":"Pawe\u0142 Michalczyk","@id":"https:\/\/www.mojabochnia.pl\/#\/schema\/person\/ea042e4724a77627963f02166828ead4"},"headline":"Edward Sitko: RPK stanie na nogi","datePublished":"2009-02-18T11:59:05+00:00","mainEntityOfPage":{"@id":"https:\/\/www.mojabochnia.pl\/?p=5602"},"wordCount":196,"commentCount":3,"publisher":{"@id":"https:\/\/www.mojabochnia.pl\/#organization"},"keywords":["autobus","bogdan kosturkiewicz","busy","edward sitko","jerzy lysy","j\u00f3zef s\u0142onina","prezes","Rejonowe Przedsi\u0119biorstwo Komunikacyjne w Bochni","RPK","stanis\u0142aw gaworczyk"],"articleSection":["2_ostatnie"],"inLanguage":"pl-PL","potentialAction":[{"@type":"CommentAction","name":"Comment","target":["https:\/\/www.mojabochnia.pl\/?p=5602#respond"]}]},{"@type":"WebPage","@id":"https:\/\/www.mojabochnia.pl\/?p=5602","url":"https:\/\/www.mojabochnia.pl\/?p=5602","name":"Edward Sitko: RPK stanie na nogi - mojabochnia.pl - portal informacyjny","isPartOf":{"@id":"https:\/\/www.mojabochnia.pl\/#website"},"datePublished":"2009-02-18T11:59:05+00:00","breadcrumb":{"@id":"https:\/\/www.mojabochnia.pl\/?p=5602#breadcrumb"},"inLanguage":"pl-PL","potentialAction":[{"@type":"ReadAction","target":["https:\/\/www.mojabochnia.pl\/?p=5602"]}]},{"@type":"BreadcrumbList","@id":"https:\/\/www.mojabochnia.pl\/?p=5602#breadcrumb","itemListElement":[{"@type":"ListItem","position":1,"name":"Home","item":"https:\/\/www.mojabochnia.pl\/"},{"@type":"ListItem","position":2,"name":"Edward Sitko: RPK stanie na nogi"}]},{"@type":"WebSite","@id":"https:\/\/www.mojabochnia.pl\/#website","url":"https:\/\/www.mojabochnia.pl\/","name":"mojabochnia.pl - portal informacyjny","description":"mojaBochnia to portal informacyjny o Bochni. Codziennie o Bochni piszemy i pokazujemy najwa\u017cniejsze wydarzenia","publisher":{"@id":"https:\/\/www.mojabochnia.pl\/#organization"},"potentialAction":[{"@type":"SearchAction","target":{"@type":"EntryPoint","urlTemplate":"https:\/\/www.mojabochnia.pl\/?s={search_term_string}"},"query-input":{"@type":"PropertyValueSpecification","valueRequired":true,"valueName":"search_term_string"}}],"inLanguage":"pl-PL"},{"@type":"Organization","@id":"https:\/\/www.mojabochnia.pl\/#organization","name":"mojabochnia.pl - portal informacyjny","url":"https:\/\/www.mojabochnia.pl\/","logo":{"@type":"ImageObject","inLanguage":"pl-PL","@id":"https:\/\/www.mojabochnia.pl\/#\/schema\/logo\/image\/","url":"https:\/\/www.mojabochnia.pl\/wp-content\/uploads\/2017\/08\/logo-mb-opt.png","contentUrl":"https:\/\/www.mojabochnia.pl\/wp-content\/uploads\/2017\/08\/logo-mb-opt.png","width":250,"height":48,"caption":"mojabochnia.pl - portal informacyjny"},"image":{"@id":"https:\/\/www.mojabochnia.pl\/#\/schema\/logo\/image\/"},"sameAs":["https:\/\/www.facebook.com\/mojabochnia"]},{"@type":"Person","@id":"https:\/\/www.mojabochnia.pl\/#\/schema\/person\/ea042e4724a77627963f02166828ead4","name":"Pawe\u0142 Michalczyk","url":"https:\/\/www.mojabochnia.pl\/?author=4"}]}},"_links":{"self":[{"href":"https:\/\/www.mojabochnia.pl\/index.php?rest_route=\/wp\/v2\/posts\/5602","targetHints":{"allow":["GET"]}}],"collection":[{"href":"https:\/\/www.mojabochnia.pl\/index.php?rest_route=\/wp\/v2\/posts"}],"about":[{"href":"https:\/\/www.mojabochnia.pl\/index.php?rest_route=\/wp\/v2\/types\/post"}],"author":[{"embeddable":true,"href":"https:\/\/www.mojabochnia.pl\/index.php?rest_route=\/wp\/v2\/users\/4"}],"replies":[{"embeddable":true,"href":"https:\/\/www.mojabochnia.pl\/index.php?rest_route=%2Fwp%2Fv2%2Fcomments&post=5602"}],"version-history":[{"count":0,"href":"https:\/\/www.mojabochnia.pl\/index.php?rest_route=\/wp\/v2\/posts\/5602\/revisions"}],"wp:attachment":[{"href":"https:\/\/www.mojabochnia.pl\/index.php?rest_route=%2Fwp%2Fv2%2Fmedia&parent=5602"}],"wp:term":[{"taxonomy":"category","embeddable":true,"href":"https:\/\/www.mojabochnia.pl\/index.php?rest_route=%2Fwp%2Fv2%2Fcategories&post=5602"},{"taxonomy":"post_tag","embeddable":true,"href":"https:\/\/www.mojabochnia.pl\/index.php?rest_route=%2Fwp%2Fv2%2Ftags&post=5602"}],"curies":[{"name":"wp","href":"https:\/\/api.w.org\/{rel}","templated":true}]}}