{"id":560,"date":"2008-07-01T19:28:26","date_gmt":"2008-07-01T17:28:26","guid":{"rendered":"http:\/\/beta.mojabochnia.pl\/?p=560"},"modified":"2008-08-07T21:28:19","modified_gmt":"2008-08-07T19:28:19","slug":"niebiezpiecznie-na-drogach","status":"publish","type":"post","link":"https:\/\/www.mojabochnia.pl\/?p=560","title":{"rendered":"Niebiezpiecznie na drogach"},"content":{"rendered":"<p>Kolejnego dnia o godz. 8.00 w Ma\u0142ym Wi\u015bniczu rowerzysta na prawoskr\u0119tnym \u0142uku drogi przejecha\u0142 na przeciwny pas ruchu i czo\u0142owo zderzy\u0142 si\u0119 z Polonezem. By\u0142 trze\u017awy i mia\u0142 mniej szcz\u0119\u015bcia &#8211; trafi\u0142 do szpitala z obra\u017ceniami cia\u0142a. <\/p>\n<p>Kilka godzin p\u00f3\u017aniej o 13.00 w Bochni na ul. Konstytucji 3 maja kieruj\u0105cy samochodem Renault Clio na oznakowanym przej\u015bciu dla pieszych potr\u0105ci\u0142 piesz\u0105, kt\u00f3ra z obra\u017ceniami cia\u0142a trafi\u0142a do szpitala. <\/p>\n<p>Natomiast w niedziel\u0119, 29 czerwca, tu\u017c po p\u00f3\u0142nocy 18 letni mieszkaniec \u0141\u0105kty Dolnej kieruj\u0105c niesprawnym rowerem \u2013 bez o\u015bwietlenia i hamulc\u00f3w \u2013 zje\u017cd\u017caj\u0105c ze wzniesienia na \u0142uku drogi przejecha\u0142 na przeciwny pas ruchu doprowadzaj\u0105c do potr\u0105cenia 48-letniego pieszego. W tym wypadku poszkodowany pieszy by\u0142 nietrze\u017awy.  Obaj uczestnicy zdarzenia doznali obra\u017ce\u0144 cia\u0142a i zostali hospitalizowani. <\/p>\n<p>Ponadto tego samego dnia w \u0141apczycy i Bochni na ul. Chodenickiej zanotowano, dwa podobne zdarzenia, gdzie kieruj\u0105cy pojazdami Audi i VW Golf stracili kontrol\u0119 nad swymi pojazdami i wypadli z trasy. Obaj kieruj\u0105cy jechali na dopingu. Jeden z nietrze\u017awych kieruj\u0105cych zbieg\u0142 z miejsca zdarzenia ale zosta\u0142 zatrzymany przez Policj\u0119 i trafi\u0142 do aresztu w celu wytrze\u017awienia, natomiast drugi trafi\u0142 wcze\u015bniej w betonowy mostek a nast\u0119pnie do szpitala. Pojazdy zosta\u0142y zatrzymane na parkingu strze\u017conym. <\/p>\n","protected":false},"excerpt":{"rendered":"<p>W miniony pi\u0105tek, 27 czerwca oko\u0142o godz. 19.30 w Bytomsku (gm. \u017begocina), rowerzysta w\u0142\u0105czaj\u0105c si\u0119 do ruchu wjecha\u0142 pod nadje\u017cd\u017caj\u0105cy samoch\u00f3d Fiat Seicento. Widoczno\u015b\u0107 ograniczy\u0142y mu 2 promile alkoholu. Nie dozna\u0142 jednak obra\u017ce\u0144 cia\u0142a. <\/p>\n","protected":false},"author":1,"featured_media":0,"comment_status":"open","ping_status":"open","sticky":false,"template":"","format":"standard","meta":{"_acf_changed":false,"footnotes":""},"categories":[5],"tags":[427,426,17218,425,17155,337,17150],"class_list":["post-560","post","type-post","status-publish","format-standard","hentry","category-biezace-wydarzenia","tag-bytomsko","tag-lakta-dolna","tag-lapczyca","tag-maly-wisnicz","tag-policja","tag-rowerzysci","tag-wypadek"],"acf":[],"yoast_head":"<!-- This site is optimized with the Yoast SEO plugin v26.9 - https:\/\/yoast.com\/product\/yoast-seo-wordpress\/ -->\n<title>Niebiezpiecznie na drogach - mojabochnia.pl - portal informacyjny<\/title>\n<meta name=\"robots\" content=\"index, follow, max-snippet:-1, max-image-preview:large, max-video-preview:-1\" \/>\n<link rel=\"canonical\" href=\"https:\/\/www.mojabochnia.pl\/?p=560\" \/>\n<meta property=\"og:locale\" content=\"pl_PL\" \/>\n<meta property=\"og:type\" content=\"article\" \/>\n<meta property=\"og:title\" content=\"Niebiezpiecznie na drogach - mojabochnia.pl - portal informacyjny\" \/>\n<meta property=\"og:description\" content=\"W miniony pi\u0105tek, 27 czerwca oko\u0142o godz. 19.30 w Bytomsku (gm. \u017begocina), rowerzysta w\u0142\u0105czaj\u0105c si\u0119 do ruchu wjecha\u0142 pod nadje\u017cd\u017caj\u0105cy samoch\u00f3d Fiat Seicento. Widoczno\u015b\u0107 ograniczy\u0142y mu 2 promile alkoholu. Nie dozna\u0142 jednak obra\u017ce\u0144 cia\u0142a.\" \/>\n<meta property=\"og:url\" content=\"https:\/\/www.mojabochnia.pl\/?p=560\" \/>\n<meta property=\"og:site_name\" content=\"mojabochnia.pl - portal informacyjny\" \/>\n<meta property=\"article:publisher\" content=\"https:\/\/www.facebook.com\/mojabochnia\" \/>\n<meta property=\"article:published_time\" content=\"2008-07-01T17:28:26+00:00\" \/>\n<meta property=\"article:modified_time\" content=\"2008-08-07T19:28:19+00:00\" \/>\n<meta name=\"author\" content=\"administrator\" \/>\n<meta name=\"twitter:card\" content=\"summary_large_image\" \/>\n<meta name=\"twitter:label1\" content=\"Written by\" \/>\n\t<meta name=\"twitter:data1\" content=\"administrator\" \/>\n\t<meta name=\"twitter:label2\" content=\"Est. reading time\" \/>\n\t<meta name=\"twitter:data2\" content=\"1 minuta\" \/>\n<script type=\"application\/ld+json\" class=\"yoast-schema-graph\">{\"@context\":\"https:\/\/schema.org\",\"@graph\":[{\"@type\":\"Article\",\"@id\":\"https:\/\/www.mojabochnia.pl\/?p=560#article\",\"isPartOf\":{\"@id\":\"https:\/\/www.mojabochnia.pl\/?p=560\"},\"author\":{\"name\":\"administrator\",\"@id\":\"https:\/\/www.mojabochnia.pl\/#\/schema\/person\/c00e1f64e6fa0e6de6d410f2c340017f\"},\"headline\":\"Niebiezpiecznie na drogach\",\"datePublished\":\"2008-07-01T17:28:26+00:00\",\"dateModified\":\"2008-08-07T19:28:19+00:00\",\"mainEntityOfPage\":{\"@id\":\"https:\/\/www.mojabochnia.pl\/?p=560\"},\"wordCount\":227,\"commentCount\":0,\"publisher\":{\"@id\":\"https:\/\/www.mojabochnia.pl\/#organization\"},\"keywords\":[\"bytomsko\",\"\u0142\u0105kta dolna\",\"\u0142apczyca\",\"ma\u0142y wi\u015bnicz\",\"policja\",\"rowerzy\u015bci\",\"wypadek\"],\"articleSection\":[\"2_ostatnie\"],\"inLanguage\":\"pl-PL\",\"potentialAction\":[{\"@type\":\"CommentAction\",\"name\":\"Comment\",\"target\":[\"https:\/\/www.mojabochnia.pl\/?p=560#respond\"]}]},{\"@type\":\"WebPage\",\"@id\":\"https:\/\/www.mojabochnia.pl\/?p=560\",\"url\":\"https:\/\/www.mojabochnia.pl\/?p=560\",\"name\":\"Niebiezpiecznie na drogach - mojabochnia.pl - portal informacyjny\",\"isPartOf\":{\"@id\":\"https:\/\/www.mojabochnia.pl\/#website\"},\"datePublished\":\"2008-07-01T17:28:26+00:00\",\"dateModified\":\"2008-08-07T19:28:19+00:00\",\"breadcrumb\":{\"@id\":\"https:\/\/www.mojabochnia.pl\/?p=560#breadcrumb\"},\"inLanguage\":\"pl-PL\",\"potentialAction\":[{\"@type\":\"ReadAction\",\"target\":[\"https:\/\/www.mojabochnia.pl\/?p=560\"]}]},{\"@type\":\"BreadcrumbList\",\"@id\":\"https:\/\/www.mojabochnia.pl\/?p=560#breadcrumb\",\"itemListElement\":[{\"@type\":\"ListItem\",\"position\":1,\"name\":\"Home\",\"item\":\"https:\/\/www.mojabochnia.pl\/\"},{\"@type\":\"ListItem\",\"position\":2,\"name\":\"Niebiezpiecznie na drogach\"}]},{\"@type\":\"WebSite\",\"@id\":\"https:\/\/www.mojabochnia.pl\/#website\",\"url\":\"https:\/\/www.mojabochnia.pl\/\",\"name\":\"mojabochnia.pl - portal informacyjny\",\"description\":\"mojaBochnia to portal informacyjny o Bochni. Codziennie o Bochni piszemy i pokazujemy najwa\u017cniejsze wydarzenia\",\"publisher\":{\"@id\":\"https:\/\/www.mojabochnia.pl\/#organization\"},\"potentialAction\":[{\"@type\":\"SearchAction\",\"target\":{\"@type\":\"EntryPoint\",\"urlTemplate\":\"https:\/\/www.mojabochnia.pl\/?s={search_term_string}\"},\"query-input\":{\"@type\":\"PropertyValueSpecification\",\"valueRequired\":true,\"valueName\":\"search_term_string\"}}],\"inLanguage\":\"pl-PL\"},{\"@type\":\"Organization\",\"@id\":\"https:\/\/www.mojabochnia.pl\/#organization\",\"name\":\"mojabochnia.pl - portal informacyjny\",\"url\":\"https:\/\/www.mojabochnia.pl\/\",\"logo\":{\"@type\":\"ImageObject\",\"inLanguage\":\"pl-PL\",\"@id\":\"https:\/\/www.mojabochnia.pl\/#\/schema\/logo\/image\/\",\"url\":\"https:\/\/www.mojabochnia.pl\/wp-content\/uploads\/2017\/08\/logo-mb-opt.png\",\"contentUrl\":\"https:\/\/www.mojabochnia.pl\/wp-content\/uploads\/2017\/08\/logo-mb-opt.png\",\"width\":250,\"height\":48,\"caption\":\"mojabochnia.pl - portal informacyjny\"},\"image\":{\"@id\":\"https:\/\/www.mojabochnia.pl\/#\/schema\/logo\/image\/\"},\"sameAs\":[\"https:\/\/www.facebook.com\/mojabochnia\"]},{\"@type\":\"Person\",\"@id\":\"https:\/\/www.mojabochnia.pl\/#\/schema\/person\/c00e1f64e6fa0e6de6d410f2c340017f\",\"name\":\"administrator\",\"url\":\"https:\/\/www.mojabochnia.pl\/?author=1\"}]}<\/script>\n<!-- \/ Yoast SEO plugin. -->","yoast_head_json":{"title":"Niebiezpiecznie na drogach - mojabochnia.pl - portal informacyjny","robots":{"index":"index","follow":"follow","max-snippet":"max-snippet:-1","max-image-preview":"max-image-preview:large","max-video-preview":"max-video-preview:-1"},"canonical":"https:\/\/www.mojabochnia.pl\/?p=560","og_locale":"pl_PL","og_type":"article","og_title":"Niebiezpiecznie na drogach - mojabochnia.pl - portal informacyjny","og_description":"W miniony pi\u0105tek, 27 czerwca oko\u0142o godz. 19.30 w Bytomsku (gm. \u017begocina), rowerzysta w\u0142\u0105czaj\u0105c si\u0119 do ruchu wjecha\u0142 pod nadje\u017cd\u017caj\u0105cy samoch\u00f3d Fiat Seicento. Widoczno\u015b\u0107 ograniczy\u0142y mu 2 promile alkoholu. Nie dozna\u0142 jednak obra\u017ce\u0144 cia\u0142a.","og_url":"https:\/\/www.mojabochnia.pl\/?p=560","og_site_name":"mojabochnia.pl - portal informacyjny","article_publisher":"https:\/\/www.facebook.com\/mojabochnia","article_published_time":"2008-07-01T17:28:26+00:00","article_modified_time":"2008-08-07T19:28:19+00:00","author":"administrator","twitter_card":"summary_large_image","twitter_misc":{"Written by":"administrator","Est. reading time":"1 minuta"},"schema":{"@context":"https:\/\/schema.org","@graph":[{"@type":"Article","@id":"https:\/\/www.mojabochnia.pl\/?p=560#article","isPartOf":{"@id":"https:\/\/www.mojabochnia.pl\/?p=560"},"author":{"name":"administrator","@id":"https:\/\/www.mojabochnia.pl\/#\/schema\/person\/c00e1f64e6fa0e6de6d410f2c340017f"},"headline":"Niebiezpiecznie na drogach","datePublished":"2008-07-01T17:28:26+00:00","dateModified":"2008-08-07T19:28:19+00:00","mainEntityOfPage":{"@id":"https:\/\/www.mojabochnia.pl\/?p=560"},"wordCount":227,"commentCount":0,"publisher":{"@id":"https:\/\/www.mojabochnia.pl\/#organization"},"keywords":["bytomsko","\u0142\u0105kta dolna","\u0142apczyca","ma\u0142y wi\u015bnicz","policja","rowerzy\u015bci","wypadek"],"articleSection":["2_ostatnie"],"inLanguage":"pl-PL","potentialAction":[{"@type":"CommentAction","name":"Comment","target":["https:\/\/www.mojabochnia.pl\/?p=560#respond"]}]},{"@type":"WebPage","@id":"https:\/\/www.mojabochnia.pl\/?p=560","url":"https:\/\/www.mojabochnia.pl\/?p=560","name":"Niebiezpiecznie na drogach - mojabochnia.pl - portal informacyjny","isPartOf":{"@id":"https:\/\/www.mojabochnia.pl\/#website"},"datePublished":"2008-07-01T17:28:26+00:00","dateModified":"2008-08-07T19:28:19+00:00","breadcrumb":{"@id":"https:\/\/www.mojabochnia.pl\/?p=560#breadcrumb"},"inLanguage":"pl-PL","potentialAction":[{"@type":"ReadAction","target":["https:\/\/www.mojabochnia.pl\/?p=560"]}]},{"@type":"BreadcrumbList","@id":"https:\/\/www.mojabochnia.pl\/?p=560#breadcrumb","itemListElement":[{"@type":"ListItem","position":1,"name":"Home","item":"https:\/\/www.mojabochnia.pl\/"},{"@type":"ListItem","position":2,"name":"Niebiezpiecznie na drogach"}]},{"@type":"WebSite","@id":"https:\/\/www.mojabochnia.pl\/#website","url":"https:\/\/www.mojabochnia.pl\/","name":"mojabochnia.pl - portal informacyjny","description":"mojaBochnia to portal informacyjny o Bochni. Codziennie o Bochni piszemy i pokazujemy najwa\u017cniejsze wydarzenia","publisher":{"@id":"https:\/\/www.mojabochnia.pl\/#organization"},"potentialAction":[{"@type":"SearchAction","target":{"@type":"EntryPoint","urlTemplate":"https:\/\/www.mojabochnia.pl\/?s={search_term_string}"},"query-input":{"@type":"PropertyValueSpecification","valueRequired":true,"valueName":"search_term_string"}}],"inLanguage":"pl-PL"},{"@type":"Organization","@id":"https:\/\/www.mojabochnia.pl\/#organization","name":"mojabochnia.pl - portal informacyjny","url":"https:\/\/www.mojabochnia.pl\/","logo":{"@type":"ImageObject","inLanguage":"pl-PL","@id":"https:\/\/www.mojabochnia.pl\/#\/schema\/logo\/image\/","url":"https:\/\/www.mojabochnia.pl\/wp-content\/uploads\/2017\/08\/logo-mb-opt.png","contentUrl":"https:\/\/www.mojabochnia.pl\/wp-content\/uploads\/2017\/08\/logo-mb-opt.png","width":250,"height":48,"caption":"mojabochnia.pl - portal informacyjny"},"image":{"@id":"https:\/\/www.mojabochnia.pl\/#\/schema\/logo\/image\/"},"sameAs":["https:\/\/www.facebook.com\/mojabochnia"]},{"@type":"Person","@id":"https:\/\/www.mojabochnia.pl\/#\/schema\/person\/c00e1f64e6fa0e6de6d410f2c340017f","name":"administrator","url":"https:\/\/www.mojabochnia.pl\/?author=1"}]}},"_links":{"self":[{"href":"https:\/\/www.mojabochnia.pl\/index.php?rest_route=\/wp\/v2\/posts\/560","targetHints":{"allow":["GET"]}}],"collection":[{"href":"https:\/\/www.mojabochnia.pl\/index.php?rest_route=\/wp\/v2\/posts"}],"about":[{"href":"https:\/\/www.mojabochnia.pl\/index.php?rest_route=\/wp\/v2\/types\/post"}],"author":[{"embeddable":true,"href":"https:\/\/www.mojabochnia.pl\/index.php?rest_route=\/wp\/v2\/users\/1"}],"replies":[{"embeddable":true,"href":"https:\/\/www.mojabochnia.pl\/index.php?rest_route=%2Fwp%2Fv2%2Fcomments&post=560"}],"version-history":[{"count":0,"href":"https:\/\/www.mojabochnia.pl\/index.php?rest_route=\/wp\/v2\/posts\/560\/revisions"}],"wp:attachment":[{"href":"https:\/\/www.mojabochnia.pl\/index.php?rest_route=%2Fwp%2Fv2%2Fmedia&parent=560"}],"wp:term":[{"taxonomy":"category","embeddable":true,"href":"https:\/\/www.mojabochnia.pl\/index.php?rest_route=%2Fwp%2Fv2%2Fcategories&post=560"},{"taxonomy":"post_tag","embeddable":true,"href":"https:\/\/www.mojabochnia.pl\/index.php?rest_route=%2Fwp%2Fv2%2Ftags&post=560"}],"curies":[{"name":"wp","href":"https:\/\/api.w.org\/{rel}","templated":true}]}}