{"id":558,"date":"2008-07-02T06:24:19","date_gmt":"2008-07-02T04:24:19","guid":{"rendered":"http:\/\/beta.mojabochnia.pl\/?p=558"},"modified":"2008-08-08T14:02:00","modified_gmt":"2008-08-08T12:02:00","slug":"akcja-bezpieczne-wakacje-otwarte-straznice","status":"publish","type":"post","link":"https:\/\/www.mojabochnia.pl\/?p=558","title":{"rendered":"Akcja Bezpieczne Wakacje &#8211; Otwarte Stra\u017cnice"},"content":{"rendered":"<p>W ramach tej akcji zorganizowane grupy dzieci i m\u0142odzie\u017cy pod opiek\u0105 doros\u0142ych b\u0119d\u0105 mog\u0142y &#8211; po wcze\u015bniejszym ustaleniu terminu &#8211; zwiedzi\u0107 komend\u0119, uczestniczy\u0107 w pokazie sprz\u0119tu po\u017carniczego oraz zapozna\u0107 si\u0119 z dzia\u0142alno\u015bci\u0105 stra\u017cy po\u017carnej. <\/p>\n<p>W celu ustalenia terminu nale\u017cy zwraca\u0107 si\u0119 do wyznaczonych os\u00f3b tj.:<br \/>\n&#8211; st. kpt. mgr in\u017c. Maciej Wolak, tel. (014) 611 60 97 w.38.<br \/>\n&#8211; st.kpt. mgr Grzegorz Cie\u015bla , tel. (014) 611 60 97 w.38<\/p>\n<p>W celu zapewnienia w\u0142a\u015bciwego zwiedzania grupy m\u0142odzie\u017cy powinny liczy\u0107 do 20 os\u00f3b. Godziny zwiedzania: 10.00 &#8211; 14.00. <\/p>\n","protected":false},"excerpt":{"rendered":"<p>Rozpocz\u0105\u0142 si\u0119 okres letniego wypoczynku dla dzieci i m\u0142odzie\u017cy. To okres, kiedy cz\u0119sto dochodzi do niebezpiecznych zdarze\u0144 z udzia\u0142em dzieci i m\u0142odzie\u017cy. Wzorem lat ubieg\u0142ych, z my\u015bl\u0105 o dzieciach i m\u0142odzie\u017cy sp\u0119dzaj\u0105cych wakacje w spos\u00f3b zorganizowany, jak r\u00f3wnie\u017c sp\u0119dzaj\u0105cych wakacje w domu, Komenda Powiatowa Pa\u0144stwowej Stra\u017cy Po\u017carnej w Bochni organizuje akcj\u0119 &#8222;Bezpieczne wakacje &#8211; otwarte stra\u017cnice&#8221;. <\/p>\n","protected":false},"author":8,"featured_media":0,"comment_status":"open","ping_status":"open","sticky":false,"template":"","format":"standard","meta":{"_acf_changed":false,"footnotes":""},"categories":[5],"tags":[17141,17166,121],"class_list":["post-558","post","type-post","status-publish","format-standard","hentry","category-biezace-wydarzenia","tag-straz-pozarna","tag-wakacje","tag-wypoczynek"],"acf":[],"yoast_head":"<!-- This site is optimized with the Yoast SEO plugin v26.9 - https:\/\/yoast.com\/product\/yoast-seo-wordpress\/ -->\n<title>Akcja Bezpieczne Wakacje - Otwarte Stra\u017cnice - mojabochnia.pl - portal informacyjny<\/title>\n<meta name=\"robots\" content=\"index, follow, max-snippet:-1, max-image-preview:large, max-video-preview:-1\" \/>\n<link rel=\"canonical\" href=\"https:\/\/www.mojabochnia.pl\/?p=558\" \/>\n<meta property=\"og:locale\" content=\"pl_PL\" \/>\n<meta property=\"og:type\" content=\"article\" \/>\n<meta property=\"og:title\" content=\"Akcja Bezpieczne Wakacje - Otwarte Stra\u017cnice - mojabochnia.pl - portal informacyjny\" \/>\n<meta property=\"og:description\" content=\"Rozpocz\u0105\u0142 si\u0119 okres letniego wypoczynku dla dzieci i m\u0142odzie\u017cy. To okres, kiedy cz\u0119sto dochodzi do niebezpiecznych zdarze\u0144 z udzia\u0142em dzieci i m\u0142odzie\u017cy. Wzorem lat ubieg\u0142ych, z my\u015bl\u0105 o dzieciach i m\u0142odzie\u017cy sp\u0119dzaj\u0105cych wakacje w spos\u00f3b zorganizowany, jak r\u00f3wnie\u017c sp\u0119dzaj\u0105cych wakacje w domu, Komenda Powiatowa Pa\u0144stwowej Stra\u017cy Po\u017carnej w Bochni organizuje akcj\u0119 &quot;Bezpieczne wakacje - otwarte stra\u017cnice&quot;.\" \/>\n<meta property=\"og:url\" content=\"https:\/\/www.mojabochnia.pl\/?p=558\" \/>\n<meta property=\"og:site_name\" content=\"mojabochnia.pl - portal informacyjny\" \/>\n<meta property=\"article:publisher\" content=\"https:\/\/www.facebook.com\/mojabochnia\" \/>\n<meta property=\"article:published_time\" content=\"2008-07-02T04:24:19+00:00\" \/>\n<meta property=\"article:modified_time\" content=\"2008-08-08T12:02:00+00:00\" \/>\n<meta name=\"author\" content=\"informacja prasowa\" \/>\n<meta name=\"twitter:card\" content=\"summary_large_image\" \/>\n<meta name=\"twitter:label1\" content=\"Written by\" \/>\n\t<meta name=\"twitter:data1\" content=\"informacja prasowa\" \/>\n<script type=\"application\/ld+json\" class=\"yoast-schema-graph\">{\"@context\":\"https:\/\/schema.org\",\"@graph\":[{\"@type\":\"Article\",\"@id\":\"https:\/\/www.mojabochnia.pl\/?p=558#article\",\"isPartOf\":{\"@id\":\"https:\/\/www.mojabochnia.pl\/?p=558\"},\"author\":{\"name\":\"informacja prasowa\",\"@id\":\"https:\/\/www.mojabochnia.pl\/#\/schema\/person\/9e15cf1bcb74043790f124a3130fe41e\"},\"headline\":\"Akcja Bezpieczne Wakacje &#8211; Otwarte Stra\u017cnice\",\"datePublished\":\"2008-07-02T04:24:19+00:00\",\"dateModified\":\"2008-08-08T12:02:00+00:00\",\"mainEntityOfPage\":{\"@id\":\"https:\/\/www.mojabochnia.pl\/?p=558\"},\"wordCount\":103,\"commentCount\":0,\"publisher\":{\"@id\":\"https:\/\/www.mojabochnia.pl\/#organization\"},\"keywords\":[\"stra\u017c po\u017carna\",\"wakacje\",\"wypoczynek\"],\"articleSection\":[\"2_ostatnie\"],\"inLanguage\":\"pl-PL\",\"potentialAction\":[{\"@type\":\"CommentAction\",\"name\":\"Comment\",\"target\":[\"https:\/\/www.mojabochnia.pl\/?p=558#respond\"]}]},{\"@type\":\"WebPage\",\"@id\":\"https:\/\/www.mojabochnia.pl\/?p=558\",\"url\":\"https:\/\/www.mojabochnia.pl\/?p=558\",\"name\":\"Akcja Bezpieczne Wakacje - Otwarte Stra\u017cnice - mojabochnia.pl - portal informacyjny\",\"isPartOf\":{\"@id\":\"https:\/\/www.mojabochnia.pl\/#website\"},\"datePublished\":\"2008-07-02T04:24:19+00:00\",\"dateModified\":\"2008-08-08T12:02:00+00:00\",\"breadcrumb\":{\"@id\":\"https:\/\/www.mojabochnia.pl\/?p=558#breadcrumb\"},\"inLanguage\":\"pl-PL\",\"potentialAction\":[{\"@type\":\"ReadAction\",\"target\":[\"https:\/\/www.mojabochnia.pl\/?p=558\"]}]},{\"@type\":\"BreadcrumbList\",\"@id\":\"https:\/\/www.mojabochnia.pl\/?p=558#breadcrumb\",\"itemListElement\":[{\"@type\":\"ListItem\",\"position\":1,\"name\":\"Home\",\"item\":\"https:\/\/www.mojabochnia.pl\/\"},{\"@type\":\"ListItem\",\"position\":2,\"name\":\"Akcja Bezpieczne Wakacje &#8211; Otwarte Stra\u017cnice\"}]},{\"@type\":\"WebSite\",\"@id\":\"https:\/\/www.mojabochnia.pl\/#website\",\"url\":\"https:\/\/www.mojabochnia.pl\/\",\"name\":\"mojabochnia.pl - portal informacyjny\",\"description\":\"mojaBochnia to portal informacyjny o Bochni. Codziennie o Bochni piszemy i pokazujemy najwa\u017cniejsze wydarzenia\",\"publisher\":{\"@id\":\"https:\/\/www.mojabochnia.pl\/#organization\"},\"potentialAction\":[{\"@type\":\"SearchAction\",\"target\":{\"@type\":\"EntryPoint\",\"urlTemplate\":\"https:\/\/www.mojabochnia.pl\/?s={search_term_string}\"},\"query-input\":{\"@type\":\"PropertyValueSpecification\",\"valueRequired\":true,\"valueName\":\"search_term_string\"}}],\"inLanguage\":\"pl-PL\"},{\"@type\":\"Organization\",\"@id\":\"https:\/\/www.mojabochnia.pl\/#organization\",\"name\":\"mojabochnia.pl - portal informacyjny\",\"url\":\"https:\/\/www.mojabochnia.pl\/\",\"logo\":{\"@type\":\"ImageObject\",\"inLanguage\":\"pl-PL\",\"@id\":\"https:\/\/www.mojabochnia.pl\/#\/schema\/logo\/image\/\",\"url\":\"https:\/\/www.mojabochnia.pl\/wp-content\/uploads\/2017\/08\/logo-mb-opt.png\",\"contentUrl\":\"https:\/\/www.mojabochnia.pl\/wp-content\/uploads\/2017\/08\/logo-mb-opt.png\",\"width\":250,\"height\":48,\"caption\":\"mojabochnia.pl - portal informacyjny\"},\"image\":{\"@id\":\"https:\/\/www.mojabochnia.pl\/#\/schema\/logo\/image\/\"},\"sameAs\":[\"https:\/\/www.facebook.com\/mojabochnia\"]},{\"@type\":\"Person\",\"@id\":\"https:\/\/www.mojabochnia.pl\/#\/schema\/person\/9e15cf1bcb74043790f124a3130fe41e\",\"name\":\"informacja prasowa\",\"sameAs\":[\"http:\/\/\"],\"url\":\"https:\/\/www.mojabochnia.pl\/?author=8\"}]}<\/script>\n<!-- \/ Yoast SEO plugin. -->","yoast_head_json":{"title":"Akcja Bezpieczne Wakacje - Otwarte Stra\u017cnice - mojabochnia.pl - portal informacyjny","robots":{"index":"index","follow":"follow","max-snippet":"max-snippet:-1","max-image-preview":"max-image-preview:large","max-video-preview":"max-video-preview:-1"},"canonical":"https:\/\/www.mojabochnia.pl\/?p=558","og_locale":"pl_PL","og_type":"article","og_title":"Akcja Bezpieczne Wakacje - Otwarte Stra\u017cnice - mojabochnia.pl - portal informacyjny","og_description":"Rozpocz\u0105\u0142 si\u0119 okres letniego wypoczynku dla dzieci i m\u0142odzie\u017cy. To okres, kiedy cz\u0119sto dochodzi do niebezpiecznych zdarze\u0144 z udzia\u0142em dzieci i m\u0142odzie\u017cy. Wzorem lat ubieg\u0142ych, z my\u015bl\u0105 o dzieciach i m\u0142odzie\u017cy sp\u0119dzaj\u0105cych wakacje w spos\u00f3b zorganizowany, jak r\u00f3wnie\u017c sp\u0119dzaj\u0105cych wakacje w domu, Komenda Powiatowa Pa\u0144stwowej Stra\u017cy Po\u017carnej w Bochni organizuje akcj\u0119 \"Bezpieczne wakacje - otwarte stra\u017cnice\".","og_url":"https:\/\/www.mojabochnia.pl\/?p=558","og_site_name":"mojabochnia.pl - portal informacyjny","article_publisher":"https:\/\/www.facebook.com\/mojabochnia","article_published_time":"2008-07-02T04:24:19+00:00","article_modified_time":"2008-08-08T12:02:00+00:00","author":"informacja prasowa","twitter_card":"summary_large_image","twitter_misc":{"Written by":"informacja prasowa"},"schema":{"@context":"https:\/\/schema.org","@graph":[{"@type":"Article","@id":"https:\/\/www.mojabochnia.pl\/?p=558#article","isPartOf":{"@id":"https:\/\/www.mojabochnia.pl\/?p=558"},"author":{"name":"informacja prasowa","@id":"https:\/\/www.mojabochnia.pl\/#\/schema\/person\/9e15cf1bcb74043790f124a3130fe41e"},"headline":"Akcja Bezpieczne Wakacje &#8211; Otwarte Stra\u017cnice","datePublished":"2008-07-02T04:24:19+00:00","dateModified":"2008-08-08T12:02:00+00:00","mainEntityOfPage":{"@id":"https:\/\/www.mojabochnia.pl\/?p=558"},"wordCount":103,"commentCount":0,"publisher":{"@id":"https:\/\/www.mojabochnia.pl\/#organization"},"keywords":["stra\u017c po\u017carna","wakacje","wypoczynek"],"articleSection":["2_ostatnie"],"inLanguage":"pl-PL","potentialAction":[{"@type":"CommentAction","name":"Comment","target":["https:\/\/www.mojabochnia.pl\/?p=558#respond"]}]},{"@type":"WebPage","@id":"https:\/\/www.mojabochnia.pl\/?p=558","url":"https:\/\/www.mojabochnia.pl\/?p=558","name":"Akcja Bezpieczne Wakacje - Otwarte Stra\u017cnice - mojabochnia.pl - portal informacyjny","isPartOf":{"@id":"https:\/\/www.mojabochnia.pl\/#website"},"datePublished":"2008-07-02T04:24:19+00:00","dateModified":"2008-08-08T12:02:00+00:00","breadcrumb":{"@id":"https:\/\/www.mojabochnia.pl\/?p=558#breadcrumb"},"inLanguage":"pl-PL","potentialAction":[{"@type":"ReadAction","target":["https:\/\/www.mojabochnia.pl\/?p=558"]}]},{"@type":"BreadcrumbList","@id":"https:\/\/www.mojabochnia.pl\/?p=558#breadcrumb","itemListElement":[{"@type":"ListItem","position":1,"name":"Home","item":"https:\/\/www.mojabochnia.pl\/"},{"@type":"ListItem","position":2,"name":"Akcja Bezpieczne Wakacje &#8211; Otwarte Stra\u017cnice"}]},{"@type":"WebSite","@id":"https:\/\/www.mojabochnia.pl\/#website","url":"https:\/\/www.mojabochnia.pl\/","name":"mojabochnia.pl - portal informacyjny","description":"mojaBochnia to portal informacyjny o Bochni. Codziennie o Bochni piszemy i pokazujemy najwa\u017cniejsze wydarzenia","publisher":{"@id":"https:\/\/www.mojabochnia.pl\/#organization"},"potentialAction":[{"@type":"SearchAction","target":{"@type":"EntryPoint","urlTemplate":"https:\/\/www.mojabochnia.pl\/?s={search_term_string}"},"query-input":{"@type":"PropertyValueSpecification","valueRequired":true,"valueName":"search_term_string"}}],"inLanguage":"pl-PL"},{"@type":"Organization","@id":"https:\/\/www.mojabochnia.pl\/#organization","name":"mojabochnia.pl - portal informacyjny","url":"https:\/\/www.mojabochnia.pl\/","logo":{"@type":"ImageObject","inLanguage":"pl-PL","@id":"https:\/\/www.mojabochnia.pl\/#\/schema\/logo\/image\/","url":"https:\/\/www.mojabochnia.pl\/wp-content\/uploads\/2017\/08\/logo-mb-opt.png","contentUrl":"https:\/\/www.mojabochnia.pl\/wp-content\/uploads\/2017\/08\/logo-mb-opt.png","width":250,"height":48,"caption":"mojabochnia.pl - portal informacyjny"},"image":{"@id":"https:\/\/www.mojabochnia.pl\/#\/schema\/logo\/image\/"},"sameAs":["https:\/\/www.facebook.com\/mojabochnia"]},{"@type":"Person","@id":"https:\/\/www.mojabochnia.pl\/#\/schema\/person\/9e15cf1bcb74043790f124a3130fe41e","name":"informacja prasowa","sameAs":["http:\/\/"],"url":"https:\/\/www.mojabochnia.pl\/?author=8"}]}},"_links":{"self":[{"href":"https:\/\/www.mojabochnia.pl\/index.php?rest_route=\/wp\/v2\/posts\/558","targetHints":{"allow":["GET"]}}],"collection":[{"href":"https:\/\/www.mojabochnia.pl\/index.php?rest_route=\/wp\/v2\/posts"}],"about":[{"href":"https:\/\/www.mojabochnia.pl\/index.php?rest_route=\/wp\/v2\/types\/post"}],"author":[{"embeddable":true,"href":"https:\/\/www.mojabochnia.pl\/index.php?rest_route=\/wp\/v2\/users\/8"}],"replies":[{"embeddable":true,"href":"https:\/\/www.mojabochnia.pl\/index.php?rest_route=%2Fwp%2Fv2%2Fcomments&post=558"}],"version-history":[{"count":0,"href":"https:\/\/www.mojabochnia.pl\/index.php?rest_route=\/wp\/v2\/posts\/558\/revisions"}],"wp:attachment":[{"href":"https:\/\/www.mojabochnia.pl\/index.php?rest_route=%2Fwp%2Fv2%2Fmedia&parent=558"}],"wp:term":[{"taxonomy":"category","embeddable":true,"href":"https:\/\/www.mojabochnia.pl\/index.php?rest_route=%2Fwp%2Fv2%2Fcategories&post=558"},{"taxonomy":"post_tag","embeddable":true,"href":"https:\/\/www.mojabochnia.pl\/index.php?rest_route=%2Fwp%2Fv2%2Ftags&post=558"}],"curies":[{"name":"wp","href":"https:\/\/api.w.org\/{rel}","templated":true}]}}