{"id":5559,"date":"2009-02-17T15:38:57","date_gmt":"2009-02-17T14:38:57","guid":{"rendered":"http:\/\/www.mojabochnia.pl\/?p=5559"},"modified":"2009-02-17T13:43:10","modified_gmt":"2009-02-17T12:43:10","slug":"proszowki-skarzynski-opowie-o-the-doors","status":"publish","type":"post","link":"https:\/\/www.mojabochnia.pl\/?p=5559","title":{"rendered":"Prosz\u00f3wki: Skar\u017cy\u0144ski opowie o The Doors"},"content":{"rendered":"<p>Kolejny wyk\u0142ad red. Jerzego Skar\u017cy\u0144skiego z cyklu \u201eIlustrowana muzyk\u0105 historia rocka\u201d, kt\u00f3rego tematem b\u0119dzie dzia\u0142aj\u0105ca w latach 1965 \u20131972 ameryka\u0144ska grupa rockowa The Doors odb\u0119dzie si\u0119 20 lutego o godz. 18.30. <\/p>\n<p>Do cafe aquarium zaprasza Gminne Centrum Kultury Czytelnictwa i Sportu w Bochni. <\/p>\n<p>The Doors \u2013 od roku 1993 w panteonie s\u0142aw ameryka\u0144skiego muzeum Rock and Roll Hall of Fame, piosenki Light My Fire oraz The End zosta\u0142y umieszczone na li\u015bcie 500 piosenek kt\u00f3re ukszta\u0142towa\u0142y rock, 26 album\u00f3w na li\u015bcie The Billboard 200, 16 singli na li\u015bcie The Bilboard 100 Hot 100.<\/p>\n<p>Tr\u00f3jka instrumentalist\u00f3w (czasami anga\u017cowano gitarzyst\u00f3w basowych przy nagrywaniu utwor\u00f3w w studio) stworzy\u0142a jeden z najbardziej profesjonalnych zespo\u0142\u00f3w instrumentalnych w swoim gatunku. Niezwykle r\u00f3wna, oszcz\u0119dna i precyzyjna gra, pe\u0142na d\u0142ugich instrumentalnych pasa\u017cy, sta\u0142a si\u0119 znakomitym t\u0142em dla charyzmatycznego wokalisty zwanego Kr\u00f3lem Jaszczurem lub Panem Charyzm\u0105.<\/p>\n<p>Rodzice Helena i Raymond Manczarek, emigranci z Polski, od najm\u0142odszych lat dbali<br \/>\no muzyczne wykszta\u0142cenie ich syna Raya (klawisze) \u2013 polski wk\u0142ad w rozw\u00f3j \u015bwiatowej muzyki rockowej.<\/p>\n<p>Jim Morrison (autor, wokalista) zawsze powtarza\u0142, \u017ce uwa\u017ca siebie bardziej za poet\u0119 ni\u017c muzyka. Jego psychodeliczny styl \u017cycia sta\u0142 si\u0119 modelowy dla obyczajowych rebeliant\u00f3w.<\/p>\n<p>Robert Krieger (gitarzysta) przyszed\u0142 na \u015bwiat jako syn zamo\u017cnego doradcy agencji rz\u0105dowych. Uczy\u0142 si\u0119 w wielu szko\u0142ach zanim trafi\u0142 na UCLA, gdzie trzykrotnie zmienia\u0142 wydzia\u0142, ostatecznie wyl\u0105dowa\u0142 na fizyce.<\/p>\n<p>John Densmore (perkusja) &#8211; autor ksi\u0105\u017cki Riders On The Storm, przedstawiaj\u0105cej histori\u0119 zespo\u0142u.<\/p>\n","protected":false},"excerpt":{"rendered":"<p>Na najbli\u017cszy pi\u0105tek zaplanowano pi\u0105te ju\u017c spotkanie z Jerzym Skar\u017cy\u0144skim, kt\u00f3ry tym razem opowie o zespole The Doors. <\/p>\n","protected":false},"author":1,"featured_media":0,"comment_status":"open","ping_status":"closed","sticky":false,"template":"","format":"standard","meta":{"_acf_changed":false,"footnotes":""},"categories":[92],"tags":[17120,164,1963,1731,17123,17187,17346],"class_list":["post-5559","post","type-post","status-publish","format-standard","hentry","category-kultura","tag-basen","tag-centrum-kultury-czytelnictwa-i-sportu-w-bochni","tag-jaroslaw-skrzypek","tag-jerzy-skarzynski","tag-muzyka","tag-proszowki","tag-spotkanie"],"acf":[],"yoast_head":"<!-- This site is optimized with the Yoast SEO plugin v26.9 - https:\/\/yoast.com\/product\/yoast-seo-wordpress\/ -->\n<title>Prosz\u00f3wki: Skar\u017cy\u0144ski opowie o The Doors - mojabochnia.pl - portal informacyjny<\/title>\n<meta name=\"robots\" content=\"index, follow, max-snippet:-1, max-image-preview:large, max-video-preview:-1\" \/>\n<link rel=\"canonical\" href=\"https:\/\/www.mojabochnia.pl\/?p=5559\" \/>\n<meta property=\"og:locale\" content=\"pl_PL\" \/>\n<meta property=\"og:type\" content=\"article\" \/>\n<meta property=\"og:title\" content=\"Prosz\u00f3wki: Skar\u017cy\u0144ski opowie o The Doors - mojabochnia.pl - portal informacyjny\" \/>\n<meta property=\"og:description\" content=\"Na najbli\u017cszy pi\u0105tek zaplanowano pi\u0105te ju\u017c spotkanie z Jerzym Skar\u017cy\u0144skim, kt\u00f3ry tym razem opowie o zespole The Doors.\" \/>\n<meta property=\"og:url\" content=\"https:\/\/www.mojabochnia.pl\/?p=5559\" \/>\n<meta property=\"og:site_name\" content=\"mojabochnia.pl - portal informacyjny\" \/>\n<meta property=\"article:publisher\" content=\"https:\/\/www.facebook.com\/mojabochnia\" \/>\n<meta property=\"article:published_time\" content=\"2009-02-17T14:38:57+00:00\" \/>\n<meta name=\"author\" content=\"administrator\" \/>\n<meta name=\"twitter:card\" content=\"summary_large_image\" \/>\n<meta name=\"twitter:label1\" content=\"Written by\" \/>\n\t<meta name=\"twitter:data1\" content=\"administrator\" \/>\n\t<meta name=\"twitter:label2\" content=\"Est. reading time\" \/>\n\t<meta name=\"twitter:data2\" content=\"1 minuta\" \/>\n<script type=\"application\/ld+json\" class=\"yoast-schema-graph\">{\"@context\":\"https:\/\/schema.org\",\"@graph\":[{\"@type\":\"Article\",\"@id\":\"https:\/\/www.mojabochnia.pl\/?p=5559#article\",\"isPartOf\":{\"@id\":\"https:\/\/www.mojabochnia.pl\/?p=5559\"},\"author\":{\"name\":\"administrator\",\"@id\":\"https:\/\/www.mojabochnia.pl\/#\/schema\/person\/c00e1f64e6fa0e6de6d410f2c340017f\"},\"headline\":\"Prosz\u00f3wki: Skar\u017cy\u0144ski opowie o The Doors\",\"datePublished\":\"2009-02-17T14:38:57+00:00\",\"mainEntityOfPage\":{\"@id\":\"https:\/\/www.mojabochnia.pl\/?p=5559\"},\"wordCount\":272,\"commentCount\":0,\"publisher\":{\"@id\":\"https:\/\/www.mojabochnia.pl\/#organization\"},\"keywords\":[\"basen\",\"Centrum Kultury Czytelnictwa i Sportu w Bochni\",\"jaros\u0142aw skrzypek\",\"jerzy skar\u017cy\u0144ski\",\"muzyka\",\"prosz\u00f3wki\",\"spotkanie\"],\"articleSection\":[\"kultura\"],\"inLanguage\":\"pl-PL\",\"potentialAction\":[{\"@type\":\"CommentAction\",\"name\":\"Comment\",\"target\":[\"https:\/\/www.mojabochnia.pl\/?p=5559#respond\"]}]},{\"@type\":\"WebPage\",\"@id\":\"https:\/\/www.mojabochnia.pl\/?p=5559\",\"url\":\"https:\/\/www.mojabochnia.pl\/?p=5559\",\"name\":\"Prosz\u00f3wki: Skar\u017cy\u0144ski opowie o The Doors - mojabochnia.pl - portal informacyjny\",\"isPartOf\":{\"@id\":\"https:\/\/www.mojabochnia.pl\/#website\"},\"datePublished\":\"2009-02-17T14:38:57+00:00\",\"breadcrumb\":{\"@id\":\"https:\/\/www.mojabochnia.pl\/?p=5559#breadcrumb\"},\"inLanguage\":\"pl-PL\",\"potentialAction\":[{\"@type\":\"ReadAction\",\"target\":[\"https:\/\/www.mojabochnia.pl\/?p=5559\"]}]},{\"@type\":\"BreadcrumbList\",\"@id\":\"https:\/\/www.mojabochnia.pl\/?p=5559#breadcrumb\",\"itemListElement\":[{\"@type\":\"ListItem\",\"position\":1,\"name\":\"Home\",\"item\":\"https:\/\/www.mojabochnia.pl\/\"},{\"@type\":\"ListItem\",\"position\":2,\"name\":\"Prosz\u00f3wki: Skar\u017cy\u0144ski opowie o The Doors\"}]},{\"@type\":\"WebSite\",\"@id\":\"https:\/\/www.mojabochnia.pl\/#website\",\"url\":\"https:\/\/www.mojabochnia.pl\/\",\"name\":\"mojabochnia.pl - portal informacyjny\",\"description\":\"mojaBochnia to portal informacyjny o Bochni. Codziennie o Bochni piszemy i pokazujemy najwa\u017cniejsze wydarzenia\",\"publisher\":{\"@id\":\"https:\/\/www.mojabochnia.pl\/#organization\"},\"potentialAction\":[{\"@type\":\"SearchAction\",\"target\":{\"@type\":\"EntryPoint\",\"urlTemplate\":\"https:\/\/www.mojabochnia.pl\/?s={search_term_string}\"},\"query-input\":{\"@type\":\"PropertyValueSpecification\",\"valueRequired\":true,\"valueName\":\"search_term_string\"}}],\"inLanguage\":\"pl-PL\"},{\"@type\":\"Organization\",\"@id\":\"https:\/\/www.mojabochnia.pl\/#organization\",\"name\":\"mojabochnia.pl - portal informacyjny\",\"url\":\"https:\/\/www.mojabochnia.pl\/\",\"logo\":{\"@type\":\"ImageObject\",\"inLanguage\":\"pl-PL\",\"@id\":\"https:\/\/www.mojabochnia.pl\/#\/schema\/logo\/image\/\",\"url\":\"https:\/\/www.mojabochnia.pl\/wp-content\/uploads\/2017\/08\/logo-mb-opt.png\",\"contentUrl\":\"https:\/\/www.mojabochnia.pl\/wp-content\/uploads\/2017\/08\/logo-mb-opt.png\",\"width\":250,\"height\":48,\"caption\":\"mojabochnia.pl - portal informacyjny\"},\"image\":{\"@id\":\"https:\/\/www.mojabochnia.pl\/#\/schema\/logo\/image\/\"},\"sameAs\":[\"https:\/\/www.facebook.com\/mojabochnia\"]},{\"@type\":\"Person\",\"@id\":\"https:\/\/www.mojabochnia.pl\/#\/schema\/person\/c00e1f64e6fa0e6de6d410f2c340017f\",\"name\":\"administrator\",\"url\":\"https:\/\/www.mojabochnia.pl\/?author=1\"}]}<\/script>\n<!-- \/ Yoast SEO plugin. -->","yoast_head_json":{"title":"Prosz\u00f3wki: Skar\u017cy\u0144ski opowie o The Doors - mojabochnia.pl - portal informacyjny","robots":{"index":"index","follow":"follow","max-snippet":"max-snippet:-1","max-image-preview":"max-image-preview:large","max-video-preview":"max-video-preview:-1"},"canonical":"https:\/\/www.mojabochnia.pl\/?p=5559","og_locale":"pl_PL","og_type":"article","og_title":"Prosz\u00f3wki: Skar\u017cy\u0144ski opowie o The Doors - mojabochnia.pl - portal informacyjny","og_description":"Na najbli\u017cszy pi\u0105tek zaplanowano pi\u0105te ju\u017c spotkanie z Jerzym Skar\u017cy\u0144skim, kt\u00f3ry tym razem opowie o zespole The Doors.","og_url":"https:\/\/www.mojabochnia.pl\/?p=5559","og_site_name":"mojabochnia.pl - portal informacyjny","article_publisher":"https:\/\/www.facebook.com\/mojabochnia","article_published_time":"2009-02-17T14:38:57+00:00","author":"administrator","twitter_card":"summary_large_image","twitter_misc":{"Written by":"administrator","Est. reading time":"1 minuta"},"schema":{"@context":"https:\/\/schema.org","@graph":[{"@type":"Article","@id":"https:\/\/www.mojabochnia.pl\/?p=5559#article","isPartOf":{"@id":"https:\/\/www.mojabochnia.pl\/?p=5559"},"author":{"name":"administrator","@id":"https:\/\/www.mojabochnia.pl\/#\/schema\/person\/c00e1f64e6fa0e6de6d410f2c340017f"},"headline":"Prosz\u00f3wki: Skar\u017cy\u0144ski opowie o The Doors","datePublished":"2009-02-17T14:38:57+00:00","mainEntityOfPage":{"@id":"https:\/\/www.mojabochnia.pl\/?p=5559"},"wordCount":272,"commentCount":0,"publisher":{"@id":"https:\/\/www.mojabochnia.pl\/#organization"},"keywords":["basen","Centrum Kultury Czytelnictwa i Sportu w Bochni","jaros\u0142aw skrzypek","jerzy skar\u017cy\u0144ski","muzyka","prosz\u00f3wki","spotkanie"],"articleSection":["kultura"],"inLanguage":"pl-PL","potentialAction":[{"@type":"CommentAction","name":"Comment","target":["https:\/\/www.mojabochnia.pl\/?p=5559#respond"]}]},{"@type":"WebPage","@id":"https:\/\/www.mojabochnia.pl\/?p=5559","url":"https:\/\/www.mojabochnia.pl\/?p=5559","name":"Prosz\u00f3wki: Skar\u017cy\u0144ski opowie o The Doors - mojabochnia.pl - portal informacyjny","isPartOf":{"@id":"https:\/\/www.mojabochnia.pl\/#website"},"datePublished":"2009-02-17T14:38:57+00:00","breadcrumb":{"@id":"https:\/\/www.mojabochnia.pl\/?p=5559#breadcrumb"},"inLanguage":"pl-PL","potentialAction":[{"@type":"ReadAction","target":["https:\/\/www.mojabochnia.pl\/?p=5559"]}]},{"@type":"BreadcrumbList","@id":"https:\/\/www.mojabochnia.pl\/?p=5559#breadcrumb","itemListElement":[{"@type":"ListItem","position":1,"name":"Home","item":"https:\/\/www.mojabochnia.pl\/"},{"@type":"ListItem","position":2,"name":"Prosz\u00f3wki: Skar\u017cy\u0144ski opowie o The Doors"}]},{"@type":"WebSite","@id":"https:\/\/www.mojabochnia.pl\/#website","url":"https:\/\/www.mojabochnia.pl\/","name":"mojabochnia.pl - portal informacyjny","description":"mojaBochnia to portal informacyjny o Bochni. Codziennie o Bochni piszemy i pokazujemy najwa\u017cniejsze wydarzenia","publisher":{"@id":"https:\/\/www.mojabochnia.pl\/#organization"},"potentialAction":[{"@type":"SearchAction","target":{"@type":"EntryPoint","urlTemplate":"https:\/\/www.mojabochnia.pl\/?s={search_term_string}"},"query-input":{"@type":"PropertyValueSpecification","valueRequired":true,"valueName":"search_term_string"}}],"inLanguage":"pl-PL"},{"@type":"Organization","@id":"https:\/\/www.mojabochnia.pl\/#organization","name":"mojabochnia.pl - portal informacyjny","url":"https:\/\/www.mojabochnia.pl\/","logo":{"@type":"ImageObject","inLanguage":"pl-PL","@id":"https:\/\/www.mojabochnia.pl\/#\/schema\/logo\/image\/","url":"https:\/\/www.mojabochnia.pl\/wp-content\/uploads\/2017\/08\/logo-mb-opt.png","contentUrl":"https:\/\/www.mojabochnia.pl\/wp-content\/uploads\/2017\/08\/logo-mb-opt.png","width":250,"height":48,"caption":"mojabochnia.pl - portal informacyjny"},"image":{"@id":"https:\/\/www.mojabochnia.pl\/#\/schema\/logo\/image\/"},"sameAs":["https:\/\/www.facebook.com\/mojabochnia"]},{"@type":"Person","@id":"https:\/\/www.mojabochnia.pl\/#\/schema\/person\/c00e1f64e6fa0e6de6d410f2c340017f","name":"administrator","url":"https:\/\/www.mojabochnia.pl\/?author=1"}]}},"_links":{"self":[{"href":"https:\/\/www.mojabochnia.pl\/index.php?rest_route=\/wp\/v2\/posts\/5559","targetHints":{"allow":["GET"]}}],"collection":[{"href":"https:\/\/www.mojabochnia.pl\/index.php?rest_route=\/wp\/v2\/posts"}],"about":[{"href":"https:\/\/www.mojabochnia.pl\/index.php?rest_route=\/wp\/v2\/types\/post"}],"author":[{"embeddable":true,"href":"https:\/\/www.mojabochnia.pl\/index.php?rest_route=\/wp\/v2\/users\/1"}],"replies":[{"embeddable":true,"href":"https:\/\/www.mojabochnia.pl\/index.php?rest_route=%2Fwp%2Fv2%2Fcomments&post=5559"}],"version-history":[{"count":0,"href":"https:\/\/www.mojabochnia.pl\/index.php?rest_route=\/wp\/v2\/posts\/5559\/revisions"}],"wp:attachment":[{"href":"https:\/\/www.mojabochnia.pl\/index.php?rest_route=%2Fwp%2Fv2%2Fmedia&parent=5559"}],"wp:term":[{"taxonomy":"category","embeddable":true,"href":"https:\/\/www.mojabochnia.pl\/index.php?rest_route=%2Fwp%2Fv2%2Fcategories&post=5559"},{"taxonomy":"post_tag","embeddable":true,"href":"https:\/\/www.mojabochnia.pl\/index.php?rest_route=%2Fwp%2Fv2%2Ftags&post=5559"}],"curies":[{"name":"wp","href":"https:\/\/api.w.org\/{rel}","templated":true}]}}