{"id":5534,"date":"2009-02-16T16:02:24","date_gmt":"2009-02-16T15:02:24","guid":{"rendered":"http:\/\/www.mojabochnia.pl\/?p=5534"},"modified":"2009-02-16T17:21:42","modified_gmt":"2009-02-16T16:21:42","slug":"wisniccy-radni-nie-mowia-jednym-glosem","status":"publish","type":"post","link":"https:\/\/www.mojabochnia.pl\/?p=5534","title":{"rendered":"Wi\u015bniccy radni nie m\u00f3wi\u0105 jednym g\u0142osem"},"content":{"rendered":"<p>Po publikacji naszego tekstu: Wi\u015bnicz: <a href=\"http:\/\/www.mojabochnia.pl\/?p=5274\">Za czym dok\u0142adnie g\u0142osowali radni \u2013 nie wiadomo<\/a> na stronie Urz\u0119du Miejskiego w Nowym Wi\u015bniczu pojawi\u0142o si\u0119 <a onclick=\"javascript:pageTracker._trackPageview('\/outgoing\/umwisnicz.home.pl\/index.php?option=com_content&amp;task=view&amp;id=1465&amp;Itemid=65');\"  href=\"http:\/\/umwisnicz.home.pl\/index.php?option=com_content&amp;task=view&amp;id=1465&amp;Itemid=65\">o\u015bwiadczenie radnych z Nowego Wi\u015bnicza<\/a>. Podpisane ono zosta\u0142o \u201eRadni Rady Miejskiej Nowego Wi\u015bnicza\u201d, nie zosta\u0142y natomiast podane nazwiska radnych, kt\u00f3rzy wydali to o\u015bwiadczenie. Okazuje si\u0119 jednak, \u017ce nie wszyscy radni si\u0119 z nim zgadzaj\u0105.<\/p>\n<p>&#8211; <em>My nie podpisujemy si\u0119 pod tym o\u015bwiadczeniem, poniewa\u017c m\u00f3wi ono nieprawd\u0119. Zosta\u0142o podpisane przez Radnych Rady Miejskiej Nowego Wi\u015bnicza, ale nie przez wszystkich. My si\u0119 pod nim nie podpisujemy<\/em> \u2013 m\u00f3wi\u0142 Stanis\u0142aw Tabor, radny miejski z Kr\u00f3l\u00f3wki.<\/p>\n<p>Podobnego zdania jest radna z Olchawy Aneta Sopata. \u2013 <em>To o\u015bwiadczenie jest nieprawdziwe. Je\u017celi ju\u017c ma by\u0107 na stronie Nowego Wi\u015bnicza, to niech b\u0119dzie podpisane przez radnych Rady Nowego Wi\u015bnicza, ale z wykluczeniem mojego nazwiska<\/em> \u2013 m\u00f3wi\u0142a dzisiaj w naszej redakcji radna.<\/p>\n<p>Radni zaznaczyli, \u017ce o\u015bwiadczenie nie by\u0142o z nimi konsultowane i nie widzieli go przed publikacj\u0105.<\/p>\n<p><img decoding=\"async\" src=\"\/f\/2009\/02\/090216_at_zrzut_oswiadczenie.jpg\" alt=\"null\" \/><br \/>\nZrzut ekranowy o\u015bwiadczenia wi\u015bnickich radnych. 16.02.09, godz. 15.24<\/p>\n","protected":false},"excerpt":{"rendered":"<p>Nie wszyscy radni Rady Gminy Nowy Wi\u015bnicz podpisuj\u0105 si\u0119 pod o\u015bwiadczeniem opublikowanym na stronie urz\u0119du Gminy Nowy Wi\u015bnicz.<\/p>\n","protected":false},"author":1,"featured_media":0,"comment_status":"open","ping_status":"closed","sticky":false,"template":"","format":"standard","meta":{"_acf_changed":false,"footnotes":""},"categories":[5],"tags":[17118,2225,2570,2569,346,841,17479],"class_list":["post-5534","post","type-post","status-publish","format-standard","hentry","category-biezace-wydarzenia","tag-wisnicz","tag-oswiadczenie","tag-podpis","tag-projekt-uchwaly","tag-radni","tag-sesja-rady-gminy","tag-uchwala"],"acf":[],"yoast_head":"<!-- This site is optimized with the Yoast SEO plugin v26.9 - https:\/\/yoast.com\/product\/yoast-seo-wordpress\/ -->\n<title>Wi\u015bniccy radni nie m\u00f3wi\u0105 jednym g\u0142osem  - mojabochnia.pl - portal informacyjny<\/title>\n<meta name=\"robots\" content=\"index, follow, max-snippet:-1, max-image-preview:large, max-video-preview:-1\" \/>\n<link rel=\"canonical\" href=\"https:\/\/www.mojabochnia.pl\/?p=5534\" \/>\n<meta property=\"og:locale\" content=\"pl_PL\" \/>\n<meta property=\"og:type\" content=\"article\" \/>\n<meta property=\"og:title\" content=\"Wi\u015bniccy radni nie m\u00f3wi\u0105 jednym g\u0142osem  - mojabochnia.pl - portal informacyjny\" \/>\n<meta property=\"og:description\" content=\"Nie wszyscy radni Rady Gminy Nowy Wi\u015bnicz podpisuj\u0105 si\u0119 pod o\u015bwiadczeniem opublikowanym na stronie urz\u0119du Gminy Nowy Wi\u015bnicz.\" \/>\n<meta property=\"og:url\" content=\"https:\/\/www.mojabochnia.pl\/?p=5534\" \/>\n<meta property=\"og:site_name\" content=\"mojabochnia.pl - portal informacyjny\" \/>\n<meta property=\"article:publisher\" content=\"https:\/\/www.facebook.com\/mojabochnia\" \/>\n<meta property=\"article:published_time\" content=\"2009-02-16T15:02:24+00:00\" \/>\n<meta property=\"article:modified_time\" content=\"2009-02-16T16:21:42+00:00\" \/>\n<meta name=\"author\" content=\"administrator\" \/>\n<meta name=\"twitter:card\" content=\"summary_large_image\" \/>\n<meta name=\"twitter:label1\" content=\"Written by\" \/>\n\t<meta name=\"twitter:data1\" content=\"administrator\" \/>\n\t<meta name=\"twitter:label2\" content=\"Est. reading time\" \/>\n\t<meta name=\"twitter:data2\" content=\"1 minuta\" \/>\n<script type=\"application\/ld+json\" class=\"yoast-schema-graph\">{\"@context\":\"https:\/\/schema.org\",\"@graph\":[{\"@type\":\"Article\",\"@id\":\"https:\/\/www.mojabochnia.pl\/?p=5534#article\",\"isPartOf\":{\"@id\":\"https:\/\/www.mojabochnia.pl\/?p=5534\"},\"author\":{\"name\":\"administrator\",\"@id\":\"https:\/\/www.mojabochnia.pl\/#\/schema\/person\/c00e1f64e6fa0e6de6d410f2c340017f\"},\"headline\":\"Wi\u015bniccy radni nie m\u00f3wi\u0105 jednym g\u0142osem\",\"datePublished\":\"2009-02-16T15:02:24+00:00\",\"dateModified\":\"2009-02-16T16:21:42+00:00\",\"mainEntityOfPage\":{\"@id\":\"https:\/\/www.mojabochnia.pl\/?p=5534\"},\"wordCount\":194,\"commentCount\":9,\"publisher\":{\"@id\":\"https:\/\/www.mojabochnia.pl\/#organization\"},\"keywords\":[\"Nowy Wi\u015bnicz\",\"o\u015bwiadczenie\",\"podpis\",\"projekt uchwa\u0142y\",\"radni\",\"sesja rady gminy\",\"uchwa\u0142a\"],\"articleSection\":[\"2_ostatnie\"],\"inLanguage\":\"pl-PL\",\"potentialAction\":[{\"@type\":\"CommentAction\",\"name\":\"Comment\",\"target\":[\"https:\/\/www.mojabochnia.pl\/?p=5534#respond\"]}]},{\"@type\":\"WebPage\",\"@id\":\"https:\/\/www.mojabochnia.pl\/?p=5534\",\"url\":\"https:\/\/www.mojabochnia.pl\/?p=5534\",\"name\":\"Wi\u015bniccy radni nie m\u00f3wi\u0105 jednym g\u0142osem - mojabochnia.pl - portal informacyjny\",\"isPartOf\":{\"@id\":\"https:\/\/www.mojabochnia.pl\/#website\"},\"datePublished\":\"2009-02-16T15:02:24+00:00\",\"dateModified\":\"2009-02-16T16:21:42+00:00\",\"breadcrumb\":{\"@id\":\"https:\/\/www.mojabochnia.pl\/?p=5534#breadcrumb\"},\"inLanguage\":\"pl-PL\",\"potentialAction\":[{\"@type\":\"ReadAction\",\"target\":[\"https:\/\/www.mojabochnia.pl\/?p=5534\"]}]},{\"@type\":\"BreadcrumbList\",\"@id\":\"https:\/\/www.mojabochnia.pl\/?p=5534#breadcrumb\",\"itemListElement\":[{\"@type\":\"ListItem\",\"position\":1,\"name\":\"Home\",\"item\":\"https:\/\/www.mojabochnia.pl\/\"},{\"@type\":\"ListItem\",\"position\":2,\"name\":\"Wi\u015bniccy radni nie m\u00f3wi\u0105 jednym g\u0142osem\"}]},{\"@type\":\"WebSite\",\"@id\":\"https:\/\/www.mojabochnia.pl\/#website\",\"url\":\"https:\/\/www.mojabochnia.pl\/\",\"name\":\"mojabochnia.pl - portal informacyjny\",\"description\":\"mojaBochnia to portal informacyjny o Bochni. Codziennie o Bochni piszemy i pokazujemy najwa\u017cniejsze wydarzenia\",\"publisher\":{\"@id\":\"https:\/\/www.mojabochnia.pl\/#organization\"},\"potentialAction\":[{\"@type\":\"SearchAction\",\"target\":{\"@type\":\"EntryPoint\",\"urlTemplate\":\"https:\/\/www.mojabochnia.pl\/?s={search_term_string}\"},\"query-input\":{\"@type\":\"PropertyValueSpecification\",\"valueRequired\":true,\"valueName\":\"search_term_string\"}}],\"inLanguage\":\"pl-PL\"},{\"@type\":\"Organization\",\"@id\":\"https:\/\/www.mojabochnia.pl\/#organization\",\"name\":\"mojabochnia.pl - portal informacyjny\",\"url\":\"https:\/\/www.mojabochnia.pl\/\",\"logo\":{\"@type\":\"ImageObject\",\"inLanguage\":\"pl-PL\",\"@id\":\"https:\/\/www.mojabochnia.pl\/#\/schema\/logo\/image\/\",\"url\":\"https:\/\/www.mojabochnia.pl\/wp-content\/uploads\/2017\/08\/logo-mb-opt.png\",\"contentUrl\":\"https:\/\/www.mojabochnia.pl\/wp-content\/uploads\/2017\/08\/logo-mb-opt.png\",\"width\":250,\"height\":48,\"caption\":\"mojabochnia.pl - portal informacyjny\"},\"image\":{\"@id\":\"https:\/\/www.mojabochnia.pl\/#\/schema\/logo\/image\/\"},\"sameAs\":[\"https:\/\/www.facebook.com\/mojabochnia\"]},{\"@type\":\"Person\",\"@id\":\"https:\/\/www.mojabochnia.pl\/#\/schema\/person\/c00e1f64e6fa0e6de6d410f2c340017f\",\"name\":\"administrator\",\"url\":\"https:\/\/www.mojabochnia.pl\/?author=1\"}]}<\/script>\n<!-- \/ Yoast SEO plugin. -->","yoast_head_json":{"title":"Wi\u015bniccy radni nie m\u00f3wi\u0105 jednym g\u0142osem  - mojabochnia.pl - portal informacyjny","robots":{"index":"index","follow":"follow","max-snippet":"max-snippet:-1","max-image-preview":"max-image-preview:large","max-video-preview":"max-video-preview:-1"},"canonical":"https:\/\/www.mojabochnia.pl\/?p=5534","og_locale":"pl_PL","og_type":"article","og_title":"Wi\u015bniccy radni nie m\u00f3wi\u0105 jednym g\u0142osem  - mojabochnia.pl - portal informacyjny","og_description":"Nie wszyscy radni Rady Gminy Nowy Wi\u015bnicz podpisuj\u0105 si\u0119 pod o\u015bwiadczeniem opublikowanym na stronie urz\u0119du Gminy Nowy Wi\u015bnicz.","og_url":"https:\/\/www.mojabochnia.pl\/?p=5534","og_site_name":"mojabochnia.pl - portal informacyjny","article_publisher":"https:\/\/www.facebook.com\/mojabochnia","article_published_time":"2009-02-16T15:02:24+00:00","article_modified_time":"2009-02-16T16:21:42+00:00","author":"administrator","twitter_card":"summary_large_image","twitter_misc":{"Written by":"administrator","Est. reading time":"1 minuta"},"schema":{"@context":"https:\/\/schema.org","@graph":[{"@type":"Article","@id":"https:\/\/www.mojabochnia.pl\/?p=5534#article","isPartOf":{"@id":"https:\/\/www.mojabochnia.pl\/?p=5534"},"author":{"name":"administrator","@id":"https:\/\/www.mojabochnia.pl\/#\/schema\/person\/c00e1f64e6fa0e6de6d410f2c340017f"},"headline":"Wi\u015bniccy radni nie m\u00f3wi\u0105 jednym g\u0142osem","datePublished":"2009-02-16T15:02:24+00:00","dateModified":"2009-02-16T16:21:42+00:00","mainEntityOfPage":{"@id":"https:\/\/www.mojabochnia.pl\/?p=5534"},"wordCount":194,"commentCount":9,"publisher":{"@id":"https:\/\/www.mojabochnia.pl\/#organization"},"keywords":["Nowy Wi\u015bnicz","o\u015bwiadczenie","podpis","projekt uchwa\u0142y","radni","sesja rady gminy","uchwa\u0142a"],"articleSection":["2_ostatnie"],"inLanguage":"pl-PL","potentialAction":[{"@type":"CommentAction","name":"Comment","target":["https:\/\/www.mojabochnia.pl\/?p=5534#respond"]}]},{"@type":"WebPage","@id":"https:\/\/www.mojabochnia.pl\/?p=5534","url":"https:\/\/www.mojabochnia.pl\/?p=5534","name":"Wi\u015bniccy radni nie m\u00f3wi\u0105 jednym g\u0142osem - mojabochnia.pl - portal informacyjny","isPartOf":{"@id":"https:\/\/www.mojabochnia.pl\/#website"},"datePublished":"2009-02-16T15:02:24+00:00","dateModified":"2009-02-16T16:21:42+00:00","breadcrumb":{"@id":"https:\/\/www.mojabochnia.pl\/?p=5534#breadcrumb"},"inLanguage":"pl-PL","potentialAction":[{"@type":"ReadAction","target":["https:\/\/www.mojabochnia.pl\/?p=5534"]}]},{"@type":"BreadcrumbList","@id":"https:\/\/www.mojabochnia.pl\/?p=5534#breadcrumb","itemListElement":[{"@type":"ListItem","position":1,"name":"Home","item":"https:\/\/www.mojabochnia.pl\/"},{"@type":"ListItem","position":2,"name":"Wi\u015bniccy radni nie m\u00f3wi\u0105 jednym g\u0142osem"}]},{"@type":"WebSite","@id":"https:\/\/www.mojabochnia.pl\/#website","url":"https:\/\/www.mojabochnia.pl\/","name":"mojabochnia.pl - portal informacyjny","description":"mojaBochnia to portal informacyjny o Bochni. Codziennie o Bochni piszemy i pokazujemy najwa\u017cniejsze wydarzenia","publisher":{"@id":"https:\/\/www.mojabochnia.pl\/#organization"},"potentialAction":[{"@type":"SearchAction","target":{"@type":"EntryPoint","urlTemplate":"https:\/\/www.mojabochnia.pl\/?s={search_term_string}"},"query-input":{"@type":"PropertyValueSpecification","valueRequired":true,"valueName":"search_term_string"}}],"inLanguage":"pl-PL"},{"@type":"Organization","@id":"https:\/\/www.mojabochnia.pl\/#organization","name":"mojabochnia.pl - portal informacyjny","url":"https:\/\/www.mojabochnia.pl\/","logo":{"@type":"ImageObject","inLanguage":"pl-PL","@id":"https:\/\/www.mojabochnia.pl\/#\/schema\/logo\/image\/","url":"https:\/\/www.mojabochnia.pl\/wp-content\/uploads\/2017\/08\/logo-mb-opt.png","contentUrl":"https:\/\/www.mojabochnia.pl\/wp-content\/uploads\/2017\/08\/logo-mb-opt.png","width":250,"height":48,"caption":"mojabochnia.pl - portal informacyjny"},"image":{"@id":"https:\/\/www.mojabochnia.pl\/#\/schema\/logo\/image\/"},"sameAs":["https:\/\/www.facebook.com\/mojabochnia"]},{"@type":"Person","@id":"https:\/\/www.mojabochnia.pl\/#\/schema\/person\/c00e1f64e6fa0e6de6d410f2c340017f","name":"administrator","url":"https:\/\/www.mojabochnia.pl\/?author=1"}]}},"_links":{"self":[{"href":"https:\/\/www.mojabochnia.pl\/index.php?rest_route=\/wp\/v2\/posts\/5534","targetHints":{"allow":["GET"]}}],"collection":[{"href":"https:\/\/www.mojabochnia.pl\/index.php?rest_route=\/wp\/v2\/posts"}],"about":[{"href":"https:\/\/www.mojabochnia.pl\/index.php?rest_route=\/wp\/v2\/types\/post"}],"author":[{"embeddable":true,"href":"https:\/\/www.mojabochnia.pl\/index.php?rest_route=\/wp\/v2\/users\/1"}],"replies":[{"embeddable":true,"href":"https:\/\/www.mojabochnia.pl\/index.php?rest_route=%2Fwp%2Fv2%2Fcomments&post=5534"}],"version-history":[{"count":0,"href":"https:\/\/www.mojabochnia.pl\/index.php?rest_route=\/wp\/v2\/posts\/5534\/revisions"}],"wp:attachment":[{"href":"https:\/\/www.mojabochnia.pl\/index.php?rest_route=%2Fwp%2Fv2%2Fmedia&parent=5534"}],"wp:term":[{"taxonomy":"category","embeddable":true,"href":"https:\/\/www.mojabochnia.pl\/index.php?rest_route=%2Fwp%2Fv2%2Fcategories&post=5534"},{"taxonomy":"post_tag","embeddable":true,"href":"https:\/\/www.mojabochnia.pl\/index.php?rest_route=%2Fwp%2Fv2%2Ftags&post=5534"}],"curies":[{"name":"wp","href":"https:\/\/api.w.org\/{rel}","templated":true}]}}