{"id":5523,"date":"2009-02-17T08:02:31","date_gmt":"2009-02-17T07:02:31","guid":{"rendered":"http:\/\/www.mojabochnia.pl\/?p=5523"},"modified":"2009-02-16T14:07:25","modified_gmt":"2009-02-16T13:07:25","slug":"w-wisniczu-ma-powstac-nowe-przedszkole","status":"publish","type":"post","link":"https:\/\/www.mojabochnia.pl\/?p=5523","title":{"rendered":"W Wi\u015bniczu ma powsta\u0107 nowe przedszkole"},"content":{"rendered":"<p>Jak m\u00f3wi burmistrz Stanis\u0142aw Gaworczyk, zapotrzebowanie na tego typu plac\u00f3wk\u0119 jest ogromne. \u2013 <em>W tej chwili w gminie i mie\u015bcie Nowy Wi\u015bnicz w przedszkolu mamy ponad 250 dzieci. Otworzy\u0142em nowe oddzia\u0142y przedszkolne, m.in. w budynku mieszcz\u0105cym si\u0119 poni\u017cej banku w Nowym Wi\u015bniczu. Dzieci w przedszkolu bardzo potrzebuj\u0105 nowoczesnego, pi\u0119knego budynku, kt\u00f3ry zosta\u0142 zaprojektowany na tych fundamentach<\/em> \u2013 m\u00f3wi burmistrz. <\/p>\n<p>Przedszkole mia\u0142oby by\u0107 wybudowane na powierzchni 840 metr\u00f3w kwadratowych. \u2013 <em>Je\u015bli do sal, w kt\u00f3rych dzieci by przebywa\u0142y, zostan\u0105 doprojektowane pomieszczenia kuchni, zaplecza, to na tej powierzchni przy parterowym budynku przedzielonym w \u015brodku przeszklon\u0105 sal\u0105 do pla\u017cowania w okresie nawet niezbyt sprzyjaj\u0105cych, np.  okresie zimowym, ten obiekt by\u0142by \u015bwietny dla dzieci <\/em>\u2013 dodaje Stanis\u0142aw Gaworczyk. <\/p>\n<p>Gmina stara si\u0119 o pieni\u0105dze na dofinansowanie inwestycji. Pierwsze prace zwi\u0105zane z budow\u0105 nowego przedszkola mia\u0142yby si\u0119 rozpocz\u0105\u0107 wiosn\u0105. <\/p>\n","protected":false},"excerpt":{"rendered":"<p>W Nowym Wi\u015bniczu ma powsta\u0107 nowe przedszkole. Jego lokalizacja planowana jest na fundamentach obok Zespo\u0142u Szk\u00f3\u0142 Gminnych przy ul. Lipnickiej. <\/p>\n","protected":false},"author":4,"featured_media":0,"comment_status":"open","ping_status":"closed","sticky":false,"template":"","format":"standard","meta":{"_acf_changed":false,"footnotes":""},"categories":[5],"tags":[17421,17253,17326,17216,17118,1941,17287,17623,17279,17138],"class_list":["post-5523","post","type-post","status-publish","format-standard","hentry","category-biezace-wydarzenia","tag-burmistrz","tag-dotacja","tag-dzieci","tag-inwestycja","tag-wisnicz","tag-plany","tag-projekt","tag-przedszkolaki","tag-przedszkole","tag-stanislaw-gaworczyk"],"acf":[],"yoast_head":"<!-- This site is optimized with the Yoast SEO plugin v26.9 - https:\/\/yoast.com\/product\/yoast-seo-wordpress\/ -->\n<title>W Wi\u015bniczu ma powsta\u0107 nowe przedszkole - mojabochnia.pl - portal informacyjny<\/title>\n<meta name=\"robots\" content=\"index, follow, max-snippet:-1, max-image-preview:large, max-video-preview:-1\" \/>\n<link rel=\"canonical\" href=\"https:\/\/www.mojabochnia.pl\/?p=5523\" \/>\n<meta property=\"og:locale\" content=\"pl_PL\" \/>\n<meta property=\"og:type\" content=\"article\" \/>\n<meta property=\"og:title\" content=\"W Wi\u015bniczu ma powsta\u0107 nowe przedszkole - mojabochnia.pl - portal informacyjny\" \/>\n<meta property=\"og:description\" content=\"W Nowym Wi\u015bniczu ma powsta\u0107 nowe przedszkole. Jego lokalizacja planowana jest na fundamentach obok Zespo\u0142u Szk\u00f3\u0142 Gminnych przy ul. Lipnickiej.\" \/>\n<meta property=\"og:url\" content=\"https:\/\/www.mojabochnia.pl\/?p=5523\" \/>\n<meta property=\"og:site_name\" content=\"mojabochnia.pl - portal informacyjny\" \/>\n<meta property=\"article:publisher\" content=\"https:\/\/www.facebook.com\/mojabochnia\" \/>\n<meta property=\"article:published_time\" content=\"2009-02-17T07:02:31+00:00\" \/>\n<meta name=\"author\" content=\"Pawe\u0142 Michalczyk\" \/>\n<meta name=\"twitter:card\" content=\"summary_large_image\" \/>\n<meta name=\"twitter:label1\" content=\"Written by\" \/>\n\t<meta name=\"twitter:data1\" content=\"Pawe\u0142 Michalczyk\" \/>\n\t<meta name=\"twitter:label2\" content=\"Est. reading time\" \/>\n\t<meta name=\"twitter:data2\" content=\"1 minuta\" \/>\n<script type=\"application\/ld+json\" class=\"yoast-schema-graph\">{\"@context\":\"https:\/\/schema.org\",\"@graph\":[{\"@type\":\"Article\",\"@id\":\"https:\/\/www.mojabochnia.pl\/?p=5523#article\",\"isPartOf\":{\"@id\":\"https:\/\/www.mojabochnia.pl\/?p=5523\"},\"author\":{\"name\":\"Pawe\u0142 Michalczyk\",\"@id\":\"https:\/\/www.mojabochnia.pl\/#\/schema\/person\/ea042e4724a77627963f02166828ead4\"},\"headline\":\"W Wi\u015bniczu ma powsta\u0107 nowe przedszkole\",\"datePublished\":\"2009-02-17T07:02:31+00:00\",\"mainEntityOfPage\":{\"@id\":\"https:\/\/www.mojabochnia.pl\/?p=5523\"},\"wordCount\":160,\"commentCount\":15,\"publisher\":{\"@id\":\"https:\/\/www.mojabochnia.pl\/#organization\"},\"keywords\":[\"burmistrz\",\"dotacja\",\"dzieci\",\"inwestycja\",\"Nowy Wi\u015bnicz\",\"plany\",\"projekt\",\"przedszkolaki\",\"przedszkole\",\"stanis\u0142aw gaworczyk\"],\"articleSection\":[\"2_ostatnie\"],\"inLanguage\":\"pl-PL\",\"potentialAction\":[{\"@type\":\"CommentAction\",\"name\":\"Comment\",\"target\":[\"https:\/\/www.mojabochnia.pl\/?p=5523#respond\"]}]},{\"@type\":\"WebPage\",\"@id\":\"https:\/\/www.mojabochnia.pl\/?p=5523\",\"url\":\"https:\/\/www.mojabochnia.pl\/?p=5523\",\"name\":\"W Wi\u015bniczu ma powsta\u0107 nowe przedszkole - mojabochnia.pl - portal informacyjny\",\"isPartOf\":{\"@id\":\"https:\/\/www.mojabochnia.pl\/#website\"},\"datePublished\":\"2009-02-17T07:02:31+00:00\",\"breadcrumb\":{\"@id\":\"https:\/\/www.mojabochnia.pl\/?p=5523#breadcrumb\"},\"inLanguage\":\"pl-PL\",\"potentialAction\":[{\"@type\":\"ReadAction\",\"target\":[\"https:\/\/www.mojabochnia.pl\/?p=5523\"]}]},{\"@type\":\"BreadcrumbList\",\"@id\":\"https:\/\/www.mojabochnia.pl\/?p=5523#breadcrumb\",\"itemListElement\":[{\"@type\":\"ListItem\",\"position\":1,\"name\":\"Home\",\"item\":\"https:\/\/www.mojabochnia.pl\/\"},{\"@type\":\"ListItem\",\"position\":2,\"name\":\"W Wi\u015bniczu ma powsta\u0107 nowe przedszkole\"}]},{\"@type\":\"WebSite\",\"@id\":\"https:\/\/www.mojabochnia.pl\/#website\",\"url\":\"https:\/\/www.mojabochnia.pl\/\",\"name\":\"mojabochnia.pl - portal informacyjny\",\"description\":\"mojaBochnia to portal informacyjny o Bochni. Codziennie o Bochni piszemy i pokazujemy najwa\u017cniejsze wydarzenia\",\"publisher\":{\"@id\":\"https:\/\/www.mojabochnia.pl\/#organization\"},\"potentialAction\":[{\"@type\":\"SearchAction\",\"target\":{\"@type\":\"EntryPoint\",\"urlTemplate\":\"https:\/\/www.mojabochnia.pl\/?s={search_term_string}\"},\"query-input\":{\"@type\":\"PropertyValueSpecification\",\"valueRequired\":true,\"valueName\":\"search_term_string\"}}],\"inLanguage\":\"pl-PL\"},{\"@type\":\"Organization\",\"@id\":\"https:\/\/www.mojabochnia.pl\/#organization\",\"name\":\"mojabochnia.pl - portal informacyjny\",\"url\":\"https:\/\/www.mojabochnia.pl\/\",\"logo\":{\"@type\":\"ImageObject\",\"inLanguage\":\"pl-PL\",\"@id\":\"https:\/\/www.mojabochnia.pl\/#\/schema\/logo\/image\/\",\"url\":\"https:\/\/www.mojabochnia.pl\/wp-content\/uploads\/2017\/08\/logo-mb-opt.png\",\"contentUrl\":\"https:\/\/www.mojabochnia.pl\/wp-content\/uploads\/2017\/08\/logo-mb-opt.png\",\"width\":250,\"height\":48,\"caption\":\"mojabochnia.pl - portal informacyjny\"},\"image\":{\"@id\":\"https:\/\/www.mojabochnia.pl\/#\/schema\/logo\/image\/\"},\"sameAs\":[\"https:\/\/www.facebook.com\/mojabochnia\"]},{\"@type\":\"Person\",\"@id\":\"https:\/\/www.mojabochnia.pl\/#\/schema\/person\/ea042e4724a77627963f02166828ead4\",\"name\":\"Pawe\u0142 Michalczyk\",\"url\":\"https:\/\/www.mojabochnia.pl\/?author=4\"}]}<\/script>\n<!-- \/ Yoast SEO plugin. -->","yoast_head_json":{"title":"W Wi\u015bniczu ma powsta\u0107 nowe przedszkole - mojabochnia.pl - portal informacyjny","robots":{"index":"index","follow":"follow","max-snippet":"max-snippet:-1","max-image-preview":"max-image-preview:large","max-video-preview":"max-video-preview:-1"},"canonical":"https:\/\/www.mojabochnia.pl\/?p=5523","og_locale":"pl_PL","og_type":"article","og_title":"W Wi\u015bniczu ma powsta\u0107 nowe przedszkole - mojabochnia.pl - portal informacyjny","og_description":"W Nowym Wi\u015bniczu ma powsta\u0107 nowe przedszkole. Jego lokalizacja planowana jest na fundamentach obok Zespo\u0142u Szk\u00f3\u0142 Gminnych przy ul. Lipnickiej.","og_url":"https:\/\/www.mojabochnia.pl\/?p=5523","og_site_name":"mojabochnia.pl - portal informacyjny","article_publisher":"https:\/\/www.facebook.com\/mojabochnia","article_published_time":"2009-02-17T07:02:31+00:00","author":"Pawe\u0142 Michalczyk","twitter_card":"summary_large_image","twitter_misc":{"Written by":"Pawe\u0142 Michalczyk","Est. reading time":"1 minuta"},"schema":{"@context":"https:\/\/schema.org","@graph":[{"@type":"Article","@id":"https:\/\/www.mojabochnia.pl\/?p=5523#article","isPartOf":{"@id":"https:\/\/www.mojabochnia.pl\/?p=5523"},"author":{"name":"Pawe\u0142 Michalczyk","@id":"https:\/\/www.mojabochnia.pl\/#\/schema\/person\/ea042e4724a77627963f02166828ead4"},"headline":"W Wi\u015bniczu ma powsta\u0107 nowe przedszkole","datePublished":"2009-02-17T07:02:31+00:00","mainEntityOfPage":{"@id":"https:\/\/www.mojabochnia.pl\/?p=5523"},"wordCount":160,"commentCount":15,"publisher":{"@id":"https:\/\/www.mojabochnia.pl\/#organization"},"keywords":["burmistrz","dotacja","dzieci","inwestycja","Nowy Wi\u015bnicz","plany","projekt","przedszkolaki","przedszkole","stanis\u0142aw gaworczyk"],"articleSection":["2_ostatnie"],"inLanguage":"pl-PL","potentialAction":[{"@type":"CommentAction","name":"Comment","target":["https:\/\/www.mojabochnia.pl\/?p=5523#respond"]}]},{"@type":"WebPage","@id":"https:\/\/www.mojabochnia.pl\/?p=5523","url":"https:\/\/www.mojabochnia.pl\/?p=5523","name":"W Wi\u015bniczu ma powsta\u0107 nowe przedszkole - mojabochnia.pl - portal informacyjny","isPartOf":{"@id":"https:\/\/www.mojabochnia.pl\/#website"},"datePublished":"2009-02-17T07:02:31+00:00","breadcrumb":{"@id":"https:\/\/www.mojabochnia.pl\/?p=5523#breadcrumb"},"inLanguage":"pl-PL","potentialAction":[{"@type":"ReadAction","target":["https:\/\/www.mojabochnia.pl\/?p=5523"]}]},{"@type":"BreadcrumbList","@id":"https:\/\/www.mojabochnia.pl\/?p=5523#breadcrumb","itemListElement":[{"@type":"ListItem","position":1,"name":"Home","item":"https:\/\/www.mojabochnia.pl\/"},{"@type":"ListItem","position":2,"name":"W Wi\u015bniczu ma powsta\u0107 nowe przedszkole"}]},{"@type":"WebSite","@id":"https:\/\/www.mojabochnia.pl\/#website","url":"https:\/\/www.mojabochnia.pl\/","name":"mojabochnia.pl - portal informacyjny","description":"mojaBochnia to portal informacyjny o Bochni. Codziennie o Bochni piszemy i pokazujemy najwa\u017cniejsze wydarzenia","publisher":{"@id":"https:\/\/www.mojabochnia.pl\/#organization"},"potentialAction":[{"@type":"SearchAction","target":{"@type":"EntryPoint","urlTemplate":"https:\/\/www.mojabochnia.pl\/?s={search_term_string}"},"query-input":{"@type":"PropertyValueSpecification","valueRequired":true,"valueName":"search_term_string"}}],"inLanguage":"pl-PL"},{"@type":"Organization","@id":"https:\/\/www.mojabochnia.pl\/#organization","name":"mojabochnia.pl - portal informacyjny","url":"https:\/\/www.mojabochnia.pl\/","logo":{"@type":"ImageObject","inLanguage":"pl-PL","@id":"https:\/\/www.mojabochnia.pl\/#\/schema\/logo\/image\/","url":"https:\/\/www.mojabochnia.pl\/wp-content\/uploads\/2017\/08\/logo-mb-opt.png","contentUrl":"https:\/\/www.mojabochnia.pl\/wp-content\/uploads\/2017\/08\/logo-mb-opt.png","width":250,"height":48,"caption":"mojabochnia.pl - portal informacyjny"},"image":{"@id":"https:\/\/www.mojabochnia.pl\/#\/schema\/logo\/image\/"},"sameAs":["https:\/\/www.facebook.com\/mojabochnia"]},{"@type":"Person","@id":"https:\/\/www.mojabochnia.pl\/#\/schema\/person\/ea042e4724a77627963f02166828ead4","name":"Pawe\u0142 Michalczyk","url":"https:\/\/www.mojabochnia.pl\/?author=4"}]}},"_links":{"self":[{"href":"https:\/\/www.mojabochnia.pl\/index.php?rest_route=\/wp\/v2\/posts\/5523","targetHints":{"allow":["GET"]}}],"collection":[{"href":"https:\/\/www.mojabochnia.pl\/index.php?rest_route=\/wp\/v2\/posts"}],"about":[{"href":"https:\/\/www.mojabochnia.pl\/index.php?rest_route=\/wp\/v2\/types\/post"}],"author":[{"embeddable":true,"href":"https:\/\/www.mojabochnia.pl\/index.php?rest_route=\/wp\/v2\/users\/4"}],"replies":[{"embeddable":true,"href":"https:\/\/www.mojabochnia.pl\/index.php?rest_route=%2Fwp%2Fv2%2Fcomments&post=5523"}],"version-history":[{"count":0,"href":"https:\/\/www.mojabochnia.pl\/index.php?rest_route=\/wp\/v2\/posts\/5523\/revisions"}],"wp:attachment":[{"href":"https:\/\/www.mojabochnia.pl\/index.php?rest_route=%2Fwp%2Fv2%2Fmedia&parent=5523"}],"wp:term":[{"taxonomy":"category","embeddable":true,"href":"https:\/\/www.mojabochnia.pl\/index.php?rest_route=%2Fwp%2Fv2%2Fcategories&post=5523"},{"taxonomy":"post_tag","embeddable":true,"href":"https:\/\/www.mojabochnia.pl\/index.php?rest_route=%2Fwp%2Fv2%2Ftags&post=5523"}],"curies":[{"name":"wp","href":"https:\/\/api.w.org\/{rel}","templated":true}]}}