{"id":5516,"date":"2009-02-17T06:38:11","date_gmt":"2009-02-17T05:38:11","guid":{"rendered":"http:\/\/www.mojabochnia.pl\/?p=5516"},"modified":"2009-04-16T12:44:21","modified_gmt":"2009-04-16T10:44:21","slug":"usuwanie-sniegu-z-centrum-miasta","status":"publish","type":"post","link":"https:\/\/www.mojabochnia.pl\/?p=5516","title":{"rendered":"Usuwanie \u015bniegu z centrum miasta"},"content":{"rendered":"<p>Poniewa\u017c opady by\u0142y wyj\u0105tkowo obfite, s\u0142u\u017cby maj\u0105 bardzo du\u017co pracy i licz\u0105 na wyrozumia\u0142o\u015b\u0107 kierowc\u00f3w i mieszka\u0144c\u00f3w. Jak m\u00f3wi S\u0142awomir Ko\u0142odziej, prezes BZUK, \u015bnieg z centrum miasta wywo\u017c\u0105 dwie koparki i cztery samochody. \u2013 <em>W poniedzia\u0142ek zacz\u0119li\u015bmy od ul. Dominika\u0144skiej, p\u00f3\u017aniej ul. Solna, Ko\u015bciuszki wzd\u0142u\u017c rynku, plac \u015bw. Kingi, Wolnica i systematycznie promieniami b\u0119dziemy si\u0119 oddala\u0107 od rynku<\/em> \u2013 m\u00f3wi. <\/p>\n<p>Dzisiaj \u015bnieg ma by\u0107 usuwany wzd\u0142u\u017c ulicy Ko\u015bciuszki, Kazimierza Wielkiego i inne ulice. Opr\u00f3cz tego po mie\u015bcie kursuj\u0105 3 solarki oraz 4 traktory z posypywarkami. Opr\u00f3cz tego pracownicy BZUK od\u015bnie\u017caj\u0105 boche\u0144skie chodniki oraz przej\u015bcia dla pieszych. \u015anieg jest wywo\u017cony na teren przysz\u0142ej targowicy przy Partyzant\u00f3w. <\/p>\n<p>\u015anieg z boche\u0144skich ulic wywozi r\u00f3wnie\u017c firma TMGM. Jak poinformowa\u0142 nas Kazimierz Go\u0142das, w ci\u0105gu trzech nocy wywioz\u0142a ona \u015bnieg z nast\u0119puj\u0105cych ulic:<br \/>\n&#8211; Kowalska (1\/3 d\u0142ugo\u015bci \u2013 reszta BZUK)<br \/>\n&#8211; Solna G\u00f3ra<br \/>\n&#8211; Go\u0142\u0119bia<br \/>\n&#8211; Czackiego<br \/>\n&#8211; R\u00f3\u017cana<br \/>\n&#8211; Bia\u0142a<br \/>\n&#8211; Kraszewskiego (od Szko\u0142y Muzycznej do \u015bwiate\u0142)<br \/>\n&#8211; Zatoki autobusowe: przy MDK, przy PKP.<\/p>\n<p>Warto doda\u0107, \u017ce obowi\u0105zkiem w\u0142a\u015bcicieli b\u0105d\u017a administrator\u00f3w budynk\u00f3w jest usuwanie sopli i nawis\u00f3w \u015bnie\u017cnych. Cz\u0119sto obowi\u0105zek ten zlecany jest stra\u017cy po\u017carnej.<\/p>\n<p><img decoding=\"async\" src=\"http:\/\/www.mojabochnia.pl\/f\/2009\/02\/090217_pm_zwaly_sniegu2.jpg\" \/><\/p>\n<p>[fot. A. Nizio\u0142ek]<\/p>\n","protected":false},"excerpt":{"rendered":"<p>W Bochni od rana trwa intensywne usuwanie \u015bniegu. Pracownicy Boche\u0144skich Zak\u0142ad\u00f3w Us\u0142ug Komunalnych zbieraj\u0105 zwa\u0142y bia\u0142ego puchu przede wszystkim z centrum miasta. <\/p>\n","protected":false},"author":4,"featured_media":0,"comment_status":"open","ping_status":"closed","sticky":false,"template":"","format":"standard","meta":{"_acf_changed":false,"footnotes":""},"categories":[5,11],"tags":[2628,2528,17610,2563,1256,2044,2371,17388,1298,1275,17387],"class_list":["post-5516","post","type-post","status-publish","format-standard","hentry","category-biezace-wydarzenia","category-top-temat","tag-atak-zimy","tag-bochenskie-zaklady-uslug-komunalnych","tag-bzuk","tag-opady","tag-pracownicy","tag-prezes","tag-slawomir-kolodziej","tag-snieg","tag-ul-partyzantow","tag-zaloga","tag-zima"],"acf":[],"yoast_head":"<!-- This site is optimized with the Yoast SEO plugin v26.9 - https:\/\/yoast.com\/product\/yoast-seo-wordpress\/ -->\n<title>Usuwanie \u015bniegu z centrum miasta - mojabochnia.pl - portal informacyjny<\/title>\n<meta name=\"robots\" content=\"index, follow, max-snippet:-1, max-image-preview:large, max-video-preview:-1\" \/>\n<link rel=\"canonical\" href=\"https:\/\/www.mojabochnia.pl\/?p=5516\" \/>\n<meta property=\"og:locale\" content=\"pl_PL\" \/>\n<meta property=\"og:type\" content=\"article\" \/>\n<meta property=\"og:title\" content=\"Usuwanie \u015bniegu z centrum miasta - mojabochnia.pl - portal informacyjny\" \/>\n<meta property=\"og:description\" content=\"W Bochni od rana trwa intensywne usuwanie \u015bniegu. Pracownicy Boche\u0144skich Zak\u0142ad\u00f3w Us\u0142ug Komunalnych zbieraj\u0105 zwa\u0142y bia\u0142ego puchu przede wszystkim z centrum miasta.\" \/>\n<meta property=\"og:url\" content=\"https:\/\/www.mojabochnia.pl\/?p=5516\" \/>\n<meta property=\"og:site_name\" content=\"mojabochnia.pl - portal informacyjny\" \/>\n<meta property=\"article:publisher\" content=\"https:\/\/www.facebook.com\/mojabochnia\" \/>\n<meta property=\"article:published_time\" content=\"2009-02-17T05:38:11+00:00\" \/>\n<meta property=\"article:modified_time\" content=\"2009-04-16T10:44:21+00:00\" \/>\n<meta property=\"og:image\" content=\"http:\/\/www.mojabochnia.pl\/f\/2009\/02\/090217_pm_zwaly_sniegu2.jpg\" \/>\n<meta name=\"author\" content=\"Pawe\u0142 Michalczyk\" \/>\n<meta name=\"twitter:card\" content=\"summary_large_image\" \/>\n<meta name=\"twitter:label1\" content=\"Written by\" \/>\n\t<meta name=\"twitter:data1\" content=\"Pawe\u0142 Michalczyk\" \/>\n\t<meta name=\"twitter:label2\" content=\"Est. reading time\" \/>\n\t<meta name=\"twitter:data2\" content=\"1 minuta\" \/>\n<script type=\"application\/ld+json\" class=\"yoast-schema-graph\">{\"@context\":\"https:\/\/schema.org\",\"@graph\":[{\"@type\":\"Article\",\"@id\":\"https:\/\/www.mojabochnia.pl\/?p=5516#article\",\"isPartOf\":{\"@id\":\"https:\/\/www.mojabochnia.pl\/?p=5516\"},\"author\":{\"name\":\"Pawe\u0142 Michalczyk\",\"@id\":\"https:\/\/www.mojabochnia.pl\/#\/schema\/person\/ea042e4724a77627963f02166828ead4\"},\"headline\":\"Usuwanie \u015bniegu z centrum miasta\",\"datePublished\":\"2009-02-17T05:38:11+00:00\",\"dateModified\":\"2009-04-16T10:44:21+00:00\",\"mainEntityOfPage\":{\"@id\":\"https:\/\/www.mojabochnia.pl\/?p=5516\"},\"wordCount\":243,\"commentCount\":19,\"publisher\":{\"@id\":\"https:\/\/www.mojabochnia.pl\/#organization\"},\"image\":{\"@id\":\"https:\/\/www.mojabochnia.pl\/?p=5516#primaryimage\"},\"thumbnailUrl\":\"http:\/\/www.mojabochnia.pl\/f\/2009\/02\/090217_pm_zwaly_sniegu2.jpg\",\"keywords\":[\"atak zimy\",\"boche\u0144skie zak\u0142ady us\u0142ug komunalnych\",\"bzuk\",\"opady\",\"pracownicy\",\"prezes\",\"s\u0142awomir ko\u0142odziej\",\"\u015bnieg\",\"ul. partyzant\u00f3w\",\"za\u0142oga\",\"zima\"],\"articleSection\":[\"2_ostatnie\",\"3_w centrum uwagi\"],\"inLanguage\":\"pl-PL\",\"potentialAction\":[{\"@type\":\"CommentAction\",\"name\":\"Comment\",\"target\":[\"https:\/\/www.mojabochnia.pl\/?p=5516#respond\"]}]},{\"@type\":\"WebPage\",\"@id\":\"https:\/\/www.mojabochnia.pl\/?p=5516\",\"url\":\"https:\/\/www.mojabochnia.pl\/?p=5516\",\"name\":\"Usuwanie \u015bniegu z centrum miasta - mojabochnia.pl - portal informacyjny\",\"isPartOf\":{\"@id\":\"https:\/\/www.mojabochnia.pl\/#website\"},\"primaryImageOfPage\":{\"@id\":\"https:\/\/www.mojabochnia.pl\/?p=5516#primaryimage\"},\"image\":{\"@id\":\"https:\/\/www.mojabochnia.pl\/?p=5516#primaryimage\"},\"thumbnailUrl\":\"http:\/\/www.mojabochnia.pl\/f\/2009\/02\/090217_pm_zwaly_sniegu2.jpg\",\"datePublished\":\"2009-02-17T05:38:11+00:00\",\"dateModified\":\"2009-04-16T10:44:21+00:00\",\"breadcrumb\":{\"@id\":\"https:\/\/www.mojabochnia.pl\/?p=5516#breadcrumb\"},\"inLanguage\":\"pl-PL\",\"potentialAction\":[{\"@type\":\"ReadAction\",\"target\":[\"https:\/\/www.mojabochnia.pl\/?p=5516\"]}]},{\"@type\":\"ImageObject\",\"inLanguage\":\"pl-PL\",\"@id\":\"https:\/\/www.mojabochnia.pl\/?p=5516#primaryimage\",\"url\":\"http:\/\/www.mojabochnia.pl\/f\/2009\/02\/090217_pm_zwaly_sniegu2.jpg\",\"contentUrl\":\"http:\/\/www.mojabochnia.pl\/f\/2009\/02\/090217_pm_zwaly_sniegu2.jpg\"},{\"@type\":\"BreadcrumbList\",\"@id\":\"https:\/\/www.mojabochnia.pl\/?p=5516#breadcrumb\",\"itemListElement\":[{\"@type\":\"ListItem\",\"position\":1,\"name\":\"Home\",\"item\":\"https:\/\/www.mojabochnia.pl\/\"},{\"@type\":\"ListItem\",\"position\":2,\"name\":\"Usuwanie \u015bniegu z centrum miasta\"}]},{\"@type\":\"WebSite\",\"@id\":\"https:\/\/www.mojabochnia.pl\/#website\",\"url\":\"https:\/\/www.mojabochnia.pl\/\",\"name\":\"mojabochnia.pl - portal informacyjny\",\"description\":\"mojaBochnia to portal informacyjny o Bochni. Codziennie o Bochni piszemy i pokazujemy najwa\u017cniejsze wydarzenia\",\"publisher\":{\"@id\":\"https:\/\/www.mojabochnia.pl\/#organization\"},\"potentialAction\":[{\"@type\":\"SearchAction\",\"target\":{\"@type\":\"EntryPoint\",\"urlTemplate\":\"https:\/\/www.mojabochnia.pl\/?s={search_term_string}\"},\"query-input\":{\"@type\":\"PropertyValueSpecification\",\"valueRequired\":true,\"valueName\":\"search_term_string\"}}],\"inLanguage\":\"pl-PL\"},{\"@type\":\"Organization\",\"@id\":\"https:\/\/www.mojabochnia.pl\/#organization\",\"name\":\"mojabochnia.pl - portal informacyjny\",\"url\":\"https:\/\/www.mojabochnia.pl\/\",\"logo\":{\"@type\":\"ImageObject\",\"inLanguage\":\"pl-PL\",\"@id\":\"https:\/\/www.mojabochnia.pl\/#\/schema\/logo\/image\/\",\"url\":\"https:\/\/www.mojabochnia.pl\/wp-content\/uploads\/2017\/08\/logo-mb-opt.png\",\"contentUrl\":\"https:\/\/www.mojabochnia.pl\/wp-content\/uploads\/2017\/08\/logo-mb-opt.png\",\"width\":250,\"height\":48,\"caption\":\"mojabochnia.pl - portal informacyjny\"},\"image\":{\"@id\":\"https:\/\/www.mojabochnia.pl\/#\/schema\/logo\/image\/\"},\"sameAs\":[\"https:\/\/www.facebook.com\/mojabochnia\"]},{\"@type\":\"Person\",\"@id\":\"https:\/\/www.mojabochnia.pl\/#\/schema\/person\/ea042e4724a77627963f02166828ead4\",\"name\":\"Pawe\u0142 Michalczyk\",\"url\":\"https:\/\/www.mojabochnia.pl\/?author=4\"}]}<\/script>\n<!-- \/ Yoast SEO plugin. -->","yoast_head_json":{"title":"Usuwanie \u015bniegu z centrum miasta - mojabochnia.pl - portal informacyjny","robots":{"index":"index","follow":"follow","max-snippet":"max-snippet:-1","max-image-preview":"max-image-preview:large","max-video-preview":"max-video-preview:-1"},"canonical":"https:\/\/www.mojabochnia.pl\/?p=5516","og_locale":"pl_PL","og_type":"article","og_title":"Usuwanie \u015bniegu z centrum miasta - mojabochnia.pl - portal informacyjny","og_description":"W Bochni od rana trwa intensywne usuwanie \u015bniegu. Pracownicy Boche\u0144skich Zak\u0142ad\u00f3w Us\u0142ug Komunalnych zbieraj\u0105 zwa\u0142y bia\u0142ego puchu przede wszystkim z centrum miasta.","og_url":"https:\/\/www.mojabochnia.pl\/?p=5516","og_site_name":"mojabochnia.pl - portal informacyjny","article_publisher":"https:\/\/www.facebook.com\/mojabochnia","article_published_time":"2009-02-17T05:38:11+00:00","article_modified_time":"2009-04-16T10:44:21+00:00","og_image":[{"url":"http:\/\/www.mojabochnia.pl\/f\/2009\/02\/090217_pm_zwaly_sniegu2.jpg","type":"","width":"","height":""}],"author":"Pawe\u0142 Michalczyk","twitter_card":"summary_large_image","twitter_misc":{"Written by":"Pawe\u0142 Michalczyk","Est. reading time":"1 minuta"},"schema":{"@context":"https:\/\/schema.org","@graph":[{"@type":"Article","@id":"https:\/\/www.mojabochnia.pl\/?p=5516#article","isPartOf":{"@id":"https:\/\/www.mojabochnia.pl\/?p=5516"},"author":{"name":"Pawe\u0142 Michalczyk","@id":"https:\/\/www.mojabochnia.pl\/#\/schema\/person\/ea042e4724a77627963f02166828ead4"},"headline":"Usuwanie \u015bniegu z centrum miasta","datePublished":"2009-02-17T05:38:11+00:00","dateModified":"2009-04-16T10:44:21+00:00","mainEntityOfPage":{"@id":"https:\/\/www.mojabochnia.pl\/?p=5516"},"wordCount":243,"commentCount":19,"publisher":{"@id":"https:\/\/www.mojabochnia.pl\/#organization"},"image":{"@id":"https:\/\/www.mojabochnia.pl\/?p=5516#primaryimage"},"thumbnailUrl":"http:\/\/www.mojabochnia.pl\/f\/2009\/02\/090217_pm_zwaly_sniegu2.jpg","keywords":["atak zimy","boche\u0144skie zak\u0142ady us\u0142ug komunalnych","bzuk","opady","pracownicy","prezes","s\u0142awomir ko\u0142odziej","\u015bnieg","ul. partyzant\u00f3w","za\u0142oga","zima"],"articleSection":["2_ostatnie","3_w centrum uwagi"],"inLanguage":"pl-PL","potentialAction":[{"@type":"CommentAction","name":"Comment","target":["https:\/\/www.mojabochnia.pl\/?p=5516#respond"]}]},{"@type":"WebPage","@id":"https:\/\/www.mojabochnia.pl\/?p=5516","url":"https:\/\/www.mojabochnia.pl\/?p=5516","name":"Usuwanie \u015bniegu z centrum miasta - mojabochnia.pl - portal informacyjny","isPartOf":{"@id":"https:\/\/www.mojabochnia.pl\/#website"},"primaryImageOfPage":{"@id":"https:\/\/www.mojabochnia.pl\/?p=5516#primaryimage"},"image":{"@id":"https:\/\/www.mojabochnia.pl\/?p=5516#primaryimage"},"thumbnailUrl":"http:\/\/www.mojabochnia.pl\/f\/2009\/02\/090217_pm_zwaly_sniegu2.jpg","datePublished":"2009-02-17T05:38:11+00:00","dateModified":"2009-04-16T10:44:21+00:00","breadcrumb":{"@id":"https:\/\/www.mojabochnia.pl\/?p=5516#breadcrumb"},"inLanguage":"pl-PL","potentialAction":[{"@type":"ReadAction","target":["https:\/\/www.mojabochnia.pl\/?p=5516"]}]},{"@type":"ImageObject","inLanguage":"pl-PL","@id":"https:\/\/www.mojabochnia.pl\/?p=5516#primaryimage","url":"http:\/\/www.mojabochnia.pl\/f\/2009\/02\/090217_pm_zwaly_sniegu2.jpg","contentUrl":"http:\/\/www.mojabochnia.pl\/f\/2009\/02\/090217_pm_zwaly_sniegu2.jpg"},{"@type":"BreadcrumbList","@id":"https:\/\/www.mojabochnia.pl\/?p=5516#breadcrumb","itemListElement":[{"@type":"ListItem","position":1,"name":"Home","item":"https:\/\/www.mojabochnia.pl\/"},{"@type":"ListItem","position":2,"name":"Usuwanie \u015bniegu z centrum miasta"}]},{"@type":"WebSite","@id":"https:\/\/www.mojabochnia.pl\/#website","url":"https:\/\/www.mojabochnia.pl\/","name":"mojabochnia.pl - portal informacyjny","description":"mojaBochnia to portal informacyjny o Bochni. Codziennie o Bochni piszemy i pokazujemy najwa\u017cniejsze wydarzenia","publisher":{"@id":"https:\/\/www.mojabochnia.pl\/#organization"},"potentialAction":[{"@type":"SearchAction","target":{"@type":"EntryPoint","urlTemplate":"https:\/\/www.mojabochnia.pl\/?s={search_term_string}"},"query-input":{"@type":"PropertyValueSpecification","valueRequired":true,"valueName":"search_term_string"}}],"inLanguage":"pl-PL"},{"@type":"Organization","@id":"https:\/\/www.mojabochnia.pl\/#organization","name":"mojabochnia.pl - portal informacyjny","url":"https:\/\/www.mojabochnia.pl\/","logo":{"@type":"ImageObject","inLanguage":"pl-PL","@id":"https:\/\/www.mojabochnia.pl\/#\/schema\/logo\/image\/","url":"https:\/\/www.mojabochnia.pl\/wp-content\/uploads\/2017\/08\/logo-mb-opt.png","contentUrl":"https:\/\/www.mojabochnia.pl\/wp-content\/uploads\/2017\/08\/logo-mb-opt.png","width":250,"height":48,"caption":"mojabochnia.pl - portal informacyjny"},"image":{"@id":"https:\/\/www.mojabochnia.pl\/#\/schema\/logo\/image\/"},"sameAs":["https:\/\/www.facebook.com\/mojabochnia"]},{"@type":"Person","@id":"https:\/\/www.mojabochnia.pl\/#\/schema\/person\/ea042e4724a77627963f02166828ead4","name":"Pawe\u0142 Michalczyk","url":"https:\/\/www.mojabochnia.pl\/?author=4"}]}},"_links":{"self":[{"href":"https:\/\/www.mojabochnia.pl\/index.php?rest_route=\/wp\/v2\/posts\/5516","targetHints":{"allow":["GET"]}}],"collection":[{"href":"https:\/\/www.mojabochnia.pl\/index.php?rest_route=\/wp\/v2\/posts"}],"about":[{"href":"https:\/\/www.mojabochnia.pl\/index.php?rest_route=\/wp\/v2\/types\/post"}],"author":[{"embeddable":true,"href":"https:\/\/www.mojabochnia.pl\/index.php?rest_route=\/wp\/v2\/users\/4"}],"replies":[{"embeddable":true,"href":"https:\/\/www.mojabochnia.pl\/index.php?rest_route=%2Fwp%2Fv2%2Fcomments&post=5516"}],"version-history":[{"count":0,"href":"https:\/\/www.mojabochnia.pl\/index.php?rest_route=\/wp\/v2\/posts\/5516\/revisions"}],"wp:attachment":[{"href":"https:\/\/www.mojabochnia.pl\/index.php?rest_route=%2Fwp%2Fv2%2Fmedia&parent=5516"}],"wp:term":[{"taxonomy":"category","embeddable":true,"href":"https:\/\/www.mojabochnia.pl\/index.php?rest_route=%2Fwp%2Fv2%2Fcategories&post=5516"},{"taxonomy":"post_tag","embeddable":true,"href":"https:\/\/www.mojabochnia.pl\/index.php?rest_route=%2Fwp%2Fv2%2Ftags&post=5516"}],"curies":[{"name":"wp","href":"https:\/\/api.w.org\/{rel}","templated":true}]}}