{"id":5511,"date":"2009-02-16T12:17:53","date_gmt":"2009-02-16T11:17:53","guid":{"rendered":"http:\/\/www.mojabochnia.pl\/?p=5511"},"modified":"2009-02-16T12:19:19","modified_gmt":"2009-02-16T11:19:19","slug":"powrot-do-historii-w-psp-2","status":"publish","type":"post","link":"https:\/\/www.mojabochnia.pl\/?p=5511","title":{"rendered":"Powr\u00f3t do historii w PSP 2"},"content":{"rendered":"<p>14 lutego 1942 roku Zwi\u0105zek Walki Zbrojnej przekszta\u0142cono w Armi\u0119 Krajow\u0105. W przeddzie\u0144 rocznicy, grono pedagogiczne wraz z uczniami boche\u0144skiej podstaw\u00f3wki przedstawili program artystyczny pod has\u0142em \u201eZa Wasz\u0105 wiar\u0119, co k\u0142ama\u0107 nie umie, za Wasz\u0105 moc co da\u0142a czyny\u201d. <\/p>\n<p>Jako pierwszy g\u0142os zabra\u0142 Zbigniew Siudak &#8211; \u017co\u0142nierz z oddzia\u0142u AK w Bochni. W swoim wyk\u0142adzie opowiada\u0142 o historii Armii Krajowej, i przemianach jaki w niej zachodzi\u0142y. &#8211; Nazwa tej \u2013 najwi\u0119kszej w okupowanej Europie Armii Podziemnej \u2013 sta\u0142a si\u0119 symbolem niez\u0142omnej walki o utraconej niepodleg\u0142o\u015bci i niezawis\u0142o\u015bci \u2013 m\u00f3wi\u0142. To w\u0142a\u015bnie Zbigniew Siudak, sam b\u0119d\u0105cy absolwentem PSP 2,  wyszed\u0142 kilka tygodni temu z inicjatyw\u0105 zorganizowania tej uroczysto\u015bci.<\/p>\n<p>Kolejnym punktem obchod\u00f3w rocznicy by\u0142 program artystyczny (monta\u017c muzyczno-s\u0142owny) przygotowany przez uczni\u00f3w najstarszych klas. Recytacja przeplatana \u017co\u0142nierskimi piosenkami wywo\u0142a\u0142a wzruszenie u przyby\u0142ych go\u015bci. <\/p>\n<p>Jako kolejny zabra\u0142 g\u0142os Robert Springwald, kurator wystawy z Muzeum AK w Krakowie. W swojej wypowiedzi zach\u0119ci\u0142 do piel\u0119gnowania patriotyzmu, to\u017csamo\u015bci narodowej. Podkre\u015bli\u0142 r\u00f3wnie\u017c, jak wa\u017cne jest organizowanie takich uroczysto\u015bci. Zaprosi\u0142 i przedstawi\u0142 go\u015bcia specjalnego \u2013 W\u0142odzimierza Brodeckiego (pseudonim Wawka), b\u0119d\u0105cego pierwszym U\u0142anem Rzeczpospolitej. Robert Springwald przywi\u00f3z\u0142 ze sob\u0105 eksponaty muzealne z Muzeum AK w Krakowie, kt\u00f3re mogli podziwia\u0107 uczniowie oraz przybyli go\u015bcie. Od 14 lutego wystawa ta jest prezentowana w holu Kopalni Soli w Bochni.<\/p>\n<p>Na zak\u0144czenie dr hab. Teofil Wojciechowski \u2013 by\u0142y burmistrz, a obecnie  przedstawiciel IPN-u, z\u0142o\u017cy\u0142 na r\u0119ce Dyrektora Szko\u0142y teki edukacyjne, maj\u0105ce by\u0107 pomoc\u0105 dla nauczycieli w prowadzeniu lekcji historii.<\/p>\n<p><img decoding=\"async\" src=\"\/f\/2009\/02\/090213_an_psp2_celina_dzwigaj.jpg\" alt=\"null\" \/><\/p>\n<p>W\u015br\u00f3d zaproszonych go\u015bci byli cz\u0142onkowie \u015awiatowego Zwi\u0105zku \u017bo\u0142nierzy Armii Krajowej. &#8211; Podoba\u0142o mi si\u0119 bardzo. Przede wszystkim, cz\u0142owiek wraca do wspomnie\u0144. Czuj\u0119 si\u0119 zaszczycona, \u017ce by\u0142am tu zaproszona. R\u00f3wnocze\u015bnie bardzo wzruszona, bo przypominaj\u0105 mi si\u0119 w\u0142a\u015bnie lata m\u0142odo\u015bci. Ja maj\u0105c 16 lat sk\u0142ada\u0142am przysi\u0119g\u0119, \u017ce b\u0119d\u0119 walczy\u0107 o wolno\u015b\u0107. Moim has\u0142em by\u0142o \u2013 B\u00f3g, Honor, Ojczyzna. \u2013 m\u00f3wi Celina D\u017awigaj, cz\u0142onkini \u015aZ\u017bAK.<\/p>\n<p>W\u015br\u00f3d obecnych znale\u017ali si\u0119 r\u00f3wnie\u017c: dyrektorzy szk\u00f3\u0142 z terenu powiatu boche\u0144skiego wraz z pocztami sztandarowymi, Ireneusz Sobas \u2013 sekretarz Miasta, Halina Olszewska \u2013 wizytator Ma\u0142opolskiego Kuratorium O\u015bwiaty, Dorota Palej-Maliszczak \u2013 Dyrektor Miejskiego Zespo\u0142u Edukacji oraz wielu innych go\u015bci. Powita\u0142 ich dyrektor PSP 2 Zbigniew Solak.<\/p>\n<p><img decoding=\"async\" src=\"\/f\/2009\/02\/090213_an_psp2_robert_springwald_wlodzimierz_brodecki.jpg\" alt=\"null\" \/><\/p>\n","protected":false},"excerpt":{"rendered":"<p>\u201eJe\u017celi my nie b\u0119dziemy dba\u0107 o nasze symbole narodowe, to nikt za nas tego nie zrobi\u201d. Obchody 67 rocznicy przemianowania ZWZ w AK w szkole podstawowej nr 2.<\/p>\n","protected":false},"author":1,"featured_media":0,"comment_status":"open","ping_status":"closed","sticky":false,"template":"","format":"standard","meta":{"_acf_changed":false,"footnotes":""},"categories":[5],"tags":[2559,1579,17146,17290,17424,17337,2560,17293,159,731,17327,17157,174,155,2558],"class_list":["post-5511","post","type-post","status-publish","format-standard","hentry","category-biezace-wydarzenia","tag-armia-krajowa","tag-ireneusz-sobas","tag-kopalnia-soli","tag-muzeum","tag-obchody","tag-patriotyzm","tag-robert-springwald","tag-rocznica","tag-szkola-podstawowa-nr-2","tag-uczniowie","tag-uroczystosc","tag-wystawa","tag-zbigniew-siudak","tag-zbigniew-solak","tag-zwiazek-walki-zbrojnej"],"acf":[],"yoast_head":"<!-- This site is optimized with the Yoast SEO plugin v26.9 - https:\/\/yoast.com\/product\/yoast-seo-wordpress\/ -->\n<title>Powr\u00f3t do historii w PSP 2 - mojabochnia.pl - portal informacyjny<\/title>\n<meta name=\"robots\" content=\"index, follow, max-snippet:-1, max-image-preview:large, max-video-preview:-1\" \/>\n<link rel=\"canonical\" href=\"https:\/\/www.mojabochnia.pl\/?p=5511\" \/>\n<meta property=\"og:locale\" content=\"pl_PL\" \/>\n<meta property=\"og:type\" content=\"article\" \/>\n<meta property=\"og:title\" content=\"Powr\u00f3t do historii w PSP 2 - mojabochnia.pl - portal informacyjny\" \/>\n<meta property=\"og:description\" content=\"\u201eJe\u017celi my nie b\u0119dziemy dba\u0107 o nasze symbole narodowe, to nikt za nas tego nie zrobi\u201d. Obchody 67 rocznicy przemianowania ZWZ w AK w szkole podstawowej nr 2.\" \/>\n<meta property=\"og:url\" content=\"https:\/\/www.mojabochnia.pl\/?p=5511\" \/>\n<meta property=\"og:site_name\" content=\"mojabochnia.pl - portal informacyjny\" \/>\n<meta property=\"article:publisher\" content=\"https:\/\/www.facebook.com\/mojabochnia\" \/>\n<meta property=\"article:published_time\" content=\"2009-02-16T11:17:53+00:00\" \/>\n<meta property=\"article:modified_time\" content=\"2009-02-16T11:19:19+00:00\" \/>\n<meta name=\"author\" content=\"administrator\" \/>\n<meta name=\"twitter:card\" content=\"summary_large_image\" \/>\n<meta name=\"twitter:label1\" content=\"Written by\" \/>\n\t<meta name=\"twitter:data1\" content=\"administrator\" \/>\n\t<meta name=\"twitter:label2\" content=\"Est. reading time\" \/>\n\t<meta name=\"twitter:data2\" content=\"2 minuty\" \/>\n<script type=\"application\/ld+json\" class=\"yoast-schema-graph\">{\"@context\":\"https:\/\/schema.org\",\"@graph\":[{\"@type\":\"Article\",\"@id\":\"https:\/\/www.mojabochnia.pl\/?p=5511#article\",\"isPartOf\":{\"@id\":\"https:\/\/www.mojabochnia.pl\/?p=5511\"},\"author\":{\"name\":\"administrator\",\"@id\":\"https:\/\/www.mojabochnia.pl\/#\/schema\/person\/c00e1f64e6fa0e6de6d410f2c340017f\"},\"headline\":\"Powr\u00f3t do historii w PSP 2\",\"datePublished\":\"2009-02-16T11:17:53+00:00\",\"dateModified\":\"2009-02-16T11:19:19+00:00\",\"mainEntityOfPage\":{\"@id\":\"https:\/\/www.mojabochnia.pl\/?p=5511\"},\"wordCount\":425,\"commentCount\":0,\"publisher\":{\"@id\":\"https:\/\/www.mojabochnia.pl\/#organization\"},\"keywords\":[\"armia krajowa\",\"ireneusz sobas\",\"kopalnia soli\",\"muzeum\",\"obchody\",\"patriotyzm\",\"robert springwald\",\"rocznica\",\"szko\u0142a podstawowa nr 2\",\"uczniowie\",\"uroczysto\u015b\u0107\",\"wystawa\",\"zbigniew siudak\",\"zbigniew solak\",\"zwi\u0105zek walki zbrojnej\"],\"articleSection\":[\"2_ostatnie\"],\"inLanguage\":\"pl-PL\",\"potentialAction\":[{\"@type\":\"CommentAction\",\"name\":\"Comment\",\"target\":[\"https:\/\/www.mojabochnia.pl\/?p=5511#respond\"]}]},{\"@type\":\"WebPage\",\"@id\":\"https:\/\/www.mojabochnia.pl\/?p=5511\",\"url\":\"https:\/\/www.mojabochnia.pl\/?p=5511\",\"name\":\"Powr\u00f3t do historii w PSP 2 - mojabochnia.pl - portal informacyjny\",\"isPartOf\":{\"@id\":\"https:\/\/www.mojabochnia.pl\/#website\"},\"datePublished\":\"2009-02-16T11:17:53+00:00\",\"dateModified\":\"2009-02-16T11:19:19+00:00\",\"breadcrumb\":{\"@id\":\"https:\/\/www.mojabochnia.pl\/?p=5511#breadcrumb\"},\"inLanguage\":\"pl-PL\",\"potentialAction\":[{\"@type\":\"ReadAction\",\"target\":[\"https:\/\/www.mojabochnia.pl\/?p=5511\"]}]},{\"@type\":\"BreadcrumbList\",\"@id\":\"https:\/\/www.mojabochnia.pl\/?p=5511#breadcrumb\",\"itemListElement\":[{\"@type\":\"ListItem\",\"position\":1,\"name\":\"Home\",\"item\":\"https:\/\/www.mojabochnia.pl\/\"},{\"@type\":\"ListItem\",\"position\":2,\"name\":\"Powr\u00f3t do historii w PSP 2\"}]},{\"@type\":\"WebSite\",\"@id\":\"https:\/\/www.mojabochnia.pl\/#website\",\"url\":\"https:\/\/www.mojabochnia.pl\/\",\"name\":\"mojabochnia.pl - portal informacyjny\",\"description\":\"mojaBochnia to portal informacyjny o Bochni. Codziennie o Bochni piszemy i pokazujemy najwa\u017cniejsze wydarzenia\",\"publisher\":{\"@id\":\"https:\/\/www.mojabochnia.pl\/#organization\"},\"potentialAction\":[{\"@type\":\"SearchAction\",\"target\":{\"@type\":\"EntryPoint\",\"urlTemplate\":\"https:\/\/www.mojabochnia.pl\/?s={search_term_string}\"},\"query-input\":{\"@type\":\"PropertyValueSpecification\",\"valueRequired\":true,\"valueName\":\"search_term_string\"}}],\"inLanguage\":\"pl-PL\"},{\"@type\":\"Organization\",\"@id\":\"https:\/\/www.mojabochnia.pl\/#organization\",\"name\":\"mojabochnia.pl - portal informacyjny\",\"url\":\"https:\/\/www.mojabochnia.pl\/\",\"logo\":{\"@type\":\"ImageObject\",\"inLanguage\":\"pl-PL\",\"@id\":\"https:\/\/www.mojabochnia.pl\/#\/schema\/logo\/image\/\",\"url\":\"https:\/\/www.mojabochnia.pl\/wp-content\/uploads\/2017\/08\/logo-mb-opt.png\",\"contentUrl\":\"https:\/\/www.mojabochnia.pl\/wp-content\/uploads\/2017\/08\/logo-mb-opt.png\",\"width\":250,\"height\":48,\"caption\":\"mojabochnia.pl - portal informacyjny\"},\"image\":{\"@id\":\"https:\/\/www.mojabochnia.pl\/#\/schema\/logo\/image\/\"},\"sameAs\":[\"https:\/\/www.facebook.com\/mojabochnia\"]},{\"@type\":\"Person\",\"@id\":\"https:\/\/www.mojabochnia.pl\/#\/schema\/person\/c00e1f64e6fa0e6de6d410f2c340017f\",\"name\":\"administrator\",\"url\":\"https:\/\/www.mojabochnia.pl\/?author=1\"}]}<\/script>\n<!-- \/ Yoast SEO plugin. -->","yoast_head_json":{"title":"Powr\u00f3t do historii w PSP 2 - mojabochnia.pl - portal informacyjny","robots":{"index":"index","follow":"follow","max-snippet":"max-snippet:-1","max-image-preview":"max-image-preview:large","max-video-preview":"max-video-preview:-1"},"canonical":"https:\/\/www.mojabochnia.pl\/?p=5511","og_locale":"pl_PL","og_type":"article","og_title":"Powr\u00f3t do historii w PSP 2 - mojabochnia.pl - portal informacyjny","og_description":"\u201eJe\u017celi my nie b\u0119dziemy dba\u0107 o nasze symbole narodowe, to nikt za nas tego nie zrobi\u201d. Obchody 67 rocznicy przemianowania ZWZ w AK w szkole podstawowej nr 2.","og_url":"https:\/\/www.mojabochnia.pl\/?p=5511","og_site_name":"mojabochnia.pl - portal informacyjny","article_publisher":"https:\/\/www.facebook.com\/mojabochnia","article_published_time":"2009-02-16T11:17:53+00:00","article_modified_time":"2009-02-16T11:19:19+00:00","author":"administrator","twitter_card":"summary_large_image","twitter_misc":{"Written by":"administrator","Est. reading time":"2 minuty"},"schema":{"@context":"https:\/\/schema.org","@graph":[{"@type":"Article","@id":"https:\/\/www.mojabochnia.pl\/?p=5511#article","isPartOf":{"@id":"https:\/\/www.mojabochnia.pl\/?p=5511"},"author":{"name":"administrator","@id":"https:\/\/www.mojabochnia.pl\/#\/schema\/person\/c00e1f64e6fa0e6de6d410f2c340017f"},"headline":"Powr\u00f3t do historii w PSP 2","datePublished":"2009-02-16T11:17:53+00:00","dateModified":"2009-02-16T11:19:19+00:00","mainEntityOfPage":{"@id":"https:\/\/www.mojabochnia.pl\/?p=5511"},"wordCount":425,"commentCount":0,"publisher":{"@id":"https:\/\/www.mojabochnia.pl\/#organization"},"keywords":["armia krajowa","ireneusz sobas","kopalnia soli","muzeum","obchody","patriotyzm","robert springwald","rocznica","szko\u0142a podstawowa nr 2","uczniowie","uroczysto\u015b\u0107","wystawa","zbigniew siudak","zbigniew solak","zwi\u0105zek walki zbrojnej"],"articleSection":["2_ostatnie"],"inLanguage":"pl-PL","potentialAction":[{"@type":"CommentAction","name":"Comment","target":["https:\/\/www.mojabochnia.pl\/?p=5511#respond"]}]},{"@type":"WebPage","@id":"https:\/\/www.mojabochnia.pl\/?p=5511","url":"https:\/\/www.mojabochnia.pl\/?p=5511","name":"Powr\u00f3t do historii w PSP 2 - mojabochnia.pl - portal informacyjny","isPartOf":{"@id":"https:\/\/www.mojabochnia.pl\/#website"},"datePublished":"2009-02-16T11:17:53+00:00","dateModified":"2009-02-16T11:19:19+00:00","breadcrumb":{"@id":"https:\/\/www.mojabochnia.pl\/?p=5511#breadcrumb"},"inLanguage":"pl-PL","potentialAction":[{"@type":"ReadAction","target":["https:\/\/www.mojabochnia.pl\/?p=5511"]}]},{"@type":"BreadcrumbList","@id":"https:\/\/www.mojabochnia.pl\/?p=5511#breadcrumb","itemListElement":[{"@type":"ListItem","position":1,"name":"Home","item":"https:\/\/www.mojabochnia.pl\/"},{"@type":"ListItem","position":2,"name":"Powr\u00f3t do historii w PSP 2"}]},{"@type":"WebSite","@id":"https:\/\/www.mojabochnia.pl\/#website","url":"https:\/\/www.mojabochnia.pl\/","name":"mojabochnia.pl - portal informacyjny","description":"mojaBochnia to portal informacyjny o Bochni. Codziennie o Bochni piszemy i pokazujemy najwa\u017cniejsze wydarzenia","publisher":{"@id":"https:\/\/www.mojabochnia.pl\/#organization"},"potentialAction":[{"@type":"SearchAction","target":{"@type":"EntryPoint","urlTemplate":"https:\/\/www.mojabochnia.pl\/?s={search_term_string}"},"query-input":{"@type":"PropertyValueSpecification","valueRequired":true,"valueName":"search_term_string"}}],"inLanguage":"pl-PL"},{"@type":"Organization","@id":"https:\/\/www.mojabochnia.pl\/#organization","name":"mojabochnia.pl - portal informacyjny","url":"https:\/\/www.mojabochnia.pl\/","logo":{"@type":"ImageObject","inLanguage":"pl-PL","@id":"https:\/\/www.mojabochnia.pl\/#\/schema\/logo\/image\/","url":"https:\/\/www.mojabochnia.pl\/wp-content\/uploads\/2017\/08\/logo-mb-opt.png","contentUrl":"https:\/\/www.mojabochnia.pl\/wp-content\/uploads\/2017\/08\/logo-mb-opt.png","width":250,"height":48,"caption":"mojabochnia.pl - portal informacyjny"},"image":{"@id":"https:\/\/www.mojabochnia.pl\/#\/schema\/logo\/image\/"},"sameAs":["https:\/\/www.facebook.com\/mojabochnia"]},{"@type":"Person","@id":"https:\/\/www.mojabochnia.pl\/#\/schema\/person\/c00e1f64e6fa0e6de6d410f2c340017f","name":"administrator","url":"https:\/\/www.mojabochnia.pl\/?author=1"}]}},"_links":{"self":[{"href":"https:\/\/www.mojabochnia.pl\/index.php?rest_route=\/wp\/v2\/posts\/5511","targetHints":{"allow":["GET"]}}],"collection":[{"href":"https:\/\/www.mojabochnia.pl\/index.php?rest_route=\/wp\/v2\/posts"}],"about":[{"href":"https:\/\/www.mojabochnia.pl\/index.php?rest_route=\/wp\/v2\/types\/post"}],"author":[{"embeddable":true,"href":"https:\/\/www.mojabochnia.pl\/index.php?rest_route=\/wp\/v2\/users\/1"}],"replies":[{"embeddable":true,"href":"https:\/\/www.mojabochnia.pl\/index.php?rest_route=%2Fwp%2Fv2%2Fcomments&post=5511"}],"version-history":[{"count":0,"href":"https:\/\/www.mojabochnia.pl\/index.php?rest_route=\/wp\/v2\/posts\/5511\/revisions"}],"wp:attachment":[{"href":"https:\/\/www.mojabochnia.pl\/index.php?rest_route=%2Fwp%2Fv2%2Fmedia&parent=5511"}],"wp:term":[{"taxonomy":"category","embeddable":true,"href":"https:\/\/www.mojabochnia.pl\/index.php?rest_route=%2Fwp%2Fv2%2Fcategories&post=5511"},{"taxonomy":"post_tag","embeddable":true,"href":"https:\/\/www.mojabochnia.pl\/index.php?rest_route=%2Fwp%2Fv2%2Ftags&post=5511"}],"curies":[{"name":"wp","href":"https:\/\/api.w.org\/{rel}","templated":true}]}}