{"id":55,"date":"2008-07-15T05:46:06","date_gmt":"2008-07-15T03:46:06","guid":{"rendered":"http:\/\/beta.mojabochnia.pl\/?p=55"},"modified":"2008-08-01T12:40:49","modified_gmt":"2008-08-01T10:40:49","slug":"dla-tych-co-kochaja-tanczyc","status":"publish","type":"post","link":"https:\/\/www.mojabochnia.pl\/?p=55","title":{"rendered":"Dla tych co kochaj\u0105 ta\u0144czy\u0107"},"content":{"rendered":"<p>Do udzia\u0142u w zabawie mo\u017ce zg\u0142osi\u0107 si\u0119 ka\u017cdy. Nie ma ogranicze\u0144 wiekowych, jak m\u00f3wi\u0105 organizatorzy  &#8211; Zapraszamy wszystkich lubi\u0105cych ta\u0144czy\u0107 w wieku od lat 6 do 106. W maratonie mog\u0105 wzi\u0105\u0107 udzia\u0142 zar\u00f3wno soli\u015bci jak i pary mieszane. Turniej b\u0119dzie rozgrywany w trzech kategoriach: dzieci od 6 do 12 lat, kt\u00f3re b\u0119d\u0105 ta\u0144czy\u0107 przez 2 godziny, m\u0142odzie\u017c od 12 do 18 lat oraz starsi od 19 lat wzwy\u017c \u2013 ta\u0144cz\u0105 3 godziny. <\/p>\n<p>Uczestnicy zabawy ta\u0144cz\u0105 bez przerwy, ka\u017cde zatrzymanie si\u0119 trwaj\u0105ce d\u0142u\u017cej ni\u017c trzy sek. dyskwalifikuje zawodnika. W przypadku, gdy po up\u0142ywie wyznaczonego czasu na parkiecie zostanie kilka os\u00f3b, zwyci\u0119zc\u0119 wy\u0142oni trzech s\u0119dzi\u00f3w. Jury b\u0119dzie ocenia\u0107 ta\u0144cz\u0105cych pod wzgl\u0119dem estetyki ta\u0144ca \u2013 poczucie rytmu powinno by\u0107 dostosowane do tempa i stylu utworu muzycznego, wa\u017cna te\u017c b\u0119dzie sprawno\u015b\u0107 ruchowa, ekspresja ta\u0144ca oraz estetyka ubioru. <\/p>\n","protected":false},"excerpt":{"rendered":"<p>Miejski o\u015brodek Kultury w Nowym Wi\u015bniczu dla wszystkich mi\u0142o\u015bnik\u00f3w szale\u0144stw na parkiecie organizuje Maraton Ta\u0144ca. Odb\u0119dzie si\u0119 on 31 lipca o godz. 16.00 na wi\u015bnickim basenie. Ch\u0119tni do udzia\u0142u w imprezie powinni zg\u0142osi\u0107 si\u0119 do 28 lipca (termin ostateczny) do wi\u015bnickiego Domu Kultury.<\/p>\n","protected":false},"author":1,"featured_media":0,"comment_status":"open","ping_status":"open","sticky":false,"template":"","format":"standard","meta":{"_acf_changed":false,"footnotes":""},"categories":[5],"tags":[17120,63,17122,17118,17103],"class_list":["post-55","post","type-post","status-publish","format-standard","hentry","category-biezace-wydarzenia","tag-basen","tag-dom-kultury","tag-konkurs","tag-wisnicz","tag-taniec"],"acf":[],"yoast_head":"<!-- This site is optimized with the Yoast SEO plugin v26.9 - https:\/\/yoast.com\/product\/yoast-seo-wordpress\/ -->\n<title>Dla tych co kochaj\u0105 ta\u0144czy\u0107 - mojabochnia.pl - portal informacyjny<\/title>\n<meta name=\"robots\" content=\"index, follow, max-snippet:-1, max-image-preview:large, max-video-preview:-1\" \/>\n<link rel=\"canonical\" href=\"https:\/\/www.mojabochnia.pl\/?p=55\" \/>\n<meta property=\"og:locale\" content=\"pl_PL\" \/>\n<meta property=\"og:type\" content=\"article\" \/>\n<meta property=\"og:title\" content=\"Dla tych co kochaj\u0105 ta\u0144czy\u0107 - mojabochnia.pl - portal informacyjny\" \/>\n<meta property=\"og:description\" content=\"Miejski o\u015brodek Kultury w Nowym Wi\u015bniczu dla wszystkich mi\u0142o\u015bnik\u00f3w szale\u0144stw na parkiecie organizuje Maraton Ta\u0144ca. Odb\u0119dzie si\u0119 on 31 lipca o godz. 16.00 na wi\u015bnickim basenie. Ch\u0119tni do udzia\u0142u w imprezie powinni zg\u0142osi\u0107 si\u0119 do 28 lipca (termin ostateczny) do wi\u015bnickiego Domu Kultury.\" \/>\n<meta property=\"og:url\" content=\"https:\/\/www.mojabochnia.pl\/?p=55\" \/>\n<meta property=\"og:site_name\" content=\"mojabochnia.pl - portal informacyjny\" \/>\n<meta property=\"article:publisher\" content=\"https:\/\/www.facebook.com\/mojabochnia\" \/>\n<meta property=\"article:published_time\" content=\"2008-07-15T03:46:06+00:00\" \/>\n<meta property=\"article:modified_time\" content=\"2008-08-01T10:40:49+00:00\" \/>\n<meta name=\"author\" content=\"administrator\" \/>\n<meta name=\"twitter:card\" content=\"summary_large_image\" \/>\n<meta name=\"twitter:label1\" content=\"Written by\" \/>\n\t<meta name=\"twitter:data1\" content=\"administrator\" \/>\n\t<meta name=\"twitter:label2\" content=\"Est. reading time\" \/>\n\t<meta name=\"twitter:data2\" content=\"1 minuta\" \/>\n<script type=\"application\/ld+json\" class=\"yoast-schema-graph\">{\"@context\":\"https:\/\/schema.org\",\"@graph\":[{\"@type\":\"Article\",\"@id\":\"https:\/\/www.mojabochnia.pl\/?p=55#article\",\"isPartOf\":{\"@id\":\"https:\/\/www.mojabochnia.pl\/?p=55\"},\"author\":{\"name\":\"administrator\",\"@id\":\"https:\/\/www.mojabochnia.pl\/#\/schema\/person\/c00e1f64e6fa0e6de6d410f2c340017f\"},\"headline\":\"Dla tych co kochaj\u0105 ta\u0144czy\u0107\",\"datePublished\":\"2008-07-15T03:46:06+00:00\",\"dateModified\":\"2008-08-01T10:40:49+00:00\",\"mainEntityOfPage\":{\"@id\":\"https:\/\/www.mojabochnia.pl\/?p=55\"},\"wordCount\":162,\"commentCount\":0,\"publisher\":{\"@id\":\"https:\/\/www.mojabochnia.pl\/#organization\"},\"keywords\":[\"basen\",\"dom kultury\",\"konkurs\",\"Nowy Wi\u015bnicz\",\"taniec\"],\"articleSection\":[\"2_ostatnie\"],\"inLanguage\":\"pl-PL\",\"potentialAction\":[{\"@type\":\"CommentAction\",\"name\":\"Comment\",\"target\":[\"https:\/\/www.mojabochnia.pl\/?p=55#respond\"]}]},{\"@type\":\"WebPage\",\"@id\":\"https:\/\/www.mojabochnia.pl\/?p=55\",\"url\":\"https:\/\/www.mojabochnia.pl\/?p=55\",\"name\":\"Dla tych co kochaj\u0105 ta\u0144czy\u0107 - mojabochnia.pl - portal informacyjny\",\"isPartOf\":{\"@id\":\"https:\/\/www.mojabochnia.pl\/#website\"},\"datePublished\":\"2008-07-15T03:46:06+00:00\",\"dateModified\":\"2008-08-01T10:40:49+00:00\",\"breadcrumb\":{\"@id\":\"https:\/\/www.mojabochnia.pl\/?p=55#breadcrumb\"},\"inLanguage\":\"pl-PL\",\"potentialAction\":[{\"@type\":\"ReadAction\",\"target\":[\"https:\/\/www.mojabochnia.pl\/?p=55\"]}]},{\"@type\":\"BreadcrumbList\",\"@id\":\"https:\/\/www.mojabochnia.pl\/?p=55#breadcrumb\",\"itemListElement\":[{\"@type\":\"ListItem\",\"position\":1,\"name\":\"Home\",\"item\":\"https:\/\/www.mojabochnia.pl\/\"},{\"@type\":\"ListItem\",\"position\":2,\"name\":\"Dla tych co kochaj\u0105 ta\u0144czy\u0107\"}]},{\"@type\":\"WebSite\",\"@id\":\"https:\/\/www.mojabochnia.pl\/#website\",\"url\":\"https:\/\/www.mojabochnia.pl\/\",\"name\":\"mojabochnia.pl - portal informacyjny\",\"description\":\"mojaBochnia to portal informacyjny o Bochni. Codziennie o Bochni piszemy i pokazujemy najwa\u017cniejsze wydarzenia\",\"publisher\":{\"@id\":\"https:\/\/www.mojabochnia.pl\/#organization\"},\"potentialAction\":[{\"@type\":\"SearchAction\",\"target\":{\"@type\":\"EntryPoint\",\"urlTemplate\":\"https:\/\/www.mojabochnia.pl\/?s={search_term_string}\"},\"query-input\":{\"@type\":\"PropertyValueSpecification\",\"valueRequired\":true,\"valueName\":\"search_term_string\"}}],\"inLanguage\":\"pl-PL\"},{\"@type\":\"Organization\",\"@id\":\"https:\/\/www.mojabochnia.pl\/#organization\",\"name\":\"mojabochnia.pl - portal informacyjny\",\"url\":\"https:\/\/www.mojabochnia.pl\/\",\"logo\":{\"@type\":\"ImageObject\",\"inLanguage\":\"pl-PL\",\"@id\":\"https:\/\/www.mojabochnia.pl\/#\/schema\/logo\/image\/\",\"url\":\"https:\/\/www.mojabochnia.pl\/wp-content\/uploads\/2017\/08\/logo-mb-opt.png\",\"contentUrl\":\"https:\/\/www.mojabochnia.pl\/wp-content\/uploads\/2017\/08\/logo-mb-opt.png\",\"width\":250,\"height\":48,\"caption\":\"mojabochnia.pl - portal informacyjny\"},\"image\":{\"@id\":\"https:\/\/www.mojabochnia.pl\/#\/schema\/logo\/image\/\"},\"sameAs\":[\"https:\/\/www.facebook.com\/mojabochnia\"]},{\"@type\":\"Person\",\"@id\":\"https:\/\/www.mojabochnia.pl\/#\/schema\/person\/c00e1f64e6fa0e6de6d410f2c340017f\",\"name\":\"administrator\",\"url\":\"https:\/\/www.mojabochnia.pl\/?author=1\"}]}<\/script>\n<!-- \/ Yoast SEO plugin. -->","yoast_head_json":{"title":"Dla tych co kochaj\u0105 ta\u0144czy\u0107 - mojabochnia.pl - portal informacyjny","robots":{"index":"index","follow":"follow","max-snippet":"max-snippet:-1","max-image-preview":"max-image-preview:large","max-video-preview":"max-video-preview:-1"},"canonical":"https:\/\/www.mojabochnia.pl\/?p=55","og_locale":"pl_PL","og_type":"article","og_title":"Dla tych co kochaj\u0105 ta\u0144czy\u0107 - mojabochnia.pl - portal informacyjny","og_description":"Miejski o\u015brodek Kultury w Nowym Wi\u015bniczu dla wszystkich mi\u0142o\u015bnik\u00f3w szale\u0144stw na parkiecie organizuje Maraton Ta\u0144ca. Odb\u0119dzie si\u0119 on 31 lipca o godz. 16.00 na wi\u015bnickim basenie. Ch\u0119tni do udzia\u0142u w imprezie powinni zg\u0142osi\u0107 si\u0119 do 28 lipca (termin ostateczny) do wi\u015bnickiego Domu Kultury.","og_url":"https:\/\/www.mojabochnia.pl\/?p=55","og_site_name":"mojabochnia.pl - portal informacyjny","article_publisher":"https:\/\/www.facebook.com\/mojabochnia","article_published_time":"2008-07-15T03:46:06+00:00","article_modified_time":"2008-08-01T10:40:49+00:00","author":"administrator","twitter_card":"summary_large_image","twitter_misc":{"Written by":"administrator","Est. reading time":"1 minuta"},"schema":{"@context":"https:\/\/schema.org","@graph":[{"@type":"Article","@id":"https:\/\/www.mojabochnia.pl\/?p=55#article","isPartOf":{"@id":"https:\/\/www.mojabochnia.pl\/?p=55"},"author":{"name":"administrator","@id":"https:\/\/www.mojabochnia.pl\/#\/schema\/person\/c00e1f64e6fa0e6de6d410f2c340017f"},"headline":"Dla tych co kochaj\u0105 ta\u0144czy\u0107","datePublished":"2008-07-15T03:46:06+00:00","dateModified":"2008-08-01T10:40:49+00:00","mainEntityOfPage":{"@id":"https:\/\/www.mojabochnia.pl\/?p=55"},"wordCount":162,"commentCount":0,"publisher":{"@id":"https:\/\/www.mojabochnia.pl\/#organization"},"keywords":["basen","dom kultury","konkurs","Nowy Wi\u015bnicz","taniec"],"articleSection":["2_ostatnie"],"inLanguage":"pl-PL","potentialAction":[{"@type":"CommentAction","name":"Comment","target":["https:\/\/www.mojabochnia.pl\/?p=55#respond"]}]},{"@type":"WebPage","@id":"https:\/\/www.mojabochnia.pl\/?p=55","url":"https:\/\/www.mojabochnia.pl\/?p=55","name":"Dla tych co kochaj\u0105 ta\u0144czy\u0107 - mojabochnia.pl - portal informacyjny","isPartOf":{"@id":"https:\/\/www.mojabochnia.pl\/#website"},"datePublished":"2008-07-15T03:46:06+00:00","dateModified":"2008-08-01T10:40:49+00:00","breadcrumb":{"@id":"https:\/\/www.mojabochnia.pl\/?p=55#breadcrumb"},"inLanguage":"pl-PL","potentialAction":[{"@type":"ReadAction","target":["https:\/\/www.mojabochnia.pl\/?p=55"]}]},{"@type":"BreadcrumbList","@id":"https:\/\/www.mojabochnia.pl\/?p=55#breadcrumb","itemListElement":[{"@type":"ListItem","position":1,"name":"Home","item":"https:\/\/www.mojabochnia.pl\/"},{"@type":"ListItem","position":2,"name":"Dla tych co kochaj\u0105 ta\u0144czy\u0107"}]},{"@type":"WebSite","@id":"https:\/\/www.mojabochnia.pl\/#website","url":"https:\/\/www.mojabochnia.pl\/","name":"mojabochnia.pl - portal informacyjny","description":"mojaBochnia to portal informacyjny o Bochni. Codziennie o Bochni piszemy i pokazujemy najwa\u017cniejsze wydarzenia","publisher":{"@id":"https:\/\/www.mojabochnia.pl\/#organization"},"potentialAction":[{"@type":"SearchAction","target":{"@type":"EntryPoint","urlTemplate":"https:\/\/www.mojabochnia.pl\/?s={search_term_string}"},"query-input":{"@type":"PropertyValueSpecification","valueRequired":true,"valueName":"search_term_string"}}],"inLanguage":"pl-PL"},{"@type":"Organization","@id":"https:\/\/www.mojabochnia.pl\/#organization","name":"mojabochnia.pl - portal informacyjny","url":"https:\/\/www.mojabochnia.pl\/","logo":{"@type":"ImageObject","inLanguage":"pl-PL","@id":"https:\/\/www.mojabochnia.pl\/#\/schema\/logo\/image\/","url":"https:\/\/www.mojabochnia.pl\/wp-content\/uploads\/2017\/08\/logo-mb-opt.png","contentUrl":"https:\/\/www.mojabochnia.pl\/wp-content\/uploads\/2017\/08\/logo-mb-opt.png","width":250,"height":48,"caption":"mojabochnia.pl - portal informacyjny"},"image":{"@id":"https:\/\/www.mojabochnia.pl\/#\/schema\/logo\/image\/"},"sameAs":["https:\/\/www.facebook.com\/mojabochnia"]},{"@type":"Person","@id":"https:\/\/www.mojabochnia.pl\/#\/schema\/person\/c00e1f64e6fa0e6de6d410f2c340017f","name":"administrator","url":"https:\/\/www.mojabochnia.pl\/?author=1"}]}},"_links":{"self":[{"href":"https:\/\/www.mojabochnia.pl\/index.php?rest_route=\/wp\/v2\/posts\/55","targetHints":{"allow":["GET"]}}],"collection":[{"href":"https:\/\/www.mojabochnia.pl\/index.php?rest_route=\/wp\/v2\/posts"}],"about":[{"href":"https:\/\/www.mojabochnia.pl\/index.php?rest_route=\/wp\/v2\/types\/post"}],"author":[{"embeddable":true,"href":"https:\/\/www.mojabochnia.pl\/index.php?rest_route=\/wp\/v2\/users\/1"}],"replies":[{"embeddable":true,"href":"https:\/\/www.mojabochnia.pl\/index.php?rest_route=%2Fwp%2Fv2%2Fcomments&post=55"}],"version-history":[{"count":0,"href":"https:\/\/www.mojabochnia.pl\/index.php?rest_route=\/wp\/v2\/posts\/55\/revisions"}],"wp:attachment":[{"href":"https:\/\/www.mojabochnia.pl\/index.php?rest_route=%2Fwp%2Fv2%2Fmedia&parent=55"}],"wp:term":[{"taxonomy":"category","embeddable":true,"href":"https:\/\/www.mojabochnia.pl\/index.php?rest_route=%2Fwp%2Fv2%2Fcategories&post=55"},{"taxonomy":"post_tag","embeddable":true,"href":"https:\/\/www.mojabochnia.pl\/index.php?rest_route=%2Fwp%2Fv2%2Ftags&post=55"}],"curies":[{"name":"wp","href":"https:\/\/api.w.org\/{rel}","templated":true}]}}