{"id":5499,"date":"2009-02-16T10:27:53","date_gmt":"2009-02-16T09:27:53","guid":{"rendered":"http:\/\/www.mojabochnia.pl\/?p=5499"},"modified":"2009-02-16T10:27:53","modified_gmt":"2009-02-16T09:27:53","slug":"znamy-juz-uczestnikow-v-12-godzinnego-podziemnego-biegu-sztafetowego","status":"publish","type":"post","link":"https:\/\/www.mojabochnia.pl\/?p=5499","title":{"rendered":"Znamy ju\u017c uczestnik\u00f3w V 12-godzinnego Podziemnego Biegu Sztafetowego"},"content":{"rendered":"<p>W sumie poprzez internetowy formularz zg\u0142oszeniowy ch\u0119\u0107 wzi\u0119cia udzia\u0142u w imprezie wyrazi\u0142o 106 sztafet (w sumie 424 biegaczy). W miniony pi\u0105tek odby\u0142o si\u0119 losowanie, w wyniku kt\u00f3rego zakwalifikowano do udzia\u0142u w zawodach 45 zespo\u0142\u00f3w. Dodatkowo do udzia\u0142u w imprezie organizatorzy zaprosili jeszcze 10 sztafet. <\/p>\n<p>Bieg odb\u0119dzie si\u0119 w dniach 7-8 marca, wtedy kiedy Bochnia \u015bwi\u0119tuje Dzie\u0144 Kr\u00f3la Kazimierza. Trasa Biegu prowadzi zabytkowymi wyrobiskami boche\u0144skiej kopalni soli &#8211; 212 metr\u00f3w pod ziemi\u0105 na poziomie August. <\/p>\n<p>Warto doda\u0107, \u017ce podziemne biegi w boche\u0144skiej \u017cupie solnej maj\u0105 sw\u00f3j Rekordu Guinnessa w kategorii \u201ep\u00f3\u0142maraton przeprowadzony najg\u0142\u0119biej pod ziemi\u0105\u201d (2004), za\u015b od roku 2005 odbywa si\u0119 tu impreza pod nazw\u0105 12-godzinny Podziemny Bieg Sztafetowy. <\/p>\n<p>Poni\u017cej publikujemy list\u0119 wylosowanych zespo\u0142\u00f3w: <\/p>\n<p><strong>1.\tAGEZ<\/strong> Chrzan\u00f3w\/Krzeszowice &#8211; Aleksandra Jachimczyk (Kapitan) Grzegorz Drabik Edward Skowro\u0144ski Zbigniew \u0141uszczek,<br \/>\n<strong>2.\tArcybractwo Uciech Wszelakich<\/strong>, Rudawa\/Katowice\/O\u015bwi\u0119cim &#8211; Gabriela Kucharska (Kapitan), Piotr Kucharski, Luiza Bury\u0142o, Tomasz St\u0119clik, Aleksandra St\u0119clik (Rezerwowy),<br \/>\n<strong>3.\tAtletico Warszawa<\/strong>, Warszawa \/ Madryt, Piotr Mutrynowski (Kapitan), Ryszard Tomaszczyk, Piotr Dadejczyk macieli\u0144ski, Paloma Garcia Serrano, Leszek Janasik (Rezerwowy)<br \/>\n<strong>4.\tBHP TEAM<\/strong>, Zawiercie, Polska Pawe\u0142 Michniewski (Kapitan), Pawe\u0142 Opydo, Grzegorz G\u0105siorowski, Andrzej Rudnicki, Tomasz Groja (Rezerwowy)<br \/>\n<strong>5.\tBli\u017aniaki<\/strong>, Warszawa, Andrzej Dymel (Kapitan), Piotr Dymel, Stanis\u0142aw Olbry\u015b, Wies\u0142aw Kostecki,<br \/>\n<strong>6.\tBRE Runners<\/strong>, \u0141\u00f3d\u017a, Witold Tosik (Kapitan), Tomasz Chudowski, \u0141ukasz Gawrych, Marek Pilc, Sebastian Kry\u015bci\u0144ski (Rezerwowy),<br \/>\n<strong>7.\tCOMMANDO 1.2.3. GENERACJA<\/strong>, Warszawa, Andrzej Li\u015bniewski (Kapitan), Roman Polko, Jaros\u0142aw Szota, Wiktor \u0141ucko\u015b, Konrad Kobyli\u0144ski (Rezerwowy)<br \/>\n<strong>8.\tCz\u0142apaki o\u015bwi\u0119cimskie<\/strong>, O\u015bwi\u0119cim, Roman Czaja (Kapitan), Marian Bukowczan, Bogus\u0142aw Brandys, Marek Przewo\u017anik<br \/>\n<strong>9.\tDamy rad\u0119<\/strong>, Bierna\/Warszawa\/Ci\u0119cina, Szymon Wojty\u0142a (Kapitan), Magdalena Walenda, Barbara Wojty\u0142a, Marcin Kostka,<br \/>\n<strong>10.\tdoliniarze.com team pierwszy<\/strong>, Tomasz Kuli\u0144ski (Kapitan), Justyna Adamus,S\u0142awomir Krajewski, Adam Jarz\u0119bowicz, Irena Szpak (Rezerwowy),<br \/>\n<strong>11.\tDru\u017cyna Szpiku S\u0142awsko<\/strong>, Ks Olszewski i Synowie S\u0142awsko, Polska Gra\u017cyna Chudy (Kapitan), Henryk Chudy, Adam J\u00f3\u017awik, Zenon W\u0142odarczyk, Grzegorz Antosik (Rezerwowy),<br \/>\n<strong>12.\tFan-Run Team<\/strong>, \u0141\u00f3d\u017a, Sylwia Badowska (Kapitan), Piotr Czy\u017cewski, Piotr Brzezi\u0144ski, Jacek Alowski, Mariusz Moterski (Rezerwowy)<br \/>\n<strong>13.\t FORMA 2<\/strong>, Wodzis\u0142aw \u015al\u0105ski \/ FORMA Wodzis\u0142aw \u015al\u0105ski, Henryk Szkatu\u0142a (Kapitan), Zbigniew Marsza\u0142kowski Adam Koloska Arkadiusz Kubik Miros\u0142aw Gerlich (Rezerwowy)<br \/>\n<strong>14.\tGamrat<\/strong>, Jas\u0142o, Waldemar Zabielski (Kapitan),Robert Fejklowicz Arkadiusz W\u0105sacz Leopold Jamro, Ireneusz Zaj\u0105c (Rezerwowy)<br \/>\n<strong>15.\tGo\u0142awiec Team L\u0119dziny<\/strong>, Andrzej Bryjok (Kapitan), Andrzej Kaczmarczyk Krzysztof Kubica Wies\u0142aw Brodacki Stanis\u0142aw Orlicki (Rezerwowy)<br \/>\n<strong>16.\tGrupa BARTKA<\/strong>, Katowice, Edward Szl\u0119zak (Kapitan) Bart\u0142omiej Czech Jacek Adach Miros\u0142aw Hartowicz<br \/>\n<strong>17.\t Grupa Tr\u00f3jmiasto<\/strong>, Dariusz Lulewicz (Kapitan) Robert Sulima Pawe\u0142 W\u0142odarczyk Leszek Stefaniak Dariusz Mocarski (Rezerwowy)<br \/>\n<strong>18.\tKB Artur\u00f3wek<\/strong>, \u0141\u00f3d\u017a, Jarema Dubiecki (Kapitan) Maciej Krzy\u017canowski Piotr Bassendowski Tomasz Grabowski Piotr Pietrzak (Rezerwowy)<br \/>\n<strong>19.\tKB Lech Rypin 3<\/strong>, Cezary Gogol (Kapitan), Bartosz Zatka Jakub Tr\u0119dewicz Patrycjusz Chojnacki Patryk Paradowski (Rezerwowy)<br \/>\n<strong>20.\tKB Lech Rypin 4<\/strong>, Piotr Budzanowski (Kapitan) Maciej Wi\u015bniewski Zbigniew Le\u015bniewski Dawid Stefa\u0144ski Pawe\u0142 T\u0119gowski (Rezerwowy)<br \/>\n<strong>21.\tKB Parakulos Zgierz 1<\/strong>,Zgierz Bogdan Okninski (Kapitan), Kamila Olszyca Tomasz Rygalik Pawe\u0142 Giwerowski Andrzej Kulesza (Rezerwowy)<br \/>\n<strong>22.\tKlub Biegacza TP S.A. 1<\/strong>, Piotr Winczura (Kapitan), Mieczys\u0142aw Sala Aurelia Sto\u0142owska Eugeniusz Sznapka \u0141ukasz Sala (Rezerwowy)<br \/>\n<strong>23.\tKM UMK I<\/strong>, Klub Marato\u0144ski Uniwersytetu Miko\u0142aja Kopernika \/ Toru\u0144, Marcin Zi\u00f3\u0142kowski (Kapitan) Mateusz \u015awiderek Dariusz Pop\u0142awski Tomasz Hajdas Marzena Polaszewska (Rezerwowy)<br \/>\n<strong>24.\tKolegium S\u0119dzi\u00f3w Bytom<\/strong>, Zbigniew Milo (Kapitan) Andrzej Kornaga Grzegorz Muszczak Wojciech Rafalski<br \/>\n<strong>25.\t MaratonyPolskie.PL TEAM &#8211; Mi\u0119tkie Ninie<\/strong>, Grzegorz Jarema (Kapitan) Dariusz Kowalski Mateusz Wro\u0144ski Rafa\u0142 \u0141o\u015b Beata Jarema (Rezerwowy)<br \/>\n<strong>26.\tMiebach Consulting &#8211; biegli konsultanci<\/strong>, Adamowice, Polska Micha\u0142 \u015awi\u0105\u0107 (Kapitan) Jacek Olszewski Pawe\u0142 Obrzud Jakub Grabowski Daniel Kuchnia (Rezerwowy)<br \/>\n<strong>27.\tM\u0142ode Talenty<\/strong>,Lublin Marcin Walencik (Kapitan) Leszek Huszaluk Krzysztof Kozie\u0142 Micha\u0142 Nowotnik Damian Cienkusz (Rezerwowy)<br \/>\n<strong>28.\tMOK Mszana Dolna<\/strong>, Jan Wydra (Kapitan) Janusz Sarnicki Grzegorz Czy\u017c Marcel Matanin Marcin Wydra (Rezerwowy)<br \/>\n<strong>29.\tMPEC Leszno<\/strong> Marek Bota (Kapitan) Marek G\u00f3rny Jerzy Jakubiak Henryk Kubaszewski G\u00f3rny Tomasz (Rezerwowy)<br \/>\n<strong>30.\tOgarek<\/strong>, Warszawa-Mi\u0119dzylesie, J\u00f3zef Kobusi\u0144ski (Kapitan) Zbigniew J\u0119drzejewski Eugeniusz Kobusi\u0144ski Ryszard Karwecki Dorota Kobusi\u0144ska (Rezerwowy)<br \/>\n<strong>31.\tPaczka z D\u0119bicy <\/strong>Waldemar Puzio (Kapitan)  Zbigniew Dubanik Piotr Pyka Konrak Morawczy\u0144ski Jolanta Morawczy\u0144ska (Rezerwowy)<br \/>\n<strong>32.\tRado\u015bni<\/strong>, Bytom, Leszek Mielcarek (Kapitan) Micha\u0142 Balbus Stanis\u0142aw Dzieli\u0144ski Iwona Malinowska Adam Stefa\u0144ski (Rezerwowy)<br \/>\n<strong>33.\tRimTimTeam<\/strong>, Braniewo-Frombork, Maciej waldemar Gajowniczek (Kapitan) \u0141ukasz Schulz Rafa\u0142 Wolak Micha\u0142 Ptaszy\u0144ski Sebastian Machli\u0144ski (Rezerwowy)<br \/>\n<strong>34.\tRuch Dla Zdrowia<\/strong> Rzesz\u00f3w Wies\u0142aw Drozd (Kapitan) Janusz Samolewicz Renata Grabska J\u00f3zef Kubik<br \/>\n<strong>35.\tSBD Energetyk Rybnik 1<\/strong> Rafa\u0142 Linder (Kapitan) Eugeniusz Cukrowski Gabriela Sobczyk Robert Kokoszek Krzysztof Kretek (Rezerwowy)<br \/>\n<strong>36.\tSport &#8211; Team Slovakia<\/strong>, Sportov\u00fd klub Pol\u00edcie, Humenne, Jerzy Kogut (Kapitan) Dusan Matanin Ivan Babin Jakub Babin Samuel Matanin (Rezerwowy)<br \/>\n<strong>37.\t\u015al\u0105skie Wilki<\/strong>, Rybnik\/Gliwice Robert Tur (Kapitan)Rafal Kosmowski Adam Matusiak Marcin Waniek<br \/>\n<strong>38.\tTKKF Kolejarz Bydgoszcz<\/strong> Marcin Pelc (Kapitan) Andzrej Bratek Leszek Moczy\u0144ski Robert Langowski Janusz Lenc (Rezerwowy)<br \/>\n<strong>39.\tUnia Krywa\u0142d<\/strong>, Knur\u00f3w Bogus\u0142aw Przyby\u0142a (Kapitan), Sylwester Przyby\u0142a Ma\u0142gorzata Krochmal Grzegorz Krochmal Jacenty \u0141apanowski (Rezerwowy)<br \/>\n<strong>40.\tVege Runners<\/strong>, Bart\u0142omiej Sosna (Kapitan) Marcin Zarzeka Tomasz Paj\u0105k Krzysztof Lata\u0142a Filip Wr\u00f3blewski (Rezerwowy)<br \/>\n<strong>41.\tWITAR<\/strong>, Tarnobrzeg, Zenon Dziadura (Kapitan) Les\u0142aw Zych S\u0142awek Kazimierz Jacek Wi\u015bniewski Bogus\u0142aw Kisiel (Rezerwowy)<br \/>\n<strong>42.\tWKB META<\/strong> Lubliniec Kazimierz Kordzi\u0144ski (Kapitan) Marian Macho\u0144 Roman Pytel Zbigniew Markowski Adam Markowski (Rezerwowy)<br \/>\n<strong>43.\tWKB Piast<\/strong>, Wroc\u0142aw Tomasz Krauze (Kapitan) Miros\u0142aw Dziurdziewski Miros\u0142aw Wira Krzysztof Bielecki Tadeusz Marcinkiewicz (Rezerwowy)<br \/>\n<strong>44.\tZabiegani Cz\u0119stochowa<\/strong>, KLA Zabiegani Cz-wa, Tomasz Adamczyk (Kapitan) Waldemar Borkowski \u0141ukasz Borowicz Damian Zacharski Artur Ociepa (Rezerwowy)<br \/>\n<strong>45.\t\u017b\u00f3\u0142wiki,<\/strong> Gorlice\/Warszawa\/Jaros\u0142aw, Krzysztof Ryzner (Kapitan)Micha\u0142 Remberk Marek Dziedziak Leszek Brzozowski Pawe\u0142 Weselak (Rezerwowy). <\/p>\n<p>Wi\u0119cej informacji na temat biegu na www.sztafetabochnia.pl <\/p>\n","protected":false},"excerpt":{"rendered":"<p>Trwaj\u0105 przygotowania do V Jubileuszowego 12-godzinnego Podziemnego Biegu Sztafetowego w Kopalni Soli Bochnia. W miniony pi\u0105tek wylosowano 45 dru\u017cyn, kt\u00f3re wezm\u0105 udzia\u0142 w imprezie.<\/p>\n","protected":false},"author":1,"featured_media":0,"comment_status":"open","ping_status":"closed","sticky":false,"template":"","format":"standard","meta":{"_acf_changed":false,"footnotes":""},"categories":[5],"tags":[17622,17210,1755,2554,17146,17605,17317,2553],"class_list":["post-5499","post","type-post","status-publish","format-standard","hentry","category-biezace-wydarzenia","tag-12-godzinny-podziemny-bieg-sztafetowy","tag-bieg","tag-druzyna","tag-dzien-krola-kazimierza","tag-kopalnia-soli","tag-losowanie","tag-sztafeta","tag-zespol"],"acf":[],"yoast_head":"<!-- This site is optimized with the Yoast SEO plugin v26.9 - https:\/\/yoast.com\/product\/yoast-seo-wordpress\/ -->\n<title>Znamy ju\u017c uczestnik\u00f3w V 12-godzinnego Podziemnego Biegu Sztafetowego - mojabochnia.pl - portal informacyjny<\/title>\n<meta name=\"robots\" content=\"index, follow, max-snippet:-1, max-image-preview:large, max-video-preview:-1\" \/>\n<link rel=\"canonical\" href=\"https:\/\/www.mojabochnia.pl\/?p=5499\" \/>\n<meta property=\"og:locale\" content=\"pl_PL\" \/>\n<meta property=\"og:type\" content=\"article\" \/>\n<meta property=\"og:title\" content=\"Znamy ju\u017c uczestnik\u00f3w V 12-godzinnego Podziemnego Biegu Sztafetowego - mojabochnia.pl - portal informacyjny\" \/>\n<meta property=\"og:description\" content=\"Trwaj\u0105 przygotowania do V Jubileuszowego 12-godzinnego Podziemnego Biegu Sztafetowego w Kopalni Soli Bochnia. W miniony pi\u0105tek wylosowano 45 dru\u017cyn, kt\u00f3re wezm\u0105 udzia\u0142 w imprezie.\" \/>\n<meta property=\"og:url\" content=\"https:\/\/www.mojabochnia.pl\/?p=5499\" \/>\n<meta property=\"og:site_name\" content=\"mojabochnia.pl - portal informacyjny\" \/>\n<meta property=\"article:publisher\" content=\"https:\/\/www.facebook.com\/mojabochnia\" \/>\n<meta property=\"article:published_time\" content=\"2009-02-16T09:27:53+00:00\" \/>\n<meta name=\"author\" content=\"administrator\" \/>\n<meta name=\"twitter:card\" content=\"summary_large_image\" \/>\n<meta name=\"twitter:label1\" content=\"Written by\" \/>\n\t<meta name=\"twitter:data1\" content=\"administrator\" \/>\n\t<meta name=\"twitter:label2\" content=\"Est. reading time\" \/>\n\t<meta name=\"twitter:data2\" content=\"5 minut\" \/>\n<script type=\"application\/ld+json\" class=\"yoast-schema-graph\">{\"@context\":\"https:\/\/schema.org\",\"@graph\":[{\"@type\":\"Article\",\"@id\":\"https:\/\/www.mojabochnia.pl\/?p=5499#article\",\"isPartOf\":{\"@id\":\"https:\/\/www.mojabochnia.pl\/?p=5499\"},\"author\":{\"name\":\"administrator\",\"@id\":\"https:\/\/www.mojabochnia.pl\/#\/schema\/person\/c00e1f64e6fa0e6de6d410f2c340017f\"},\"headline\":\"Znamy ju\u017c uczestnik\u00f3w V 12-godzinnego Podziemnego Biegu Sztafetowego\",\"datePublished\":\"2009-02-16T09:27:53+00:00\",\"mainEntityOfPage\":{\"@id\":\"https:\/\/www.mojabochnia.pl\/?p=5499\"},\"wordCount\":955,\"commentCount\":0,\"publisher\":{\"@id\":\"https:\/\/www.mojabochnia.pl\/#organization\"},\"keywords\":[\"12-godzinny podziemny bieg sztafetowy\",\"bieg\",\"dru\u017cyna\",\"dzie\u0144 kr\u00f3la kazimierza\",\"kopalnia soli\",\"losowanie\",\"sztafeta\",\"zesp\u00f3\u0142\"],\"articleSection\":[\"2_ostatnie\"],\"inLanguage\":\"pl-PL\",\"potentialAction\":[{\"@type\":\"CommentAction\",\"name\":\"Comment\",\"target\":[\"https:\/\/www.mojabochnia.pl\/?p=5499#respond\"]}]},{\"@type\":\"WebPage\",\"@id\":\"https:\/\/www.mojabochnia.pl\/?p=5499\",\"url\":\"https:\/\/www.mojabochnia.pl\/?p=5499\",\"name\":\"Znamy ju\u017c uczestnik\u00f3w V 12-godzinnego Podziemnego Biegu Sztafetowego - mojabochnia.pl - portal informacyjny\",\"isPartOf\":{\"@id\":\"https:\/\/www.mojabochnia.pl\/#website\"},\"datePublished\":\"2009-02-16T09:27:53+00:00\",\"breadcrumb\":{\"@id\":\"https:\/\/www.mojabochnia.pl\/?p=5499#breadcrumb\"},\"inLanguage\":\"pl-PL\",\"potentialAction\":[{\"@type\":\"ReadAction\",\"target\":[\"https:\/\/www.mojabochnia.pl\/?p=5499\"]}]},{\"@type\":\"BreadcrumbList\",\"@id\":\"https:\/\/www.mojabochnia.pl\/?p=5499#breadcrumb\",\"itemListElement\":[{\"@type\":\"ListItem\",\"position\":1,\"name\":\"Home\",\"item\":\"https:\/\/www.mojabochnia.pl\/\"},{\"@type\":\"ListItem\",\"position\":2,\"name\":\"Znamy ju\u017c uczestnik\u00f3w V 12-godzinnego Podziemnego Biegu Sztafetowego\"}]},{\"@type\":\"WebSite\",\"@id\":\"https:\/\/www.mojabochnia.pl\/#website\",\"url\":\"https:\/\/www.mojabochnia.pl\/\",\"name\":\"mojabochnia.pl - portal informacyjny\",\"description\":\"mojaBochnia to portal informacyjny o Bochni. Codziennie o Bochni piszemy i pokazujemy najwa\u017cniejsze wydarzenia\",\"publisher\":{\"@id\":\"https:\/\/www.mojabochnia.pl\/#organization\"},\"potentialAction\":[{\"@type\":\"SearchAction\",\"target\":{\"@type\":\"EntryPoint\",\"urlTemplate\":\"https:\/\/www.mojabochnia.pl\/?s={search_term_string}\"},\"query-input\":{\"@type\":\"PropertyValueSpecification\",\"valueRequired\":true,\"valueName\":\"search_term_string\"}}],\"inLanguage\":\"pl-PL\"},{\"@type\":\"Organization\",\"@id\":\"https:\/\/www.mojabochnia.pl\/#organization\",\"name\":\"mojabochnia.pl - portal informacyjny\",\"url\":\"https:\/\/www.mojabochnia.pl\/\",\"logo\":{\"@type\":\"ImageObject\",\"inLanguage\":\"pl-PL\",\"@id\":\"https:\/\/www.mojabochnia.pl\/#\/schema\/logo\/image\/\",\"url\":\"https:\/\/www.mojabochnia.pl\/wp-content\/uploads\/2017\/08\/logo-mb-opt.png\",\"contentUrl\":\"https:\/\/www.mojabochnia.pl\/wp-content\/uploads\/2017\/08\/logo-mb-opt.png\",\"width\":250,\"height\":48,\"caption\":\"mojabochnia.pl - portal informacyjny\"},\"image\":{\"@id\":\"https:\/\/www.mojabochnia.pl\/#\/schema\/logo\/image\/\"},\"sameAs\":[\"https:\/\/www.facebook.com\/mojabochnia\"]},{\"@type\":\"Person\",\"@id\":\"https:\/\/www.mojabochnia.pl\/#\/schema\/person\/c00e1f64e6fa0e6de6d410f2c340017f\",\"name\":\"administrator\",\"url\":\"https:\/\/www.mojabochnia.pl\/?author=1\"}]}<\/script>\n<!-- \/ Yoast SEO plugin. -->","yoast_head_json":{"title":"Znamy ju\u017c uczestnik\u00f3w V 12-godzinnego Podziemnego Biegu Sztafetowego - mojabochnia.pl - portal informacyjny","robots":{"index":"index","follow":"follow","max-snippet":"max-snippet:-1","max-image-preview":"max-image-preview:large","max-video-preview":"max-video-preview:-1"},"canonical":"https:\/\/www.mojabochnia.pl\/?p=5499","og_locale":"pl_PL","og_type":"article","og_title":"Znamy ju\u017c uczestnik\u00f3w V 12-godzinnego Podziemnego Biegu Sztafetowego - mojabochnia.pl - portal informacyjny","og_description":"Trwaj\u0105 przygotowania do V Jubileuszowego 12-godzinnego Podziemnego Biegu Sztafetowego w Kopalni Soli Bochnia. W miniony pi\u0105tek wylosowano 45 dru\u017cyn, kt\u00f3re wezm\u0105 udzia\u0142 w imprezie.","og_url":"https:\/\/www.mojabochnia.pl\/?p=5499","og_site_name":"mojabochnia.pl - portal informacyjny","article_publisher":"https:\/\/www.facebook.com\/mojabochnia","article_published_time":"2009-02-16T09:27:53+00:00","author":"administrator","twitter_card":"summary_large_image","twitter_misc":{"Written by":"administrator","Est. reading time":"5 minut"},"schema":{"@context":"https:\/\/schema.org","@graph":[{"@type":"Article","@id":"https:\/\/www.mojabochnia.pl\/?p=5499#article","isPartOf":{"@id":"https:\/\/www.mojabochnia.pl\/?p=5499"},"author":{"name":"administrator","@id":"https:\/\/www.mojabochnia.pl\/#\/schema\/person\/c00e1f64e6fa0e6de6d410f2c340017f"},"headline":"Znamy ju\u017c uczestnik\u00f3w V 12-godzinnego Podziemnego Biegu Sztafetowego","datePublished":"2009-02-16T09:27:53+00:00","mainEntityOfPage":{"@id":"https:\/\/www.mojabochnia.pl\/?p=5499"},"wordCount":955,"commentCount":0,"publisher":{"@id":"https:\/\/www.mojabochnia.pl\/#organization"},"keywords":["12-godzinny podziemny bieg sztafetowy","bieg","dru\u017cyna","dzie\u0144 kr\u00f3la kazimierza","kopalnia soli","losowanie","sztafeta","zesp\u00f3\u0142"],"articleSection":["2_ostatnie"],"inLanguage":"pl-PL","potentialAction":[{"@type":"CommentAction","name":"Comment","target":["https:\/\/www.mojabochnia.pl\/?p=5499#respond"]}]},{"@type":"WebPage","@id":"https:\/\/www.mojabochnia.pl\/?p=5499","url":"https:\/\/www.mojabochnia.pl\/?p=5499","name":"Znamy ju\u017c uczestnik\u00f3w V 12-godzinnego Podziemnego Biegu Sztafetowego - mojabochnia.pl - portal informacyjny","isPartOf":{"@id":"https:\/\/www.mojabochnia.pl\/#website"},"datePublished":"2009-02-16T09:27:53+00:00","breadcrumb":{"@id":"https:\/\/www.mojabochnia.pl\/?p=5499#breadcrumb"},"inLanguage":"pl-PL","potentialAction":[{"@type":"ReadAction","target":["https:\/\/www.mojabochnia.pl\/?p=5499"]}]},{"@type":"BreadcrumbList","@id":"https:\/\/www.mojabochnia.pl\/?p=5499#breadcrumb","itemListElement":[{"@type":"ListItem","position":1,"name":"Home","item":"https:\/\/www.mojabochnia.pl\/"},{"@type":"ListItem","position":2,"name":"Znamy ju\u017c uczestnik\u00f3w V 12-godzinnego Podziemnego Biegu Sztafetowego"}]},{"@type":"WebSite","@id":"https:\/\/www.mojabochnia.pl\/#website","url":"https:\/\/www.mojabochnia.pl\/","name":"mojabochnia.pl - portal informacyjny","description":"mojaBochnia to portal informacyjny o Bochni. Codziennie o Bochni piszemy i pokazujemy najwa\u017cniejsze wydarzenia","publisher":{"@id":"https:\/\/www.mojabochnia.pl\/#organization"},"potentialAction":[{"@type":"SearchAction","target":{"@type":"EntryPoint","urlTemplate":"https:\/\/www.mojabochnia.pl\/?s={search_term_string}"},"query-input":{"@type":"PropertyValueSpecification","valueRequired":true,"valueName":"search_term_string"}}],"inLanguage":"pl-PL"},{"@type":"Organization","@id":"https:\/\/www.mojabochnia.pl\/#organization","name":"mojabochnia.pl - portal informacyjny","url":"https:\/\/www.mojabochnia.pl\/","logo":{"@type":"ImageObject","inLanguage":"pl-PL","@id":"https:\/\/www.mojabochnia.pl\/#\/schema\/logo\/image\/","url":"https:\/\/www.mojabochnia.pl\/wp-content\/uploads\/2017\/08\/logo-mb-opt.png","contentUrl":"https:\/\/www.mojabochnia.pl\/wp-content\/uploads\/2017\/08\/logo-mb-opt.png","width":250,"height":48,"caption":"mojabochnia.pl - portal informacyjny"},"image":{"@id":"https:\/\/www.mojabochnia.pl\/#\/schema\/logo\/image\/"},"sameAs":["https:\/\/www.facebook.com\/mojabochnia"]},{"@type":"Person","@id":"https:\/\/www.mojabochnia.pl\/#\/schema\/person\/c00e1f64e6fa0e6de6d410f2c340017f","name":"administrator","url":"https:\/\/www.mojabochnia.pl\/?author=1"}]}},"_links":{"self":[{"href":"https:\/\/www.mojabochnia.pl\/index.php?rest_route=\/wp\/v2\/posts\/5499","targetHints":{"allow":["GET"]}}],"collection":[{"href":"https:\/\/www.mojabochnia.pl\/index.php?rest_route=\/wp\/v2\/posts"}],"about":[{"href":"https:\/\/www.mojabochnia.pl\/index.php?rest_route=\/wp\/v2\/types\/post"}],"author":[{"embeddable":true,"href":"https:\/\/www.mojabochnia.pl\/index.php?rest_route=\/wp\/v2\/users\/1"}],"replies":[{"embeddable":true,"href":"https:\/\/www.mojabochnia.pl\/index.php?rest_route=%2Fwp%2Fv2%2Fcomments&post=5499"}],"version-history":[{"count":0,"href":"https:\/\/www.mojabochnia.pl\/index.php?rest_route=\/wp\/v2\/posts\/5499\/revisions"}],"wp:attachment":[{"href":"https:\/\/www.mojabochnia.pl\/index.php?rest_route=%2Fwp%2Fv2%2Fmedia&parent=5499"}],"wp:term":[{"taxonomy":"category","embeddable":true,"href":"https:\/\/www.mojabochnia.pl\/index.php?rest_route=%2Fwp%2Fv2%2Fcategories&post=5499"},{"taxonomy":"post_tag","embeddable":true,"href":"https:\/\/www.mojabochnia.pl\/index.php?rest_route=%2Fwp%2Fv2%2Ftags&post=5499"}],"curies":[{"name":"wp","href":"https:\/\/api.w.org\/{rel}","templated":true}]}}