{"id":5482,"date":"2009-02-15T14:32:07","date_gmt":"2009-02-15T13:32:07","guid":{"rendered":"http:\/\/www.mojabochnia.pl\/?p=5482"},"modified":"2009-02-17T09:27:40","modified_gmt":"2009-02-17T08:27:40","slug":"muzeum-od-bochegny-do-bochni-historia-lokacji-miasta","status":"publish","type":"post","link":"https:\/\/www.mojabochnia.pl\/?p=5482","title":{"rendered":"Muzeum: Od Bochegny do Bochni. Historia lokacji Miasta"},"content":{"rendered":"<p>W czwartek, 19 lutego, Kr\u0105g M\u0142odych Mi\u0142o\u015bnik\u00f3w Starej Bochni organizuje spotkanie pt. \u201eJak Ksi\u0105\u017c\u0119 Boles\u0142aw Wstydliwy g\u00f3rnicze miasto Bochni\u0119 za\u0142o\u017cy\u0142\u201d, kt\u00f3re odb\u0119dzie si\u0119 w Muzeum (Rynek 20) o godzinie 14.15. <\/p>\n<p>W ten spos\u00f3b chce uczci\u0107 756 rocznic\u0119 lokacji Miasta, dokonanej 27 lutego 1253 na prawie magdeburskim. B\u0119dzie mo\u017cna pozna\u0107 g\u0142\u00f3wne postaci aktu lokacyjnego, dowiedzie\u0107 si\u0119 o przyczynach ksi\u0105\u017c\u0119cej decyzji, a ponadto &#8211; <em>Przedstawimy portret Ksi\u0119cia Boles\u0142awa Wstydliwego, przygotowana jest prezentacja multimedialna o Korczynie, miejscu ustalenia aktu lokacyjnego, odb\u0119dziemy wirtualn\u0105 wycieczk\u0119 do tego miasta <\/em>\u2013 m\u00f3wi Jan Flasza, dyrektor boche\u0144skiego Muzeum.<\/p>\n","protected":false},"excerpt":{"rendered":"<p>Je\u015bli jeszcze nie wiesz, \u017ce Bochnia to jedno z najstarszych miast Ma\u0142opolski i nie masz poj\u0119cia co znaczy s\u0142owo \u201ebohy\u201d, od kt\u00f3rego pochodzi jej nazwa, a chcia\u0142by\u015b si\u0119 dowiedzie\u0107, to w\u0142a\u015bnie nadarzy\u0142a ci si\u0119 okazja.<\/p>\n","protected":false},"author":1,"featured_media":0,"comment_status":"open","ping_status":"closed","sticky":false,"template":"","format":"standard","meta":{"_acf_changed":false,"footnotes":""},"categories":[92],"tags":[17131,17126,1437,2544,507,74,2511,17293],"class_list":["post-5482","post","type-post","status-publish","format-standard","hentry","category-kultura","tag-historia","tag-jan-flasza","tag-krag-milosnikow-starej-bochni","tag-lokacja-miasta","tag-malopolska","tag-muzeum-im-stanislawa-fischera","tag-prezentacja-multimedialna","tag-rocznica"],"acf":[],"yoast_head":"<!-- This site is optimized with the Yoast SEO plugin v26.9 - https:\/\/yoast.com\/product\/yoast-seo-wordpress\/ -->\n<title>Muzeum: Od Bochegny do Bochni. Historia lokacji Miasta - mojabochnia.pl - portal informacyjny<\/title>\n<meta name=\"robots\" content=\"index, follow, max-snippet:-1, max-image-preview:large, max-video-preview:-1\" \/>\n<link rel=\"canonical\" href=\"https:\/\/www.mojabochnia.pl\/?p=5482\" \/>\n<meta property=\"og:locale\" content=\"pl_PL\" \/>\n<meta property=\"og:type\" content=\"article\" \/>\n<meta property=\"og:title\" content=\"Muzeum: Od Bochegny do Bochni. Historia lokacji Miasta - mojabochnia.pl - portal informacyjny\" \/>\n<meta property=\"og:description\" content=\"Je\u015bli jeszcze nie wiesz, \u017ce Bochnia to jedno z najstarszych miast Ma\u0142opolski i nie masz poj\u0119cia co znaczy s\u0142owo \u201ebohy\u201d, od kt\u00f3rego pochodzi jej nazwa, a chcia\u0142by\u015b si\u0119 dowiedzie\u0107, to w\u0142a\u015bnie nadarzy\u0142a ci si\u0119 okazja.\" \/>\n<meta property=\"og:url\" content=\"https:\/\/www.mojabochnia.pl\/?p=5482\" \/>\n<meta property=\"og:site_name\" content=\"mojabochnia.pl - portal informacyjny\" \/>\n<meta property=\"article:publisher\" content=\"https:\/\/www.facebook.com\/mojabochnia\" \/>\n<meta property=\"article:published_time\" content=\"2009-02-15T13:32:07+00:00\" \/>\n<meta property=\"article:modified_time\" content=\"2009-02-17T08:27:40+00:00\" \/>\n<meta name=\"author\" content=\"administrator\" \/>\n<meta name=\"twitter:card\" content=\"summary_large_image\" \/>\n<meta name=\"twitter:label1\" content=\"Written by\" \/>\n\t<meta name=\"twitter:data1\" content=\"administrator\" \/>\n\t<meta name=\"twitter:label2\" content=\"Est. reading time\" \/>\n\t<meta name=\"twitter:data2\" content=\"1 minuta\" \/>\n<script type=\"application\/ld+json\" class=\"yoast-schema-graph\">{\"@context\":\"https:\/\/schema.org\",\"@graph\":[{\"@type\":\"Article\",\"@id\":\"https:\/\/www.mojabochnia.pl\/?p=5482#article\",\"isPartOf\":{\"@id\":\"https:\/\/www.mojabochnia.pl\/?p=5482\"},\"author\":{\"name\":\"administrator\",\"@id\":\"https:\/\/www.mojabochnia.pl\/#\/schema\/person\/c00e1f64e6fa0e6de6d410f2c340017f\"},\"headline\":\"Muzeum: Od Bochegny do Bochni. Historia lokacji Miasta\",\"datePublished\":\"2009-02-15T13:32:07+00:00\",\"dateModified\":\"2009-02-17T08:27:40+00:00\",\"mainEntityOfPage\":{\"@id\":\"https:\/\/www.mojabochnia.pl\/?p=5482\"},\"wordCount\":112,\"commentCount\":1,\"publisher\":{\"@id\":\"https:\/\/www.mojabochnia.pl\/#organization\"},\"keywords\":[\"historia\",\"jan flasza\",\"kr\u0105g mi\u0142o\u015bnik\u00f3w starej bochni\",\"lokacja miasta\",\"ma\u0142opolska\",\"muzeum im. stanis\u0142awa fischera\",\"prezentacja multimedialna\",\"rocznica\"],\"articleSection\":[\"kultura\"],\"inLanguage\":\"pl-PL\",\"potentialAction\":[{\"@type\":\"CommentAction\",\"name\":\"Comment\",\"target\":[\"https:\/\/www.mojabochnia.pl\/?p=5482#respond\"]}]},{\"@type\":\"WebPage\",\"@id\":\"https:\/\/www.mojabochnia.pl\/?p=5482\",\"url\":\"https:\/\/www.mojabochnia.pl\/?p=5482\",\"name\":\"Muzeum: Od Bochegny do Bochni. Historia lokacji Miasta - mojabochnia.pl - portal informacyjny\",\"isPartOf\":{\"@id\":\"https:\/\/www.mojabochnia.pl\/#website\"},\"datePublished\":\"2009-02-15T13:32:07+00:00\",\"dateModified\":\"2009-02-17T08:27:40+00:00\",\"breadcrumb\":{\"@id\":\"https:\/\/www.mojabochnia.pl\/?p=5482#breadcrumb\"},\"inLanguage\":\"pl-PL\",\"potentialAction\":[{\"@type\":\"ReadAction\",\"target\":[\"https:\/\/www.mojabochnia.pl\/?p=5482\"]}]},{\"@type\":\"BreadcrumbList\",\"@id\":\"https:\/\/www.mojabochnia.pl\/?p=5482#breadcrumb\",\"itemListElement\":[{\"@type\":\"ListItem\",\"position\":1,\"name\":\"Home\",\"item\":\"https:\/\/www.mojabochnia.pl\/\"},{\"@type\":\"ListItem\",\"position\":2,\"name\":\"Muzeum: Od Bochegny do Bochni. Historia lokacji Miasta\"}]},{\"@type\":\"WebSite\",\"@id\":\"https:\/\/www.mojabochnia.pl\/#website\",\"url\":\"https:\/\/www.mojabochnia.pl\/\",\"name\":\"mojabochnia.pl - portal informacyjny\",\"description\":\"mojaBochnia to portal informacyjny o Bochni. Codziennie o Bochni piszemy i pokazujemy najwa\u017cniejsze wydarzenia\",\"publisher\":{\"@id\":\"https:\/\/www.mojabochnia.pl\/#organization\"},\"potentialAction\":[{\"@type\":\"SearchAction\",\"target\":{\"@type\":\"EntryPoint\",\"urlTemplate\":\"https:\/\/www.mojabochnia.pl\/?s={search_term_string}\"},\"query-input\":{\"@type\":\"PropertyValueSpecification\",\"valueRequired\":true,\"valueName\":\"search_term_string\"}}],\"inLanguage\":\"pl-PL\"},{\"@type\":\"Organization\",\"@id\":\"https:\/\/www.mojabochnia.pl\/#organization\",\"name\":\"mojabochnia.pl - portal informacyjny\",\"url\":\"https:\/\/www.mojabochnia.pl\/\",\"logo\":{\"@type\":\"ImageObject\",\"inLanguage\":\"pl-PL\",\"@id\":\"https:\/\/www.mojabochnia.pl\/#\/schema\/logo\/image\/\",\"url\":\"https:\/\/www.mojabochnia.pl\/wp-content\/uploads\/2017\/08\/logo-mb-opt.png\",\"contentUrl\":\"https:\/\/www.mojabochnia.pl\/wp-content\/uploads\/2017\/08\/logo-mb-opt.png\",\"width\":250,\"height\":48,\"caption\":\"mojabochnia.pl - portal informacyjny\"},\"image\":{\"@id\":\"https:\/\/www.mojabochnia.pl\/#\/schema\/logo\/image\/\"},\"sameAs\":[\"https:\/\/www.facebook.com\/mojabochnia\"]},{\"@type\":\"Person\",\"@id\":\"https:\/\/www.mojabochnia.pl\/#\/schema\/person\/c00e1f64e6fa0e6de6d410f2c340017f\",\"name\":\"administrator\",\"url\":\"https:\/\/www.mojabochnia.pl\/?author=1\"}]}<\/script>\n<!-- \/ Yoast SEO plugin. -->","yoast_head_json":{"title":"Muzeum: Od Bochegny do Bochni. Historia lokacji Miasta - mojabochnia.pl - portal informacyjny","robots":{"index":"index","follow":"follow","max-snippet":"max-snippet:-1","max-image-preview":"max-image-preview:large","max-video-preview":"max-video-preview:-1"},"canonical":"https:\/\/www.mojabochnia.pl\/?p=5482","og_locale":"pl_PL","og_type":"article","og_title":"Muzeum: Od Bochegny do Bochni. Historia lokacji Miasta - mojabochnia.pl - portal informacyjny","og_description":"Je\u015bli jeszcze nie wiesz, \u017ce Bochnia to jedno z najstarszych miast Ma\u0142opolski i nie masz poj\u0119cia co znaczy s\u0142owo \u201ebohy\u201d, od kt\u00f3rego pochodzi jej nazwa, a chcia\u0142by\u015b si\u0119 dowiedzie\u0107, to w\u0142a\u015bnie nadarzy\u0142a ci si\u0119 okazja.","og_url":"https:\/\/www.mojabochnia.pl\/?p=5482","og_site_name":"mojabochnia.pl - portal informacyjny","article_publisher":"https:\/\/www.facebook.com\/mojabochnia","article_published_time":"2009-02-15T13:32:07+00:00","article_modified_time":"2009-02-17T08:27:40+00:00","author":"administrator","twitter_card":"summary_large_image","twitter_misc":{"Written by":"administrator","Est. reading time":"1 minuta"},"schema":{"@context":"https:\/\/schema.org","@graph":[{"@type":"Article","@id":"https:\/\/www.mojabochnia.pl\/?p=5482#article","isPartOf":{"@id":"https:\/\/www.mojabochnia.pl\/?p=5482"},"author":{"name":"administrator","@id":"https:\/\/www.mojabochnia.pl\/#\/schema\/person\/c00e1f64e6fa0e6de6d410f2c340017f"},"headline":"Muzeum: Od Bochegny do Bochni. Historia lokacji Miasta","datePublished":"2009-02-15T13:32:07+00:00","dateModified":"2009-02-17T08:27:40+00:00","mainEntityOfPage":{"@id":"https:\/\/www.mojabochnia.pl\/?p=5482"},"wordCount":112,"commentCount":1,"publisher":{"@id":"https:\/\/www.mojabochnia.pl\/#organization"},"keywords":["historia","jan flasza","kr\u0105g mi\u0142o\u015bnik\u00f3w starej bochni","lokacja miasta","ma\u0142opolska","muzeum im. stanis\u0142awa fischera","prezentacja multimedialna","rocznica"],"articleSection":["kultura"],"inLanguage":"pl-PL","potentialAction":[{"@type":"CommentAction","name":"Comment","target":["https:\/\/www.mojabochnia.pl\/?p=5482#respond"]}]},{"@type":"WebPage","@id":"https:\/\/www.mojabochnia.pl\/?p=5482","url":"https:\/\/www.mojabochnia.pl\/?p=5482","name":"Muzeum: Od Bochegny do Bochni. Historia lokacji Miasta - mojabochnia.pl - portal informacyjny","isPartOf":{"@id":"https:\/\/www.mojabochnia.pl\/#website"},"datePublished":"2009-02-15T13:32:07+00:00","dateModified":"2009-02-17T08:27:40+00:00","breadcrumb":{"@id":"https:\/\/www.mojabochnia.pl\/?p=5482#breadcrumb"},"inLanguage":"pl-PL","potentialAction":[{"@type":"ReadAction","target":["https:\/\/www.mojabochnia.pl\/?p=5482"]}]},{"@type":"BreadcrumbList","@id":"https:\/\/www.mojabochnia.pl\/?p=5482#breadcrumb","itemListElement":[{"@type":"ListItem","position":1,"name":"Home","item":"https:\/\/www.mojabochnia.pl\/"},{"@type":"ListItem","position":2,"name":"Muzeum: Od Bochegny do Bochni. Historia lokacji Miasta"}]},{"@type":"WebSite","@id":"https:\/\/www.mojabochnia.pl\/#website","url":"https:\/\/www.mojabochnia.pl\/","name":"mojabochnia.pl - portal informacyjny","description":"mojaBochnia to portal informacyjny o Bochni. Codziennie o Bochni piszemy i pokazujemy najwa\u017cniejsze wydarzenia","publisher":{"@id":"https:\/\/www.mojabochnia.pl\/#organization"},"potentialAction":[{"@type":"SearchAction","target":{"@type":"EntryPoint","urlTemplate":"https:\/\/www.mojabochnia.pl\/?s={search_term_string}"},"query-input":{"@type":"PropertyValueSpecification","valueRequired":true,"valueName":"search_term_string"}}],"inLanguage":"pl-PL"},{"@type":"Organization","@id":"https:\/\/www.mojabochnia.pl\/#organization","name":"mojabochnia.pl - portal informacyjny","url":"https:\/\/www.mojabochnia.pl\/","logo":{"@type":"ImageObject","inLanguage":"pl-PL","@id":"https:\/\/www.mojabochnia.pl\/#\/schema\/logo\/image\/","url":"https:\/\/www.mojabochnia.pl\/wp-content\/uploads\/2017\/08\/logo-mb-opt.png","contentUrl":"https:\/\/www.mojabochnia.pl\/wp-content\/uploads\/2017\/08\/logo-mb-opt.png","width":250,"height":48,"caption":"mojabochnia.pl - portal informacyjny"},"image":{"@id":"https:\/\/www.mojabochnia.pl\/#\/schema\/logo\/image\/"},"sameAs":["https:\/\/www.facebook.com\/mojabochnia"]},{"@type":"Person","@id":"https:\/\/www.mojabochnia.pl\/#\/schema\/person\/c00e1f64e6fa0e6de6d410f2c340017f","name":"administrator","url":"https:\/\/www.mojabochnia.pl\/?author=1"}]}},"_links":{"self":[{"href":"https:\/\/www.mojabochnia.pl\/index.php?rest_route=\/wp\/v2\/posts\/5482","targetHints":{"allow":["GET"]}}],"collection":[{"href":"https:\/\/www.mojabochnia.pl\/index.php?rest_route=\/wp\/v2\/posts"}],"about":[{"href":"https:\/\/www.mojabochnia.pl\/index.php?rest_route=\/wp\/v2\/types\/post"}],"author":[{"embeddable":true,"href":"https:\/\/www.mojabochnia.pl\/index.php?rest_route=\/wp\/v2\/users\/1"}],"replies":[{"embeddable":true,"href":"https:\/\/www.mojabochnia.pl\/index.php?rest_route=%2Fwp%2Fv2%2Fcomments&post=5482"}],"version-history":[{"count":0,"href":"https:\/\/www.mojabochnia.pl\/index.php?rest_route=\/wp\/v2\/posts\/5482\/revisions"}],"wp:attachment":[{"href":"https:\/\/www.mojabochnia.pl\/index.php?rest_route=%2Fwp%2Fv2%2Fmedia&parent=5482"}],"wp:term":[{"taxonomy":"category","embeddable":true,"href":"https:\/\/www.mojabochnia.pl\/index.php?rest_route=%2Fwp%2Fv2%2Fcategories&post=5482"},{"taxonomy":"post_tag","embeddable":true,"href":"https:\/\/www.mojabochnia.pl\/index.php?rest_route=%2Fwp%2Fv2%2Ftags&post=5482"}],"curies":[{"name":"wp","href":"https:\/\/api.w.org\/{rel}","templated":true}]}}