{"id":548,"date":"2008-07-03T11:10:05","date_gmt":"2008-07-03T09:10:05","guid":{"rendered":"http:\/\/beta.mojabochnia.pl\/?p=548"},"modified":"2008-08-08T14:44:24","modified_gmt":"2008-08-08T12:44:24","slug":"mozna-juz-skladac-wnioski-o-zasilki-rodzinne","status":"publish","type":"post","link":"https:\/\/www.mojabochnia.pl\/?p=548","title":{"rendered":"Mo\u017cna ju\u017c sk\u0142ada\u0107 wnioski o zasi\u0142ki rodzinne"},"content":{"rendered":"<p>MOPS zach\u0119ca wszystkie osoby zainteresowane uzyskaniem \u015bwiadcze\u0144 rodzinnych do sk\u0142adania wniosk\u00f3w ju\u017c teraz, co pozwoli na unikni\u0119cie kolejek przy sk\u0142adaniu dokument\u00f3w, kt\u00f3re mog\u0105 pojawi\u0107 si\u0119 p\u00f3\u017aniej. <\/p>\n<p>Druki wniosk\u00f3w mo\u017cna pobra\u0107 w siedzibie MOPS pok. 2 lub 3 albo z internetu.<\/p>\n<p>Szerszych informacji w ka\u017cdym indywidualnym przypadku udzielaj\u0105 pracownicy Sekcji \u015awiadcze\u0144 Rodzinnych MOPS osobi\u015bcie lub telefonicznie pod numerem (014) 615 39 ko\u0144c\u00f3wka 11, 12 lub 14. <\/p>\n","protected":false},"excerpt":{"rendered":"<p>Miejski O\u015brodek Pomocy Spo\u0142ecznej w Bochni  w Bochni (ul. Kolejowa 14) informuje, \u017ce pocz\u0105wszy od miesi\u0105ca lipca mo\u017cna sk\u0142ada\u0107 wnioski o zasi\u0142ki rodzinne na nowy okres zasi\u0142kowy, kt\u00f3ry rozpoczyna si\u0119 od 1 wrze\u015bnia br. <\/p>\n","protected":false},"author":8,"featured_media":0,"comment_status":"open","ping_status":"open","sticky":false,"template":"","format":"standard","meta":{"_acf_changed":false,"footnotes":""},"categories":[5],"tags":[421],"class_list":["post-548","post","type-post","status-publish","format-standard","hentry","category-biezace-wydarzenia","tag-osrodek-pomocy-spolecznej"],"acf":[],"yoast_head":"<!-- This site is optimized with the Yoast SEO plugin v26.9 - https:\/\/yoast.com\/product\/yoast-seo-wordpress\/ -->\n<title>Mo\u017cna ju\u017c sk\u0142ada\u0107 wnioski o zasi\u0142ki rodzinne - mojabochnia.pl - portal informacyjny<\/title>\n<meta name=\"robots\" content=\"index, follow, max-snippet:-1, max-image-preview:large, max-video-preview:-1\" \/>\n<link rel=\"canonical\" href=\"https:\/\/www.mojabochnia.pl\/?p=548\" \/>\n<meta property=\"og:locale\" content=\"pl_PL\" \/>\n<meta property=\"og:type\" content=\"article\" \/>\n<meta property=\"og:title\" content=\"Mo\u017cna ju\u017c sk\u0142ada\u0107 wnioski o zasi\u0142ki rodzinne - mojabochnia.pl - portal informacyjny\" \/>\n<meta property=\"og:description\" content=\"Miejski O\u015brodek Pomocy Spo\u0142ecznej w Bochni w Bochni (ul. Kolejowa 14) informuje, \u017ce pocz\u0105wszy od miesi\u0105ca lipca mo\u017cna sk\u0142ada\u0107 wnioski o zasi\u0142ki rodzinne na nowy okres zasi\u0142kowy, kt\u00f3ry rozpoczyna si\u0119 od 1 wrze\u015bnia br.\" \/>\n<meta property=\"og:url\" content=\"https:\/\/www.mojabochnia.pl\/?p=548\" \/>\n<meta property=\"og:site_name\" content=\"mojabochnia.pl - portal informacyjny\" \/>\n<meta property=\"article:publisher\" content=\"https:\/\/www.facebook.com\/mojabochnia\" \/>\n<meta property=\"article:published_time\" content=\"2008-07-03T09:10:05+00:00\" \/>\n<meta property=\"article:modified_time\" content=\"2008-08-08T12:44:24+00:00\" \/>\n<meta name=\"author\" content=\"informacja prasowa\" \/>\n<meta name=\"twitter:card\" content=\"summary_large_image\" \/>\n<meta name=\"twitter:label1\" content=\"Written by\" \/>\n\t<meta name=\"twitter:data1\" content=\"informacja prasowa\" \/>\n<script type=\"application\/ld+json\" class=\"yoast-schema-graph\">{\"@context\":\"https:\/\/schema.org\",\"@graph\":[{\"@type\":\"Article\",\"@id\":\"https:\/\/www.mojabochnia.pl\/?p=548#article\",\"isPartOf\":{\"@id\":\"https:\/\/www.mojabochnia.pl\/?p=548\"},\"author\":{\"name\":\"informacja prasowa\",\"@id\":\"https:\/\/www.mojabochnia.pl\/#\/schema\/person\/9e15cf1bcb74043790f124a3130fe41e\"},\"headline\":\"Mo\u017cna ju\u017c sk\u0142ada\u0107 wnioski o zasi\u0142ki rodzinne\",\"datePublished\":\"2008-07-03T09:10:05+00:00\",\"dateModified\":\"2008-08-08T12:44:24+00:00\",\"mainEntityOfPage\":{\"@id\":\"https:\/\/www.mojabochnia.pl\/?p=548\"},\"wordCount\":81,\"commentCount\":0,\"publisher\":{\"@id\":\"https:\/\/www.mojabochnia.pl\/#organization\"},\"keywords\":[\"o\u015brodek pomocy spo\u0142ecznej\"],\"articleSection\":[\"2_ostatnie\"],\"inLanguage\":\"pl-PL\",\"potentialAction\":[{\"@type\":\"CommentAction\",\"name\":\"Comment\",\"target\":[\"https:\/\/www.mojabochnia.pl\/?p=548#respond\"]}]},{\"@type\":\"WebPage\",\"@id\":\"https:\/\/www.mojabochnia.pl\/?p=548\",\"url\":\"https:\/\/www.mojabochnia.pl\/?p=548\",\"name\":\"Mo\u017cna ju\u017c sk\u0142ada\u0107 wnioski o zasi\u0142ki rodzinne - mojabochnia.pl - portal informacyjny\",\"isPartOf\":{\"@id\":\"https:\/\/www.mojabochnia.pl\/#website\"},\"datePublished\":\"2008-07-03T09:10:05+00:00\",\"dateModified\":\"2008-08-08T12:44:24+00:00\",\"breadcrumb\":{\"@id\":\"https:\/\/www.mojabochnia.pl\/?p=548#breadcrumb\"},\"inLanguage\":\"pl-PL\",\"potentialAction\":[{\"@type\":\"ReadAction\",\"target\":[\"https:\/\/www.mojabochnia.pl\/?p=548\"]}]},{\"@type\":\"BreadcrumbList\",\"@id\":\"https:\/\/www.mojabochnia.pl\/?p=548#breadcrumb\",\"itemListElement\":[{\"@type\":\"ListItem\",\"position\":1,\"name\":\"Home\",\"item\":\"https:\/\/www.mojabochnia.pl\/\"},{\"@type\":\"ListItem\",\"position\":2,\"name\":\"Mo\u017cna ju\u017c sk\u0142ada\u0107 wnioski o zasi\u0142ki rodzinne\"}]},{\"@type\":\"WebSite\",\"@id\":\"https:\/\/www.mojabochnia.pl\/#website\",\"url\":\"https:\/\/www.mojabochnia.pl\/\",\"name\":\"mojabochnia.pl - portal informacyjny\",\"description\":\"mojaBochnia to portal informacyjny o Bochni. Codziennie o Bochni piszemy i pokazujemy najwa\u017cniejsze wydarzenia\",\"publisher\":{\"@id\":\"https:\/\/www.mojabochnia.pl\/#organization\"},\"potentialAction\":[{\"@type\":\"SearchAction\",\"target\":{\"@type\":\"EntryPoint\",\"urlTemplate\":\"https:\/\/www.mojabochnia.pl\/?s={search_term_string}\"},\"query-input\":{\"@type\":\"PropertyValueSpecification\",\"valueRequired\":true,\"valueName\":\"search_term_string\"}}],\"inLanguage\":\"pl-PL\"},{\"@type\":\"Organization\",\"@id\":\"https:\/\/www.mojabochnia.pl\/#organization\",\"name\":\"mojabochnia.pl - portal informacyjny\",\"url\":\"https:\/\/www.mojabochnia.pl\/\",\"logo\":{\"@type\":\"ImageObject\",\"inLanguage\":\"pl-PL\",\"@id\":\"https:\/\/www.mojabochnia.pl\/#\/schema\/logo\/image\/\",\"url\":\"https:\/\/www.mojabochnia.pl\/wp-content\/uploads\/2017\/08\/logo-mb-opt.png\",\"contentUrl\":\"https:\/\/www.mojabochnia.pl\/wp-content\/uploads\/2017\/08\/logo-mb-opt.png\",\"width\":250,\"height\":48,\"caption\":\"mojabochnia.pl - portal informacyjny\"},\"image\":{\"@id\":\"https:\/\/www.mojabochnia.pl\/#\/schema\/logo\/image\/\"},\"sameAs\":[\"https:\/\/www.facebook.com\/mojabochnia\"]},{\"@type\":\"Person\",\"@id\":\"https:\/\/www.mojabochnia.pl\/#\/schema\/person\/9e15cf1bcb74043790f124a3130fe41e\",\"name\":\"informacja prasowa\",\"sameAs\":[\"http:\/\/\"],\"url\":\"https:\/\/www.mojabochnia.pl\/?author=8\"}]}<\/script>\n<!-- \/ Yoast SEO plugin. -->","yoast_head_json":{"title":"Mo\u017cna ju\u017c sk\u0142ada\u0107 wnioski o zasi\u0142ki rodzinne - mojabochnia.pl - portal informacyjny","robots":{"index":"index","follow":"follow","max-snippet":"max-snippet:-1","max-image-preview":"max-image-preview:large","max-video-preview":"max-video-preview:-1"},"canonical":"https:\/\/www.mojabochnia.pl\/?p=548","og_locale":"pl_PL","og_type":"article","og_title":"Mo\u017cna ju\u017c sk\u0142ada\u0107 wnioski o zasi\u0142ki rodzinne - mojabochnia.pl - portal informacyjny","og_description":"Miejski O\u015brodek Pomocy Spo\u0142ecznej w Bochni w Bochni (ul. Kolejowa 14) informuje, \u017ce pocz\u0105wszy od miesi\u0105ca lipca mo\u017cna sk\u0142ada\u0107 wnioski o zasi\u0142ki rodzinne na nowy okres zasi\u0142kowy, kt\u00f3ry rozpoczyna si\u0119 od 1 wrze\u015bnia br.","og_url":"https:\/\/www.mojabochnia.pl\/?p=548","og_site_name":"mojabochnia.pl - portal informacyjny","article_publisher":"https:\/\/www.facebook.com\/mojabochnia","article_published_time":"2008-07-03T09:10:05+00:00","article_modified_time":"2008-08-08T12:44:24+00:00","author":"informacja prasowa","twitter_card":"summary_large_image","twitter_misc":{"Written by":"informacja prasowa"},"schema":{"@context":"https:\/\/schema.org","@graph":[{"@type":"Article","@id":"https:\/\/www.mojabochnia.pl\/?p=548#article","isPartOf":{"@id":"https:\/\/www.mojabochnia.pl\/?p=548"},"author":{"name":"informacja prasowa","@id":"https:\/\/www.mojabochnia.pl\/#\/schema\/person\/9e15cf1bcb74043790f124a3130fe41e"},"headline":"Mo\u017cna ju\u017c sk\u0142ada\u0107 wnioski o zasi\u0142ki rodzinne","datePublished":"2008-07-03T09:10:05+00:00","dateModified":"2008-08-08T12:44:24+00:00","mainEntityOfPage":{"@id":"https:\/\/www.mojabochnia.pl\/?p=548"},"wordCount":81,"commentCount":0,"publisher":{"@id":"https:\/\/www.mojabochnia.pl\/#organization"},"keywords":["o\u015brodek pomocy spo\u0142ecznej"],"articleSection":["2_ostatnie"],"inLanguage":"pl-PL","potentialAction":[{"@type":"CommentAction","name":"Comment","target":["https:\/\/www.mojabochnia.pl\/?p=548#respond"]}]},{"@type":"WebPage","@id":"https:\/\/www.mojabochnia.pl\/?p=548","url":"https:\/\/www.mojabochnia.pl\/?p=548","name":"Mo\u017cna ju\u017c sk\u0142ada\u0107 wnioski o zasi\u0142ki rodzinne - mojabochnia.pl - portal informacyjny","isPartOf":{"@id":"https:\/\/www.mojabochnia.pl\/#website"},"datePublished":"2008-07-03T09:10:05+00:00","dateModified":"2008-08-08T12:44:24+00:00","breadcrumb":{"@id":"https:\/\/www.mojabochnia.pl\/?p=548#breadcrumb"},"inLanguage":"pl-PL","potentialAction":[{"@type":"ReadAction","target":["https:\/\/www.mojabochnia.pl\/?p=548"]}]},{"@type":"BreadcrumbList","@id":"https:\/\/www.mojabochnia.pl\/?p=548#breadcrumb","itemListElement":[{"@type":"ListItem","position":1,"name":"Home","item":"https:\/\/www.mojabochnia.pl\/"},{"@type":"ListItem","position":2,"name":"Mo\u017cna ju\u017c sk\u0142ada\u0107 wnioski o zasi\u0142ki rodzinne"}]},{"@type":"WebSite","@id":"https:\/\/www.mojabochnia.pl\/#website","url":"https:\/\/www.mojabochnia.pl\/","name":"mojabochnia.pl - portal informacyjny","description":"mojaBochnia to portal informacyjny o Bochni. Codziennie o Bochni piszemy i pokazujemy najwa\u017cniejsze wydarzenia","publisher":{"@id":"https:\/\/www.mojabochnia.pl\/#organization"},"potentialAction":[{"@type":"SearchAction","target":{"@type":"EntryPoint","urlTemplate":"https:\/\/www.mojabochnia.pl\/?s={search_term_string}"},"query-input":{"@type":"PropertyValueSpecification","valueRequired":true,"valueName":"search_term_string"}}],"inLanguage":"pl-PL"},{"@type":"Organization","@id":"https:\/\/www.mojabochnia.pl\/#organization","name":"mojabochnia.pl - portal informacyjny","url":"https:\/\/www.mojabochnia.pl\/","logo":{"@type":"ImageObject","inLanguage":"pl-PL","@id":"https:\/\/www.mojabochnia.pl\/#\/schema\/logo\/image\/","url":"https:\/\/www.mojabochnia.pl\/wp-content\/uploads\/2017\/08\/logo-mb-opt.png","contentUrl":"https:\/\/www.mojabochnia.pl\/wp-content\/uploads\/2017\/08\/logo-mb-opt.png","width":250,"height":48,"caption":"mojabochnia.pl - portal informacyjny"},"image":{"@id":"https:\/\/www.mojabochnia.pl\/#\/schema\/logo\/image\/"},"sameAs":["https:\/\/www.facebook.com\/mojabochnia"]},{"@type":"Person","@id":"https:\/\/www.mojabochnia.pl\/#\/schema\/person\/9e15cf1bcb74043790f124a3130fe41e","name":"informacja prasowa","sameAs":["http:\/\/"],"url":"https:\/\/www.mojabochnia.pl\/?author=8"}]}},"_links":{"self":[{"href":"https:\/\/www.mojabochnia.pl\/index.php?rest_route=\/wp\/v2\/posts\/548","targetHints":{"allow":["GET"]}}],"collection":[{"href":"https:\/\/www.mojabochnia.pl\/index.php?rest_route=\/wp\/v2\/posts"}],"about":[{"href":"https:\/\/www.mojabochnia.pl\/index.php?rest_route=\/wp\/v2\/types\/post"}],"author":[{"embeddable":true,"href":"https:\/\/www.mojabochnia.pl\/index.php?rest_route=\/wp\/v2\/users\/8"}],"replies":[{"embeddable":true,"href":"https:\/\/www.mojabochnia.pl\/index.php?rest_route=%2Fwp%2Fv2%2Fcomments&post=548"}],"version-history":[{"count":0,"href":"https:\/\/www.mojabochnia.pl\/index.php?rest_route=\/wp\/v2\/posts\/548\/revisions"}],"wp:attachment":[{"href":"https:\/\/www.mojabochnia.pl\/index.php?rest_route=%2Fwp%2Fv2%2Fmedia&parent=548"}],"wp:term":[{"taxonomy":"category","embeddable":true,"href":"https:\/\/www.mojabochnia.pl\/index.php?rest_route=%2Fwp%2Fv2%2Fcategories&post=548"},{"taxonomy":"post_tag","embeddable":true,"href":"https:\/\/www.mojabochnia.pl\/index.php?rest_route=%2Fwp%2Fv2%2Ftags&post=548"}],"curies":[{"name":"wp","href":"https:\/\/api.w.org\/{rel}","templated":true}]}}