{"id":543,"date":"2008-07-03T13:24:21","date_gmt":"2008-07-03T11:24:21","guid":{"rendered":"http:\/\/beta.mojabochnia.pl\/?p=543"},"modified":"2008-08-25T14:07:21","modified_gmt":"2008-08-25T12:07:21","slug":"mieszkanka-trzciany-walczy-z-wladzami-gminy","status":"publish","type":"post","link":"https:\/\/www.mojabochnia.pl\/?p=543","title":{"rendered":"Mieszkanka Trzciany walczy z w\u0142adzami gminy"},"content":{"rendered":"<p>Pani Anna twierdzi, \u017ce zwr\u00f3ci\u0142a uwag\u0119 s\u0105siadowi, na co ten mia\u0142 zareagowa\u0107 arogancko. Nast\u0119pnie pani Gu\u015bpiel z\u0142o\u017cy\u0142a skarg\u0119 do urz\u0119du gminy. Do tej pory przeprowadzono trzy wizje lokalne, gmina wydawa\u0142a kolejne decyzje, na kt\u00f3re mieszkanka Trzciany sk\u0142ada\u0142a odwo\u0142ania, twierdz\u0105c, \u017ce s\u0105 one przeciwko niej. \u2013 <em>W trzeciej decyzji kolegium odwo\u0142awcze odrzuci\u0142o w ca\u0142o\u015bci po raz trzeci decyzj\u0119 w\u00f3jta. Czyli jego decyzje s\u0105 wydawane i przeprowadzane wizje niezgodnie z prawem. Bo gdyby by\u0142o zgodne z prawem, kolegium odwo\u0142awcze stan\u0119\u0142oby po stronie urz\u0119du gminy, \u017ce s\u0142usznie dzia\u0142a\u0142. Jest to nies\u0142uszne dzia\u0142anie tylko z ch\u0119ci zemsty, zgn\u0119bienia nas, dwojga samotnych, starszych os\u00f3b <\/em>\u2013 \u017cali si\u0119 mieszkanka Trzciany.  <\/p>\n<p>W\u00f3jt Trzciany J\u00f3zef Nowak wyja\u015bnia, \u017ce w\u0142adze gminy podczas wizji lokalnej nie stwierdzi\u0142y zmiany tzw. stosunk\u00f3w wodno-prawnych. \u2013 <em>Nie ma mo\u017cliwo\u015bci nakazania czegokolwiek, przywr\u00f3cenia stosunk\u00f3w wodnych do stanu poprzedniego. Ugoda, kt\u00f3r\u0105 spisano, dawa\u0142a mo\u017cliwo\u015b\u0107 zmiany tych stosunk\u00f3w, bo tylko ta forma prawna daje mo\u017cliwo\u015b\u0107 zmiany stosunk\u00f3w wodno-prawnych na gruncie. Ale od tej decyzji r\u00f3wnie\u017c pani Gu\u015bpiel si\u0119 odwo\u0142a\u0142a, wi\u0119c ja ju\u017c w\u0142a\u015bciwie dzisiaj nie wiem, o co pani Gu\u015bpiel chodzi <\/em>\u2013 m\u00f3wi w\u00f3jt. <\/p>\n<p>Radna Franciszka Pawlicka by\u0142a na wizji lokalnej u pani Gu\u015bpiel i uwa\u017ca, \u017ce niewiele potrzeba, aby dosz\u0142o do rozwi\u0105zania problemu. \u2013 <em>Uwa\u017cam, \u017ce sprawa jest prosta, tylko trzeba dobrej woli: ze strony s\u0105siada, ze strony pani, ze strony w\u00f3jta. Wed\u0142ug mojej osobistej znajomo\u015bci rzeczy, znajomo\u015bci terenu, bo by\u0142am tam niejeden raz, wystarczy, \u017ceby s\u0105siad przeora\u0142, przekopa\u0142 tak g\u0142\u0119bok\u0105 bruzd\u0119, kt\u00f3ra pozwoli, \u017ceby woda sp\u0142yn\u0119\u0142a do potoku do lasu. I to wszystko <\/em>\u2013 m\u00f3wi radna.<\/p>\n<p>S\u0105siad pani Anny Gu\u015bpiel nie chcia\u0142 z nami rozmawia\u0107, odsy\u0142a\u0142 nas do protoko\u0142\u00f3w z wizji lokalnej.<\/p>\n","protected":false},"excerpt":{"rendered":"<p> Mieszkanka Trzciany ko\u0142o Bochni walczy o czyst\u0105 wod\u0119 w swojej studni. Jak twierdzi pani Anna Gu\u015bpiel, woda sp\u0142ywaj\u0105ca z p\u00f3l uprawnych s\u0105siada wp\u0142ywa do jej studni, a wraz z ni\u0105 szkodliwe dla zdrowia nawozy i pestycydy. Kobieta domaga si\u0119, aby w\u0142adze gminy pomog\u0142y jej wyegzekwowa\u0107 u s\u0105siada wykonanie rowu odwadniaj\u0105cego. I tu zaczyna si\u0119 problem, bo kobieta twierdzi, \u017ce przez w\u0142adze jest traktowana niesprawiedliwie. <\/p>\n","protected":false},"author":4,"featured_media":0,"comment_status":"open","ping_status":"open","sticky":false,"template":"","format":"standard","meta":{"_acf_changed":false,"footnotes":""},"categories":[5],"tags":[418,17169],"class_list":["post-543","post","type-post","status-publish","format-standard","hentry","category-biezace-wydarzenia","tag-spor","tag-trzciana"],"acf":[],"yoast_head":"<!-- This site is optimized with the Yoast SEO plugin v26.9 - https:\/\/yoast.com\/product\/yoast-seo-wordpress\/ -->\n<title>Mieszkanka Trzciany walczy z w\u0142adzami gminy - mojabochnia.pl - portal informacyjny<\/title>\n<meta name=\"robots\" content=\"index, follow, max-snippet:-1, max-image-preview:large, max-video-preview:-1\" \/>\n<link rel=\"canonical\" href=\"https:\/\/www.mojabochnia.pl\/?p=543\" \/>\n<meta property=\"og:locale\" content=\"pl_PL\" \/>\n<meta property=\"og:type\" content=\"article\" \/>\n<meta property=\"og:title\" content=\"Mieszkanka Trzciany walczy z w\u0142adzami gminy - mojabochnia.pl - portal informacyjny\" \/>\n<meta property=\"og:description\" content=\"Mieszkanka Trzciany ko\u0142o Bochni walczy o czyst\u0105 wod\u0119 w swojej studni. Jak twierdzi pani Anna Gu\u015bpiel, woda sp\u0142ywaj\u0105ca z p\u00f3l uprawnych s\u0105siada wp\u0142ywa do jej studni, a wraz z ni\u0105 szkodliwe dla zdrowia nawozy i pestycydy. Kobieta domaga si\u0119, aby w\u0142adze gminy pomog\u0142y jej wyegzekwowa\u0107 u s\u0105siada wykonanie rowu odwadniaj\u0105cego. I tu zaczyna si\u0119 problem, bo kobieta twierdzi, \u017ce przez w\u0142adze jest traktowana niesprawiedliwie.\" \/>\n<meta property=\"og:url\" content=\"https:\/\/www.mojabochnia.pl\/?p=543\" \/>\n<meta property=\"og:site_name\" content=\"mojabochnia.pl - portal informacyjny\" \/>\n<meta property=\"article:publisher\" content=\"https:\/\/www.facebook.com\/mojabochnia\" \/>\n<meta property=\"article:published_time\" content=\"2008-07-03T11:24:21+00:00\" \/>\n<meta property=\"article:modified_time\" content=\"2008-08-25T12:07:21+00:00\" \/>\n<meta name=\"author\" content=\"Pawe\u0142 Michalczyk\" \/>\n<meta name=\"twitter:card\" content=\"summary_large_image\" \/>\n<meta name=\"twitter:label1\" content=\"Written by\" \/>\n\t<meta name=\"twitter:data1\" content=\"Pawe\u0142 Michalczyk\" \/>\n\t<meta name=\"twitter:label2\" content=\"Est. reading time\" \/>\n\t<meta name=\"twitter:data2\" content=\"2 minuty\" \/>\n<script type=\"application\/ld+json\" class=\"yoast-schema-graph\">{\"@context\":\"https:\/\/schema.org\",\"@graph\":[{\"@type\":\"Article\",\"@id\":\"https:\/\/www.mojabochnia.pl\/?p=543#article\",\"isPartOf\":{\"@id\":\"https:\/\/www.mojabochnia.pl\/?p=543\"},\"author\":{\"name\":\"Pawe\u0142 Michalczyk\",\"@id\":\"https:\/\/www.mojabochnia.pl\/#\/schema\/person\/ea042e4724a77627963f02166828ead4\"},\"headline\":\"Mieszkanka Trzciany walczy z w\u0142adzami gminy\",\"datePublished\":\"2008-07-03T11:24:21+00:00\",\"dateModified\":\"2008-08-25T12:07:21+00:00\",\"mainEntityOfPage\":{\"@id\":\"https:\/\/www.mojabochnia.pl\/?p=543\"},\"wordCount\":347,\"commentCount\":0,\"publisher\":{\"@id\":\"https:\/\/www.mojabochnia.pl\/#organization\"},\"keywords\":[\"sp\u00f3r\",\"Trzciana\"],\"articleSection\":[\"2_ostatnie\"],\"inLanguage\":\"pl-PL\",\"potentialAction\":[{\"@type\":\"CommentAction\",\"name\":\"Comment\",\"target\":[\"https:\/\/www.mojabochnia.pl\/?p=543#respond\"]}]},{\"@type\":\"WebPage\",\"@id\":\"https:\/\/www.mojabochnia.pl\/?p=543\",\"url\":\"https:\/\/www.mojabochnia.pl\/?p=543\",\"name\":\"Mieszkanka Trzciany walczy z w\u0142adzami gminy - mojabochnia.pl - portal informacyjny\",\"isPartOf\":{\"@id\":\"https:\/\/www.mojabochnia.pl\/#website\"},\"datePublished\":\"2008-07-03T11:24:21+00:00\",\"dateModified\":\"2008-08-25T12:07:21+00:00\",\"breadcrumb\":{\"@id\":\"https:\/\/www.mojabochnia.pl\/?p=543#breadcrumb\"},\"inLanguage\":\"pl-PL\",\"potentialAction\":[{\"@type\":\"ReadAction\",\"target\":[\"https:\/\/www.mojabochnia.pl\/?p=543\"]}]},{\"@type\":\"BreadcrumbList\",\"@id\":\"https:\/\/www.mojabochnia.pl\/?p=543#breadcrumb\",\"itemListElement\":[{\"@type\":\"ListItem\",\"position\":1,\"name\":\"Home\",\"item\":\"https:\/\/www.mojabochnia.pl\/\"},{\"@type\":\"ListItem\",\"position\":2,\"name\":\"Mieszkanka Trzciany walczy z w\u0142adzami gminy\"}]},{\"@type\":\"WebSite\",\"@id\":\"https:\/\/www.mojabochnia.pl\/#website\",\"url\":\"https:\/\/www.mojabochnia.pl\/\",\"name\":\"mojabochnia.pl - portal informacyjny\",\"description\":\"mojaBochnia to portal informacyjny o Bochni. Codziennie o Bochni piszemy i pokazujemy najwa\u017cniejsze wydarzenia\",\"publisher\":{\"@id\":\"https:\/\/www.mojabochnia.pl\/#organization\"},\"potentialAction\":[{\"@type\":\"SearchAction\",\"target\":{\"@type\":\"EntryPoint\",\"urlTemplate\":\"https:\/\/www.mojabochnia.pl\/?s={search_term_string}\"},\"query-input\":{\"@type\":\"PropertyValueSpecification\",\"valueRequired\":true,\"valueName\":\"search_term_string\"}}],\"inLanguage\":\"pl-PL\"},{\"@type\":\"Organization\",\"@id\":\"https:\/\/www.mojabochnia.pl\/#organization\",\"name\":\"mojabochnia.pl - portal informacyjny\",\"url\":\"https:\/\/www.mojabochnia.pl\/\",\"logo\":{\"@type\":\"ImageObject\",\"inLanguage\":\"pl-PL\",\"@id\":\"https:\/\/www.mojabochnia.pl\/#\/schema\/logo\/image\/\",\"url\":\"https:\/\/www.mojabochnia.pl\/wp-content\/uploads\/2017\/08\/logo-mb-opt.png\",\"contentUrl\":\"https:\/\/www.mojabochnia.pl\/wp-content\/uploads\/2017\/08\/logo-mb-opt.png\",\"width\":250,\"height\":48,\"caption\":\"mojabochnia.pl - portal informacyjny\"},\"image\":{\"@id\":\"https:\/\/www.mojabochnia.pl\/#\/schema\/logo\/image\/\"},\"sameAs\":[\"https:\/\/www.facebook.com\/mojabochnia\"]},{\"@type\":\"Person\",\"@id\":\"https:\/\/www.mojabochnia.pl\/#\/schema\/person\/ea042e4724a77627963f02166828ead4\",\"name\":\"Pawe\u0142 Michalczyk\",\"url\":\"https:\/\/www.mojabochnia.pl\/?author=4\"}]}<\/script>\n<!-- \/ Yoast SEO plugin. -->","yoast_head_json":{"title":"Mieszkanka Trzciany walczy z w\u0142adzami gminy - mojabochnia.pl - portal informacyjny","robots":{"index":"index","follow":"follow","max-snippet":"max-snippet:-1","max-image-preview":"max-image-preview:large","max-video-preview":"max-video-preview:-1"},"canonical":"https:\/\/www.mojabochnia.pl\/?p=543","og_locale":"pl_PL","og_type":"article","og_title":"Mieszkanka Trzciany walczy z w\u0142adzami gminy - mojabochnia.pl - portal informacyjny","og_description":"Mieszkanka Trzciany ko\u0142o Bochni walczy o czyst\u0105 wod\u0119 w swojej studni. Jak twierdzi pani Anna Gu\u015bpiel, woda sp\u0142ywaj\u0105ca z p\u00f3l uprawnych s\u0105siada wp\u0142ywa do jej studni, a wraz z ni\u0105 szkodliwe dla zdrowia nawozy i pestycydy. Kobieta domaga si\u0119, aby w\u0142adze gminy pomog\u0142y jej wyegzekwowa\u0107 u s\u0105siada wykonanie rowu odwadniaj\u0105cego. I tu zaczyna si\u0119 problem, bo kobieta twierdzi, \u017ce przez w\u0142adze jest traktowana niesprawiedliwie.","og_url":"https:\/\/www.mojabochnia.pl\/?p=543","og_site_name":"mojabochnia.pl - portal informacyjny","article_publisher":"https:\/\/www.facebook.com\/mojabochnia","article_published_time":"2008-07-03T11:24:21+00:00","article_modified_time":"2008-08-25T12:07:21+00:00","author":"Pawe\u0142 Michalczyk","twitter_card":"summary_large_image","twitter_misc":{"Written by":"Pawe\u0142 Michalczyk","Est. reading time":"2 minuty"},"schema":{"@context":"https:\/\/schema.org","@graph":[{"@type":"Article","@id":"https:\/\/www.mojabochnia.pl\/?p=543#article","isPartOf":{"@id":"https:\/\/www.mojabochnia.pl\/?p=543"},"author":{"name":"Pawe\u0142 Michalczyk","@id":"https:\/\/www.mojabochnia.pl\/#\/schema\/person\/ea042e4724a77627963f02166828ead4"},"headline":"Mieszkanka Trzciany walczy z w\u0142adzami gminy","datePublished":"2008-07-03T11:24:21+00:00","dateModified":"2008-08-25T12:07:21+00:00","mainEntityOfPage":{"@id":"https:\/\/www.mojabochnia.pl\/?p=543"},"wordCount":347,"commentCount":0,"publisher":{"@id":"https:\/\/www.mojabochnia.pl\/#organization"},"keywords":["sp\u00f3r","Trzciana"],"articleSection":["2_ostatnie"],"inLanguage":"pl-PL","potentialAction":[{"@type":"CommentAction","name":"Comment","target":["https:\/\/www.mojabochnia.pl\/?p=543#respond"]}]},{"@type":"WebPage","@id":"https:\/\/www.mojabochnia.pl\/?p=543","url":"https:\/\/www.mojabochnia.pl\/?p=543","name":"Mieszkanka Trzciany walczy z w\u0142adzami gminy - mojabochnia.pl - portal informacyjny","isPartOf":{"@id":"https:\/\/www.mojabochnia.pl\/#website"},"datePublished":"2008-07-03T11:24:21+00:00","dateModified":"2008-08-25T12:07:21+00:00","breadcrumb":{"@id":"https:\/\/www.mojabochnia.pl\/?p=543#breadcrumb"},"inLanguage":"pl-PL","potentialAction":[{"@type":"ReadAction","target":["https:\/\/www.mojabochnia.pl\/?p=543"]}]},{"@type":"BreadcrumbList","@id":"https:\/\/www.mojabochnia.pl\/?p=543#breadcrumb","itemListElement":[{"@type":"ListItem","position":1,"name":"Home","item":"https:\/\/www.mojabochnia.pl\/"},{"@type":"ListItem","position":2,"name":"Mieszkanka Trzciany walczy z w\u0142adzami gminy"}]},{"@type":"WebSite","@id":"https:\/\/www.mojabochnia.pl\/#website","url":"https:\/\/www.mojabochnia.pl\/","name":"mojabochnia.pl - portal informacyjny","description":"mojaBochnia to portal informacyjny o Bochni. Codziennie o Bochni piszemy i pokazujemy najwa\u017cniejsze wydarzenia","publisher":{"@id":"https:\/\/www.mojabochnia.pl\/#organization"},"potentialAction":[{"@type":"SearchAction","target":{"@type":"EntryPoint","urlTemplate":"https:\/\/www.mojabochnia.pl\/?s={search_term_string}"},"query-input":{"@type":"PropertyValueSpecification","valueRequired":true,"valueName":"search_term_string"}}],"inLanguage":"pl-PL"},{"@type":"Organization","@id":"https:\/\/www.mojabochnia.pl\/#organization","name":"mojabochnia.pl - portal informacyjny","url":"https:\/\/www.mojabochnia.pl\/","logo":{"@type":"ImageObject","inLanguage":"pl-PL","@id":"https:\/\/www.mojabochnia.pl\/#\/schema\/logo\/image\/","url":"https:\/\/www.mojabochnia.pl\/wp-content\/uploads\/2017\/08\/logo-mb-opt.png","contentUrl":"https:\/\/www.mojabochnia.pl\/wp-content\/uploads\/2017\/08\/logo-mb-opt.png","width":250,"height":48,"caption":"mojabochnia.pl - portal informacyjny"},"image":{"@id":"https:\/\/www.mojabochnia.pl\/#\/schema\/logo\/image\/"},"sameAs":["https:\/\/www.facebook.com\/mojabochnia"]},{"@type":"Person","@id":"https:\/\/www.mojabochnia.pl\/#\/schema\/person\/ea042e4724a77627963f02166828ead4","name":"Pawe\u0142 Michalczyk","url":"https:\/\/www.mojabochnia.pl\/?author=4"}]}},"_links":{"self":[{"href":"https:\/\/www.mojabochnia.pl\/index.php?rest_route=\/wp\/v2\/posts\/543","targetHints":{"allow":["GET"]}}],"collection":[{"href":"https:\/\/www.mojabochnia.pl\/index.php?rest_route=\/wp\/v2\/posts"}],"about":[{"href":"https:\/\/www.mojabochnia.pl\/index.php?rest_route=\/wp\/v2\/types\/post"}],"author":[{"embeddable":true,"href":"https:\/\/www.mojabochnia.pl\/index.php?rest_route=\/wp\/v2\/users\/4"}],"replies":[{"embeddable":true,"href":"https:\/\/www.mojabochnia.pl\/index.php?rest_route=%2Fwp%2Fv2%2Fcomments&post=543"}],"version-history":[{"count":0,"href":"https:\/\/www.mojabochnia.pl\/index.php?rest_route=\/wp\/v2\/posts\/543\/revisions"}],"wp:attachment":[{"href":"https:\/\/www.mojabochnia.pl\/index.php?rest_route=%2Fwp%2Fv2%2Fmedia&parent=543"}],"wp:term":[{"taxonomy":"category","embeddable":true,"href":"https:\/\/www.mojabochnia.pl\/index.php?rest_route=%2Fwp%2Fv2%2Fcategories&post=543"},{"taxonomy":"post_tag","embeddable":true,"href":"https:\/\/www.mojabochnia.pl\/index.php?rest_route=%2Fwp%2Fv2%2Ftags&post=543"}],"curies":[{"name":"wp","href":"https:\/\/api.w.org\/{rel}","templated":true}]}}