{"id":54218,"date":"2011-07-13T14:31:54","date_gmt":"2011-07-13T12:31:54","guid":{"rendered":"http:\/\/www.mojabochnia.pl\/?p=54218"},"modified":"2012-07-31T07:39:13","modified_gmt":"2012-07-31T05:39:13","slug":"chelm-remont-wnetrza-barokowej-swiatyni","status":"publish","type":"post","link":"https:\/\/www.mojabochnia.pl\/?p=54218","title":{"rendered":"Che\u0142m: remont wn\u0119trza barokowej \u015bwi\u0105tyni"},"content":{"rendered":"<p>W ubieg\u0142ych latach remontowano elewacj\u0119 \u015bwi\u0105tyni, teraz przysz\u0142a kolej na odnow\u0119 wn\u0119trza. Jak m\u00f3wi ks. Marek Krupa, remont obejmuje m.in. wymian\u0119 starej marmurowej posadzki na now\u0105. <\/p>\n<p><em>Po usuni\u0119ciu p\u0142ytek zosta\u0142a wywieziona warstwa 50 cm ziemi. Nast\u0119pnie wykonane zosta\u0142y rowy grzewcze. W nich b\u0119d\u0105 umieszczone rury, w kt\u00f3rych b\u0119dzie ciep\u0142e powietrze ogrzewaj\u0105ce ko\u015bci\u00f3\u0142. Chcemy bowiem, aby po remoncie ko\u015bci\u00f3\u0142 by\u0142 ogrzewany metod\u0105 nawiewow\u0105<\/em> \u2013 m\u00f3wi ks. Marek Krupa. Opr\u00f3cz tego, pod now\u0105 posadzk\u0105 ma zosta\u0107 zamontowana w\u0119\u017cownica, kt\u00f3ra w przysz\u0142o\u015bci umo\u017cliwi ogrzewanie za pomoc\u0105 pomp ciep\u0142a.<\/p>\n<p>Zdj\u0119te z nawy g\u0142\u00f3wnej p\u0142ytki maj\u0105 zosta\u0107 oszlifowane i u\u017cyte w kaplicy bocznej. W ich miejsce za\u015b pojawi\u0105 si\u0119 nowe o identycznej kolorystyce. <\/p>\n<p>W trakcie remontu \u015bwi\u0105tyni zabezpieczono krypty znajduj\u0105ce si\u0119 pod o\u0142tarzem g\u0142\u00f3wnym. Niegdy\u015b grzebano w nich zakonnik\u00f3w, obecnie s\u0105 puste. Wej\u015bcie do krypt ma by\u0107 mo\u017cliwe zza nastawy o\u0142tarzowej.<\/p>\n<p>Remont \u015bwi\u0105tyni poch\u0142onie ponad 200 tys. z\u0142. Parafia Che\u0142m otrzyma\u0142a 50 tys. z\u0142 dofinansowania z Urz\u0119du Marsza\u0142kowskiego.<\/p>\n\t  \r\n\t\r\n\t    <div class=\"mb-gallery\">\r\n\t    <a href=\"https:\/\/www.mojabochnia.pl\/?attachment_id=54221\" class=\"\"><img loading=\"lazy\" decoding=\"async\" width=\"100\" height=\"56\" src=\"https:\/\/www.mojabochnia.pl\/wp-content\/uploads\/2011\/07\/IMG_0810-120x67.jpg\" class=\"attachment-100x100 size-100x100\" alt=\"\" srcset=\"https:\/\/www.mojabochnia.pl\/wp-content\/uploads\/2011\/07\/IMG_0810-120x67.jpg 120w, https:\/\/www.mojabochnia.pl\/wp-content\/uploads\/2011\/07\/IMG_0810-468x263.jpg 468w, https:\/\/www.mojabochnia.pl\/wp-content\/uploads\/2011\/07\/IMG_0810-660x372.jpg 660w, https:\/\/www.mojabochnia.pl\/wp-content\/uploads\/2011\/07\/IMG_0810.jpg 800w\" sizes=\"auto, (max-width: 100px) 100vw, 100px\" \/><\/a><a href=\"https:\/\/www.mojabochnia.pl\/?attachment_id=54222\" class=\"\"><img loading=\"lazy\" decoding=\"async\" width=\"100\" height=\"56\" src=\"https:\/\/www.mojabochnia.pl\/wp-content\/uploads\/2011\/07\/IMG_0812-120x67.jpg\" class=\"attachment-100x100 size-100x100\" alt=\"\" srcset=\"https:\/\/www.mojabochnia.pl\/wp-content\/uploads\/2011\/07\/IMG_0812-120x67.jpg 120w, https:\/\/www.mojabochnia.pl\/wp-content\/uploads\/2011\/07\/IMG_0812-468x263.jpg 468w, https:\/\/www.mojabochnia.pl\/wp-content\/uploads\/2011\/07\/IMG_0812-660x372.jpg 660w, https:\/\/www.mojabochnia.pl\/wp-content\/uploads\/2011\/07\/IMG_0812.jpg 800w\" sizes=\"auto, (max-width: 100px) 100vw, 100px\" \/><\/a><a href=\"https:\/\/www.mojabochnia.pl\/?attachment_id=54223\" class=\"\"><img loading=\"lazy\" decoding=\"async\" width=\"100\" height=\"56\" src=\"https:\/\/www.mojabochnia.pl\/wp-content\/uploads\/2011\/07\/IMG_0814-120x67.jpg\" class=\"attachment-100x100 size-100x100\" alt=\"\" srcset=\"https:\/\/www.mojabochnia.pl\/wp-content\/uploads\/2011\/07\/IMG_0814-120x67.jpg 120w, https:\/\/www.mojabochnia.pl\/wp-content\/uploads\/2011\/07\/IMG_0814-468x263.jpg 468w, https:\/\/www.mojabochnia.pl\/wp-content\/uploads\/2011\/07\/IMG_0814-660x372.jpg 660w, https:\/\/www.mojabochnia.pl\/wp-content\/uploads\/2011\/07\/IMG_0814.jpg 800w\" sizes=\"auto, (max-width: 100px) 100vw, 100px\" \/><\/a><a href=\"https:\/\/www.mojabochnia.pl\/?attachment_id=54224\" class=\"\"><img loading=\"lazy\" decoding=\"async\" width=\"100\" height=\"56\" src=\"https:\/\/www.mojabochnia.pl\/wp-content\/uploads\/2011\/07\/IMG_0816-120x67.jpg\" class=\"attachment-100x100 size-100x100\" alt=\"\" srcset=\"https:\/\/www.mojabochnia.pl\/wp-content\/uploads\/2011\/07\/IMG_0816-120x67.jpg 120w, https:\/\/www.mojabochnia.pl\/wp-content\/uploads\/2011\/07\/IMG_0816-468x263.jpg 468w, https:\/\/www.mojabochnia.pl\/wp-content\/uploads\/2011\/07\/IMG_0816-660x371.jpg 660w, https:\/\/www.mojabochnia.pl\/wp-content\/uploads\/2011\/07\/IMG_0816.jpg 800w\" sizes=\"auto, (max-width: 100px) 100vw, 100px\" \/><\/a><a href=\"https:\/\/www.mojabochnia.pl\/?attachment_id=54225\" class=\"\"><img loading=\"lazy\" decoding=\"async\" width=\"100\" height=\"56\" src=\"https:\/\/www.mojabochnia.pl\/wp-content\/uploads\/2011\/07\/IMG_08181-120x67.jpg\" class=\"attachment-100x100 size-100x100\" alt=\"\" srcset=\"https:\/\/www.mojabochnia.pl\/wp-content\/uploads\/2011\/07\/IMG_08181-120x67.jpg 120w, https:\/\/www.mojabochnia.pl\/wp-content\/uploads\/2011\/07\/IMG_08181-468x263.jpg 468w, https:\/\/www.mojabochnia.pl\/wp-content\/uploads\/2011\/07\/IMG_08181-660x372.jpg 660w, https:\/\/www.mojabochnia.pl\/wp-content\/uploads\/2011\/07\/IMG_08181.jpg 800w\" sizes=\"auto, (max-width: 100px) 100vw, 100px\" \/><\/a><a href=\"https:\/\/www.mojabochnia.pl\/?attachment_id=54226\" class=\"\"><img loading=\"lazy\" decoding=\"async\" width=\"100\" height=\"56\" src=\"https:\/\/www.mojabochnia.pl\/wp-content\/uploads\/2011\/07\/IMG_0819-120x67.jpg\" class=\"attachment-100x100 size-100x100\" alt=\"\" srcset=\"https:\/\/www.mojabochnia.pl\/wp-content\/uploads\/2011\/07\/IMG_0819-120x67.jpg 120w, https:\/\/www.mojabochnia.pl\/wp-content\/uploads\/2011\/07\/IMG_0819-468x263.jpg 468w, https:\/\/www.mojabochnia.pl\/wp-content\/uploads\/2011\/07\/IMG_0819-660x372.jpg 660w, https:\/\/www.mojabochnia.pl\/wp-content\/uploads\/2011\/07\/IMG_0819.jpg 800w\" sizes=\"auto, (max-width: 100px) 100vw, 100px\" \/><\/a><a href=\"https:\/\/www.mojabochnia.pl\/?attachment_id=54227\" class=\"\"><img loading=\"lazy\" decoding=\"async\" width=\"100\" height=\"56\" src=\"https:\/\/www.mojabochnia.pl\/wp-content\/uploads\/2011\/07\/IMG_0820-120x67.jpg\" class=\"attachment-100x100 size-100x100\" alt=\"\" srcset=\"https:\/\/www.mojabochnia.pl\/wp-content\/uploads\/2011\/07\/IMG_0820-120x67.jpg 120w, https:\/\/www.mojabochnia.pl\/wp-content\/uploads\/2011\/07\/IMG_0820-468x263.jpg 468w, https:\/\/www.mojabochnia.pl\/wp-content\/uploads\/2011\/07\/IMG_0820-660x371.jpg 660w, https:\/\/www.mojabochnia.pl\/wp-content\/uploads\/2011\/07\/IMG_0820.jpg 800w\" sizes=\"auto, (max-width: 100px) 100vw, 100px\" \/><\/a><a href=\"https:\/\/www.mojabochnia.pl\/?attachment_id=54228\" class=\"\"><img loading=\"lazy\" decoding=\"async\" width=\"100\" height=\"56\" src=\"https:\/\/www.mojabochnia.pl\/wp-content\/uploads\/2011\/07\/IMG_0822-120x67.jpg\" class=\"attachment-100x100 size-100x100\" alt=\"\" srcset=\"https:\/\/www.mojabochnia.pl\/wp-content\/uploads\/2011\/07\/IMG_0822-120x67.jpg 120w, https:\/\/www.mojabochnia.pl\/wp-content\/uploads\/2011\/07\/IMG_0822-468x263.jpg 468w, https:\/\/www.mojabochnia.pl\/wp-content\/uploads\/2011\/07\/IMG_0822-660x372.jpg 660w, https:\/\/www.mojabochnia.pl\/wp-content\/uploads\/2011\/07\/IMG_0822.jpg 800w\" sizes=\"auto, (max-width: 100px) 100vw, 100px\" \/><\/a>\t    <\/div>\r\n\t    ","protected":false},"excerpt":{"rendered":"<p>Rozpocz\u0105\u0142 si\u0119 remont zabytkowego ko\u015bcio\u0142a bo\u017cogrobc\u00f3w w Che\u0142mie ko\u0142o Bochni. \u015awi\u0105tynia wybudowana jest w stylu barokowym i pochodzi z po\u0142owy XVIII w. (1749 r.). <\/p>\n","protected":false},"author":4,"featured_media":0,"comment_status":"open","ping_status":"closed","sticky":false,"template":"","format":"standard","meta":{"_acf_changed":false,"footnotes":""},"categories":[5,6250,1342],"tags":[17244,3749,9564,9562,1750,17392,9563,17300],"class_list":["post-54218","post","type-post","status-publish","format-standard","hentry","category-biezace-wydarzenia","category-tematyka","category-zycie-religijne","tag-chelm","tag-kosciol-bozogrobcow","tag-krypta","tag-ks-marek-krupa","tag-ogrzewanie","tag-parafia","tag-posadzka","tag-remont","main_tag-kosciol"],"acf":[],"yoast_head":"<!-- This site is optimized with the Yoast SEO plugin v26.9 - https:\/\/yoast.com\/product\/yoast-seo-wordpress\/ -->\n<title>Che\u0142m: remont wn\u0119trza barokowej \u015bwi\u0105tyni - mojabochnia.pl - portal informacyjny<\/title>\n<meta name=\"robots\" content=\"index, follow, max-snippet:-1, max-image-preview:large, max-video-preview:-1\" \/>\n<link rel=\"canonical\" href=\"https:\/\/www.mojabochnia.pl\/?p=54218\" \/>\n<meta property=\"og:locale\" content=\"pl_PL\" \/>\n<meta property=\"og:type\" content=\"article\" \/>\n<meta property=\"og:title\" content=\"Che\u0142m: remont wn\u0119trza barokowej \u015bwi\u0105tyni - mojabochnia.pl - portal informacyjny\" \/>\n<meta property=\"og:description\" content=\"Rozpocz\u0105\u0142 si\u0119 remont zabytkowego ko\u015bcio\u0142a bo\u017cogrobc\u00f3w w Che\u0142mie ko\u0142o Bochni. \u015awi\u0105tynia wybudowana jest w stylu barokowym i pochodzi z po\u0142owy XVIII w. (1749 r.).\" \/>\n<meta property=\"og:url\" content=\"https:\/\/www.mojabochnia.pl\/?p=54218\" \/>\n<meta property=\"og:site_name\" content=\"mojabochnia.pl - portal informacyjny\" \/>\n<meta property=\"article:publisher\" content=\"https:\/\/www.facebook.com\/mojabochnia\" \/>\n<meta property=\"article:published_time\" content=\"2011-07-13T12:31:54+00:00\" \/>\n<meta property=\"article:modified_time\" content=\"2012-07-31T05:39:13+00:00\" \/>\n<meta name=\"author\" content=\"Pawe\u0142 Michalczyk\" \/>\n<meta name=\"twitter:card\" content=\"summary_large_image\" \/>\n<meta name=\"twitter:label1\" content=\"Written by\" \/>\n\t<meta name=\"twitter:data1\" content=\"Pawe\u0142 Michalczyk\" \/>\n\t<meta name=\"twitter:label2\" content=\"Est. reading time\" \/>\n\t<meta name=\"twitter:data2\" content=\"1 minuta\" \/>\n<script type=\"application\/ld+json\" class=\"yoast-schema-graph\">{\"@context\":\"https:\/\/schema.org\",\"@graph\":[{\"@type\":\"Article\",\"@id\":\"https:\/\/www.mojabochnia.pl\/?p=54218#article\",\"isPartOf\":{\"@id\":\"https:\/\/www.mojabochnia.pl\/?p=54218\"},\"author\":{\"name\":\"Pawe\u0142 Michalczyk\",\"@id\":\"https:\/\/www.mojabochnia.pl\/#\/schema\/person\/ea042e4724a77627963f02166828ead4\"},\"headline\":\"Che\u0142m: remont wn\u0119trza barokowej \u015bwi\u0105tyni\",\"datePublished\":\"2011-07-13T12:31:54+00:00\",\"dateModified\":\"2012-07-31T05:39:13+00:00\",\"mainEntityOfPage\":{\"@id\":\"https:\/\/www.mojabochnia.pl\/?p=54218\"},\"wordCount\":201,\"commentCount\":0,\"publisher\":{\"@id\":\"https:\/\/www.mojabochnia.pl\/#organization\"},\"keywords\":[\"che\u0142m\",\"ko\u015bci\u00f3\u0142 bo\u017cogrobc\u00f3w\",\"krypta\",\"ks. marek krupa\",\"ogrzewanie\",\"parafia\",\"posadzka\",\"remont\"],\"articleSection\":[\"2_ostatnie\",\"tematyka\",\"\u017bycie religijne\"],\"inLanguage\":\"pl-PL\",\"potentialAction\":[{\"@type\":\"CommentAction\",\"name\":\"Comment\",\"target\":[\"https:\/\/www.mojabochnia.pl\/?p=54218#respond\"]}]},{\"@type\":\"WebPage\",\"@id\":\"https:\/\/www.mojabochnia.pl\/?p=54218\",\"url\":\"https:\/\/www.mojabochnia.pl\/?p=54218\",\"name\":\"Che\u0142m: remont wn\u0119trza barokowej \u015bwi\u0105tyni - mojabochnia.pl - portal informacyjny\",\"isPartOf\":{\"@id\":\"https:\/\/www.mojabochnia.pl\/#website\"},\"datePublished\":\"2011-07-13T12:31:54+00:00\",\"dateModified\":\"2012-07-31T05:39:13+00:00\",\"breadcrumb\":{\"@id\":\"https:\/\/www.mojabochnia.pl\/?p=54218#breadcrumb\"},\"inLanguage\":\"pl-PL\",\"potentialAction\":[{\"@type\":\"ReadAction\",\"target\":[\"https:\/\/www.mojabochnia.pl\/?p=54218\"]}]},{\"@type\":\"BreadcrumbList\",\"@id\":\"https:\/\/www.mojabochnia.pl\/?p=54218#breadcrumb\",\"itemListElement\":[{\"@type\":\"ListItem\",\"position\":1,\"name\":\"Home\",\"item\":\"https:\/\/www.mojabochnia.pl\/\"},{\"@type\":\"ListItem\",\"position\":2,\"name\":\"Che\u0142m: remont wn\u0119trza barokowej \u015bwi\u0105tyni\"}]},{\"@type\":\"WebSite\",\"@id\":\"https:\/\/www.mojabochnia.pl\/#website\",\"url\":\"https:\/\/www.mojabochnia.pl\/\",\"name\":\"mojabochnia.pl - portal informacyjny\",\"description\":\"mojaBochnia to portal informacyjny o Bochni. Codziennie o Bochni piszemy i pokazujemy najwa\u017cniejsze wydarzenia\",\"publisher\":{\"@id\":\"https:\/\/www.mojabochnia.pl\/#organization\"},\"potentialAction\":[{\"@type\":\"SearchAction\",\"target\":{\"@type\":\"EntryPoint\",\"urlTemplate\":\"https:\/\/www.mojabochnia.pl\/?s={search_term_string}\"},\"query-input\":{\"@type\":\"PropertyValueSpecification\",\"valueRequired\":true,\"valueName\":\"search_term_string\"}}],\"inLanguage\":\"pl-PL\"},{\"@type\":\"Organization\",\"@id\":\"https:\/\/www.mojabochnia.pl\/#organization\",\"name\":\"mojabochnia.pl - portal informacyjny\",\"url\":\"https:\/\/www.mojabochnia.pl\/\",\"logo\":{\"@type\":\"ImageObject\",\"inLanguage\":\"pl-PL\",\"@id\":\"https:\/\/www.mojabochnia.pl\/#\/schema\/logo\/image\/\",\"url\":\"https:\/\/www.mojabochnia.pl\/wp-content\/uploads\/2017\/08\/logo-mb-opt.png\",\"contentUrl\":\"https:\/\/www.mojabochnia.pl\/wp-content\/uploads\/2017\/08\/logo-mb-opt.png\",\"width\":250,\"height\":48,\"caption\":\"mojabochnia.pl - portal informacyjny\"},\"image\":{\"@id\":\"https:\/\/www.mojabochnia.pl\/#\/schema\/logo\/image\/\"},\"sameAs\":[\"https:\/\/www.facebook.com\/mojabochnia\"]},{\"@type\":\"Person\",\"@id\":\"https:\/\/www.mojabochnia.pl\/#\/schema\/person\/ea042e4724a77627963f02166828ead4\",\"name\":\"Pawe\u0142 Michalczyk\",\"url\":\"https:\/\/www.mojabochnia.pl\/?author=4\"}]}<\/script>\n<!-- \/ Yoast SEO plugin. -->","yoast_head_json":{"title":"Che\u0142m: remont wn\u0119trza barokowej \u015bwi\u0105tyni - mojabochnia.pl - portal informacyjny","robots":{"index":"index","follow":"follow","max-snippet":"max-snippet:-1","max-image-preview":"max-image-preview:large","max-video-preview":"max-video-preview:-1"},"canonical":"https:\/\/www.mojabochnia.pl\/?p=54218","og_locale":"pl_PL","og_type":"article","og_title":"Che\u0142m: remont wn\u0119trza barokowej \u015bwi\u0105tyni - mojabochnia.pl - portal informacyjny","og_description":"Rozpocz\u0105\u0142 si\u0119 remont zabytkowego ko\u015bcio\u0142a bo\u017cogrobc\u00f3w w Che\u0142mie ko\u0142o Bochni. \u015awi\u0105tynia wybudowana jest w stylu barokowym i pochodzi z po\u0142owy XVIII w. (1749 r.).","og_url":"https:\/\/www.mojabochnia.pl\/?p=54218","og_site_name":"mojabochnia.pl - portal informacyjny","article_publisher":"https:\/\/www.facebook.com\/mojabochnia","article_published_time":"2011-07-13T12:31:54+00:00","article_modified_time":"2012-07-31T05:39:13+00:00","author":"Pawe\u0142 Michalczyk","twitter_card":"summary_large_image","twitter_misc":{"Written by":"Pawe\u0142 Michalczyk","Est. reading time":"1 minuta"},"schema":{"@context":"https:\/\/schema.org","@graph":[{"@type":"Article","@id":"https:\/\/www.mojabochnia.pl\/?p=54218#article","isPartOf":{"@id":"https:\/\/www.mojabochnia.pl\/?p=54218"},"author":{"name":"Pawe\u0142 Michalczyk","@id":"https:\/\/www.mojabochnia.pl\/#\/schema\/person\/ea042e4724a77627963f02166828ead4"},"headline":"Che\u0142m: remont wn\u0119trza barokowej \u015bwi\u0105tyni","datePublished":"2011-07-13T12:31:54+00:00","dateModified":"2012-07-31T05:39:13+00:00","mainEntityOfPage":{"@id":"https:\/\/www.mojabochnia.pl\/?p=54218"},"wordCount":201,"commentCount":0,"publisher":{"@id":"https:\/\/www.mojabochnia.pl\/#organization"},"keywords":["che\u0142m","ko\u015bci\u00f3\u0142 bo\u017cogrobc\u00f3w","krypta","ks. marek krupa","ogrzewanie","parafia","posadzka","remont"],"articleSection":["2_ostatnie","tematyka","\u017bycie religijne"],"inLanguage":"pl-PL","potentialAction":[{"@type":"CommentAction","name":"Comment","target":["https:\/\/www.mojabochnia.pl\/?p=54218#respond"]}]},{"@type":"WebPage","@id":"https:\/\/www.mojabochnia.pl\/?p=54218","url":"https:\/\/www.mojabochnia.pl\/?p=54218","name":"Che\u0142m: remont wn\u0119trza barokowej \u015bwi\u0105tyni - mojabochnia.pl - portal informacyjny","isPartOf":{"@id":"https:\/\/www.mojabochnia.pl\/#website"},"datePublished":"2011-07-13T12:31:54+00:00","dateModified":"2012-07-31T05:39:13+00:00","breadcrumb":{"@id":"https:\/\/www.mojabochnia.pl\/?p=54218#breadcrumb"},"inLanguage":"pl-PL","potentialAction":[{"@type":"ReadAction","target":["https:\/\/www.mojabochnia.pl\/?p=54218"]}]},{"@type":"BreadcrumbList","@id":"https:\/\/www.mojabochnia.pl\/?p=54218#breadcrumb","itemListElement":[{"@type":"ListItem","position":1,"name":"Home","item":"https:\/\/www.mojabochnia.pl\/"},{"@type":"ListItem","position":2,"name":"Che\u0142m: remont wn\u0119trza barokowej \u015bwi\u0105tyni"}]},{"@type":"WebSite","@id":"https:\/\/www.mojabochnia.pl\/#website","url":"https:\/\/www.mojabochnia.pl\/","name":"mojabochnia.pl - portal informacyjny","description":"mojaBochnia to portal informacyjny o Bochni. Codziennie o Bochni piszemy i pokazujemy najwa\u017cniejsze wydarzenia","publisher":{"@id":"https:\/\/www.mojabochnia.pl\/#organization"},"potentialAction":[{"@type":"SearchAction","target":{"@type":"EntryPoint","urlTemplate":"https:\/\/www.mojabochnia.pl\/?s={search_term_string}"},"query-input":{"@type":"PropertyValueSpecification","valueRequired":true,"valueName":"search_term_string"}}],"inLanguage":"pl-PL"},{"@type":"Organization","@id":"https:\/\/www.mojabochnia.pl\/#organization","name":"mojabochnia.pl - portal informacyjny","url":"https:\/\/www.mojabochnia.pl\/","logo":{"@type":"ImageObject","inLanguage":"pl-PL","@id":"https:\/\/www.mojabochnia.pl\/#\/schema\/logo\/image\/","url":"https:\/\/www.mojabochnia.pl\/wp-content\/uploads\/2017\/08\/logo-mb-opt.png","contentUrl":"https:\/\/www.mojabochnia.pl\/wp-content\/uploads\/2017\/08\/logo-mb-opt.png","width":250,"height":48,"caption":"mojabochnia.pl - portal informacyjny"},"image":{"@id":"https:\/\/www.mojabochnia.pl\/#\/schema\/logo\/image\/"},"sameAs":["https:\/\/www.facebook.com\/mojabochnia"]},{"@type":"Person","@id":"https:\/\/www.mojabochnia.pl\/#\/schema\/person\/ea042e4724a77627963f02166828ead4","name":"Pawe\u0142 Michalczyk","url":"https:\/\/www.mojabochnia.pl\/?author=4"}]}},"_links":{"self":[{"href":"https:\/\/www.mojabochnia.pl\/index.php?rest_route=\/wp\/v2\/posts\/54218","targetHints":{"allow":["GET"]}}],"collection":[{"href":"https:\/\/www.mojabochnia.pl\/index.php?rest_route=\/wp\/v2\/posts"}],"about":[{"href":"https:\/\/www.mojabochnia.pl\/index.php?rest_route=\/wp\/v2\/types\/post"}],"author":[{"embeddable":true,"href":"https:\/\/www.mojabochnia.pl\/index.php?rest_route=\/wp\/v2\/users\/4"}],"replies":[{"embeddable":true,"href":"https:\/\/www.mojabochnia.pl\/index.php?rest_route=%2Fwp%2Fv2%2Fcomments&post=54218"}],"version-history":[{"count":9,"href":"https:\/\/www.mojabochnia.pl\/index.php?rest_route=\/wp\/v2\/posts\/54218\/revisions"}],"predecessor-version":[{"id":75806,"href":"https:\/\/www.mojabochnia.pl\/index.php?rest_route=\/wp\/v2\/posts\/54218\/revisions\/75806"}],"wp:attachment":[{"href":"https:\/\/www.mojabochnia.pl\/index.php?rest_route=%2Fwp%2Fv2%2Fmedia&parent=54218"}],"wp:term":[{"taxonomy":"category","embeddable":true,"href":"https:\/\/www.mojabochnia.pl\/index.php?rest_route=%2Fwp%2Fv2%2Fcategories&post=54218"},{"taxonomy":"post_tag","embeddable":true,"href":"https:\/\/www.mojabochnia.pl\/index.php?rest_route=%2Fwp%2Fv2%2Ftags&post=54218"}],"curies":[{"name":"wp","href":"https:\/\/api.w.org\/{rel}","templated":true}]}}