{"id":541,"date":"2008-07-03T18:58:51","date_gmt":"2008-07-03T16:58:51","guid":{"rendered":"http:\/\/beta.mojabochnia.pl\/?p=541"},"modified":"2008-08-07T20:32:07","modified_gmt":"2008-08-07T18:32:07","slug":"bochnia-bez-sciezek-rowerowych-2","status":"publish","type":"post","link":"https:\/\/www.mojabochnia.pl\/?p=541","title":{"rendered":"Bochnia bez \u015bcie\u017cek rowerowych"},"content":{"rendered":"<p>\u2013 <em>Uk\u0142ad komunikacyjny miasta Bochni jest bardzo trudny, jak sami wiemy. W centrum miasta niestety nie mo\u017cemy prowadzi\u0107 \u017cadnych prac, kt\u00f3re zmierza\u0142yby do wykonania obiekt\u00f3w takich, jak \u015bcie\u017cki rowerowe. Natomiast wsz\u0119dzie tam, gdzie jest to mo\u017cliwe, gdzie b\u0119dziemy wykonywa\u0107 nowe inwestycje drogowe, oczywi\u015bcie tego typu obiekty powstan\u0105<\/em> \u2013 m\u00f3wi Gustaw Korta, wiceburmistrz Bochni.<\/p>\n<p>\u015acie\u017cka dla rowerzyst\u00f3w na pewno powstanie przy planowanej obwodnicy p\u00f3\u0142nocno-zachodniej, \u0142\u0105cz\u0105cej osiedle Niepodleg\u0142o\u015bci z ul. Karosek. \u2013 <em>Taka \u015bcie\u017cka jest zaprojektowana i b\u0119dzie ona wybudowana. B\u0119dzie ona prowadzi\u0142a z os. Niepodleg\u0142o\u015bci i by\u0107 mo\u017ce uda si\u0119 j\u0105 zrobi\u0107 nie tylko wzd\u0142u\u017c tej drogi, ale r\u00f3wnie\u017c wzd\u0142u\u017c ul. Karosek w kierunku ul. Wodoci\u0105gowej oraz nad brzeg rzeki Raby. Tamt\u0119dy, by\u0107 mo\u017ce przez most wisz\u0105cy w Damienicach, b\u0119dzie mo\u017cna przejecha\u0107 w kierunku Puszczy Niepo\u0142omickiej. Wydaje si\u0119 wi\u0119c, \u017ce w momencie wybudowania obwodnicy p\u00f3\u0142nocno-zachodniej miasta b\u0119dzie mo\u017cliwy przejazd z najwi\u0119kszego osiedla do Puszczy Niepo\u0142omickiej na rowerze <\/em>\u2013 dodaje wiceburmistrz. <\/p>\n<p>Obwodnica p\u00f3\u0142nocno-zachodnia w Bochni i \u015bcie\u017cka dla rowerzyst\u00f3w ma powsta\u0107 do roku 2010.<\/p>\n","protected":false},"excerpt":{"rendered":"<p>Sezon letni w pe\u0142ni i wiele os\u00f3b jako form\u0119 rekreacji wybiera jazd\u0119 na rowerze. Niestety, w Bochni brakuje \u015bcie\u017cek dla rowerzyst\u00f3w. Chocia\u017c nieopodal miasta znajduje si\u0119 Puszcza Niepo\u0142omicka, kt\u00f3ra dla bochnian jest ulubionym miejscem wypadowym, to jednak na razie nie ma prowadz\u0105cej do niej trasy rowerowej. <\/p>\n","protected":false},"author":4,"featured_media":0,"comment_status":"open","ping_status":"open","sticky":false,"template":"","format":"standard","meta":{"_acf_changed":false,"footnotes":""},"categories":[5],"tags":[17219,232,17216,202,306,17223,17179,351,121],"class_list":["post-541","post","type-post","status-publish","format-standard","hentry","category-biezace-wydarzenia","tag-damienice","tag-gustaw-korta","tag-inwestycja","tag-osiedle-niepodleglosci","tag-puszcza-niepolomicka","tag-raba","tag-rower","tag-sciezki-rowerowe","tag-wypoczynek"],"acf":[],"yoast_head":"<!-- This site is optimized with the Yoast SEO plugin v26.9 - https:\/\/yoast.com\/product\/yoast-seo-wordpress\/ -->\n<title>Bochnia bez \u015bcie\u017cek rowerowych - mojabochnia.pl - portal informacyjny<\/title>\n<meta name=\"robots\" content=\"index, follow, max-snippet:-1, max-image-preview:large, max-video-preview:-1\" \/>\n<link rel=\"canonical\" href=\"https:\/\/www.mojabochnia.pl\/?p=541\" \/>\n<meta property=\"og:locale\" content=\"pl_PL\" \/>\n<meta property=\"og:type\" content=\"article\" \/>\n<meta property=\"og:title\" content=\"Bochnia bez \u015bcie\u017cek rowerowych - mojabochnia.pl - portal informacyjny\" \/>\n<meta property=\"og:description\" content=\"Sezon letni w pe\u0142ni i wiele os\u00f3b jako form\u0119 rekreacji wybiera jazd\u0119 na rowerze. Niestety, w Bochni brakuje \u015bcie\u017cek dla rowerzyst\u00f3w. Chocia\u017c nieopodal miasta znajduje si\u0119 Puszcza Niepo\u0142omicka, kt\u00f3ra dla bochnian jest ulubionym miejscem wypadowym, to jednak na razie nie ma prowadz\u0105cej do niej trasy rowerowej.\" \/>\n<meta property=\"og:url\" content=\"https:\/\/www.mojabochnia.pl\/?p=541\" \/>\n<meta property=\"og:site_name\" content=\"mojabochnia.pl - portal informacyjny\" \/>\n<meta property=\"article:publisher\" content=\"https:\/\/www.facebook.com\/mojabochnia\" \/>\n<meta property=\"article:published_time\" content=\"2008-07-03T16:58:51+00:00\" \/>\n<meta property=\"article:modified_time\" content=\"2008-08-07T18:32:07+00:00\" \/>\n<meta name=\"author\" content=\"Pawe\u0142 Michalczyk\" \/>\n<meta name=\"twitter:card\" content=\"summary_large_image\" \/>\n<meta name=\"twitter:label1\" content=\"Written by\" \/>\n\t<meta name=\"twitter:data1\" content=\"Pawe\u0142 Michalczyk\" \/>\n\t<meta name=\"twitter:label2\" content=\"Est. reading time\" \/>\n\t<meta name=\"twitter:data2\" content=\"1 minuta\" \/>\n<script type=\"application\/ld+json\" class=\"yoast-schema-graph\">{\"@context\":\"https:\/\/schema.org\",\"@graph\":[{\"@type\":\"Article\",\"@id\":\"https:\/\/www.mojabochnia.pl\/?p=541#article\",\"isPartOf\":{\"@id\":\"https:\/\/www.mojabochnia.pl\/?p=541\"},\"author\":{\"name\":\"Pawe\u0142 Michalczyk\",\"@id\":\"https:\/\/www.mojabochnia.pl\/#\/schema\/person\/ea042e4724a77627963f02166828ead4\"},\"headline\":\"Bochnia bez \u015bcie\u017cek rowerowych\",\"datePublished\":\"2008-07-03T16:58:51+00:00\",\"dateModified\":\"2008-08-07T18:32:07+00:00\",\"mainEntityOfPage\":{\"@id\":\"https:\/\/www.mojabochnia.pl\/?p=541\"},\"wordCount\":205,\"commentCount\":0,\"publisher\":{\"@id\":\"https:\/\/www.mojabochnia.pl\/#organization\"},\"keywords\":[\"damienice\",\"gustaw korta\",\"inwestycja\",\"osiedle niepodleg\u0142o\u015bci\",\"puszcza niepo\u0142omicka\",\"raba\",\"rower\",\"\u015bcie\u017cki rowerowe\",\"wypoczynek\"],\"articleSection\":[\"2_ostatnie\"],\"inLanguage\":\"pl-PL\",\"potentialAction\":[{\"@type\":\"CommentAction\",\"name\":\"Comment\",\"target\":[\"https:\/\/www.mojabochnia.pl\/?p=541#respond\"]}]},{\"@type\":\"WebPage\",\"@id\":\"https:\/\/www.mojabochnia.pl\/?p=541\",\"url\":\"https:\/\/www.mojabochnia.pl\/?p=541\",\"name\":\"Bochnia bez \u015bcie\u017cek rowerowych - mojabochnia.pl - portal informacyjny\",\"isPartOf\":{\"@id\":\"https:\/\/www.mojabochnia.pl\/#website\"},\"datePublished\":\"2008-07-03T16:58:51+00:00\",\"dateModified\":\"2008-08-07T18:32:07+00:00\",\"breadcrumb\":{\"@id\":\"https:\/\/www.mojabochnia.pl\/?p=541#breadcrumb\"},\"inLanguage\":\"pl-PL\",\"potentialAction\":[{\"@type\":\"ReadAction\",\"target\":[\"https:\/\/www.mojabochnia.pl\/?p=541\"]}]},{\"@type\":\"BreadcrumbList\",\"@id\":\"https:\/\/www.mojabochnia.pl\/?p=541#breadcrumb\",\"itemListElement\":[{\"@type\":\"ListItem\",\"position\":1,\"name\":\"Home\",\"item\":\"https:\/\/www.mojabochnia.pl\/\"},{\"@type\":\"ListItem\",\"position\":2,\"name\":\"Bochnia bez \u015bcie\u017cek rowerowych\"}]},{\"@type\":\"WebSite\",\"@id\":\"https:\/\/www.mojabochnia.pl\/#website\",\"url\":\"https:\/\/www.mojabochnia.pl\/\",\"name\":\"mojabochnia.pl - portal informacyjny\",\"description\":\"mojaBochnia to portal informacyjny o Bochni. Codziennie o Bochni piszemy i pokazujemy najwa\u017cniejsze wydarzenia\",\"publisher\":{\"@id\":\"https:\/\/www.mojabochnia.pl\/#organization\"},\"potentialAction\":[{\"@type\":\"SearchAction\",\"target\":{\"@type\":\"EntryPoint\",\"urlTemplate\":\"https:\/\/www.mojabochnia.pl\/?s={search_term_string}\"},\"query-input\":{\"@type\":\"PropertyValueSpecification\",\"valueRequired\":true,\"valueName\":\"search_term_string\"}}],\"inLanguage\":\"pl-PL\"},{\"@type\":\"Organization\",\"@id\":\"https:\/\/www.mojabochnia.pl\/#organization\",\"name\":\"mojabochnia.pl - portal informacyjny\",\"url\":\"https:\/\/www.mojabochnia.pl\/\",\"logo\":{\"@type\":\"ImageObject\",\"inLanguage\":\"pl-PL\",\"@id\":\"https:\/\/www.mojabochnia.pl\/#\/schema\/logo\/image\/\",\"url\":\"https:\/\/www.mojabochnia.pl\/wp-content\/uploads\/2017\/08\/logo-mb-opt.png\",\"contentUrl\":\"https:\/\/www.mojabochnia.pl\/wp-content\/uploads\/2017\/08\/logo-mb-opt.png\",\"width\":250,\"height\":48,\"caption\":\"mojabochnia.pl - portal informacyjny\"},\"image\":{\"@id\":\"https:\/\/www.mojabochnia.pl\/#\/schema\/logo\/image\/\"},\"sameAs\":[\"https:\/\/www.facebook.com\/mojabochnia\"]},{\"@type\":\"Person\",\"@id\":\"https:\/\/www.mojabochnia.pl\/#\/schema\/person\/ea042e4724a77627963f02166828ead4\",\"name\":\"Pawe\u0142 Michalczyk\",\"url\":\"https:\/\/www.mojabochnia.pl\/?author=4\"}]}<\/script>\n<!-- \/ Yoast SEO plugin. -->","yoast_head_json":{"title":"Bochnia bez \u015bcie\u017cek rowerowych - mojabochnia.pl - portal informacyjny","robots":{"index":"index","follow":"follow","max-snippet":"max-snippet:-1","max-image-preview":"max-image-preview:large","max-video-preview":"max-video-preview:-1"},"canonical":"https:\/\/www.mojabochnia.pl\/?p=541","og_locale":"pl_PL","og_type":"article","og_title":"Bochnia bez \u015bcie\u017cek rowerowych - mojabochnia.pl - portal informacyjny","og_description":"Sezon letni w pe\u0142ni i wiele os\u00f3b jako form\u0119 rekreacji wybiera jazd\u0119 na rowerze. Niestety, w Bochni brakuje \u015bcie\u017cek dla rowerzyst\u00f3w. Chocia\u017c nieopodal miasta znajduje si\u0119 Puszcza Niepo\u0142omicka, kt\u00f3ra dla bochnian jest ulubionym miejscem wypadowym, to jednak na razie nie ma prowadz\u0105cej do niej trasy rowerowej.","og_url":"https:\/\/www.mojabochnia.pl\/?p=541","og_site_name":"mojabochnia.pl - portal informacyjny","article_publisher":"https:\/\/www.facebook.com\/mojabochnia","article_published_time":"2008-07-03T16:58:51+00:00","article_modified_time":"2008-08-07T18:32:07+00:00","author":"Pawe\u0142 Michalczyk","twitter_card":"summary_large_image","twitter_misc":{"Written by":"Pawe\u0142 Michalczyk","Est. reading time":"1 minuta"},"schema":{"@context":"https:\/\/schema.org","@graph":[{"@type":"Article","@id":"https:\/\/www.mojabochnia.pl\/?p=541#article","isPartOf":{"@id":"https:\/\/www.mojabochnia.pl\/?p=541"},"author":{"name":"Pawe\u0142 Michalczyk","@id":"https:\/\/www.mojabochnia.pl\/#\/schema\/person\/ea042e4724a77627963f02166828ead4"},"headline":"Bochnia bez \u015bcie\u017cek rowerowych","datePublished":"2008-07-03T16:58:51+00:00","dateModified":"2008-08-07T18:32:07+00:00","mainEntityOfPage":{"@id":"https:\/\/www.mojabochnia.pl\/?p=541"},"wordCount":205,"commentCount":0,"publisher":{"@id":"https:\/\/www.mojabochnia.pl\/#organization"},"keywords":["damienice","gustaw korta","inwestycja","osiedle niepodleg\u0142o\u015bci","puszcza niepo\u0142omicka","raba","rower","\u015bcie\u017cki rowerowe","wypoczynek"],"articleSection":["2_ostatnie"],"inLanguage":"pl-PL","potentialAction":[{"@type":"CommentAction","name":"Comment","target":["https:\/\/www.mojabochnia.pl\/?p=541#respond"]}]},{"@type":"WebPage","@id":"https:\/\/www.mojabochnia.pl\/?p=541","url":"https:\/\/www.mojabochnia.pl\/?p=541","name":"Bochnia bez \u015bcie\u017cek rowerowych - mojabochnia.pl - portal informacyjny","isPartOf":{"@id":"https:\/\/www.mojabochnia.pl\/#website"},"datePublished":"2008-07-03T16:58:51+00:00","dateModified":"2008-08-07T18:32:07+00:00","breadcrumb":{"@id":"https:\/\/www.mojabochnia.pl\/?p=541#breadcrumb"},"inLanguage":"pl-PL","potentialAction":[{"@type":"ReadAction","target":["https:\/\/www.mojabochnia.pl\/?p=541"]}]},{"@type":"BreadcrumbList","@id":"https:\/\/www.mojabochnia.pl\/?p=541#breadcrumb","itemListElement":[{"@type":"ListItem","position":1,"name":"Home","item":"https:\/\/www.mojabochnia.pl\/"},{"@type":"ListItem","position":2,"name":"Bochnia bez \u015bcie\u017cek rowerowych"}]},{"@type":"WebSite","@id":"https:\/\/www.mojabochnia.pl\/#website","url":"https:\/\/www.mojabochnia.pl\/","name":"mojabochnia.pl - portal informacyjny","description":"mojaBochnia to portal informacyjny o Bochni. Codziennie o Bochni piszemy i pokazujemy najwa\u017cniejsze wydarzenia","publisher":{"@id":"https:\/\/www.mojabochnia.pl\/#organization"},"potentialAction":[{"@type":"SearchAction","target":{"@type":"EntryPoint","urlTemplate":"https:\/\/www.mojabochnia.pl\/?s={search_term_string}"},"query-input":{"@type":"PropertyValueSpecification","valueRequired":true,"valueName":"search_term_string"}}],"inLanguage":"pl-PL"},{"@type":"Organization","@id":"https:\/\/www.mojabochnia.pl\/#organization","name":"mojabochnia.pl - portal informacyjny","url":"https:\/\/www.mojabochnia.pl\/","logo":{"@type":"ImageObject","inLanguage":"pl-PL","@id":"https:\/\/www.mojabochnia.pl\/#\/schema\/logo\/image\/","url":"https:\/\/www.mojabochnia.pl\/wp-content\/uploads\/2017\/08\/logo-mb-opt.png","contentUrl":"https:\/\/www.mojabochnia.pl\/wp-content\/uploads\/2017\/08\/logo-mb-opt.png","width":250,"height":48,"caption":"mojabochnia.pl - portal informacyjny"},"image":{"@id":"https:\/\/www.mojabochnia.pl\/#\/schema\/logo\/image\/"},"sameAs":["https:\/\/www.facebook.com\/mojabochnia"]},{"@type":"Person","@id":"https:\/\/www.mojabochnia.pl\/#\/schema\/person\/ea042e4724a77627963f02166828ead4","name":"Pawe\u0142 Michalczyk","url":"https:\/\/www.mojabochnia.pl\/?author=4"}]}},"_links":{"self":[{"href":"https:\/\/www.mojabochnia.pl\/index.php?rest_route=\/wp\/v2\/posts\/541","targetHints":{"allow":["GET"]}}],"collection":[{"href":"https:\/\/www.mojabochnia.pl\/index.php?rest_route=\/wp\/v2\/posts"}],"about":[{"href":"https:\/\/www.mojabochnia.pl\/index.php?rest_route=\/wp\/v2\/types\/post"}],"author":[{"embeddable":true,"href":"https:\/\/www.mojabochnia.pl\/index.php?rest_route=\/wp\/v2\/users\/4"}],"replies":[{"embeddable":true,"href":"https:\/\/www.mojabochnia.pl\/index.php?rest_route=%2Fwp%2Fv2%2Fcomments&post=541"}],"version-history":[{"count":0,"href":"https:\/\/www.mojabochnia.pl\/index.php?rest_route=\/wp\/v2\/posts\/541\/revisions"}],"wp:attachment":[{"href":"https:\/\/www.mojabochnia.pl\/index.php?rest_route=%2Fwp%2Fv2%2Fmedia&parent=541"}],"wp:term":[{"taxonomy":"category","embeddable":true,"href":"https:\/\/www.mojabochnia.pl\/index.php?rest_route=%2Fwp%2Fv2%2Fcategories&post=541"},{"taxonomy":"post_tag","embeddable":true,"href":"https:\/\/www.mojabochnia.pl\/index.php?rest_route=%2Fwp%2Fv2%2Ftags&post=541"}],"curies":[{"name":"wp","href":"https:\/\/api.w.org\/{rel}","templated":true}]}}