{"id":53873,"date":"2011-07-06T12:16:28","date_gmt":"2011-07-06T10:16:28","guid":{"rendered":"http:\/\/www.mojabochnia.pl\/?p=53873"},"modified":"2011-07-06T11:38:29","modified_gmt":"2011-07-06T09:38:29","slug":"most-w-lapczycy-przejezdny-dopiero-27-lipca","status":"publish","type":"post","link":"https:\/\/www.mojabochnia.pl\/?p=53873","title":{"rendered":"Most w \u0141apczycy przejezdny dopiero pod koniec lipca"},"content":{"rendered":"<p>Procedura odbioru przez wojew\u00f3dzki nadz\u00f3r budowlany trwa. Jak poinformowa\u0142 nas Roman Le\u015bniak z Zarz\u0105du Dr\u00f3g Wojew\u00f3dzkich, umowny termin realizacji budowy mostu w \u0141apczycy to 27 lipiec 2011 r. <em>Obecnie prace zosta\u0142y zako\u0144czone i trwa procedura przekazania w u\u017cytkowanie, po odbiorze przez nadz\u00f3r budowlany <\/em>\u2013 m\u00f3wi Roman Le\u015bniak.<\/p>\n<p>W\u0105tpliwo\u015bci mieszka\u0144c\u00f3w korzystaj\u0105cych obecnie z objazd\u00f3w budzi jeszcze jeden obiekt na granicy Gierczyc i \u0141apczycy. Jest to przepust nad potokiem. Jak m\u00f3wi Roman Le\u015bniak, remont tego obiektu nie jest planowany, a co za tym idzie, nie b\u0119dzie zwi\u0105zanych z tym utrudnie\u0144. <em>Przepust w Gierczycach nie by\u0142 przewidziany do remontu w ramach modernizacji DW 967 My\u015blenice &#8211; \u0141apczyca i w najbli\u017cszym czasie nie b\u0119d\u0105 wykonywane przy nim \u017cadne prace \u2013 informuje przedstawiciel Zarz\u0105du Dr\u00f3g Wojew\u00f3dzkich<\/em>.<\/p>\n","protected":false},"excerpt":{"rendered":"<p>Most na drodze wojew\u00f3dzkiej 967 w \u0141apczycy jest ju\u017c gotowy od kilkunastu dni. Kierowcy jednak wci\u0105\u017c musz\u0105 korzysta\u0107 z objazd\u00f3w, poniewa\u017c obiekt nie zosta\u0142 jeszcze dopuszczony do u\u017cytkowania.<\/p>\n","protected":false},"author":4,"featured_media":0,"comment_status":"open","ping_status":"closed","sticky":false,"template":"","format":"standard","meta":{"_acf_changed":false,"footnotes":""},"categories":[5,6251,6250],"tags":[6641,17218,17356,4623,1516,4989,17446,688],"class_list":["post-53873","post","type-post","status-publish","format-standard","hentry","category-biezace-wydarzenia","category-polityka-i-wydarzenia","category-tematyka","tag-droga-wojewozka-nr-967","tag-lapczyca","tag-most","tag-objazdy","tag-przepust","tag-roman-lesniak","tag-utrudnienia","tag-zarzad-drog-wojewodzkich","main_tag-most"],"acf":[],"yoast_head":"<!-- This site is optimized with the Yoast SEO plugin v26.9 - https:\/\/yoast.com\/product\/yoast-seo-wordpress\/ -->\n<title>Most w \u0141apczycy przejezdny dopiero pod koniec lipca - mojabochnia.pl - portal informacyjny<\/title>\n<meta name=\"robots\" content=\"index, follow, max-snippet:-1, max-image-preview:large, max-video-preview:-1\" \/>\n<link rel=\"canonical\" href=\"https:\/\/www.mojabochnia.pl\/?p=53873\" \/>\n<meta property=\"og:locale\" content=\"pl_PL\" \/>\n<meta property=\"og:type\" content=\"article\" \/>\n<meta property=\"og:title\" content=\"Most w \u0141apczycy przejezdny dopiero pod koniec lipca - mojabochnia.pl - portal informacyjny\" \/>\n<meta property=\"og:description\" content=\"Most na drodze wojew\u00f3dzkiej 967 w \u0141apczycy jest ju\u017c gotowy od kilkunastu dni. Kierowcy jednak wci\u0105\u017c musz\u0105 korzysta\u0107 z objazd\u00f3w, poniewa\u017c obiekt nie zosta\u0142 jeszcze dopuszczony do u\u017cytkowania.\" \/>\n<meta property=\"og:url\" content=\"https:\/\/www.mojabochnia.pl\/?p=53873\" \/>\n<meta property=\"og:site_name\" content=\"mojabochnia.pl - portal informacyjny\" \/>\n<meta property=\"article:publisher\" content=\"https:\/\/www.facebook.com\/mojabochnia\" \/>\n<meta property=\"article:published_time\" content=\"2011-07-06T10:16:28+00:00\" \/>\n<meta name=\"author\" content=\"Pawe\u0142 Michalczyk\" \/>\n<meta name=\"twitter:card\" content=\"summary_large_image\" \/>\n<meta name=\"twitter:label1\" content=\"Written by\" \/>\n\t<meta name=\"twitter:data1\" content=\"Pawe\u0142 Michalczyk\" \/>\n\t<meta name=\"twitter:label2\" content=\"Est. reading time\" \/>\n\t<meta name=\"twitter:data2\" content=\"1 minuta\" \/>\n<script type=\"application\/ld+json\" class=\"yoast-schema-graph\">{\"@context\":\"https:\/\/schema.org\",\"@graph\":[{\"@type\":\"Article\",\"@id\":\"https:\/\/www.mojabochnia.pl\/?p=53873#article\",\"isPartOf\":{\"@id\":\"https:\/\/www.mojabochnia.pl\/?p=53873\"},\"author\":{\"name\":\"Pawe\u0142 Michalczyk\",\"@id\":\"https:\/\/www.mojabochnia.pl\/#\/schema\/person\/ea042e4724a77627963f02166828ead4\"},\"headline\":\"Most w \u0141apczycy przejezdny dopiero pod koniec lipca\",\"datePublished\":\"2011-07-06T10:16:28+00:00\",\"mainEntityOfPage\":{\"@id\":\"https:\/\/www.mojabochnia.pl\/?p=53873\"},\"wordCount\":152,\"commentCount\":0,\"publisher\":{\"@id\":\"https:\/\/www.mojabochnia.pl\/#organization\"},\"keywords\":[\"droga wojew\u00f3zka nr 967\",\"\u0142apczyca\",\"most\",\"objazdy\",\"przepust\",\"roman le\u015bniak\",\"utrudnienia\",\"zarz\u0105d dr\u00f3g wojew\u00f3dzkich\"],\"articleSection\":[\"2_ostatnie\",\"polityka i wydarzenia\",\"tematyka\"],\"inLanguage\":\"pl-PL\",\"potentialAction\":[{\"@type\":\"CommentAction\",\"name\":\"Comment\",\"target\":[\"https:\/\/www.mojabochnia.pl\/?p=53873#respond\"]}]},{\"@type\":\"WebPage\",\"@id\":\"https:\/\/www.mojabochnia.pl\/?p=53873\",\"url\":\"https:\/\/www.mojabochnia.pl\/?p=53873\",\"name\":\"Most w \u0141apczycy przejezdny dopiero pod koniec lipca - mojabochnia.pl - portal informacyjny\",\"isPartOf\":{\"@id\":\"https:\/\/www.mojabochnia.pl\/#website\"},\"datePublished\":\"2011-07-06T10:16:28+00:00\",\"breadcrumb\":{\"@id\":\"https:\/\/www.mojabochnia.pl\/?p=53873#breadcrumb\"},\"inLanguage\":\"pl-PL\",\"potentialAction\":[{\"@type\":\"ReadAction\",\"target\":[\"https:\/\/www.mojabochnia.pl\/?p=53873\"]}]},{\"@type\":\"BreadcrumbList\",\"@id\":\"https:\/\/www.mojabochnia.pl\/?p=53873#breadcrumb\",\"itemListElement\":[{\"@type\":\"ListItem\",\"position\":1,\"name\":\"Home\",\"item\":\"https:\/\/www.mojabochnia.pl\/\"},{\"@type\":\"ListItem\",\"position\":2,\"name\":\"Most w \u0141apczycy przejezdny dopiero pod koniec lipca\"}]},{\"@type\":\"WebSite\",\"@id\":\"https:\/\/www.mojabochnia.pl\/#website\",\"url\":\"https:\/\/www.mojabochnia.pl\/\",\"name\":\"mojabochnia.pl - portal informacyjny\",\"description\":\"mojaBochnia to portal informacyjny o Bochni. Codziennie o Bochni piszemy i pokazujemy najwa\u017cniejsze wydarzenia\",\"publisher\":{\"@id\":\"https:\/\/www.mojabochnia.pl\/#organization\"},\"potentialAction\":[{\"@type\":\"SearchAction\",\"target\":{\"@type\":\"EntryPoint\",\"urlTemplate\":\"https:\/\/www.mojabochnia.pl\/?s={search_term_string}\"},\"query-input\":{\"@type\":\"PropertyValueSpecification\",\"valueRequired\":true,\"valueName\":\"search_term_string\"}}],\"inLanguage\":\"pl-PL\"},{\"@type\":\"Organization\",\"@id\":\"https:\/\/www.mojabochnia.pl\/#organization\",\"name\":\"mojabochnia.pl - portal informacyjny\",\"url\":\"https:\/\/www.mojabochnia.pl\/\",\"logo\":{\"@type\":\"ImageObject\",\"inLanguage\":\"pl-PL\",\"@id\":\"https:\/\/www.mojabochnia.pl\/#\/schema\/logo\/image\/\",\"url\":\"https:\/\/www.mojabochnia.pl\/wp-content\/uploads\/2017\/08\/logo-mb-opt.png\",\"contentUrl\":\"https:\/\/www.mojabochnia.pl\/wp-content\/uploads\/2017\/08\/logo-mb-opt.png\",\"width\":250,\"height\":48,\"caption\":\"mojabochnia.pl - portal informacyjny\"},\"image\":{\"@id\":\"https:\/\/www.mojabochnia.pl\/#\/schema\/logo\/image\/\"},\"sameAs\":[\"https:\/\/www.facebook.com\/mojabochnia\"]},{\"@type\":\"Person\",\"@id\":\"https:\/\/www.mojabochnia.pl\/#\/schema\/person\/ea042e4724a77627963f02166828ead4\",\"name\":\"Pawe\u0142 Michalczyk\",\"url\":\"https:\/\/www.mojabochnia.pl\/?author=4\"}]}<\/script>\n<!-- \/ Yoast SEO plugin. -->","yoast_head_json":{"title":"Most w \u0141apczycy przejezdny dopiero pod koniec lipca - mojabochnia.pl - portal informacyjny","robots":{"index":"index","follow":"follow","max-snippet":"max-snippet:-1","max-image-preview":"max-image-preview:large","max-video-preview":"max-video-preview:-1"},"canonical":"https:\/\/www.mojabochnia.pl\/?p=53873","og_locale":"pl_PL","og_type":"article","og_title":"Most w \u0141apczycy przejezdny dopiero pod koniec lipca - mojabochnia.pl - portal informacyjny","og_description":"Most na drodze wojew\u00f3dzkiej 967 w \u0141apczycy jest ju\u017c gotowy od kilkunastu dni. Kierowcy jednak wci\u0105\u017c musz\u0105 korzysta\u0107 z objazd\u00f3w, poniewa\u017c obiekt nie zosta\u0142 jeszcze dopuszczony do u\u017cytkowania.","og_url":"https:\/\/www.mojabochnia.pl\/?p=53873","og_site_name":"mojabochnia.pl - portal informacyjny","article_publisher":"https:\/\/www.facebook.com\/mojabochnia","article_published_time":"2011-07-06T10:16:28+00:00","author":"Pawe\u0142 Michalczyk","twitter_card":"summary_large_image","twitter_misc":{"Written by":"Pawe\u0142 Michalczyk","Est. reading time":"1 minuta"},"schema":{"@context":"https:\/\/schema.org","@graph":[{"@type":"Article","@id":"https:\/\/www.mojabochnia.pl\/?p=53873#article","isPartOf":{"@id":"https:\/\/www.mojabochnia.pl\/?p=53873"},"author":{"name":"Pawe\u0142 Michalczyk","@id":"https:\/\/www.mojabochnia.pl\/#\/schema\/person\/ea042e4724a77627963f02166828ead4"},"headline":"Most w \u0141apczycy przejezdny dopiero pod koniec lipca","datePublished":"2011-07-06T10:16:28+00:00","mainEntityOfPage":{"@id":"https:\/\/www.mojabochnia.pl\/?p=53873"},"wordCount":152,"commentCount":0,"publisher":{"@id":"https:\/\/www.mojabochnia.pl\/#organization"},"keywords":["droga wojew\u00f3zka nr 967","\u0142apczyca","most","objazdy","przepust","roman le\u015bniak","utrudnienia","zarz\u0105d dr\u00f3g wojew\u00f3dzkich"],"articleSection":["2_ostatnie","polityka i wydarzenia","tematyka"],"inLanguage":"pl-PL","potentialAction":[{"@type":"CommentAction","name":"Comment","target":["https:\/\/www.mojabochnia.pl\/?p=53873#respond"]}]},{"@type":"WebPage","@id":"https:\/\/www.mojabochnia.pl\/?p=53873","url":"https:\/\/www.mojabochnia.pl\/?p=53873","name":"Most w \u0141apczycy przejezdny dopiero pod koniec lipca - mojabochnia.pl - portal informacyjny","isPartOf":{"@id":"https:\/\/www.mojabochnia.pl\/#website"},"datePublished":"2011-07-06T10:16:28+00:00","breadcrumb":{"@id":"https:\/\/www.mojabochnia.pl\/?p=53873#breadcrumb"},"inLanguage":"pl-PL","potentialAction":[{"@type":"ReadAction","target":["https:\/\/www.mojabochnia.pl\/?p=53873"]}]},{"@type":"BreadcrumbList","@id":"https:\/\/www.mojabochnia.pl\/?p=53873#breadcrumb","itemListElement":[{"@type":"ListItem","position":1,"name":"Home","item":"https:\/\/www.mojabochnia.pl\/"},{"@type":"ListItem","position":2,"name":"Most w \u0141apczycy przejezdny dopiero pod koniec lipca"}]},{"@type":"WebSite","@id":"https:\/\/www.mojabochnia.pl\/#website","url":"https:\/\/www.mojabochnia.pl\/","name":"mojabochnia.pl - portal informacyjny","description":"mojaBochnia to portal informacyjny o Bochni. Codziennie o Bochni piszemy i pokazujemy najwa\u017cniejsze wydarzenia","publisher":{"@id":"https:\/\/www.mojabochnia.pl\/#organization"},"potentialAction":[{"@type":"SearchAction","target":{"@type":"EntryPoint","urlTemplate":"https:\/\/www.mojabochnia.pl\/?s={search_term_string}"},"query-input":{"@type":"PropertyValueSpecification","valueRequired":true,"valueName":"search_term_string"}}],"inLanguage":"pl-PL"},{"@type":"Organization","@id":"https:\/\/www.mojabochnia.pl\/#organization","name":"mojabochnia.pl - portal informacyjny","url":"https:\/\/www.mojabochnia.pl\/","logo":{"@type":"ImageObject","inLanguage":"pl-PL","@id":"https:\/\/www.mojabochnia.pl\/#\/schema\/logo\/image\/","url":"https:\/\/www.mojabochnia.pl\/wp-content\/uploads\/2017\/08\/logo-mb-opt.png","contentUrl":"https:\/\/www.mojabochnia.pl\/wp-content\/uploads\/2017\/08\/logo-mb-opt.png","width":250,"height":48,"caption":"mojabochnia.pl - portal informacyjny"},"image":{"@id":"https:\/\/www.mojabochnia.pl\/#\/schema\/logo\/image\/"},"sameAs":["https:\/\/www.facebook.com\/mojabochnia"]},{"@type":"Person","@id":"https:\/\/www.mojabochnia.pl\/#\/schema\/person\/ea042e4724a77627963f02166828ead4","name":"Pawe\u0142 Michalczyk","url":"https:\/\/www.mojabochnia.pl\/?author=4"}]}},"_links":{"self":[{"href":"https:\/\/www.mojabochnia.pl\/index.php?rest_route=\/wp\/v2\/posts\/53873","targetHints":{"allow":["GET"]}}],"collection":[{"href":"https:\/\/www.mojabochnia.pl\/index.php?rest_route=\/wp\/v2\/posts"}],"about":[{"href":"https:\/\/www.mojabochnia.pl\/index.php?rest_route=\/wp\/v2\/types\/post"}],"author":[{"embeddable":true,"href":"https:\/\/www.mojabochnia.pl\/index.php?rest_route=\/wp\/v2\/users\/4"}],"replies":[{"embeddable":true,"href":"https:\/\/www.mojabochnia.pl\/index.php?rest_route=%2Fwp%2Fv2%2Fcomments&post=53873"}],"version-history":[{"count":5,"href":"https:\/\/www.mojabochnia.pl\/index.php?rest_route=\/wp\/v2\/posts\/53873\/revisions"}],"predecessor-version":[{"id":53879,"href":"https:\/\/www.mojabochnia.pl\/index.php?rest_route=\/wp\/v2\/posts\/53873\/revisions\/53879"}],"wp:attachment":[{"href":"https:\/\/www.mojabochnia.pl\/index.php?rest_route=%2Fwp%2Fv2%2Fmedia&parent=53873"}],"wp:term":[{"taxonomy":"category","embeddable":true,"href":"https:\/\/www.mojabochnia.pl\/index.php?rest_route=%2Fwp%2Fv2%2Fcategories&post=53873"},{"taxonomy":"post_tag","embeddable":true,"href":"https:\/\/www.mojabochnia.pl\/index.php?rest_route=%2Fwp%2Fv2%2Ftags&post=53873"}],"curies":[{"name":"wp","href":"https:\/\/api.w.org\/{rel}","templated":true}]}}