{"id":5372,"date":"2009-02-13T07:48:33","date_gmt":"2009-02-13T06:48:33","guid":{"rendered":"http:\/\/www.mojabochnia.pl\/?p=5372"},"modified":"2009-05-25T14:57:46","modified_gmt":"2009-05-25T12:57:46","slug":"beda-konfrontacje-swiadkow-ws-doroty-halberda","status":"publish","type":"post","link":"https:\/\/www.mojabochnia.pl\/?p=5372","title":{"rendered":"B\u0119d\u0105 konfrontacje \u015bwiadk\u00f3w ws. Doroty Halberdy"},"content":{"rendered":"<p>Dlatego prokuratura w D\u0105browie Tarnowskiej, kt\u00f3ra prowadzi spraw\u0119, planuje konfrontacj\u0119. Jak poinformowa\u0142 nas prokurator Mieczys\u0142aw Sienicki z Prokuratury Okr\u0119gowej w Tarnowie, post\u0119powanie prowadzone wci\u0105\u017c si\u0119 nie zako\u0144czy\u0142o. \u2013 <em>Prokuratura wraz z policj\u0105 prowadz\u0105 przes\u0142uchania \u015bwiadk\u00f3w (przede wszystkim pracownik\u00f3w). Zajdzie potrzeba konfrontacji, poniewa\u017c zeznania s\u0105 sprzeczne<\/em> \u2013 m\u00f3wi.<\/p>\n<p>Zabezpieczone zosta\u0142y materia\u0142y rzeczowe, np. listy obecno\u015bci pracownik\u00f3w i inne dokumenty. Do przes\u0142uchania zosta\u0142o jeszcze kilka os\u00f3b, p\u00f3\u017aniej ma zapa\u015b\u0107 decyzja, czy dojdzie do przedstawienia zarzut\u00f3w czy do umorzenia post\u0119powania.<\/p>\n<p>Przypomnijmy, zawiadomienie do prokuratury na swoj\u0105 dyrektor z\u0142o\u017cy\u0142a cz\u0119\u015b\u0107 pracownik\u00f3w MDK, powo\u0142uj\u0105c si\u0119 na art. 218 Kodeksu Karnego.<\/p>\n<p>(<em>Art. 218. \u00a7 1. Kto, wykonuj\u0105c czynno\u015bci w sprawach z zakresu prawa pracy i ubezpiecze\u0144 spo\u0142ecznych, z\u0142o\u015bliwie lub uporczywie narusza prawa pracownika wynikaj\u0105ce ze stosunku pracy lub ubezpieczenia spo\u0142ecznego, podlega grzywnie, karze ograniczenia wolno\u015bci albo pozbawienia wolno\u015bci do lat 2.<br \/>\n\u00a7 2. Osoba okre\u015blona w \u00a7 1, odmawiaj\u0105ca ponownego przyj\u0119cia do pracy, o kt\u00f3rej przywr\u00f3ceniu orzek\u0142 w\u0142a\u015bciwy organ,<br \/>\npodlega grzywnie, karze ograniczenia wolno\u015bci albo pozbawienia wolno\u015bci do roku.<br \/>\n\u00a7 3. Osoba okre\u015blona w \u00a7 1, kt\u00f3ra b\u0119d\u0105c zobowi\u0105zana orzeczeniem s\u0105du do wyp\u0142aty wynagrodzenia za prac\u0119 lub innego \u015bwiadczenia ze stosunku pracy, obowi\u0105zku tego nie wykonuje<br \/>\n\u2013 podlega grzywnie, karze ograniczenia wolno\u015bci albo pozbawienia wolno\u015bci do lat 3.<\/em>)<\/p>\n<p>Warto doda\u0107, \u017ce wi\u0119ksza cze\u015b\u0107 za\u0142ogi MDK stoi po stronie swojej dyrektor. Wyst\u0105pili oni pisemnie w obronie Doroty Halberda <a href=\"http:\/\/www.mojabochnia.pl\/?p=2542\">podczas pa\u017adziernikowej sesji rady miejskiej<\/a>.<\/p>\n","protected":false},"excerpt":{"rendered":"<p>Zeznania pracownik\u00f3w MDK w sprawie rzekomego \u0142amania praw pracowniczych przez dyrektor Dorot\u0119 Halberda s\u0105  sprzeczne \u2013 dowiedzia\u0142 si\u0119 portal mojabochnia.pl. <\/p>\n","protected":false},"author":4,"featured_media":0,"comment_status":"open","ping_status":"closed","sticky":false,"template":"","format":"standard","meta":{"_acf_changed":false,"footnotes":""},"categories":[5,11],"tags":[17171,17281,17421,1273,554,1227,4218,17444,17426,1240,1256,17228],"class_list":["post-5372","post","type-post","status-publish","format-standard","hentry","category-biezace-wydarzenia","category-top-temat","tag-bogdan-kosturkiewicz","tag-bogdan-szumanski","tag-burmistrz","tag-doniesienie","tag-dorota-halberda","tag-konflikt","tag-konflikt-w-mdk","tag-mdk","tag-miejski-dom-kultury","tag-mobbing","tag-pracownicy","tag-prokuratura"],"acf":[],"yoast_head":"<!-- This site is optimized with the Yoast SEO plugin v26.9 - https:\/\/yoast.com\/product\/yoast-seo-wordpress\/ -->\n<title>B\u0119d\u0105 konfrontacje \u015bwiadk\u00f3w ws. Doroty Halberdy - mojabochnia.pl - portal informacyjny<\/title>\n<meta name=\"robots\" content=\"index, follow, max-snippet:-1, max-image-preview:large, max-video-preview:-1\" \/>\n<link rel=\"canonical\" href=\"https:\/\/www.mojabochnia.pl\/?p=5372\" \/>\n<meta property=\"og:locale\" content=\"pl_PL\" \/>\n<meta property=\"og:type\" content=\"article\" \/>\n<meta property=\"og:title\" content=\"B\u0119d\u0105 konfrontacje \u015bwiadk\u00f3w ws. Doroty Halberdy - mojabochnia.pl - portal informacyjny\" \/>\n<meta property=\"og:description\" content=\"Zeznania pracownik\u00f3w MDK w sprawie rzekomego \u0142amania praw pracowniczych przez dyrektor Dorot\u0119 Halberda s\u0105 sprzeczne \u2013 dowiedzia\u0142 si\u0119 portal mojabochnia.pl.\" \/>\n<meta property=\"og:url\" content=\"https:\/\/www.mojabochnia.pl\/?p=5372\" \/>\n<meta property=\"og:site_name\" content=\"mojabochnia.pl - portal informacyjny\" \/>\n<meta property=\"article:publisher\" content=\"https:\/\/www.facebook.com\/mojabochnia\" \/>\n<meta property=\"article:published_time\" content=\"2009-02-13T06:48:33+00:00\" \/>\n<meta property=\"article:modified_time\" content=\"2009-05-25T12:57:46+00:00\" \/>\n<meta name=\"author\" content=\"Pawe\u0142 Michalczyk\" \/>\n<meta name=\"twitter:card\" content=\"summary_large_image\" \/>\n<meta name=\"twitter:label1\" content=\"Written by\" \/>\n\t<meta name=\"twitter:data1\" content=\"Pawe\u0142 Michalczyk\" \/>\n\t<meta name=\"twitter:label2\" content=\"Est. reading time\" \/>\n\t<meta name=\"twitter:data2\" content=\"1 minuta\" \/>\n<script type=\"application\/ld+json\" class=\"yoast-schema-graph\">{\"@context\":\"https:\/\/schema.org\",\"@graph\":[{\"@type\":\"Article\",\"@id\":\"https:\/\/www.mojabochnia.pl\/?p=5372#article\",\"isPartOf\":{\"@id\":\"https:\/\/www.mojabochnia.pl\/?p=5372\"},\"author\":{\"name\":\"Pawe\u0142 Michalczyk\",\"@id\":\"https:\/\/www.mojabochnia.pl\/#\/schema\/person\/ea042e4724a77627963f02166828ead4\"},\"headline\":\"B\u0119d\u0105 konfrontacje \u015bwiadk\u00f3w ws. Doroty Halberdy\",\"datePublished\":\"2009-02-13T06:48:33+00:00\",\"dateModified\":\"2009-05-25T12:57:46+00:00\",\"mainEntityOfPage\":{\"@id\":\"https:\/\/www.mojabochnia.pl\/?p=5372\"},\"wordCount\":276,\"commentCount\":3,\"publisher\":{\"@id\":\"https:\/\/www.mojabochnia.pl\/#organization\"},\"keywords\":[\"bogdan kosturkiewicz\",\"bogdan szuma\u0144ski\",\"burmistrz\",\"doniesienie\",\"dorota halberda\",\"konflikt\",\"konflikt w mdk\",\"MDK\",\"miejski dom kultury\",\"mobbing\",\"pracownicy\",\"prokuratura\"],\"articleSection\":[\"2_ostatnie\",\"3_w centrum uwagi\"],\"inLanguage\":\"pl-PL\",\"potentialAction\":[{\"@type\":\"CommentAction\",\"name\":\"Comment\",\"target\":[\"https:\/\/www.mojabochnia.pl\/?p=5372#respond\"]}]},{\"@type\":\"WebPage\",\"@id\":\"https:\/\/www.mojabochnia.pl\/?p=5372\",\"url\":\"https:\/\/www.mojabochnia.pl\/?p=5372\",\"name\":\"B\u0119d\u0105 konfrontacje \u015bwiadk\u00f3w ws. Doroty Halberdy - mojabochnia.pl - portal informacyjny\",\"isPartOf\":{\"@id\":\"https:\/\/www.mojabochnia.pl\/#website\"},\"datePublished\":\"2009-02-13T06:48:33+00:00\",\"dateModified\":\"2009-05-25T12:57:46+00:00\",\"breadcrumb\":{\"@id\":\"https:\/\/www.mojabochnia.pl\/?p=5372#breadcrumb\"},\"inLanguage\":\"pl-PL\",\"potentialAction\":[{\"@type\":\"ReadAction\",\"target\":[\"https:\/\/www.mojabochnia.pl\/?p=5372\"]}]},{\"@type\":\"BreadcrumbList\",\"@id\":\"https:\/\/www.mojabochnia.pl\/?p=5372#breadcrumb\",\"itemListElement\":[{\"@type\":\"ListItem\",\"position\":1,\"name\":\"Home\",\"item\":\"https:\/\/www.mojabochnia.pl\/\"},{\"@type\":\"ListItem\",\"position\":2,\"name\":\"B\u0119d\u0105 konfrontacje \u015bwiadk\u00f3w ws. Doroty Halberdy\"}]},{\"@type\":\"WebSite\",\"@id\":\"https:\/\/www.mojabochnia.pl\/#website\",\"url\":\"https:\/\/www.mojabochnia.pl\/\",\"name\":\"mojabochnia.pl - portal informacyjny\",\"description\":\"mojaBochnia to portal informacyjny o Bochni. Codziennie o Bochni piszemy i pokazujemy najwa\u017cniejsze wydarzenia\",\"publisher\":{\"@id\":\"https:\/\/www.mojabochnia.pl\/#organization\"},\"potentialAction\":[{\"@type\":\"SearchAction\",\"target\":{\"@type\":\"EntryPoint\",\"urlTemplate\":\"https:\/\/www.mojabochnia.pl\/?s={search_term_string}\"},\"query-input\":{\"@type\":\"PropertyValueSpecification\",\"valueRequired\":true,\"valueName\":\"search_term_string\"}}],\"inLanguage\":\"pl-PL\"},{\"@type\":\"Organization\",\"@id\":\"https:\/\/www.mojabochnia.pl\/#organization\",\"name\":\"mojabochnia.pl - portal informacyjny\",\"url\":\"https:\/\/www.mojabochnia.pl\/\",\"logo\":{\"@type\":\"ImageObject\",\"inLanguage\":\"pl-PL\",\"@id\":\"https:\/\/www.mojabochnia.pl\/#\/schema\/logo\/image\/\",\"url\":\"https:\/\/www.mojabochnia.pl\/wp-content\/uploads\/2017\/08\/logo-mb-opt.png\",\"contentUrl\":\"https:\/\/www.mojabochnia.pl\/wp-content\/uploads\/2017\/08\/logo-mb-opt.png\",\"width\":250,\"height\":48,\"caption\":\"mojabochnia.pl - portal informacyjny\"},\"image\":{\"@id\":\"https:\/\/www.mojabochnia.pl\/#\/schema\/logo\/image\/\"},\"sameAs\":[\"https:\/\/www.facebook.com\/mojabochnia\"]},{\"@type\":\"Person\",\"@id\":\"https:\/\/www.mojabochnia.pl\/#\/schema\/person\/ea042e4724a77627963f02166828ead4\",\"name\":\"Pawe\u0142 Michalczyk\",\"url\":\"https:\/\/www.mojabochnia.pl\/?author=4\"}]}<\/script>\n<!-- \/ Yoast SEO plugin. -->","yoast_head_json":{"title":"B\u0119d\u0105 konfrontacje \u015bwiadk\u00f3w ws. Doroty Halberdy - mojabochnia.pl - portal informacyjny","robots":{"index":"index","follow":"follow","max-snippet":"max-snippet:-1","max-image-preview":"max-image-preview:large","max-video-preview":"max-video-preview:-1"},"canonical":"https:\/\/www.mojabochnia.pl\/?p=5372","og_locale":"pl_PL","og_type":"article","og_title":"B\u0119d\u0105 konfrontacje \u015bwiadk\u00f3w ws. Doroty Halberdy - mojabochnia.pl - portal informacyjny","og_description":"Zeznania pracownik\u00f3w MDK w sprawie rzekomego \u0142amania praw pracowniczych przez dyrektor Dorot\u0119 Halberda s\u0105 sprzeczne \u2013 dowiedzia\u0142 si\u0119 portal mojabochnia.pl.","og_url":"https:\/\/www.mojabochnia.pl\/?p=5372","og_site_name":"mojabochnia.pl - portal informacyjny","article_publisher":"https:\/\/www.facebook.com\/mojabochnia","article_published_time":"2009-02-13T06:48:33+00:00","article_modified_time":"2009-05-25T12:57:46+00:00","author":"Pawe\u0142 Michalczyk","twitter_card":"summary_large_image","twitter_misc":{"Written by":"Pawe\u0142 Michalczyk","Est. reading time":"1 minuta"},"schema":{"@context":"https:\/\/schema.org","@graph":[{"@type":"Article","@id":"https:\/\/www.mojabochnia.pl\/?p=5372#article","isPartOf":{"@id":"https:\/\/www.mojabochnia.pl\/?p=5372"},"author":{"name":"Pawe\u0142 Michalczyk","@id":"https:\/\/www.mojabochnia.pl\/#\/schema\/person\/ea042e4724a77627963f02166828ead4"},"headline":"B\u0119d\u0105 konfrontacje \u015bwiadk\u00f3w ws. Doroty Halberdy","datePublished":"2009-02-13T06:48:33+00:00","dateModified":"2009-05-25T12:57:46+00:00","mainEntityOfPage":{"@id":"https:\/\/www.mojabochnia.pl\/?p=5372"},"wordCount":276,"commentCount":3,"publisher":{"@id":"https:\/\/www.mojabochnia.pl\/#organization"},"keywords":["bogdan kosturkiewicz","bogdan szuma\u0144ski","burmistrz","doniesienie","dorota halberda","konflikt","konflikt w mdk","MDK","miejski dom kultury","mobbing","pracownicy","prokuratura"],"articleSection":["2_ostatnie","3_w centrum uwagi"],"inLanguage":"pl-PL","potentialAction":[{"@type":"CommentAction","name":"Comment","target":["https:\/\/www.mojabochnia.pl\/?p=5372#respond"]}]},{"@type":"WebPage","@id":"https:\/\/www.mojabochnia.pl\/?p=5372","url":"https:\/\/www.mojabochnia.pl\/?p=5372","name":"B\u0119d\u0105 konfrontacje \u015bwiadk\u00f3w ws. Doroty Halberdy - mojabochnia.pl - portal informacyjny","isPartOf":{"@id":"https:\/\/www.mojabochnia.pl\/#website"},"datePublished":"2009-02-13T06:48:33+00:00","dateModified":"2009-05-25T12:57:46+00:00","breadcrumb":{"@id":"https:\/\/www.mojabochnia.pl\/?p=5372#breadcrumb"},"inLanguage":"pl-PL","potentialAction":[{"@type":"ReadAction","target":["https:\/\/www.mojabochnia.pl\/?p=5372"]}]},{"@type":"BreadcrumbList","@id":"https:\/\/www.mojabochnia.pl\/?p=5372#breadcrumb","itemListElement":[{"@type":"ListItem","position":1,"name":"Home","item":"https:\/\/www.mojabochnia.pl\/"},{"@type":"ListItem","position":2,"name":"B\u0119d\u0105 konfrontacje \u015bwiadk\u00f3w ws. Doroty Halberdy"}]},{"@type":"WebSite","@id":"https:\/\/www.mojabochnia.pl\/#website","url":"https:\/\/www.mojabochnia.pl\/","name":"mojabochnia.pl - portal informacyjny","description":"mojaBochnia to portal informacyjny o Bochni. Codziennie o Bochni piszemy i pokazujemy najwa\u017cniejsze wydarzenia","publisher":{"@id":"https:\/\/www.mojabochnia.pl\/#organization"},"potentialAction":[{"@type":"SearchAction","target":{"@type":"EntryPoint","urlTemplate":"https:\/\/www.mojabochnia.pl\/?s={search_term_string}"},"query-input":{"@type":"PropertyValueSpecification","valueRequired":true,"valueName":"search_term_string"}}],"inLanguage":"pl-PL"},{"@type":"Organization","@id":"https:\/\/www.mojabochnia.pl\/#organization","name":"mojabochnia.pl - portal informacyjny","url":"https:\/\/www.mojabochnia.pl\/","logo":{"@type":"ImageObject","inLanguage":"pl-PL","@id":"https:\/\/www.mojabochnia.pl\/#\/schema\/logo\/image\/","url":"https:\/\/www.mojabochnia.pl\/wp-content\/uploads\/2017\/08\/logo-mb-opt.png","contentUrl":"https:\/\/www.mojabochnia.pl\/wp-content\/uploads\/2017\/08\/logo-mb-opt.png","width":250,"height":48,"caption":"mojabochnia.pl - portal informacyjny"},"image":{"@id":"https:\/\/www.mojabochnia.pl\/#\/schema\/logo\/image\/"},"sameAs":["https:\/\/www.facebook.com\/mojabochnia"]},{"@type":"Person","@id":"https:\/\/www.mojabochnia.pl\/#\/schema\/person\/ea042e4724a77627963f02166828ead4","name":"Pawe\u0142 Michalczyk","url":"https:\/\/www.mojabochnia.pl\/?author=4"}]}},"_links":{"self":[{"href":"https:\/\/www.mojabochnia.pl\/index.php?rest_route=\/wp\/v2\/posts\/5372","targetHints":{"allow":["GET"]}}],"collection":[{"href":"https:\/\/www.mojabochnia.pl\/index.php?rest_route=\/wp\/v2\/posts"}],"about":[{"href":"https:\/\/www.mojabochnia.pl\/index.php?rest_route=\/wp\/v2\/types\/post"}],"author":[{"embeddable":true,"href":"https:\/\/www.mojabochnia.pl\/index.php?rest_route=\/wp\/v2\/users\/4"}],"replies":[{"embeddable":true,"href":"https:\/\/www.mojabochnia.pl\/index.php?rest_route=%2Fwp%2Fv2%2Fcomments&post=5372"}],"version-history":[{"count":0,"href":"https:\/\/www.mojabochnia.pl\/index.php?rest_route=\/wp\/v2\/posts\/5372\/revisions"}],"wp:attachment":[{"href":"https:\/\/www.mojabochnia.pl\/index.php?rest_route=%2Fwp%2Fv2%2Fmedia&parent=5372"}],"wp:term":[{"taxonomy":"category","embeddable":true,"href":"https:\/\/www.mojabochnia.pl\/index.php?rest_route=%2Fwp%2Fv2%2Fcategories&post=5372"},{"taxonomy":"post_tag","embeddable":true,"href":"https:\/\/www.mojabochnia.pl\/index.php?rest_route=%2Fwp%2Fv2%2Ftags&post=5372"}],"curies":[{"name":"wp","href":"https:\/\/api.w.org\/{rel}","templated":true}]}}