{"id":5368,"date":"2009-02-13T16:08:02","date_gmt":"2009-02-13T15:08:02","guid":{"rendered":"http:\/\/www.mojabochnia.pl\/?p=5368"},"modified":"2009-02-12T15:15:14","modified_gmt":"2009-02-12T14:15:14","slug":"co-robic-w-ferie-w-gminie-drwinia","status":"publish","type":"post","link":"https:\/\/www.mojabochnia.pl\/?p=5368","title":{"rendered":"Co robi\u0107 w ferie w gminie Drwinia"},"content":{"rendered":"<p>Program zaj\u0119\u0107 dla dzieci i m\u0142odzie\u017cy w czasie ferii w bibliotekach i domu kultury na terenie gminy Drwinia<\/p>\n<p><strong>Gminna Biblioteka Publiczna w Drwini:<\/strong><\/p>\n<p><strong>Wtorek 17 lutego <\/strong><br \/>\n\u201eKa\u017cde dziecko co\u015b potrafi\u201d &#8211; zaj\u0119cia plastyczne<br \/>\n\u201eNasze ulubione bajeczki\u201d &#8211; g\u0142o\u015bne czytanie<br \/>\nZaj\u0119cia sportowe &#8211; rozgrywki tenisa sto\u0142owego<\/p>\n<p><strong>Czwartek 19 lutego<\/strong><br \/>\n\u201eFranklin i przyjaciele\u201d &#8211; zaj\u0119cia plastyczne dla dzieci najm\u0142odszych z wykorzystaniem serii ksi\u0105\u017cek o \u017c\u00f3\u0142wiu Franklinie.<br \/>\n\u201eW karnawale czas na bale\u201d &#8211; dyskoteka dla m\u0142odzie\u017cy<\/p>\n<p><strong>Pi\u0105tek 20 lutego<\/strong><br \/>\nTurniej pi\u0142ki siatkowej dla ch\u0142opc\u00f3w. Hala sportowa w Drwini.<\/p>\n<p><strong>Wtorek 24 lutego<\/strong><br \/>\n\u201eCzytaj z rado\u015bci\u0105, s\u0142uchaj z przyjemno\u015bci\u0105\u201d &#8211; wybieramy mistrza pi\u0119knego czytania.<\/p>\n<p><strong>\u015aroda 25 lutego<\/strong><br \/>\nRozgrywki tenisa sto\u0142owego. Dom Kultury w Grobli<\/p>\n<p><strong>Czwartek 26 lutego<\/strong><br \/>\nWykonywanie zak\u0142adek do ksi\u0105\u017cek<br \/>\nZako\u0144czenie ferii wr\u0119czenie nagr\u00f3d uczestnikom.<br \/>\n<strong><br \/>\nBiblioteka Publiczna w Grobli oraz Dom Kultury w Grobli<\/strong><\/p>\n<p><strong>Poniedzia\u0142ek 16 lutego<\/strong><br \/>\nEliminacje do Gminnego Turnieju Tenisa Sto\u0142owego dla ch\u0142opc\u00f3w i dziewcz\u0105t.<\/p>\n<p><strong>\u015aroda 18 lutego<\/strong><br \/>\n\u201eBa\u015bnie, bajki, bajeczki&#8230;\u201d &#8211; zaj\u0119cia z najm\u0142odszymi czytelnikami, g\u0142o\u015bne czytanie bajeczek, wykonywanie ilustracji, pocz\u0119stunek.<\/p>\n<p><strong>Pi\u0105tek 20 lutego<\/strong><br \/>\nTurniej pi\u0142ki siatkowej ch\u0142opc\u00f3w. Hala sportowa w Drwini.<\/p>\n<p><strong>Wtorek 24 lutego<\/strong><br \/>\n\u201ePo\u017cegnanie karnawa\u0142u w rytmie disco\u201d &#8211; dyskoteka dla dzieci i m\u0142odzie\u017cy szkolnej, w tym konkursy czytelnicze i rozrywkowe.<\/p>\n<p><strong>\u015aroda 25 lutego<\/strong><br \/>\nFina\u0142 Gminnego Turnieju Tenisa Sto\u0142owego. Dom Kultury w Grobli.<\/p>\n<p><strong>Czwartek 26 lutego<\/strong><br \/>\nTo i owo byle by\u0142o kolorowo\u201d &#8211; zaj\u0119cia plastyczne dla dzieci<\/p>\n<p><strong>Pi\u0105tek 27 lutego<\/strong><br \/>\n\u201eKto wie niech odpowie..\u201d &#8211; turniej wiedzy dla wszystkowiedz\u0105cych.<\/p>\n<p><strong>Biblioteka Publiczna w Mikluszowicach<\/strong><\/p>\n<p><strong>Poniedzia\u0142ek 16 lutego<\/strong><br \/>\n\u201eJarmark r\u00f3\u017cno\u015bci\u201d &#8211; w tym czytanie-bajanie, ka\u017cdy przynosi jak\u0105\u015b zabawk\u0119 lub rzecz kt\u00f3rej nie potrzebuje. Zebrane rozmaito\u015bci pos\u0142u\u017c\u0105 do wsp\u00f3lnej zabawy, konkurs<\/p>\n<p><strong>Wtorek 17 lutego<\/strong><br \/>\n\u201ePomaluj sw\u00f3j \u015bwiat\u201d &#8211; ci co lubi\u0105 malowa\u0107 mog\u0105 zrobi\u0107 wystaw\u0119 swoich prac<\/p>\n<p><strong>\u015aroda 18 lutego<\/strong><br \/>\n\u201eKaraoke\u201d &#8211; konkurs dla tych co lubi\u0105 \u015bpiewa\u0107 i bawi\u0107 si\u0119 przy muzyce<\/p>\n<p><strong>Czwartek 19 lutego<\/strong><br \/>\n\u201eW czym na bal\u201d &#8211; zaj\u0119cia plastyczne<\/p>\n<p><strong>Poniedzia\u0142ek 23 lutego<\/strong><br \/>\n\u201eDmuchany balonik\u201d &#8211; wsp\u00f3lne przystrajanie sali<\/p>\n<p><strong>Wtorek 24 lutego<\/strong><br \/>\n\u201eBal przebiera\u0144c\u00f3w\u201d &#8211; dla dzieci (od 7 do 11 lat) w godz. 11.00-13.00<br \/>\n\u201eOstatki\u201d &#8211; dyskoteka dla dzieci (od12 do 16 lat) w godz. 17.00-19.00<\/p>\n<p>Pi\u0105tek 27 lutego<br \/>\n\u201eMigawka z ferii 2009\u201d &#8211; zako\u0144czenie akcji &#8222;ferie w bibliotece, wr\u0119czenie nagr\u00f3d, wernisa\u017c prac plastycznych, s\u0142odki pocz\u0119stunek.<\/p>\n<p><a href=\"http:\/\/www.mojabochnia.pl\/?tag=ferie-zimowe\">Zobacz inne artyku\u0142y zwi\u0105zane z feriami<\/a><\/p>\n","protected":false},"excerpt":{"rendered":"<p>Ju\u017c od jutra formalnie rozpoczynaj\u0105 si\u0119 ferie. Sprawdzili\u015bmy co w tym czasie b\u0119dzie si\u0119 dzia\u0142o w gminie Drwinia.<\/p>\n","protected":false},"author":1,"featured_media":0,"comment_status":"open","ping_status":"closed","sticky":false,"template":"","format":"standard","meta":{"_acf_changed":false,"footnotes":""},"categories":[92],"tags":[300,17162,63,17214,17326,17579,2122,331,17422,17391,17592,186,2446],"class_list":["post-5368","post","type-post","status-publish","format-standard","hentry","category-kultura","tag-bal","tag-biblioteka","tag-dom-kultury","tag-drwinia","tag-dzieci","tag-ferie","tag-ferie-zimowe","tag-grobla","tag-mikluszowice","tag-mlodziez","tag-przedstawienie","tag-zajecia-plastyczne","tag-zajecia-wokalne"],"acf":[],"yoast_head":"<!-- This site is optimized with the Yoast SEO plugin v26.9 - https:\/\/yoast.com\/product\/yoast-seo-wordpress\/ -->\n<title>Co robi\u0107 w ferie w gminie Drwinia - mojabochnia.pl - portal informacyjny<\/title>\n<meta name=\"robots\" content=\"index, follow, max-snippet:-1, max-image-preview:large, max-video-preview:-1\" \/>\n<link rel=\"canonical\" href=\"https:\/\/www.mojabochnia.pl\/?p=5368\" \/>\n<meta property=\"og:locale\" content=\"pl_PL\" \/>\n<meta property=\"og:type\" content=\"article\" \/>\n<meta property=\"og:title\" content=\"Co robi\u0107 w ferie w gminie Drwinia - mojabochnia.pl - portal informacyjny\" \/>\n<meta property=\"og:description\" content=\"Ju\u017c od jutra formalnie rozpoczynaj\u0105 si\u0119 ferie. Sprawdzili\u015bmy co w tym czasie b\u0119dzie si\u0119 dzia\u0142o w gminie Drwinia.\" \/>\n<meta property=\"og:url\" content=\"https:\/\/www.mojabochnia.pl\/?p=5368\" \/>\n<meta property=\"og:site_name\" content=\"mojabochnia.pl - portal informacyjny\" \/>\n<meta property=\"article:publisher\" content=\"https:\/\/www.facebook.com\/mojabochnia\" \/>\n<meta property=\"article:published_time\" content=\"2009-02-13T15:08:02+00:00\" \/>\n<meta name=\"author\" content=\"administrator\" \/>\n<meta name=\"twitter:card\" content=\"summary_large_image\" \/>\n<meta name=\"twitter:label1\" content=\"Written by\" \/>\n\t<meta name=\"twitter:data1\" content=\"administrator\" \/>\n\t<meta name=\"twitter:label2\" content=\"Est. reading time\" \/>\n\t<meta name=\"twitter:data2\" content=\"2 minuty\" \/>\n<script type=\"application\/ld+json\" class=\"yoast-schema-graph\">{\"@context\":\"https:\/\/schema.org\",\"@graph\":[{\"@type\":\"Article\",\"@id\":\"https:\/\/www.mojabochnia.pl\/?p=5368#article\",\"isPartOf\":{\"@id\":\"https:\/\/www.mojabochnia.pl\/?p=5368\"},\"author\":{\"name\":\"administrator\",\"@id\":\"https:\/\/www.mojabochnia.pl\/#\/schema\/person\/c00e1f64e6fa0e6de6d410f2c340017f\"},\"headline\":\"Co robi\u0107 w ferie w gminie Drwinia\",\"datePublished\":\"2009-02-13T15:08:02+00:00\",\"mainEntityOfPage\":{\"@id\":\"https:\/\/www.mojabochnia.pl\/?p=5368\"},\"wordCount\":420,\"commentCount\":0,\"publisher\":{\"@id\":\"https:\/\/www.mojabochnia.pl\/#organization\"},\"keywords\":[\"bal\",\"biblioteka\",\"dom kultury\",\"Drwinia\",\"dzieci\",\"ferie\",\"ferie zimowe\",\"grobla\",\"mikluszowice\",\"m\u0142odzie\u017c\",\"przedstawienie\",\"zaj\u0119cia plastyczne\",\"zaj\u0119cia wokalne\"],\"articleSection\":[\"kultura\"],\"inLanguage\":\"pl-PL\",\"potentialAction\":[{\"@type\":\"CommentAction\",\"name\":\"Comment\",\"target\":[\"https:\/\/www.mojabochnia.pl\/?p=5368#respond\"]}]},{\"@type\":\"WebPage\",\"@id\":\"https:\/\/www.mojabochnia.pl\/?p=5368\",\"url\":\"https:\/\/www.mojabochnia.pl\/?p=5368\",\"name\":\"Co robi\u0107 w ferie w gminie Drwinia - mojabochnia.pl - portal informacyjny\",\"isPartOf\":{\"@id\":\"https:\/\/www.mojabochnia.pl\/#website\"},\"datePublished\":\"2009-02-13T15:08:02+00:00\",\"breadcrumb\":{\"@id\":\"https:\/\/www.mojabochnia.pl\/?p=5368#breadcrumb\"},\"inLanguage\":\"pl-PL\",\"potentialAction\":[{\"@type\":\"ReadAction\",\"target\":[\"https:\/\/www.mojabochnia.pl\/?p=5368\"]}]},{\"@type\":\"BreadcrumbList\",\"@id\":\"https:\/\/www.mojabochnia.pl\/?p=5368#breadcrumb\",\"itemListElement\":[{\"@type\":\"ListItem\",\"position\":1,\"name\":\"Home\",\"item\":\"https:\/\/www.mojabochnia.pl\/\"},{\"@type\":\"ListItem\",\"position\":2,\"name\":\"Co robi\u0107 w ferie w gminie Drwinia\"}]},{\"@type\":\"WebSite\",\"@id\":\"https:\/\/www.mojabochnia.pl\/#website\",\"url\":\"https:\/\/www.mojabochnia.pl\/\",\"name\":\"mojabochnia.pl - portal informacyjny\",\"description\":\"mojaBochnia to portal informacyjny o Bochni. Codziennie o Bochni piszemy i pokazujemy najwa\u017cniejsze wydarzenia\",\"publisher\":{\"@id\":\"https:\/\/www.mojabochnia.pl\/#organization\"},\"potentialAction\":[{\"@type\":\"SearchAction\",\"target\":{\"@type\":\"EntryPoint\",\"urlTemplate\":\"https:\/\/www.mojabochnia.pl\/?s={search_term_string}\"},\"query-input\":{\"@type\":\"PropertyValueSpecification\",\"valueRequired\":true,\"valueName\":\"search_term_string\"}}],\"inLanguage\":\"pl-PL\"},{\"@type\":\"Organization\",\"@id\":\"https:\/\/www.mojabochnia.pl\/#organization\",\"name\":\"mojabochnia.pl - portal informacyjny\",\"url\":\"https:\/\/www.mojabochnia.pl\/\",\"logo\":{\"@type\":\"ImageObject\",\"inLanguage\":\"pl-PL\",\"@id\":\"https:\/\/www.mojabochnia.pl\/#\/schema\/logo\/image\/\",\"url\":\"https:\/\/www.mojabochnia.pl\/wp-content\/uploads\/2017\/08\/logo-mb-opt.png\",\"contentUrl\":\"https:\/\/www.mojabochnia.pl\/wp-content\/uploads\/2017\/08\/logo-mb-opt.png\",\"width\":250,\"height\":48,\"caption\":\"mojabochnia.pl - portal informacyjny\"},\"image\":{\"@id\":\"https:\/\/www.mojabochnia.pl\/#\/schema\/logo\/image\/\"},\"sameAs\":[\"https:\/\/www.facebook.com\/mojabochnia\"]},{\"@type\":\"Person\",\"@id\":\"https:\/\/www.mojabochnia.pl\/#\/schema\/person\/c00e1f64e6fa0e6de6d410f2c340017f\",\"name\":\"administrator\",\"url\":\"https:\/\/www.mojabochnia.pl\/?author=1\"}]}<\/script>\n<!-- \/ Yoast SEO plugin. -->","yoast_head_json":{"title":"Co robi\u0107 w ferie w gminie Drwinia - mojabochnia.pl - portal informacyjny","robots":{"index":"index","follow":"follow","max-snippet":"max-snippet:-1","max-image-preview":"max-image-preview:large","max-video-preview":"max-video-preview:-1"},"canonical":"https:\/\/www.mojabochnia.pl\/?p=5368","og_locale":"pl_PL","og_type":"article","og_title":"Co robi\u0107 w ferie w gminie Drwinia - mojabochnia.pl - portal informacyjny","og_description":"Ju\u017c od jutra formalnie rozpoczynaj\u0105 si\u0119 ferie. Sprawdzili\u015bmy co w tym czasie b\u0119dzie si\u0119 dzia\u0142o w gminie Drwinia.","og_url":"https:\/\/www.mojabochnia.pl\/?p=5368","og_site_name":"mojabochnia.pl - portal informacyjny","article_publisher":"https:\/\/www.facebook.com\/mojabochnia","article_published_time":"2009-02-13T15:08:02+00:00","author":"administrator","twitter_card":"summary_large_image","twitter_misc":{"Written by":"administrator","Est. reading time":"2 minuty"},"schema":{"@context":"https:\/\/schema.org","@graph":[{"@type":"Article","@id":"https:\/\/www.mojabochnia.pl\/?p=5368#article","isPartOf":{"@id":"https:\/\/www.mojabochnia.pl\/?p=5368"},"author":{"name":"administrator","@id":"https:\/\/www.mojabochnia.pl\/#\/schema\/person\/c00e1f64e6fa0e6de6d410f2c340017f"},"headline":"Co robi\u0107 w ferie w gminie Drwinia","datePublished":"2009-02-13T15:08:02+00:00","mainEntityOfPage":{"@id":"https:\/\/www.mojabochnia.pl\/?p=5368"},"wordCount":420,"commentCount":0,"publisher":{"@id":"https:\/\/www.mojabochnia.pl\/#organization"},"keywords":["bal","biblioteka","dom kultury","Drwinia","dzieci","ferie","ferie zimowe","grobla","mikluszowice","m\u0142odzie\u017c","przedstawienie","zaj\u0119cia plastyczne","zaj\u0119cia wokalne"],"articleSection":["kultura"],"inLanguage":"pl-PL","potentialAction":[{"@type":"CommentAction","name":"Comment","target":["https:\/\/www.mojabochnia.pl\/?p=5368#respond"]}]},{"@type":"WebPage","@id":"https:\/\/www.mojabochnia.pl\/?p=5368","url":"https:\/\/www.mojabochnia.pl\/?p=5368","name":"Co robi\u0107 w ferie w gminie Drwinia - mojabochnia.pl - portal informacyjny","isPartOf":{"@id":"https:\/\/www.mojabochnia.pl\/#website"},"datePublished":"2009-02-13T15:08:02+00:00","breadcrumb":{"@id":"https:\/\/www.mojabochnia.pl\/?p=5368#breadcrumb"},"inLanguage":"pl-PL","potentialAction":[{"@type":"ReadAction","target":["https:\/\/www.mojabochnia.pl\/?p=5368"]}]},{"@type":"BreadcrumbList","@id":"https:\/\/www.mojabochnia.pl\/?p=5368#breadcrumb","itemListElement":[{"@type":"ListItem","position":1,"name":"Home","item":"https:\/\/www.mojabochnia.pl\/"},{"@type":"ListItem","position":2,"name":"Co robi\u0107 w ferie w gminie Drwinia"}]},{"@type":"WebSite","@id":"https:\/\/www.mojabochnia.pl\/#website","url":"https:\/\/www.mojabochnia.pl\/","name":"mojabochnia.pl - portal informacyjny","description":"mojaBochnia to portal informacyjny o Bochni. Codziennie o Bochni piszemy i pokazujemy najwa\u017cniejsze wydarzenia","publisher":{"@id":"https:\/\/www.mojabochnia.pl\/#organization"},"potentialAction":[{"@type":"SearchAction","target":{"@type":"EntryPoint","urlTemplate":"https:\/\/www.mojabochnia.pl\/?s={search_term_string}"},"query-input":{"@type":"PropertyValueSpecification","valueRequired":true,"valueName":"search_term_string"}}],"inLanguage":"pl-PL"},{"@type":"Organization","@id":"https:\/\/www.mojabochnia.pl\/#organization","name":"mojabochnia.pl - portal informacyjny","url":"https:\/\/www.mojabochnia.pl\/","logo":{"@type":"ImageObject","inLanguage":"pl-PL","@id":"https:\/\/www.mojabochnia.pl\/#\/schema\/logo\/image\/","url":"https:\/\/www.mojabochnia.pl\/wp-content\/uploads\/2017\/08\/logo-mb-opt.png","contentUrl":"https:\/\/www.mojabochnia.pl\/wp-content\/uploads\/2017\/08\/logo-mb-opt.png","width":250,"height":48,"caption":"mojabochnia.pl - portal informacyjny"},"image":{"@id":"https:\/\/www.mojabochnia.pl\/#\/schema\/logo\/image\/"},"sameAs":["https:\/\/www.facebook.com\/mojabochnia"]},{"@type":"Person","@id":"https:\/\/www.mojabochnia.pl\/#\/schema\/person\/c00e1f64e6fa0e6de6d410f2c340017f","name":"administrator","url":"https:\/\/www.mojabochnia.pl\/?author=1"}]}},"_links":{"self":[{"href":"https:\/\/www.mojabochnia.pl\/index.php?rest_route=\/wp\/v2\/posts\/5368","targetHints":{"allow":["GET"]}}],"collection":[{"href":"https:\/\/www.mojabochnia.pl\/index.php?rest_route=\/wp\/v2\/posts"}],"about":[{"href":"https:\/\/www.mojabochnia.pl\/index.php?rest_route=\/wp\/v2\/types\/post"}],"author":[{"embeddable":true,"href":"https:\/\/www.mojabochnia.pl\/index.php?rest_route=\/wp\/v2\/users\/1"}],"replies":[{"embeddable":true,"href":"https:\/\/www.mojabochnia.pl\/index.php?rest_route=%2Fwp%2Fv2%2Fcomments&post=5368"}],"version-history":[{"count":0,"href":"https:\/\/www.mojabochnia.pl\/index.php?rest_route=\/wp\/v2\/posts\/5368\/revisions"}],"wp:attachment":[{"href":"https:\/\/www.mojabochnia.pl\/index.php?rest_route=%2Fwp%2Fv2%2Fmedia&parent=5368"}],"wp:term":[{"taxonomy":"category","embeddable":true,"href":"https:\/\/www.mojabochnia.pl\/index.php?rest_route=%2Fwp%2Fv2%2Fcategories&post=5368"},{"taxonomy":"post_tag","embeddable":true,"href":"https:\/\/www.mojabochnia.pl\/index.php?rest_route=%2Fwp%2Fv2%2Ftags&post=5368"}],"curies":[{"name":"wp","href":"https:\/\/api.w.org\/{rel}","templated":true}]}}