{"id":5352,"date":"2009-02-12T15:06:54","date_gmt":"2009-02-12T14:06:54","guid":{"rendered":"http:\/\/www.mojabochnia.pl\/?p=5352"},"modified":"2009-02-12T15:09:38","modified_gmt":"2009-02-12T14:09:38","slug":"przylacz-sie-do-charytatywnej-aukcji-na-rzecz-bochenskiego-hospicjum","status":"publish","type":"post","link":"https:\/\/www.mojabochnia.pl\/?p=5352","title":{"rendered":"Przy\u0142\u0105cz si\u0119 do Charytatywnej Aukcji na rzecz boche\u0144skiego hospicjum"},"content":{"rendered":"<p>&#8211; <em>B\u0119dzie to czwarta aukcja dzie\u0142 sztuki na rzecz naszego hospicjum. G\u0142\u00f3wnym naszym darczy\u0144c\u0105 jest Liceum Sztuk Plastycznych, kt\u00f3re zawsze daje nam sporo prac. Nie s\u0105 to tylko prace uczni\u00f3w \u2013 obrazy czy ceramika, ale tak\u017ce prace nauczycieli, za co jeste\u015bmy wdzi\u0119czni. Dary przekazuje tak\u017ce Kinga Kasprzyk \u2013 Cetnarowicz \u2013 prace Waleriana Kasprzyka czy Stanis\u0142awa Fischera a tak\u017ce swoje. Zwracamy si\u0119 r\u00f3wnie\u017c do lokalnych artyst\u00f3w o ofiarowanie dzie\u0142. I tak to wygl\u0105da \u2013 drog\u0105 pr\u00f3\u015bb zbieramy prace, kt\u00f3re b\u0119d\u0105 licytowane<\/em> \u2013 m\u00f3wi El\u017cbieta Stabrawa z boche\u0144skiego hospicjum.<\/p>\n<p>Przedmioty przeznaczone na aukcje sk\u0142ada\u0107 mo\u017cna codziennie  w siedzibie Towarzystwa przy ul. Rynek 15 w godzinach 10.00 &#8211; 11.00 oraz 16.00 &#8211; 17.00.<\/p>\n<p>&#8211; <em>Pieni\u0105dze z licytacji zasilaj\u0105 nasze konto i s\u0105 przeznaczone dla naszych podopiecznych, zar\u00f3wno dla os\u00f3b dla kt\u00f3rych trzeba kupi\u0107 leki oraz na sprz\u0119t, kt\u00f3ry potem wypo\u017cyczamy naszym podopiecznym<\/em> \u2013 dodaje El\u017cbieta Stabrawa. <\/p>\n<p>Z ostatniej charytatywnej aukcji, kt\u00f3ra odby\u0142a si\u0119 w maju 2007 roku zebrano oko\u0142o 9 tysi\u0119cy z\u0142otych. Tegoroczna aukcja planowana jest na czerwiec. <\/p>\n","protected":false},"excerpt":{"rendered":"<p>Zarz\u0105d Towarzystwa Przyjaci\u00f3\u0142 Chorych im. B\u0142. Edmunda Bojanowskiego Hospicjum w Bochni zbiera przedmioty na IV Charytatywn\u0105 Aukcj\u0119 Dzie\u0142 Sztuki.<\/p>\n","protected":false},"author":1,"featured_media":0,"comment_status":"open","ping_status":"closed","sticky":false,"template":"","format":"standard","meta":{"_acf_changed":false,"footnotes":""},"categories":[5],"tags":[17558,2493,2496,2494,17308,136,2495,17376],"class_list":["post-5352","post","type-post","status-publish","format-standard","hentry","category-biezace-wydarzenia","tag-aukcja","tag-aukcja-charytatywna","tag-dziela-sztuki","tag-elzbieta-stabrawa","tag-hospicjum","tag-kinga-kasprzyk-cetnarowicz","tag-stanislaw-fischer","tag-zbiorka"],"acf":[],"yoast_head":"<!-- This site is optimized with the Yoast SEO plugin v26.9 - https:\/\/yoast.com\/product\/yoast-seo-wordpress\/ -->\n<title>Przy\u0142\u0105cz si\u0119 do Charytatywnej Aukcji na rzecz boche\u0144skiego hospicjum - mojabochnia.pl - portal informacyjny<\/title>\n<meta name=\"robots\" content=\"index, follow, max-snippet:-1, max-image-preview:large, max-video-preview:-1\" \/>\n<link rel=\"canonical\" href=\"https:\/\/www.mojabochnia.pl\/?p=5352\" \/>\n<meta property=\"og:locale\" content=\"pl_PL\" \/>\n<meta property=\"og:type\" content=\"article\" \/>\n<meta property=\"og:title\" content=\"Przy\u0142\u0105cz si\u0119 do Charytatywnej Aukcji na rzecz boche\u0144skiego hospicjum - mojabochnia.pl - portal informacyjny\" \/>\n<meta property=\"og:description\" content=\"Zarz\u0105d Towarzystwa Przyjaci\u00f3\u0142 Chorych im. B\u0142. Edmunda Bojanowskiego Hospicjum w Bochni zbiera przedmioty na IV Charytatywn\u0105 Aukcj\u0119 Dzie\u0142 Sztuki.\" \/>\n<meta property=\"og:url\" content=\"https:\/\/www.mojabochnia.pl\/?p=5352\" \/>\n<meta property=\"og:site_name\" content=\"mojabochnia.pl - portal informacyjny\" \/>\n<meta property=\"article:publisher\" content=\"https:\/\/www.facebook.com\/mojabochnia\" \/>\n<meta property=\"article:published_time\" content=\"2009-02-12T14:06:54+00:00\" \/>\n<meta property=\"article:modified_time\" content=\"2009-02-12T14:09:38+00:00\" \/>\n<meta name=\"author\" content=\"administrator\" \/>\n<meta name=\"twitter:card\" content=\"summary_large_image\" \/>\n<meta name=\"twitter:label1\" content=\"Written by\" \/>\n\t<meta name=\"twitter:data1\" content=\"administrator\" \/>\n\t<meta name=\"twitter:label2\" content=\"Est. reading time\" \/>\n\t<meta name=\"twitter:data2\" content=\"1 minuta\" \/>\n<script type=\"application\/ld+json\" class=\"yoast-schema-graph\">{\"@context\":\"https:\/\/schema.org\",\"@graph\":[{\"@type\":\"Article\",\"@id\":\"https:\/\/www.mojabochnia.pl\/?p=5352#article\",\"isPartOf\":{\"@id\":\"https:\/\/www.mojabochnia.pl\/?p=5352\"},\"author\":{\"name\":\"administrator\",\"@id\":\"https:\/\/www.mojabochnia.pl\/#\/schema\/person\/c00e1f64e6fa0e6de6d410f2c340017f\"},\"headline\":\"Przy\u0142\u0105cz si\u0119 do Charytatywnej Aukcji na rzecz boche\u0144skiego hospicjum\",\"datePublished\":\"2009-02-12T14:06:54+00:00\",\"dateModified\":\"2009-02-12T14:09:38+00:00\",\"mainEntityOfPage\":{\"@id\":\"https:\/\/www.mojabochnia.pl\/?p=5352\"},\"wordCount\":198,\"commentCount\":0,\"publisher\":{\"@id\":\"https:\/\/www.mojabochnia.pl\/#organization\"},\"keywords\":[\"aukcja\",\"aukcja charytatywna\",\"dzie\u0142a sztuki\",\"el\u017cbieta stabrawa\",\"hospicjum\",\"kinga kasprzyk - cetnarowicz\",\"stanis\u0142aw fischer\",\"zbi\u00f3rka\"],\"articleSection\":[\"2_ostatnie\"],\"inLanguage\":\"pl-PL\",\"potentialAction\":[{\"@type\":\"CommentAction\",\"name\":\"Comment\",\"target\":[\"https:\/\/www.mojabochnia.pl\/?p=5352#respond\"]}]},{\"@type\":\"WebPage\",\"@id\":\"https:\/\/www.mojabochnia.pl\/?p=5352\",\"url\":\"https:\/\/www.mojabochnia.pl\/?p=5352\",\"name\":\"Przy\u0142\u0105cz si\u0119 do Charytatywnej Aukcji na rzecz boche\u0144skiego hospicjum - mojabochnia.pl - portal informacyjny\",\"isPartOf\":{\"@id\":\"https:\/\/www.mojabochnia.pl\/#website\"},\"datePublished\":\"2009-02-12T14:06:54+00:00\",\"dateModified\":\"2009-02-12T14:09:38+00:00\",\"breadcrumb\":{\"@id\":\"https:\/\/www.mojabochnia.pl\/?p=5352#breadcrumb\"},\"inLanguage\":\"pl-PL\",\"potentialAction\":[{\"@type\":\"ReadAction\",\"target\":[\"https:\/\/www.mojabochnia.pl\/?p=5352\"]}]},{\"@type\":\"BreadcrumbList\",\"@id\":\"https:\/\/www.mojabochnia.pl\/?p=5352#breadcrumb\",\"itemListElement\":[{\"@type\":\"ListItem\",\"position\":1,\"name\":\"Home\",\"item\":\"https:\/\/www.mojabochnia.pl\/\"},{\"@type\":\"ListItem\",\"position\":2,\"name\":\"Przy\u0142\u0105cz si\u0119 do Charytatywnej Aukcji na rzecz boche\u0144skiego hospicjum\"}]},{\"@type\":\"WebSite\",\"@id\":\"https:\/\/www.mojabochnia.pl\/#website\",\"url\":\"https:\/\/www.mojabochnia.pl\/\",\"name\":\"mojabochnia.pl - portal informacyjny\",\"description\":\"mojaBochnia to portal informacyjny o Bochni. Codziennie o Bochni piszemy i pokazujemy najwa\u017cniejsze wydarzenia\",\"publisher\":{\"@id\":\"https:\/\/www.mojabochnia.pl\/#organization\"},\"potentialAction\":[{\"@type\":\"SearchAction\",\"target\":{\"@type\":\"EntryPoint\",\"urlTemplate\":\"https:\/\/www.mojabochnia.pl\/?s={search_term_string}\"},\"query-input\":{\"@type\":\"PropertyValueSpecification\",\"valueRequired\":true,\"valueName\":\"search_term_string\"}}],\"inLanguage\":\"pl-PL\"},{\"@type\":\"Organization\",\"@id\":\"https:\/\/www.mojabochnia.pl\/#organization\",\"name\":\"mojabochnia.pl - portal informacyjny\",\"url\":\"https:\/\/www.mojabochnia.pl\/\",\"logo\":{\"@type\":\"ImageObject\",\"inLanguage\":\"pl-PL\",\"@id\":\"https:\/\/www.mojabochnia.pl\/#\/schema\/logo\/image\/\",\"url\":\"https:\/\/www.mojabochnia.pl\/wp-content\/uploads\/2017\/08\/logo-mb-opt.png\",\"contentUrl\":\"https:\/\/www.mojabochnia.pl\/wp-content\/uploads\/2017\/08\/logo-mb-opt.png\",\"width\":250,\"height\":48,\"caption\":\"mojabochnia.pl - portal informacyjny\"},\"image\":{\"@id\":\"https:\/\/www.mojabochnia.pl\/#\/schema\/logo\/image\/\"},\"sameAs\":[\"https:\/\/www.facebook.com\/mojabochnia\"]},{\"@type\":\"Person\",\"@id\":\"https:\/\/www.mojabochnia.pl\/#\/schema\/person\/c00e1f64e6fa0e6de6d410f2c340017f\",\"name\":\"administrator\",\"url\":\"https:\/\/www.mojabochnia.pl\/?author=1\"}]}<\/script>\n<!-- \/ Yoast SEO plugin. -->","yoast_head_json":{"title":"Przy\u0142\u0105cz si\u0119 do Charytatywnej Aukcji na rzecz boche\u0144skiego hospicjum - mojabochnia.pl - portal informacyjny","robots":{"index":"index","follow":"follow","max-snippet":"max-snippet:-1","max-image-preview":"max-image-preview:large","max-video-preview":"max-video-preview:-1"},"canonical":"https:\/\/www.mojabochnia.pl\/?p=5352","og_locale":"pl_PL","og_type":"article","og_title":"Przy\u0142\u0105cz si\u0119 do Charytatywnej Aukcji na rzecz boche\u0144skiego hospicjum - mojabochnia.pl - portal informacyjny","og_description":"Zarz\u0105d Towarzystwa Przyjaci\u00f3\u0142 Chorych im. B\u0142. Edmunda Bojanowskiego Hospicjum w Bochni zbiera przedmioty na IV Charytatywn\u0105 Aukcj\u0119 Dzie\u0142 Sztuki.","og_url":"https:\/\/www.mojabochnia.pl\/?p=5352","og_site_name":"mojabochnia.pl - portal informacyjny","article_publisher":"https:\/\/www.facebook.com\/mojabochnia","article_published_time":"2009-02-12T14:06:54+00:00","article_modified_time":"2009-02-12T14:09:38+00:00","author":"administrator","twitter_card":"summary_large_image","twitter_misc":{"Written by":"administrator","Est. reading time":"1 minuta"},"schema":{"@context":"https:\/\/schema.org","@graph":[{"@type":"Article","@id":"https:\/\/www.mojabochnia.pl\/?p=5352#article","isPartOf":{"@id":"https:\/\/www.mojabochnia.pl\/?p=5352"},"author":{"name":"administrator","@id":"https:\/\/www.mojabochnia.pl\/#\/schema\/person\/c00e1f64e6fa0e6de6d410f2c340017f"},"headline":"Przy\u0142\u0105cz si\u0119 do Charytatywnej Aukcji na rzecz boche\u0144skiego hospicjum","datePublished":"2009-02-12T14:06:54+00:00","dateModified":"2009-02-12T14:09:38+00:00","mainEntityOfPage":{"@id":"https:\/\/www.mojabochnia.pl\/?p=5352"},"wordCount":198,"commentCount":0,"publisher":{"@id":"https:\/\/www.mojabochnia.pl\/#organization"},"keywords":["aukcja","aukcja charytatywna","dzie\u0142a sztuki","el\u017cbieta stabrawa","hospicjum","kinga kasprzyk - cetnarowicz","stanis\u0142aw fischer","zbi\u00f3rka"],"articleSection":["2_ostatnie"],"inLanguage":"pl-PL","potentialAction":[{"@type":"CommentAction","name":"Comment","target":["https:\/\/www.mojabochnia.pl\/?p=5352#respond"]}]},{"@type":"WebPage","@id":"https:\/\/www.mojabochnia.pl\/?p=5352","url":"https:\/\/www.mojabochnia.pl\/?p=5352","name":"Przy\u0142\u0105cz si\u0119 do Charytatywnej Aukcji na rzecz boche\u0144skiego hospicjum - mojabochnia.pl - portal informacyjny","isPartOf":{"@id":"https:\/\/www.mojabochnia.pl\/#website"},"datePublished":"2009-02-12T14:06:54+00:00","dateModified":"2009-02-12T14:09:38+00:00","breadcrumb":{"@id":"https:\/\/www.mojabochnia.pl\/?p=5352#breadcrumb"},"inLanguage":"pl-PL","potentialAction":[{"@type":"ReadAction","target":["https:\/\/www.mojabochnia.pl\/?p=5352"]}]},{"@type":"BreadcrumbList","@id":"https:\/\/www.mojabochnia.pl\/?p=5352#breadcrumb","itemListElement":[{"@type":"ListItem","position":1,"name":"Home","item":"https:\/\/www.mojabochnia.pl\/"},{"@type":"ListItem","position":2,"name":"Przy\u0142\u0105cz si\u0119 do Charytatywnej Aukcji na rzecz boche\u0144skiego hospicjum"}]},{"@type":"WebSite","@id":"https:\/\/www.mojabochnia.pl\/#website","url":"https:\/\/www.mojabochnia.pl\/","name":"mojabochnia.pl - portal informacyjny","description":"mojaBochnia to portal informacyjny o Bochni. Codziennie o Bochni piszemy i pokazujemy najwa\u017cniejsze wydarzenia","publisher":{"@id":"https:\/\/www.mojabochnia.pl\/#organization"},"potentialAction":[{"@type":"SearchAction","target":{"@type":"EntryPoint","urlTemplate":"https:\/\/www.mojabochnia.pl\/?s={search_term_string}"},"query-input":{"@type":"PropertyValueSpecification","valueRequired":true,"valueName":"search_term_string"}}],"inLanguage":"pl-PL"},{"@type":"Organization","@id":"https:\/\/www.mojabochnia.pl\/#organization","name":"mojabochnia.pl - portal informacyjny","url":"https:\/\/www.mojabochnia.pl\/","logo":{"@type":"ImageObject","inLanguage":"pl-PL","@id":"https:\/\/www.mojabochnia.pl\/#\/schema\/logo\/image\/","url":"https:\/\/www.mojabochnia.pl\/wp-content\/uploads\/2017\/08\/logo-mb-opt.png","contentUrl":"https:\/\/www.mojabochnia.pl\/wp-content\/uploads\/2017\/08\/logo-mb-opt.png","width":250,"height":48,"caption":"mojabochnia.pl - portal informacyjny"},"image":{"@id":"https:\/\/www.mojabochnia.pl\/#\/schema\/logo\/image\/"},"sameAs":["https:\/\/www.facebook.com\/mojabochnia"]},{"@type":"Person","@id":"https:\/\/www.mojabochnia.pl\/#\/schema\/person\/c00e1f64e6fa0e6de6d410f2c340017f","name":"administrator","url":"https:\/\/www.mojabochnia.pl\/?author=1"}]}},"_links":{"self":[{"href":"https:\/\/www.mojabochnia.pl\/index.php?rest_route=\/wp\/v2\/posts\/5352","targetHints":{"allow":["GET"]}}],"collection":[{"href":"https:\/\/www.mojabochnia.pl\/index.php?rest_route=\/wp\/v2\/posts"}],"about":[{"href":"https:\/\/www.mojabochnia.pl\/index.php?rest_route=\/wp\/v2\/types\/post"}],"author":[{"embeddable":true,"href":"https:\/\/www.mojabochnia.pl\/index.php?rest_route=\/wp\/v2\/users\/1"}],"replies":[{"embeddable":true,"href":"https:\/\/www.mojabochnia.pl\/index.php?rest_route=%2Fwp%2Fv2%2Fcomments&post=5352"}],"version-history":[{"count":0,"href":"https:\/\/www.mojabochnia.pl\/index.php?rest_route=\/wp\/v2\/posts\/5352\/revisions"}],"wp:attachment":[{"href":"https:\/\/www.mojabochnia.pl\/index.php?rest_route=%2Fwp%2Fv2%2Fmedia&parent=5352"}],"wp:term":[{"taxonomy":"category","embeddable":true,"href":"https:\/\/www.mojabochnia.pl\/index.php?rest_route=%2Fwp%2Fv2%2Fcategories&post=5352"},{"taxonomy":"post_tag","embeddable":true,"href":"https:\/\/www.mojabochnia.pl\/index.php?rest_route=%2Fwp%2Fv2%2Ftags&post=5352"}],"curies":[{"name":"wp","href":"https:\/\/api.w.org\/{rel}","templated":true}]}}