{"id":5316,"date":"2009-02-15T07:27:10","date_gmt":"2009-02-15T06:27:10","guid":{"rendered":"http:\/\/www.mojabochnia.pl\/?p=5316"},"modified":"2009-02-11T12:54:53","modified_gmt":"2009-02-11T11:54:53","slug":"w-parafii-sw-jana-nepomucena-uczcza-ks-jozefa-gajde","status":"publish","type":"post","link":"https:\/\/www.mojabochnia.pl\/?p=5316","title":{"rendered":"W parafii \u015bw. Jana Nepomucena uczcz\u0105 ks. J\u00f3zefa Gajd\u0119"},"content":{"rendered":"<p>Dzisiaj w \u015bwi\u0105tyni zostanie wmurowana tablica pami\u0105tkowa. \u2013 <em>Ta \u015bmier\u0107 nape\u0142ni\u0142a b\u00f3lem ca\u0142\u0105 wsp\u00f3lnot\u0119 parafialn\u0105. Ks. J\u00f3zef by\u0142 pierwszym proboszczem, organizatorem \u017cycia duszpasterskiego, funkcj\u0119 t\u0119 pe\u0142ni\u0142 przez 15 lat. Uda\u0142o mu si\u0119 wraz z parafianami wybudowa\u0107 pi\u0119kn\u0105 \u015bwi\u0105tyni\u0119, a przy tym i plebani\u0119. Zwr\u00f3\u0107my uwag\u0119, \u017ce by\u0142y to bardzo trudne czasy na wznoszenie \u015bwi\u0105tyni, jeszcze w tak trudnym miejscu. A jednak energia, zapa\u0142, zach\u0119ta ks. J\u00f3zefa, spowodowa\u0142y to, \u017ce parafianie pod jego kierownictwem, opiek\u0105, wybudowali ten ko\u015bci\u00f3\u0142<\/em> \u2013 m\u00f3wi ks. Kazimierz Kapcia, proboszcz parafii \u015bw. Jana Nepomucena w Bochni.<\/p>\n<p>Uroczysto\u015b\u0107, podczas kt\u00f3rej zostanie po\u015bwi\u0119cona tablica pami\u0105tkowa dedykowana ks. J\u00f3zefowi Gajdzie, rozpocznie si\u0119 dzisiaj o godz. 11.30. Mszy \u015bw. b\u0119dzie przewodniczy\u0142 ks. Adam Kokoszka, kolega rocznikowy zmar\u0142ego, wikariusz biskupi do spraw formacji kap\u0142an\u00f3w. <\/p>\n<p>Ks. J\u00f3zef Gajda by\u0142 proboszczem parafii \u015bw. Jana Nepomucena w Bochni w latach 1987 \u2013 2002. P\u00f3\u017aniej zosta\u0142 proboszczem parafii w Sufczynie. Zmar\u0142 18 lutego 2008 r. <\/p>\n","protected":false},"excerpt":{"rendered":"<p>Wierni z parafii \u015bw. Jana Nepomucena w Bochni uczcz\u0105 dzi\u015b swojego zmar\u0142ego przed rokiem wieloletniego proboszcza, ks. J\u00f3zefa Gajd\u0119. <\/p>\n","protected":false},"author":4,"featured_media":0,"comment_status":"open","ping_status":"closed","sticky":false,"template":"","format":"standard","meta":{"_acf_changed":false,"footnotes":""},"categories":[1342],"tags":[1123,2478,17616,17411,17293,1280,2476,17327],"class_list":["post-5316","post","type-post","status-publish","format-standard","hentry","category-zycie-religijne","tag-kosciol-sw-jana-nepomucena","tag-ks-adam-kokoszka","tag-ks-kazimierz-kapcia","tag-parafia-sw-jana-nepomucena","tag-rocznica","tag-sufczyn","tag-tablica-pamiatkowa","tag-uroczystosc"],"acf":[],"yoast_head":"<!-- This site is optimized with the Yoast SEO plugin v26.9 - https:\/\/yoast.com\/product\/yoast-seo-wordpress\/ -->\n<title>W parafii \u015bw. Jana Nepomucena uczcz\u0105 ks. J\u00f3zefa Gajd\u0119 - mojabochnia.pl - portal informacyjny<\/title>\n<meta name=\"robots\" content=\"index, follow, max-snippet:-1, max-image-preview:large, max-video-preview:-1\" \/>\n<link rel=\"canonical\" href=\"https:\/\/www.mojabochnia.pl\/?p=5316\" \/>\n<meta property=\"og:locale\" content=\"pl_PL\" \/>\n<meta property=\"og:type\" content=\"article\" \/>\n<meta property=\"og:title\" content=\"W parafii \u015bw. Jana Nepomucena uczcz\u0105 ks. J\u00f3zefa Gajd\u0119 - mojabochnia.pl - portal informacyjny\" \/>\n<meta property=\"og:description\" content=\"Wierni z parafii \u015bw. Jana Nepomucena w Bochni uczcz\u0105 dzi\u015b swojego zmar\u0142ego przed rokiem wieloletniego proboszcza, ks. J\u00f3zefa Gajd\u0119.\" \/>\n<meta property=\"og:url\" content=\"https:\/\/www.mojabochnia.pl\/?p=5316\" \/>\n<meta property=\"og:site_name\" content=\"mojabochnia.pl - portal informacyjny\" \/>\n<meta property=\"article:publisher\" content=\"https:\/\/www.facebook.com\/mojabochnia\" \/>\n<meta property=\"article:published_time\" content=\"2009-02-15T06:27:10+00:00\" \/>\n<meta name=\"author\" content=\"Pawe\u0142 Michalczyk\" \/>\n<meta name=\"twitter:card\" content=\"summary_large_image\" \/>\n<meta name=\"twitter:label1\" content=\"Written by\" \/>\n\t<meta name=\"twitter:data1\" content=\"Pawe\u0142 Michalczyk\" \/>\n\t<meta name=\"twitter:label2\" content=\"Est. reading time\" \/>\n\t<meta name=\"twitter:data2\" content=\"1 minuta\" \/>\n<script type=\"application\/ld+json\" class=\"yoast-schema-graph\">{\"@context\":\"https:\/\/schema.org\",\"@graph\":[{\"@type\":\"Article\",\"@id\":\"https:\/\/www.mojabochnia.pl\/?p=5316#article\",\"isPartOf\":{\"@id\":\"https:\/\/www.mojabochnia.pl\/?p=5316\"},\"author\":{\"name\":\"Pawe\u0142 Michalczyk\",\"@id\":\"https:\/\/www.mojabochnia.pl\/#\/schema\/person\/ea042e4724a77627963f02166828ead4\"},\"headline\":\"W parafii \u015bw. Jana Nepomucena uczcz\u0105 ks. J\u00f3zefa Gajd\u0119\",\"datePublished\":\"2009-02-15T06:27:10+00:00\",\"mainEntityOfPage\":{\"@id\":\"https:\/\/www.mojabochnia.pl\/?p=5316\"},\"wordCount\":180,\"commentCount\":1,\"publisher\":{\"@id\":\"https:\/\/www.mojabochnia.pl\/#organization\"},\"keywords\":[\"ko\u015bci\u00f3\u0142 \u015bw. jana nepomucena\",\"ks. adam kokoszka\",\"ks. kazimierz kapcia\",\"parafia \u015bw. jana nepomucena\",\"rocznica\",\"sufczyn\",\"tablica pami\u0105tkowa\",\"uroczysto\u015b\u0107\"],\"articleSection\":[\"\u017bycie religijne\"],\"inLanguage\":\"pl-PL\",\"potentialAction\":[{\"@type\":\"CommentAction\",\"name\":\"Comment\",\"target\":[\"https:\/\/www.mojabochnia.pl\/?p=5316#respond\"]}]},{\"@type\":\"WebPage\",\"@id\":\"https:\/\/www.mojabochnia.pl\/?p=5316\",\"url\":\"https:\/\/www.mojabochnia.pl\/?p=5316\",\"name\":\"W parafii \u015bw. Jana Nepomucena uczcz\u0105 ks. J\u00f3zefa Gajd\u0119 - mojabochnia.pl - portal informacyjny\",\"isPartOf\":{\"@id\":\"https:\/\/www.mojabochnia.pl\/#website\"},\"datePublished\":\"2009-02-15T06:27:10+00:00\",\"breadcrumb\":{\"@id\":\"https:\/\/www.mojabochnia.pl\/?p=5316#breadcrumb\"},\"inLanguage\":\"pl-PL\",\"potentialAction\":[{\"@type\":\"ReadAction\",\"target\":[\"https:\/\/www.mojabochnia.pl\/?p=5316\"]}]},{\"@type\":\"BreadcrumbList\",\"@id\":\"https:\/\/www.mojabochnia.pl\/?p=5316#breadcrumb\",\"itemListElement\":[{\"@type\":\"ListItem\",\"position\":1,\"name\":\"Home\",\"item\":\"https:\/\/www.mojabochnia.pl\/\"},{\"@type\":\"ListItem\",\"position\":2,\"name\":\"W parafii \u015bw. Jana Nepomucena uczcz\u0105 ks. J\u00f3zefa Gajd\u0119\"}]},{\"@type\":\"WebSite\",\"@id\":\"https:\/\/www.mojabochnia.pl\/#website\",\"url\":\"https:\/\/www.mojabochnia.pl\/\",\"name\":\"mojabochnia.pl - portal informacyjny\",\"description\":\"mojaBochnia to portal informacyjny o Bochni. Codziennie o Bochni piszemy i pokazujemy najwa\u017cniejsze wydarzenia\",\"publisher\":{\"@id\":\"https:\/\/www.mojabochnia.pl\/#organization\"},\"potentialAction\":[{\"@type\":\"SearchAction\",\"target\":{\"@type\":\"EntryPoint\",\"urlTemplate\":\"https:\/\/www.mojabochnia.pl\/?s={search_term_string}\"},\"query-input\":{\"@type\":\"PropertyValueSpecification\",\"valueRequired\":true,\"valueName\":\"search_term_string\"}}],\"inLanguage\":\"pl-PL\"},{\"@type\":\"Organization\",\"@id\":\"https:\/\/www.mojabochnia.pl\/#organization\",\"name\":\"mojabochnia.pl - portal informacyjny\",\"url\":\"https:\/\/www.mojabochnia.pl\/\",\"logo\":{\"@type\":\"ImageObject\",\"inLanguage\":\"pl-PL\",\"@id\":\"https:\/\/www.mojabochnia.pl\/#\/schema\/logo\/image\/\",\"url\":\"https:\/\/www.mojabochnia.pl\/wp-content\/uploads\/2017\/08\/logo-mb-opt.png\",\"contentUrl\":\"https:\/\/www.mojabochnia.pl\/wp-content\/uploads\/2017\/08\/logo-mb-opt.png\",\"width\":250,\"height\":48,\"caption\":\"mojabochnia.pl - portal informacyjny\"},\"image\":{\"@id\":\"https:\/\/www.mojabochnia.pl\/#\/schema\/logo\/image\/\"},\"sameAs\":[\"https:\/\/www.facebook.com\/mojabochnia\"]},{\"@type\":\"Person\",\"@id\":\"https:\/\/www.mojabochnia.pl\/#\/schema\/person\/ea042e4724a77627963f02166828ead4\",\"name\":\"Pawe\u0142 Michalczyk\",\"url\":\"https:\/\/www.mojabochnia.pl\/?author=4\"}]}<\/script>\n<!-- \/ Yoast SEO plugin. -->","yoast_head_json":{"title":"W parafii \u015bw. Jana Nepomucena uczcz\u0105 ks. J\u00f3zefa Gajd\u0119 - mojabochnia.pl - portal informacyjny","robots":{"index":"index","follow":"follow","max-snippet":"max-snippet:-1","max-image-preview":"max-image-preview:large","max-video-preview":"max-video-preview:-1"},"canonical":"https:\/\/www.mojabochnia.pl\/?p=5316","og_locale":"pl_PL","og_type":"article","og_title":"W parafii \u015bw. Jana Nepomucena uczcz\u0105 ks. J\u00f3zefa Gajd\u0119 - mojabochnia.pl - portal informacyjny","og_description":"Wierni z parafii \u015bw. Jana Nepomucena w Bochni uczcz\u0105 dzi\u015b swojego zmar\u0142ego przed rokiem wieloletniego proboszcza, ks. J\u00f3zefa Gajd\u0119.","og_url":"https:\/\/www.mojabochnia.pl\/?p=5316","og_site_name":"mojabochnia.pl - portal informacyjny","article_publisher":"https:\/\/www.facebook.com\/mojabochnia","article_published_time":"2009-02-15T06:27:10+00:00","author":"Pawe\u0142 Michalczyk","twitter_card":"summary_large_image","twitter_misc":{"Written by":"Pawe\u0142 Michalczyk","Est. reading time":"1 minuta"},"schema":{"@context":"https:\/\/schema.org","@graph":[{"@type":"Article","@id":"https:\/\/www.mojabochnia.pl\/?p=5316#article","isPartOf":{"@id":"https:\/\/www.mojabochnia.pl\/?p=5316"},"author":{"name":"Pawe\u0142 Michalczyk","@id":"https:\/\/www.mojabochnia.pl\/#\/schema\/person\/ea042e4724a77627963f02166828ead4"},"headline":"W parafii \u015bw. Jana Nepomucena uczcz\u0105 ks. J\u00f3zefa Gajd\u0119","datePublished":"2009-02-15T06:27:10+00:00","mainEntityOfPage":{"@id":"https:\/\/www.mojabochnia.pl\/?p=5316"},"wordCount":180,"commentCount":1,"publisher":{"@id":"https:\/\/www.mojabochnia.pl\/#organization"},"keywords":["ko\u015bci\u00f3\u0142 \u015bw. jana nepomucena","ks. adam kokoszka","ks. kazimierz kapcia","parafia \u015bw. jana nepomucena","rocznica","sufczyn","tablica pami\u0105tkowa","uroczysto\u015b\u0107"],"articleSection":["\u017bycie religijne"],"inLanguage":"pl-PL","potentialAction":[{"@type":"CommentAction","name":"Comment","target":["https:\/\/www.mojabochnia.pl\/?p=5316#respond"]}]},{"@type":"WebPage","@id":"https:\/\/www.mojabochnia.pl\/?p=5316","url":"https:\/\/www.mojabochnia.pl\/?p=5316","name":"W parafii \u015bw. Jana Nepomucena uczcz\u0105 ks. J\u00f3zefa Gajd\u0119 - mojabochnia.pl - portal informacyjny","isPartOf":{"@id":"https:\/\/www.mojabochnia.pl\/#website"},"datePublished":"2009-02-15T06:27:10+00:00","breadcrumb":{"@id":"https:\/\/www.mojabochnia.pl\/?p=5316#breadcrumb"},"inLanguage":"pl-PL","potentialAction":[{"@type":"ReadAction","target":["https:\/\/www.mojabochnia.pl\/?p=5316"]}]},{"@type":"BreadcrumbList","@id":"https:\/\/www.mojabochnia.pl\/?p=5316#breadcrumb","itemListElement":[{"@type":"ListItem","position":1,"name":"Home","item":"https:\/\/www.mojabochnia.pl\/"},{"@type":"ListItem","position":2,"name":"W parafii \u015bw. Jana Nepomucena uczcz\u0105 ks. J\u00f3zefa Gajd\u0119"}]},{"@type":"WebSite","@id":"https:\/\/www.mojabochnia.pl\/#website","url":"https:\/\/www.mojabochnia.pl\/","name":"mojabochnia.pl - portal informacyjny","description":"mojaBochnia to portal informacyjny o Bochni. Codziennie o Bochni piszemy i pokazujemy najwa\u017cniejsze wydarzenia","publisher":{"@id":"https:\/\/www.mojabochnia.pl\/#organization"},"potentialAction":[{"@type":"SearchAction","target":{"@type":"EntryPoint","urlTemplate":"https:\/\/www.mojabochnia.pl\/?s={search_term_string}"},"query-input":{"@type":"PropertyValueSpecification","valueRequired":true,"valueName":"search_term_string"}}],"inLanguage":"pl-PL"},{"@type":"Organization","@id":"https:\/\/www.mojabochnia.pl\/#organization","name":"mojabochnia.pl - portal informacyjny","url":"https:\/\/www.mojabochnia.pl\/","logo":{"@type":"ImageObject","inLanguage":"pl-PL","@id":"https:\/\/www.mojabochnia.pl\/#\/schema\/logo\/image\/","url":"https:\/\/www.mojabochnia.pl\/wp-content\/uploads\/2017\/08\/logo-mb-opt.png","contentUrl":"https:\/\/www.mojabochnia.pl\/wp-content\/uploads\/2017\/08\/logo-mb-opt.png","width":250,"height":48,"caption":"mojabochnia.pl - portal informacyjny"},"image":{"@id":"https:\/\/www.mojabochnia.pl\/#\/schema\/logo\/image\/"},"sameAs":["https:\/\/www.facebook.com\/mojabochnia"]},{"@type":"Person","@id":"https:\/\/www.mojabochnia.pl\/#\/schema\/person\/ea042e4724a77627963f02166828ead4","name":"Pawe\u0142 Michalczyk","url":"https:\/\/www.mojabochnia.pl\/?author=4"}]}},"_links":{"self":[{"href":"https:\/\/www.mojabochnia.pl\/index.php?rest_route=\/wp\/v2\/posts\/5316","targetHints":{"allow":["GET"]}}],"collection":[{"href":"https:\/\/www.mojabochnia.pl\/index.php?rest_route=\/wp\/v2\/posts"}],"about":[{"href":"https:\/\/www.mojabochnia.pl\/index.php?rest_route=\/wp\/v2\/types\/post"}],"author":[{"embeddable":true,"href":"https:\/\/www.mojabochnia.pl\/index.php?rest_route=\/wp\/v2\/users\/4"}],"replies":[{"embeddable":true,"href":"https:\/\/www.mojabochnia.pl\/index.php?rest_route=%2Fwp%2Fv2%2Fcomments&post=5316"}],"version-history":[{"count":0,"href":"https:\/\/www.mojabochnia.pl\/index.php?rest_route=\/wp\/v2\/posts\/5316\/revisions"}],"wp:attachment":[{"href":"https:\/\/www.mojabochnia.pl\/index.php?rest_route=%2Fwp%2Fv2%2Fmedia&parent=5316"}],"wp:term":[{"taxonomy":"category","embeddable":true,"href":"https:\/\/www.mojabochnia.pl\/index.php?rest_route=%2Fwp%2Fv2%2Fcategories&post=5316"},{"taxonomy":"post_tag","embeddable":true,"href":"https:\/\/www.mojabochnia.pl\/index.php?rest_route=%2Fwp%2Fv2%2Ftags&post=5316"}],"curies":[{"name":"wp","href":"https:\/\/api.w.org\/{rel}","templated":true}]}}