{"id":53153,"date":"2011-06-28T07:19:55","date_gmt":"2011-06-28T05:19:55","guid":{"rendered":"http:\/\/www.mojabochnia.pl\/?p=53153"},"modified":"2011-06-27T12:09:58","modified_gmt":"2011-06-27T10:09:58","slug":"w-srode-odpust-i-poswiecenie-figury-bl-jpii-w-kosciele-sw-pawla","status":"publish","type":"post","link":"https:\/\/www.mojabochnia.pl\/?p=53153","title":{"rendered":"W \u015brod\u0119 odpust i po\u015bwi\u0119cenie figury b\u0142. JPII w ko\u015bciele \u015bw. Paw\u0142a"},"content":{"rendered":"<p>Aktu po\u015bwi\u0119cenia dokona bp Andrzej Je\u017c podczas uroczystej Mszy \u015bw. o godz. 11.00. B\u0119dzie to zarazem punkt kulminacyjny przypadaj\u0105cej w tym dniu uroczysto\u015bci odpustowej ku czci patrona parafii \u2013 \u015bw. Paw\u0142a Aposto\u0142a. <\/p>\n<p>Dwumetrowa figura papieska stanie na kamiennym cokole po prawej stronie przed prezbiterium \u015bwi\u0105tyni. Jej tw\u00f3rc\u0105 jest Jacek Osadczuk, artysta rze\u017abiarz z Ustrzyk Dolnych. Figur\u0119 wykona\u0142 w 2005 r. z pozyskanego w Bieszczadach d\u0119bu szypu\u0142kowego. Ukazuje ona dotkni\u0119tego cierpieniem papie\u017ca, sugestywnie podtrzymuj\u0105cego krzy\u017c. <em>Stara\u0142em si\u0119 uwydatni\u0107 te elementy, kt\u00f3re \u015bwiadczy\u0142yby o niezwyk\u0142ym akcie heroizmu cz\u0142owieka, jakim jest oddanie si\u0119 w cierpieniu dla innych<\/em> \u2013 m\u00f3wi o swym dziele artysta. <\/p>\n<p>Jan Pawe\u0142 II ukazany jest w figurze w spos\u00f3b sugestywnie oddaj\u0105cy stan jego ducha w ostatnich miesi\u0105cach \u017cycia. <em>Ojciec \u015awi\u0119ty z um\u0119czonym obliczem, \u0142agodnie sk\u0142ania g\u0142ow\u0119 w kierunku krzy\u017ca, praw\u0105 d\u0142oni\u0105 nie tyle d\u017awiga, co tuli ci\u0119\u017car do obola\u0142ego ramienia. Nie koncentruje si\u0119 jednak bez reszty na cierpieniu. Wzrok skierowany ma przed siebie, jakby patrzy\u0142 na nas, a prawa d\u0142o\u0144 po\u0142o\u017cona na drzewcu jest delikatnie odchylona tak, jakby zmierza\u0142a do gestu przekazania krzy\u017ca<\/em> \u2013 m\u00f3wi artysta.<\/p>\n<p>Papieska figura zosta\u0142a przekazana parafii \u2013 w imieniu samorz\u0105du i mieszka\u0144c\u00f3w Bochni \u2013 przez burmistrza Wojciecha Cholew\u0119 16 pa\u017adziernika 2005 roku, w 27. rocznic\u0119 wyboru Jana Paw\u0142a II. Rze\u017aba stanowi jeden z element\u00f3w tzw. \u201eTryptyku Boche\u0144skiego\u201d, upami\u0119tniaj\u0105cego Ojca \u015awi\u0119tego Jana Paw\u0142a II w kilka dni po Jego odej\u015bciu do domu Ojca, a zrealizowanego na podstawie uchwa\u0142y Rady Miejskiej w Bochni z 7 kwietnia 2005 roku. Opr\u00f3cz niej, tryptyk tworz\u0105: pomnik z br\u0105zu na Placu Sanktuaryjnym przy Bazylice \u015bw. Miko\u0142aja oraz figura z wapienia, postawiona przy ko\u015bciele \u015bw. Jana Nepomucena (r\u00f3wnie\u017c wykonana przez Jacka Osadczuka).<\/p>\n<p><em>Trzeba, aby nasz wielki rodak b\u0142ogos\u0142awiony Jan Pawe\u0142 II by\u0142 obecny w \u017cyciu naszego narodu, przez m\u0105dro\u015b\u0107 g\u0142oszonego s\u0142owa i \u015bwi\u0119to\u015b\u0107 \u017cycia<\/em> \u2013 m\u00f3wi ks. Jan Nowakowski, proboszcz parafii \u015bw. Paw\u0142a Aposto\u0142a w Bochni. <em>Jako parafia Aposto\u0142a Narod\u00f3w, kt\u00f3rego jako drugie imi\u0119 obra\u0142 sobie nasz b\u0142ogos\u0142awiony, chcemy naszym wiernym ci\u0105gle przybli\u017ca\u0107 posta\u0107 Jana Paw\u0142a II. Ma nam o tym przypomina\u0107 jego monumentalna figura w naszym ko\u015bciele. Wykonana ze szlachetnego drzewa, d\u0119bu, symbolizuje pot\u0119g\u0119 wiary i niez\u0142omno\u015b\u0107 charakteru b\u0142ogos\u0142awionego, a krzy\u017c, kt\u00f3ry d\u017awiga przypomina, \u017ce wielko\u015b\u0107 wobec Boga i cz\u0142owieka osi\u0105ga si\u0119 tylko t\u0105 drog\u0105<\/em> \u2013 dodaje. <\/p>\n<p>Proboszcz zwraca uwag\u0119, \u017ce artystyczne dzie\u0142o Jacka Osadczuka, ufundowane przez miasto, 6 lat oczekiwa\u0142o na swoje przeznaczenie. <em>W dniu odpustu parafialnego zostanie ono po\u015bwi\u0119cone i oddane do publicznego kultu. To ju\u017c nie b\u0119dzie spi\u017cowy, czy kamienny pomnik, a \u015bwi\u0119ta figura, przy kt\u00f3rej b\u0119dziemy si\u0119 mogli modli\u0107 <\/em>\u2013 m\u00f3wi ks. Jan Nowakowski.<\/p>\n<p>Warto doda\u0107, \u017ce proboszcz bra\u0142 udzia\u0142 w uroczysto\u015bciach beatyfikacyjnych 1 maja na Placu \u015bw. Piotra w Rzymie, a kilkana\u015bcie dni p\u00f3\u017aniej grupa parafian uda\u0142a si\u0119 w dzi\u0119kczynnej pielgrzymce do grobu b\u0142ogos\u0142awionego w Bazylice \u015bw. Piotra.<\/p>\n<p>Tu\u017c po uroczysto\u015bci bp Andrzej Je\u017c po\u015bwi\u0119ci domow\u0105 kaplic\u0119 w budynku plebanii. B\u0119dzie ona nosi\u0142a wezwanie b\u0142ogos\u0142awionego Jana Paw\u0142a II. Dla kap\u0142an\u00f3w b\u0119dzie to miejsce do adoracji Naj\u015bwi\u0119tszego Sakramentu, wsp\u00f3lnej modlitwy brewiarzowej lub indywidualnej medytacji.<\/p>\n","protected":false},"excerpt":{"rendered":"<p>W \u015brod\u0119, podczas uroczystej sumy odpustowej w ko\u015bciele \u015bw. Paw\u0142a Aposto\u0142a w Bochni, zostanie po\u015bwi\u0119cona i oddana do publicznego kultu d\u0119bowa figura b\u0142ogos\u0142awionego Jana Paw\u0142a II. <\/p>\n","protected":false},"author":4,"featured_media":0,"comment_status":"open","ping_status":"closed","sticky":false,"template":"","format":"standard","meta":{"_acf_changed":false,"footnotes":""},"categories":[5,6250,1342],"tags":[17998,3911,281,404,17364,361],"class_list":["post-53153","post","type-post","status-publish","format-standard","hentry","category-biezace-wydarzenia","category-tematyka","category-zycie-religijne","tag-bp-andrzej-jez","tag-figura","tag-jan-pawel-ii","tag-ks-jan-nowakowski","tag-odpust","tag-parafia-sw-pawla-apostola","main_tag-parafia-sw-pawla"],"acf":[],"yoast_head":"<!-- This site is optimized with the Yoast SEO plugin v26.9 - https:\/\/yoast.com\/product\/yoast-seo-wordpress\/ -->\n<title>W \u015brod\u0119 odpust i po\u015bwi\u0119cenie figury b\u0142. JPII w ko\u015bciele \u015bw. Paw\u0142a - mojabochnia.pl - portal informacyjny<\/title>\n<meta name=\"robots\" content=\"index, follow, max-snippet:-1, max-image-preview:large, max-video-preview:-1\" \/>\n<link rel=\"canonical\" href=\"https:\/\/www.mojabochnia.pl\/?p=53153\" \/>\n<meta property=\"og:locale\" content=\"pl_PL\" \/>\n<meta property=\"og:type\" content=\"article\" \/>\n<meta property=\"og:title\" content=\"W \u015brod\u0119 odpust i po\u015bwi\u0119cenie figury b\u0142. JPII w ko\u015bciele \u015bw. Paw\u0142a - mojabochnia.pl - portal informacyjny\" \/>\n<meta property=\"og:description\" content=\"W \u015brod\u0119, podczas uroczystej sumy odpustowej w ko\u015bciele \u015bw. Paw\u0142a Aposto\u0142a w Bochni, zostanie po\u015bwi\u0119cona i oddana do publicznego kultu d\u0119bowa figura b\u0142ogos\u0142awionego Jana Paw\u0142a II.\" \/>\n<meta property=\"og:url\" content=\"https:\/\/www.mojabochnia.pl\/?p=53153\" \/>\n<meta property=\"og:site_name\" content=\"mojabochnia.pl - portal informacyjny\" \/>\n<meta property=\"article:publisher\" content=\"https:\/\/www.facebook.com\/mojabochnia\" \/>\n<meta property=\"article:published_time\" content=\"2011-06-28T05:19:55+00:00\" \/>\n<meta name=\"author\" content=\"Pawe\u0142 Michalczyk\" \/>\n<meta name=\"twitter:card\" content=\"summary_large_image\" \/>\n<meta name=\"twitter:label1\" content=\"Written by\" \/>\n\t<meta name=\"twitter:data1\" content=\"Pawe\u0142 Michalczyk\" \/>\n\t<meta name=\"twitter:label2\" content=\"Est. reading time\" \/>\n\t<meta name=\"twitter:data2\" content=\"3 minuty\" \/>\n<script type=\"application\/ld+json\" class=\"yoast-schema-graph\">{\"@context\":\"https:\/\/schema.org\",\"@graph\":[{\"@type\":\"Article\",\"@id\":\"https:\/\/www.mojabochnia.pl\/?p=53153#article\",\"isPartOf\":{\"@id\":\"https:\/\/www.mojabochnia.pl\/?p=53153\"},\"author\":{\"name\":\"Pawe\u0142 Michalczyk\",\"@id\":\"https:\/\/www.mojabochnia.pl\/#\/schema\/person\/ea042e4724a77627963f02166828ead4\"},\"headline\":\"W \u015brod\u0119 odpust i po\u015bwi\u0119cenie figury b\u0142. JPII w ko\u015bciele \u015bw. Paw\u0142a\",\"datePublished\":\"2011-06-28T05:19:55+00:00\",\"mainEntityOfPage\":{\"@id\":\"https:\/\/www.mojabochnia.pl\/?p=53153\"},\"wordCount\":603,\"commentCount\":0,\"publisher\":{\"@id\":\"https:\/\/www.mojabochnia.pl\/#organization\"},\"keywords\":[\"bp andrzej je\u017c\",\"figura\",\"jan pawe\u0142 II\",\"ks. jan nowakowski\",\"odpust\",\"parafia \u015bw. paw\u0142a aposto\u0142a\"],\"articleSection\":[\"2_ostatnie\",\"tematyka\",\"\u017bycie religijne\"],\"inLanguage\":\"pl-PL\",\"potentialAction\":[{\"@type\":\"CommentAction\",\"name\":\"Comment\",\"target\":[\"https:\/\/www.mojabochnia.pl\/?p=53153#respond\"]}]},{\"@type\":\"WebPage\",\"@id\":\"https:\/\/www.mojabochnia.pl\/?p=53153\",\"url\":\"https:\/\/www.mojabochnia.pl\/?p=53153\",\"name\":\"W \u015brod\u0119 odpust i po\u015bwi\u0119cenie figury b\u0142. JPII w ko\u015bciele \u015bw. Paw\u0142a - mojabochnia.pl - portal informacyjny\",\"isPartOf\":{\"@id\":\"https:\/\/www.mojabochnia.pl\/#website\"},\"datePublished\":\"2011-06-28T05:19:55+00:00\",\"breadcrumb\":{\"@id\":\"https:\/\/www.mojabochnia.pl\/?p=53153#breadcrumb\"},\"inLanguage\":\"pl-PL\",\"potentialAction\":[{\"@type\":\"ReadAction\",\"target\":[\"https:\/\/www.mojabochnia.pl\/?p=53153\"]}]},{\"@type\":\"BreadcrumbList\",\"@id\":\"https:\/\/www.mojabochnia.pl\/?p=53153#breadcrumb\",\"itemListElement\":[{\"@type\":\"ListItem\",\"position\":1,\"name\":\"Home\",\"item\":\"https:\/\/www.mojabochnia.pl\/\"},{\"@type\":\"ListItem\",\"position\":2,\"name\":\"W \u015brod\u0119 odpust i po\u015bwi\u0119cenie figury b\u0142. JPII w ko\u015bciele \u015bw. Paw\u0142a\"}]},{\"@type\":\"WebSite\",\"@id\":\"https:\/\/www.mojabochnia.pl\/#website\",\"url\":\"https:\/\/www.mojabochnia.pl\/\",\"name\":\"mojabochnia.pl - portal informacyjny\",\"description\":\"mojaBochnia to portal informacyjny o Bochni. Codziennie o Bochni piszemy i pokazujemy najwa\u017cniejsze wydarzenia\",\"publisher\":{\"@id\":\"https:\/\/www.mojabochnia.pl\/#organization\"},\"potentialAction\":[{\"@type\":\"SearchAction\",\"target\":{\"@type\":\"EntryPoint\",\"urlTemplate\":\"https:\/\/www.mojabochnia.pl\/?s={search_term_string}\"},\"query-input\":{\"@type\":\"PropertyValueSpecification\",\"valueRequired\":true,\"valueName\":\"search_term_string\"}}],\"inLanguage\":\"pl-PL\"},{\"@type\":\"Organization\",\"@id\":\"https:\/\/www.mojabochnia.pl\/#organization\",\"name\":\"mojabochnia.pl - portal informacyjny\",\"url\":\"https:\/\/www.mojabochnia.pl\/\",\"logo\":{\"@type\":\"ImageObject\",\"inLanguage\":\"pl-PL\",\"@id\":\"https:\/\/www.mojabochnia.pl\/#\/schema\/logo\/image\/\",\"url\":\"https:\/\/www.mojabochnia.pl\/wp-content\/uploads\/2017\/08\/logo-mb-opt.png\",\"contentUrl\":\"https:\/\/www.mojabochnia.pl\/wp-content\/uploads\/2017\/08\/logo-mb-opt.png\",\"width\":250,\"height\":48,\"caption\":\"mojabochnia.pl - portal informacyjny\"},\"image\":{\"@id\":\"https:\/\/www.mojabochnia.pl\/#\/schema\/logo\/image\/\"},\"sameAs\":[\"https:\/\/www.facebook.com\/mojabochnia\"]},{\"@type\":\"Person\",\"@id\":\"https:\/\/www.mojabochnia.pl\/#\/schema\/person\/ea042e4724a77627963f02166828ead4\",\"name\":\"Pawe\u0142 Michalczyk\",\"url\":\"https:\/\/www.mojabochnia.pl\/?author=4\"}]}<\/script>\n<!-- \/ Yoast SEO plugin. -->","yoast_head_json":{"title":"W \u015brod\u0119 odpust i po\u015bwi\u0119cenie figury b\u0142. JPII w ko\u015bciele \u015bw. Paw\u0142a - mojabochnia.pl - portal informacyjny","robots":{"index":"index","follow":"follow","max-snippet":"max-snippet:-1","max-image-preview":"max-image-preview:large","max-video-preview":"max-video-preview:-1"},"canonical":"https:\/\/www.mojabochnia.pl\/?p=53153","og_locale":"pl_PL","og_type":"article","og_title":"W \u015brod\u0119 odpust i po\u015bwi\u0119cenie figury b\u0142. JPII w ko\u015bciele \u015bw. Paw\u0142a - mojabochnia.pl - portal informacyjny","og_description":"W \u015brod\u0119, podczas uroczystej sumy odpustowej w ko\u015bciele \u015bw. Paw\u0142a Aposto\u0142a w Bochni, zostanie po\u015bwi\u0119cona i oddana do publicznego kultu d\u0119bowa figura b\u0142ogos\u0142awionego Jana Paw\u0142a II.","og_url":"https:\/\/www.mojabochnia.pl\/?p=53153","og_site_name":"mojabochnia.pl - portal informacyjny","article_publisher":"https:\/\/www.facebook.com\/mojabochnia","article_published_time":"2011-06-28T05:19:55+00:00","author":"Pawe\u0142 Michalczyk","twitter_card":"summary_large_image","twitter_misc":{"Written by":"Pawe\u0142 Michalczyk","Est. reading time":"3 minuty"},"schema":{"@context":"https:\/\/schema.org","@graph":[{"@type":"Article","@id":"https:\/\/www.mojabochnia.pl\/?p=53153#article","isPartOf":{"@id":"https:\/\/www.mojabochnia.pl\/?p=53153"},"author":{"name":"Pawe\u0142 Michalczyk","@id":"https:\/\/www.mojabochnia.pl\/#\/schema\/person\/ea042e4724a77627963f02166828ead4"},"headline":"W \u015brod\u0119 odpust i po\u015bwi\u0119cenie figury b\u0142. JPII w ko\u015bciele \u015bw. Paw\u0142a","datePublished":"2011-06-28T05:19:55+00:00","mainEntityOfPage":{"@id":"https:\/\/www.mojabochnia.pl\/?p=53153"},"wordCount":603,"commentCount":0,"publisher":{"@id":"https:\/\/www.mojabochnia.pl\/#organization"},"keywords":["bp andrzej je\u017c","figura","jan pawe\u0142 II","ks. jan nowakowski","odpust","parafia \u015bw. paw\u0142a aposto\u0142a"],"articleSection":["2_ostatnie","tematyka","\u017bycie religijne"],"inLanguage":"pl-PL","potentialAction":[{"@type":"CommentAction","name":"Comment","target":["https:\/\/www.mojabochnia.pl\/?p=53153#respond"]}]},{"@type":"WebPage","@id":"https:\/\/www.mojabochnia.pl\/?p=53153","url":"https:\/\/www.mojabochnia.pl\/?p=53153","name":"W \u015brod\u0119 odpust i po\u015bwi\u0119cenie figury b\u0142. JPII w ko\u015bciele \u015bw. Paw\u0142a - mojabochnia.pl - portal informacyjny","isPartOf":{"@id":"https:\/\/www.mojabochnia.pl\/#website"},"datePublished":"2011-06-28T05:19:55+00:00","breadcrumb":{"@id":"https:\/\/www.mojabochnia.pl\/?p=53153#breadcrumb"},"inLanguage":"pl-PL","potentialAction":[{"@type":"ReadAction","target":["https:\/\/www.mojabochnia.pl\/?p=53153"]}]},{"@type":"BreadcrumbList","@id":"https:\/\/www.mojabochnia.pl\/?p=53153#breadcrumb","itemListElement":[{"@type":"ListItem","position":1,"name":"Home","item":"https:\/\/www.mojabochnia.pl\/"},{"@type":"ListItem","position":2,"name":"W \u015brod\u0119 odpust i po\u015bwi\u0119cenie figury b\u0142. JPII w ko\u015bciele \u015bw. Paw\u0142a"}]},{"@type":"WebSite","@id":"https:\/\/www.mojabochnia.pl\/#website","url":"https:\/\/www.mojabochnia.pl\/","name":"mojabochnia.pl - portal informacyjny","description":"mojaBochnia to portal informacyjny o Bochni. Codziennie o Bochni piszemy i pokazujemy najwa\u017cniejsze wydarzenia","publisher":{"@id":"https:\/\/www.mojabochnia.pl\/#organization"},"potentialAction":[{"@type":"SearchAction","target":{"@type":"EntryPoint","urlTemplate":"https:\/\/www.mojabochnia.pl\/?s={search_term_string}"},"query-input":{"@type":"PropertyValueSpecification","valueRequired":true,"valueName":"search_term_string"}}],"inLanguage":"pl-PL"},{"@type":"Organization","@id":"https:\/\/www.mojabochnia.pl\/#organization","name":"mojabochnia.pl - portal informacyjny","url":"https:\/\/www.mojabochnia.pl\/","logo":{"@type":"ImageObject","inLanguage":"pl-PL","@id":"https:\/\/www.mojabochnia.pl\/#\/schema\/logo\/image\/","url":"https:\/\/www.mojabochnia.pl\/wp-content\/uploads\/2017\/08\/logo-mb-opt.png","contentUrl":"https:\/\/www.mojabochnia.pl\/wp-content\/uploads\/2017\/08\/logo-mb-opt.png","width":250,"height":48,"caption":"mojabochnia.pl - portal informacyjny"},"image":{"@id":"https:\/\/www.mojabochnia.pl\/#\/schema\/logo\/image\/"},"sameAs":["https:\/\/www.facebook.com\/mojabochnia"]},{"@type":"Person","@id":"https:\/\/www.mojabochnia.pl\/#\/schema\/person\/ea042e4724a77627963f02166828ead4","name":"Pawe\u0142 Michalczyk","url":"https:\/\/www.mojabochnia.pl\/?author=4"}]}},"_links":{"self":[{"href":"https:\/\/www.mojabochnia.pl\/index.php?rest_route=\/wp\/v2\/posts\/53153","targetHints":{"allow":["GET"]}}],"collection":[{"href":"https:\/\/www.mojabochnia.pl\/index.php?rest_route=\/wp\/v2\/posts"}],"about":[{"href":"https:\/\/www.mojabochnia.pl\/index.php?rest_route=\/wp\/v2\/types\/post"}],"author":[{"embeddable":true,"href":"https:\/\/www.mojabochnia.pl\/index.php?rest_route=\/wp\/v2\/users\/4"}],"replies":[{"embeddable":true,"href":"https:\/\/www.mojabochnia.pl\/index.php?rest_route=%2Fwp%2Fv2%2Fcomments&post=53153"}],"version-history":[{"count":3,"href":"https:\/\/www.mojabochnia.pl\/index.php?rest_route=\/wp\/v2\/posts\/53153\/revisions"}],"predecessor-version":[{"id":53157,"href":"https:\/\/www.mojabochnia.pl\/index.php?rest_route=\/wp\/v2\/posts\/53153\/revisions\/53157"}],"wp:attachment":[{"href":"https:\/\/www.mojabochnia.pl\/index.php?rest_route=%2Fwp%2Fv2%2Fmedia&parent=53153"}],"wp:term":[{"taxonomy":"category","embeddable":true,"href":"https:\/\/www.mojabochnia.pl\/index.php?rest_route=%2Fwp%2Fv2%2Fcategories&post=53153"},{"taxonomy":"post_tag","embeddable":true,"href":"https:\/\/www.mojabochnia.pl\/index.php?rest_route=%2Fwp%2Fv2%2Ftags&post=53153"}],"curies":[{"name":"wp","href":"https:\/\/api.w.org\/{rel}","templated":true}]}}