{"id":52932,"date":"2011-06-24T10:45:04","date_gmt":"2011-06-24T08:45:04","guid":{"rendered":"http:\/\/www.mojabochnia.pl\/?p=52932"},"modified":"2011-06-24T10:45:45","modified_gmt":"2011-06-24T08:45:45","slug":"radny-gm-bochnia-zarzuca-wicewojtowi-plagiat","status":"publish","type":"post","link":"https:\/\/www.mojabochnia.pl\/?p=52932","title":{"rendered":"Radny gm. Bochnia zarzuca wicew\u00f3jtowi plagiat"},"content":{"rendered":"<p>O sprawie Zbigniew Bachmi\u0144ski napisa\u0142 w komentarzu do naszej publikacji pt. <a href=\"http:\/\/www.mojabochnia.pl\/?p=52531\">Stanis\u0142aw Bukowiec nagrodzony za seri\u0119 publikacji o stra\u017cakach<\/a>. <em>To mi\u0142o, \u017ce Stanis\u0142aw Bukowiec dosta\u0142 nagrod\u0119 za publikacje. Ale ciekawe jest, \u017ce rozdzia\u0142 o Jednostce OSP w Cerekwi skopiowa\u0142 niemal dos\u0142ownie z moich stron, bez podania \u017ar\u00f3d\u0142a. Prosz\u0119 por\u00f3wna\u0107 &#8222;Ochotnicy Ziemi Boche\u0144skiej&#8221; strony 38 &#8211; 41, a http:\/\/cerekiew.republika.pl\/osp.html oraz http:\/\/www.cerekiew.osp.org.pl\/<\/em> &#8211; pisze Zbigniew Bachmi\u0144ski. <\/p>\n<p>S\u0142owa te spotka\u0142y si\u0119 z reakcj\u0105 Stanis\u0142awa Bukowca. <em>Z du\u017cym zdziwieniem przeczyta\u0142em komentarz pana Bachmi\u0144skiego i nawet pokusi\u0142em si\u0119 o por\u00f3wnanie pana tekstu z opracowaniem zawartym w ksi\u0105\u017cce &#8222;Ochotnicy ziemi boche\u0144skiej&#8221;. Przeczyta\u0142em pana wersj\u0119 zamieszczon\u0105 w internecie i nijak nie mog\u0119 doszuka\u0107 si\u0119 stwierdzenia, \u017ce jest ona to\u017csama z wersj\u0105 zamieszczon\u0105 w ksi\u0105\u017cce. Zarzut o plagacie jest bezzasadny i je\u017celi b\u0119dzie pan go, albo kto\u015b z pana rodziny &#8211; rozpowszechnia\u0142 &#8211; to spotkamy si\u0119 w s\u0105dzie&#8230; Historia jednostki jest jedna i pewne fakty &#8211; to zrozumia\u0142e &#8211; musia\u0142y si\u0119 znale\u017a\u0107 w obu pozycjach&#8230; Poza tym ksi\u0105\u017cka ukaza\u0142a si\u0119 jesieni\u0105 2006 roku, a wed\u0142ug informacji na pana stronie internetowej, tworzy\u0142 j\u0105 pan do 2007 roku, wi\u0119c nie jestem pewien czy przypadkiem to nie pan korzysta\u0142 z opracowania w ksi\u0105\u017cce dla cel\u00f3w w\u0142asnej publikacji&#8230; Poza tym historia powstawa\u0142a w oparciu o fakty podawane przez samych stra\u017cak\u00f3w i podane na stronie internetowej zarz\u0105du oddzia\u0142u powiatowego ZOSP RP w Bochni (prosz\u0119 spojrze\u0107 na adnotacj\u0119 w ksi\u0105\u017cce na str. 256) wi\u0119c pana zarzut jest bezpodstawny. Na tej stronie jest r\u00f3wnie\u017c informacja, \u017ce autorem opracowania dla cel\u00f3w zarz\u0105d\u00f3w powiatowego jest pan M. Pradel &#8211; \u00f3wczesny prezes OSP Cerekiew&#8230;<\/em> \u2013 pisze Stanis\u0142aw Bukowiec.<br \/>\n<em><br \/>\nBuduj\u0105c stron\u0119 cerekiew.pl oko\u0142o 2003 roku zrobi\u0142em wywiad z \u00f3wczesnym prezesem OSP Cerekiew p. Marcinem Pradlem <\/em>\u2013 odpowiada Zbigniew Bachmi\u0144ski. <em>Informacje, kt\u00f3re mi poda\u0142, a pochodz\u0105ce z przekazu rodzinnego, spisa\u0142em i opublikowa\u0142em na sieci. A wi\u0119c by\u0142 on \u017ar\u00f3d\u0142em informacji, a nie autorem tekstu. Tekst (publikacja) jest m\u00f3j. P\u00f3\u017aniej ( i by\u0142o to przed 2006) o zgod\u0119 na skopiowanie historii Jednostki Cerekiew na stron\u0119 ZOSP RP poprosi\u0142 mnie T. Olszewski. Zgod\u0119 t\u0119 dosta\u0142 pod warunkiem podania \u017ar\u00f3d\u0142a. Co zrobi\u0142. Pan redaktor Bukowiec o podanie autora tekstu ju\u017c nie zadba\u0142, pozostaj\u0105c przy wzmiance o cytuj\u0105cym. A Tadeusz Olszewski przecie\u017c poda\u0142 adres strony sk\u0105d wzi\u0105\u0142 tekst<\/em> \u2013 kontynuuje. <\/p>\n<p>Na nasze pytanie, czy jest got\u00f3w broni\u0107 swoich racji przed s\u0105dem, Zbigniew Bachmi\u0144ski odpowiada twierdz\u0105co. Dodaje jednak, upomnia\u0142 si\u0119 o swoje nie dla pieni\u0119dzy czy dla procesu, ale \u017ceby \u201eprzywr\u00f3ci\u0107 nale\u017cn\u0105 rzeczy miar\u0119\u201d. <\/p>\n<p><em>Gdyby pan Bachmi\u0144ski podpisa\u0142 prac\u0119, kt\u00f3ra wisi na stronie Zarz\u0105du Powiatowego OSP, to taka informacja by\u0142aby w stopce na stronie 256<\/em> \u2013 odpowiada Stanis\u0142aw Bukowiec. Dodaje, \u017ce publikacja, do kt\u00f3rej odwo\u0142uje si\u0119 jego adwersarz, jest prac\u0105 zbiorow\u0105 i nic nie sta\u0142o na przeszkodzie, aby w\u015br\u00f3d autor\u00f3w znalaz\u0142 si\u0119 r\u00f3wnie\u017c tw\u00f3rca strony o Cerekwi.<\/p>\n","protected":false},"excerpt":{"rendered":"<p>Zbigniew Bachmi\u0144ski, autor strony internetowej o Cerekwi, uwa\u017ca, \u017ce Stanis\u0142aw Bukowiec (obecnie wicew\u00f3jt gminy Bochnia) dopu\u015bci\u0142 si\u0119 plagiatu w publikacji o stra\u017cakach Ziemi Boche\u0144skiej.<\/p>\n","protected":false},"author":4,"featured_media":0,"comment_status":"open","ping_status":"closed","sticky":true,"template":"","format":"standard","meta":{"_acf_changed":false,"footnotes":""},"categories":[5,6251,6250],"tags":[1590,17755,17480,17751,1084,2135,17906],"class_list":["post-52932","post","type-post","status-publish","format-standard","hentry","category-biezace-wydarzenia","category-polityka-i-wydarzenia","category-tematyka","tag-cerekiew","tag-osp","tag-radny","tag-stanislaw-bukowiec","tag-strazacy","tag-wicewojt","tag-zbigniew-bachminski","main_tag-stanislaw-bukowiec"],"acf":[],"yoast_head":"<!-- This site is optimized with the Yoast SEO plugin v26.9 - https:\/\/yoast.com\/product\/yoast-seo-wordpress\/ -->\n<title>Radny gm. Bochnia zarzuca wicew\u00f3jtowi plagiat - mojabochnia.pl - portal informacyjny<\/title>\n<meta name=\"robots\" content=\"index, follow, max-snippet:-1, max-image-preview:large, max-video-preview:-1\" \/>\n<link rel=\"canonical\" href=\"https:\/\/www.mojabochnia.pl\/?p=52932\" \/>\n<meta property=\"og:locale\" content=\"pl_PL\" \/>\n<meta property=\"og:type\" content=\"article\" \/>\n<meta property=\"og:title\" content=\"Radny gm. Bochnia zarzuca wicew\u00f3jtowi plagiat - mojabochnia.pl - portal informacyjny\" \/>\n<meta property=\"og:description\" content=\"Zbigniew Bachmi\u0144ski, autor strony internetowej o Cerekwi, uwa\u017ca, \u017ce Stanis\u0142aw Bukowiec (obecnie wicew\u00f3jt gminy Bochnia) dopu\u015bci\u0142 si\u0119 plagiatu w publikacji o stra\u017cakach Ziemi Boche\u0144skiej.\" \/>\n<meta property=\"og:url\" content=\"https:\/\/www.mojabochnia.pl\/?p=52932\" \/>\n<meta property=\"og:site_name\" content=\"mojabochnia.pl - portal informacyjny\" \/>\n<meta property=\"article:publisher\" content=\"https:\/\/www.facebook.com\/mojabochnia\" \/>\n<meta property=\"article:published_time\" content=\"2011-06-24T08:45:04+00:00\" \/>\n<meta property=\"article:modified_time\" content=\"2011-06-24T08:45:45+00:00\" \/>\n<meta name=\"author\" content=\"Pawe\u0142 Michalczyk\" \/>\n<meta name=\"twitter:card\" content=\"summary_large_image\" \/>\n<meta name=\"twitter:label1\" content=\"Written by\" \/>\n\t<meta name=\"twitter:data1\" content=\"Pawe\u0142 Michalczyk\" \/>\n\t<meta name=\"twitter:label2\" content=\"Est. reading time\" \/>\n\t<meta name=\"twitter:data2\" content=\"3 minuty\" \/>\n<script type=\"application\/ld+json\" class=\"yoast-schema-graph\">{\"@context\":\"https:\/\/schema.org\",\"@graph\":[{\"@type\":\"Article\",\"@id\":\"https:\/\/www.mojabochnia.pl\/?p=52932#article\",\"isPartOf\":{\"@id\":\"https:\/\/www.mojabochnia.pl\/?p=52932\"},\"author\":{\"name\":\"Pawe\u0142 Michalczyk\",\"@id\":\"https:\/\/www.mojabochnia.pl\/#\/schema\/person\/ea042e4724a77627963f02166828ead4\"},\"headline\":\"Radny gm. Bochnia zarzuca wicew\u00f3jtowi plagiat\",\"datePublished\":\"2011-06-24T08:45:04+00:00\",\"dateModified\":\"2011-06-24T08:45:45+00:00\",\"mainEntityOfPage\":{\"@id\":\"https:\/\/www.mojabochnia.pl\/?p=52932\"},\"wordCount\":544,\"commentCount\":0,\"publisher\":{\"@id\":\"https:\/\/www.mojabochnia.pl\/#organization\"},\"keywords\":[\"cerekiew\",\"osp\",\"radny\",\"stanis\u0142aw bukowiec\",\"stra\u017cacy\",\"wicew\u00f3jt\",\"zbigniew bachmi\u0144ski\"],\"articleSection\":[\"2_ostatnie\",\"polityka i wydarzenia\",\"tematyka\"],\"inLanguage\":\"pl-PL\",\"potentialAction\":[{\"@type\":\"CommentAction\",\"name\":\"Comment\",\"target\":[\"https:\/\/www.mojabochnia.pl\/?p=52932#respond\"]}]},{\"@type\":\"WebPage\",\"@id\":\"https:\/\/www.mojabochnia.pl\/?p=52932\",\"url\":\"https:\/\/www.mojabochnia.pl\/?p=52932\",\"name\":\"Radny gm. Bochnia zarzuca wicew\u00f3jtowi plagiat - mojabochnia.pl - portal informacyjny\",\"isPartOf\":{\"@id\":\"https:\/\/www.mojabochnia.pl\/#website\"},\"datePublished\":\"2011-06-24T08:45:04+00:00\",\"dateModified\":\"2011-06-24T08:45:45+00:00\",\"breadcrumb\":{\"@id\":\"https:\/\/www.mojabochnia.pl\/?p=52932#breadcrumb\"},\"inLanguage\":\"pl-PL\",\"potentialAction\":[{\"@type\":\"ReadAction\",\"target\":[\"https:\/\/www.mojabochnia.pl\/?p=52932\"]}]},{\"@type\":\"BreadcrumbList\",\"@id\":\"https:\/\/www.mojabochnia.pl\/?p=52932#breadcrumb\",\"itemListElement\":[{\"@type\":\"ListItem\",\"position\":1,\"name\":\"Home\",\"item\":\"https:\/\/www.mojabochnia.pl\/\"},{\"@type\":\"ListItem\",\"position\":2,\"name\":\"Radny gm. Bochnia zarzuca wicew\u00f3jtowi plagiat\"}]},{\"@type\":\"WebSite\",\"@id\":\"https:\/\/www.mojabochnia.pl\/#website\",\"url\":\"https:\/\/www.mojabochnia.pl\/\",\"name\":\"mojabochnia.pl - portal informacyjny\",\"description\":\"mojaBochnia to portal informacyjny o Bochni. Codziennie o Bochni piszemy i pokazujemy najwa\u017cniejsze wydarzenia\",\"publisher\":{\"@id\":\"https:\/\/www.mojabochnia.pl\/#organization\"},\"potentialAction\":[{\"@type\":\"SearchAction\",\"target\":{\"@type\":\"EntryPoint\",\"urlTemplate\":\"https:\/\/www.mojabochnia.pl\/?s={search_term_string}\"},\"query-input\":{\"@type\":\"PropertyValueSpecification\",\"valueRequired\":true,\"valueName\":\"search_term_string\"}}],\"inLanguage\":\"pl-PL\"},{\"@type\":\"Organization\",\"@id\":\"https:\/\/www.mojabochnia.pl\/#organization\",\"name\":\"mojabochnia.pl - portal informacyjny\",\"url\":\"https:\/\/www.mojabochnia.pl\/\",\"logo\":{\"@type\":\"ImageObject\",\"inLanguage\":\"pl-PL\",\"@id\":\"https:\/\/www.mojabochnia.pl\/#\/schema\/logo\/image\/\",\"url\":\"https:\/\/www.mojabochnia.pl\/wp-content\/uploads\/2017\/08\/logo-mb-opt.png\",\"contentUrl\":\"https:\/\/www.mojabochnia.pl\/wp-content\/uploads\/2017\/08\/logo-mb-opt.png\",\"width\":250,\"height\":48,\"caption\":\"mojabochnia.pl - portal informacyjny\"},\"image\":{\"@id\":\"https:\/\/www.mojabochnia.pl\/#\/schema\/logo\/image\/\"},\"sameAs\":[\"https:\/\/www.facebook.com\/mojabochnia\"]},{\"@type\":\"Person\",\"@id\":\"https:\/\/www.mojabochnia.pl\/#\/schema\/person\/ea042e4724a77627963f02166828ead4\",\"name\":\"Pawe\u0142 Michalczyk\",\"url\":\"https:\/\/www.mojabochnia.pl\/?author=4\"}]}<\/script>\n<!-- \/ Yoast SEO plugin. -->","yoast_head_json":{"title":"Radny gm. Bochnia zarzuca wicew\u00f3jtowi plagiat - mojabochnia.pl - portal informacyjny","robots":{"index":"index","follow":"follow","max-snippet":"max-snippet:-1","max-image-preview":"max-image-preview:large","max-video-preview":"max-video-preview:-1"},"canonical":"https:\/\/www.mojabochnia.pl\/?p=52932","og_locale":"pl_PL","og_type":"article","og_title":"Radny gm. Bochnia zarzuca wicew\u00f3jtowi plagiat - mojabochnia.pl - portal informacyjny","og_description":"Zbigniew Bachmi\u0144ski, autor strony internetowej o Cerekwi, uwa\u017ca, \u017ce Stanis\u0142aw Bukowiec (obecnie wicew\u00f3jt gminy Bochnia) dopu\u015bci\u0142 si\u0119 plagiatu w publikacji o stra\u017cakach Ziemi Boche\u0144skiej.","og_url":"https:\/\/www.mojabochnia.pl\/?p=52932","og_site_name":"mojabochnia.pl - portal informacyjny","article_publisher":"https:\/\/www.facebook.com\/mojabochnia","article_published_time":"2011-06-24T08:45:04+00:00","article_modified_time":"2011-06-24T08:45:45+00:00","author":"Pawe\u0142 Michalczyk","twitter_card":"summary_large_image","twitter_misc":{"Written by":"Pawe\u0142 Michalczyk","Est. reading time":"3 minuty"},"schema":{"@context":"https:\/\/schema.org","@graph":[{"@type":"Article","@id":"https:\/\/www.mojabochnia.pl\/?p=52932#article","isPartOf":{"@id":"https:\/\/www.mojabochnia.pl\/?p=52932"},"author":{"name":"Pawe\u0142 Michalczyk","@id":"https:\/\/www.mojabochnia.pl\/#\/schema\/person\/ea042e4724a77627963f02166828ead4"},"headline":"Radny gm. Bochnia zarzuca wicew\u00f3jtowi plagiat","datePublished":"2011-06-24T08:45:04+00:00","dateModified":"2011-06-24T08:45:45+00:00","mainEntityOfPage":{"@id":"https:\/\/www.mojabochnia.pl\/?p=52932"},"wordCount":544,"commentCount":0,"publisher":{"@id":"https:\/\/www.mojabochnia.pl\/#organization"},"keywords":["cerekiew","osp","radny","stanis\u0142aw bukowiec","stra\u017cacy","wicew\u00f3jt","zbigniew bachmi\u0144ski"],"articleSection":["2_ostatnie","polityka i wydarzenia","tematyka"],"inLanguage":"pl-PL","potentialAction":[{"@type":"CommentAction","name":"Comment","target":["https:\/\/www.mojabochnia.pl\/?p=52932#respond"]}]},{"@type":"WebPage","@id":"https:\/\/www.mojabochnia.pl\/?p=52932","url":"https:\/\/www.mojabochnia.pl\/?p=52932","name":"Radny gm. Bochnia zarzuca wicew\u00f3jtowi plagiat - mojabochnia.pl - portal informacyjny","isPartOf":{"@id":"https:\/\/www.mojabochnia.pl\/#website"},"datePublished":"2011-06-24T08:45:04+00:00","dateModified":"2011-06-24T08:45:45+00:00","breadcrumb":{"@id":"https:\/\/www.mojabochnia.pl\/?p=52932#breadcrumb"},"inLanguage":"pl-PL","potentialAction":[{"@type":"ReadAction","target":["https:\/\/www.mojabochnia.pl\/?p=52932"]}]},{"@type":"BreadcrumbList","@id":"https:\/\/www.mojabochnia.pl\/?p=52932#breadcrumb","itemListElement":[{"@type":"ListItem","position":1,"name":"Home","item":"https:\/\/www.mojabochnia.pl\/"},{"@type":"ListItem","position":2,"name":"Radny gm. Bochnia zarzuca wicew\u00f3jtowi plagiat"}]},{"@type":"WebSite","@id":"https:\/\/www.mojabochnia.pl\/#website","url":"https:\/\/www.mojabochnia.pl\/","name":"mojabochnia.pl - portal informacyjny","description":"mojaBochnia to portal informacyjny o Bochni. Codziennie o Bochni piszemy i pokazujemy najwa\u017cniejsze wydarzenia","publisher":{"@id":"https:\/\/www.mojabochnia.pl\/#organization"},"potentialAction":[{"@type":"SearchAction","target":{"@type":"EntryPoint","urlTemplate":"https:\/\/www.mojabochnia.pl\/?s={search_term_string}"},"query-input":{"@type":"PropertyValueSpecification","valueRequired":true,"valueName":"search_term_string"}}],"inLanguage":"pl-PL"},{"@type":"Organization","@id":"https:\/\/www.mojabochnia.pl\/#organization","name":"mojabochnia.pl - portal informacyjny","url":"https:\/\/www.mojabochnia.pl\/","logo":{"@type":"ImageObject","inLanguage":"pl-PL","@id":"https:\/\/www.mojabochnia.pl\/#\/schema\/logo\/image\/","url":"https:\/\/www.mojabochnia.pl\/wp-content\/uploads\/2017\/08\/logo-mb-opt.png","contentUrl":"https:\/\/www.mojabochnia.pl\/wp-content\/uploads\/2017\/08\/logo-mb-opt.png","width":250,"height":48,"caption":"mojabochnia.pl - portal informacyjny"},"image":{"@id":"https:\/\/www.mojabochnia.pl\/#\/schema\/logo\/image\/"},"sameAs":["https:\/\/www.facebook.com\/mojabochnia"]},{"@type":"Person","@id":"https:\/\/www.mojabochnia.pl\/#\/schema\/person\/ea042e4724a77627963f02166828ead4","name":"Pawe\u0142 Michalczyk","url":"https:\/\/www.mojabochnia.pl\/?author=4"}]}},"_links":{"self":[{"href":"https:\/\/www.mojabochnia.pl\/index.php?rest_route=\/wp\/v2\/posts\/52932","targetHints":{"allow":["GET"]}}],"collection":[{"href":"https:\/\/www.mojabochnia.pl\/index.php?rest_route=\/wp\/v2\/posts"}],"about":[{"href":"https:\/\/www.mojabochnia.pl\/index.php?rest_route=\/wp\/v2\/types\/post"}],"author":[{"embeddable":true,"href":"https:\/\/www.mojabochnia.pl\/index.php?rest_route=\/wp\/v2\/users\/4"}],"replies":[{"embeddable":true,"href":"https:\/\/www.mojabochnia.pl\/index.php?rest_route=%2Fwp%2Fv2%2Fcomments&post=52932"}],"version-history":[{"count":5,"href":"https:\/\/www.mojabochnia.pl\/index.php?rest_route=\/wp\/v2\/posts\/52932\/revisions"}],"predecessor-version":[{"id":52950,"href":"https:\/\/www.mojabochnia.pl\/index.php?rest_route=\/wp\/v2\/posts\/52932\/revisions\/52950"}],"wp:attachment":[{"href":"https:\/\/www.mojabochnia.pl\/index.php?rest_route=%2Fwp%2Fv2%2Fmedia&parent=52932"}],"wp:term":[{"taxonomy":"category","embeddable":true,"href":"https:\/\/www.mojabochnia.pl\/index.php?rest_route=%2Fwp%2Fv2%2Fcategories&post=52932"},{"taxonomy":"post_tag","embeddable":true,"href":"https:\/\/www.mojabochnia.pl\/index.php?rest_route=%2Fwp%2Fv2%2Ftags&post=52932"}],"curies":[{"name":"wp","href":"https:\/\/api.w.org\/{rel}","templated":true}]}}