{"id":5265,"date":"2009-02-10T15:11:25","date_gmt":"2009-02-10T14:11:25","guid":{"rendered":"http:\/\/www.mojabochnia.pl\/?p=5265"},"modified":"2009-02-10T11:53:40","modified_gmt":"2009-02-10T10:53:40","slug":"wisnicz-ferie-zimowe-uplyna-pod-znakiem-soli","status":"publish","type":"post","link":"https:\/\/www.mojabochnia.pl\/?p=5265","title":{"rendered":"Wi\u015bnicz: Ferie zimowe up\u0142yn\u0105 pod znakiem soli"},"content":{"rendered":"<p>Punktem wyj\u015bciowym projektu jest s\u00f3l. S\u00f3l jako artyku\u0142 spo\u017cywczy, ale r\u00f3wnie\u017c s\u00f3l jako symbol. Jednym z g\u0142\u00f3wnych punkt\u00f3w przedsi\u0119wzi\u0119cia jest wycieczka do Kopalni Soli w Bochni, gdzie uczestnicy m.in. zapoznaj\u0105 si\u0119 z genez\u0105 powstania przemys\u0142u solnego na ziemiach polskich. <\/p>\n<p>W ramach projektu odb\u0119d\u0105 si\u0119 m.in.: warsztaty ta\u0144ca towarzyskiego, gry i zabawy \u015bwietlicowe, wycieczka do kopalni soli w Bochni, wycieczka do O\u015brodka Edukacji Regionalnej, warsztaty fotograficzne, zaj\u0119cia plastyczne czy warsztaty dziennikarskie.<\/p>\n<p>Uczestnicy ferii z domem kultury b\u0119d\u0105 tak\u017ce poszukiwa\u0107\u2026 skarbu. \u2013 <em>Jest to gra terenowa. Spotykamy si\u0119 obok ratusza w Wi\u015bniczu. Ka\u017cdy z uczestnik\u00f3w, lub dru\u017cyn otrzymuje map\u0119 ze wskaz\u00f3wkami. Zadaniem uczestnik\u00f3w gry b\u0119dzie pod\u0105\u017ca\u0107 za podpowiedziami, po wyznaczonej trasie na kt\u00f3rej b\u0119d\u0105 musieli rozwi\u0105zywa\u0107 r\u00f3\u017cne zadania i \u0142amig\u0142\u00f3wki. Zwyci\u0119zca zostanie ten, kto najszybciej dotrze do celi i otrzyma najwi\u0119cej punkt\u00f3w za wykonane zadania <\/em>\u2013 t\u0142umacz\u0105 organizatorzy wi\u015bnickich ferii. <\/p>\n<p>W trakcie projektu odb\u0119dzie si\u0119 tak\u017ce cykl spotka\u0144 z pedagogami zatytu\u0142owany \u201eRozmowy trudne\u201d. Wa\u017cnym punktem w harmonogramie tegorocznych ferii b\u0119d\u0105 tak\u017ce zaj\u0119cia maj\u0105ce na celu przygotowanie 6-klasist\u00f3w do testu kompetencyjnego na zako\u0144czenie szko\u0142y podstawowej. Uczniowie b\u0119d\u0105 m.in. bra\u0107 udzia\u0142 w zaj\u0119ciach matematycznych czy pisa\u0107 dyktanda. <\/p>\n<p>Projekt \u201eNieznany smak soli\u201d zosta\u0142 napisany przez pracownik\u00f3w \u015awietlicy Wiejskiej w Kopalinach i Miejskiego O\u015brodka Kultury w Nowym Wi\u015bniczu oraz zg\u0142oszony do konkursu og\u0142oszonego przez Fundacj\u0119 Wspomagania Wsi. A poniewa\u017c spe\u0142ni\u0142 warunki konkursu zosta\u0142 nagrodzony dofinansowaniem. <\/p>\n<p>Projekt zak\u0142ada, \u017ce w zaj\u0119ciach b\u0119dzie uczestniczy\u0107 40 os\u00f3b, skierowany jest g\u0142\u00f3wnie &#8211; do uczni\u00f3w z miejscowo\u015bci Kopaliny. \u2013 <em>W chwili obecnej dziewi\u0119\u0107dziesi\u0105t procent miejsc mamy zaj\u0119te. Ale w przypadku, gdyby nikt z Kopalin si\u0119 ju\u017c nie zg\u0142osi\u0142 to te kilka wolnych miejsc mog\u0105 zaj\u0105\u0107 dzieci z innych miejscowo\u015bci <\/em>\u2013 informuje Leszek Marsza\u0142ek, dyrektor wi\u015bnickiego domu kultury. <\/p>\n<p>Pocz\u0105tek realizacji zaplanowano na 14 lutego. Pe\u0142ny harmonogram zaj\u0119\u0107 mo\u017cna zobaczy\u0107 <a onclick=\"javascript:pageTracker._trackPageview('\/outgoing\/umwisnicz.home.pl\/index.php?option=com_docman&#038;task=doc_view&#038;gid=113&#038;Itemid=164');\"  href=\"http:\/\/umwisnicz.home.pl\/index.php?option=com_docman&#038;task=doc_view&#038;gid=113&#038;Itemid=164\">TUTAJ<\/a>. <\/p>\n","protected":false},"excerpt":{"rendered":"<p>Tegoroczne ferie w Nowym Wi\u015bniczu up\u0142yn\u0105 pod has\u0142em \u201eNieznany smak soli\u201d. W ramach projektu przygotowano dla dzieci kilkana\u015bcie propozycji sp\u0119dzenia wolnego czasu.<\/p>\n","protected":false},"author":1,"featured_media":0,"comment_status":"open","ping_status":"closed","sticky":false,"template":"","format":"standard","meta":{"_acf_changed":false,"footnotes":""},"categories":[5],"tags":[63,17326,17579,2122,2454,764,17146,1395,17391,17118,785,673,17165,2424,17387],"class_list":["post-5265","post","type-post","status-publish","format-standard","hentry","category-biezace-wydarzenia","tag-dom-kultury","tag-dzieci","tag-ferie","tag-ferie-zimowe","tag-gra-terenowa","tag-kopaliny","tag-kopalnia-soli","tag-leszek-marszalek","tag-mlodziez","tag-wisnicz","tag-osrodek-edukacji-regionalnej","tag-sol","tag-warsztaty","tag-warsztaty-fotograficzne","tag-zima"],"acf":[],"yoast_head":"<!-- This site is optimized with the Yoast SEO plugin v26.9 - https:\/\/yoast.com\/product\/yoast-seo-wordpress\/ -->\n<title>Wi\u015bnicz: Ferie zimowe up\u0142yn\u0105 pod znakiem soli - mojabochnia.pl - portal informacyjny<\/title>\n<meta name=\"robots\" content=\"index, follow, max-snippet:-1, max-image-preview:large, max-video-preview:-1\" \/>\n<link rel=\"canonical\" href=\"https:\/\/www.mojabochnia.pl\/?p=5265\" \/>\n<meta property=\"og:locale\" content=\"pl_PL\" \/>\n<meta property=\"og:type\" content=\"article\" \/>\n<meta property=\"og:title\" content=\"Wi\u015bnicz: Ferie zimowe up\u0142yn\u0105 pod znakiem soli - mojabochnia.pl - portal informacyjny\" \/>\n<meta property=\"og:description\" content=\"Tegoroczne ferie w Nowym Wi\u015bniczu up\u0142yn\u0105 pod has\u0142em \u201eNieznany smak soli\u201d. W ramach projektu przygotowano dla dzieci kilkana\u015bcie propozycji sp\u0119dzenia wolnego czasu.\" \/>\n<meta property=\"og:url\" content=\"https:\/\/www.mojabochnia.pl\/?p=5265\" \/>\n<meta property=\"og:site_name\" content=\"mojabochnia.pl - portal informacyjny\" \/>\n<meta property=\"article:publisher\" content=\"https:\/\/www.facebook.com\/mojabochnia\" \/>\n<meta property=\"article:published_time\" content=\"2009-02-10T14:11:25+00:00\" \/>\n<meta name=\"author\" content=\"administrator\" \/>\n<meta name=\"twitter:card\" content=\"summary_large_image\" \/>\n<meta name=\"twitter:label1\" content=\"Written by\" \/>\n\t<meta name=\"twitter:data1\" content=\"administrator\" \/>\n\t<meta name=\"twitter:label2\" content=\"Est. reading time\" \/>\n\t<meta name=\"twitter:data2\" content=\"2 minuty\" \/>\n<script type=\"application\/ld+json\" class=\"yoast-schema-graph\">{\"@context\":\"https:\/\/schema.org\",\"@graph\":[{\"@type\":\"Article\",\"@id\":\"https:\/\/www.mojabochnia.pl\/?p=5265#article\",\"isPartOf\":{\"@id\":\"https:\/\/www.mojabochnia.pl\/?p=5265\"},\"author\":{\"name\":\"administrator\",\"@id\":\"https:\/\/www.mojabochnia.pl\/#\/schema\/person\/c00e1f64e6fa0e6de6d410f2c340017f\"},\"headline\":\"Wi\u015bnicz: Ferie zimowe up\u0142yn\u0105 pod znakiem soli\",\"datePublished\":\"2009-02-10T14:11:25+00:00\",\"mainEntityOfPage\":{\"@id\":\"https:\/\/www.mojabochnia.pl\/?p=5265\"},\"wordCount\":365,\"commentCount\":0,\"publisher\":{\"@id\":\"https:\/\/www.mojabochnia.pl\/#organization\"},\"keywords\":[\"dom kultury\",\"dzieci\",\"ferie\",\"ferie zimowe\",\"gra terenowa\",\"kopaliny\",\"kopalnia soli\",\"leszek marsza\u0142ek\",\"m\u0142odzie\u017c\",\"Nowy Wi\u015bnicz\",\"o\u015brodek edukacji regionalnej\",\"s\u00f3l\",\"warsztaty\",\"warsztaty fotograficzne\",\"zima\"],\"articleSection\":[\"2_ostatnie\"],\"inLanguage\":\"pl-PL\",\"potentialAction\":[{\"@type\":\"CommentAction\",\"name\":\"Comment\",\"target\":[\"https:\/\/www.mojabochnia.pl\/?p=5265#respond\"]}]},{\"@type\":\"WebPage\",\"@id\":\"https:\/\/www.mojabochnia.pl\/?p=5265\",\"url\":\"https:\/\/www.mojabochnia.pl\/?p=5265\",\"name\":\"Wi\u015bnicz: Ferie zimowe up\u0142yn\u0105 pod znakiem soli - mojabochnia.pl - portal informacyjny\",\"isPartOf\":{\"@id\":\"https:\/\/www.mojabochnia.pl\/#website\"},\"datePublished\":\"2009-02-10T14:11:25+00:00\",\"breadcrumb\":{\"@id\":\"https:\/\/www.mojabochnia.pl\/?p=5265#breadcrumb\"},\"inLanguage\":\"pl-PL\",\"potentialAction\":[{\"@type\":\"ReadAction\",\"target\":[\"https:\/\/www.mojabochnia.pl\/?p=5265\"]}]},{\"@type\":\"BreadcrumbList\",\"@id\":\"https:\/\/www.mojabochnia.pl\/?p=5265#breadcrumb\",\"itemListElement\":[{\"@type\":\"ListItem\",\"position\":1,\"name\":\"Home\",\"item\":\"https:\/\/www.mojabochnia.pl\/\"},{\"@type\":\"ListItem\",\"position\":2,\"name\":\"Wi\u015bnicz: Ferie zimowe up\u0142yn\u0105 pod znakiem soli\"}]},{\"@type\":\"WebSite\",\"@id\":\"https:\/\/www.mojabochnia.pl\/#website\",\"url\":\"https:\/\/www.mojabochnia.pl\/\",\"name\":\"mojabochnia.pl - portal informacyjny\",\"description\":\"mojaBochnia to portal informacyjny o Bochni. Codziennie o Bochni piszemy i pokazujemy najwa\u017cniejsze wydarzenia\",\"publisher\":{\"@id\":\"https:\/\/www.mojabochnia.pl\/#organization\"},\"potentialAction\":[{\"@type\":\"SearchAction\",\"target\":{\"@type\":\"EntryPoint\",\"urlTemplate\":\"https:\/\/www.mojabochnia.pl\/?s={search_term_string}\"},\"query-input\":{\"@type\":\"PropertyValueSpecification\",\"valueRequired\":true,\"valueName\":\"search_term_string\"}}],\"inLanguage\":\"pl-PL\"},{\"@type\":\"Organization\",\"@id\":\"https:\/\/www.mojabochnia.pl\/#organization\",\"name\":\"mojabochnia.pl - portal informacyjny\",\"url\":\"https:\/\/www.mojabochnia.pl\/\",\"logo\":{\"@type\":\"ImageObject\",\"inLanguage\":\"pl-PL\",\"@id\":\"https:\/\/www.mojabochnia.pl\/#\/schema\/logo\/image\/\",\"url\":\"https:\/\/www.mojabochnia.pl\/wp-content\/uploads\/2017\/08\/logo-mb-opt.png\",\"contentUrl\":\"https:\/\/www.mojabochnia.pl\/wp-content\/uploads\/2017\/08\/logo-mb-opt.png\",\"width\":250,\"height\":48,\"caption\":\"mojabochnia.pl - portal informacyjny\"},\"image\":{\"@id\":\"https:\/\/www.mojabochnia.pl\/#\/schema\/logo\/image\/\"},\"sameAs\":[\"https:\/\/www.facebook.com\/mojabochnia\"]},{\"@type\":\"Person\",\"@id\":\"https:\/\/www.mojabochnia.pl\/#\/schema\/person\/c00e1f64e6fa0e6de6d410f2c340017f\",\"name\":\"administrator\",\"url\":\"https:\/\/www.mojabochnia.pl\/?author=1\"}]}<\/script>\n<!-- \/ Yoast SEO plugin. -->","yoast_head_json":{"title":"Wi\u015bnicz: Ferie zimowe up\u0142yn\u0105 pod znakiem soli - mojabochnia.pl - portal informacyjny","robots":{"index":"index","follow":"follow","max-snippet":"max-snippet:-1","max-image-preview":"max-image-preview:large","max-video-preview":"max-video-preview:-1"},"canonical":"https:\/\/www.mojabochnia.pl\/?p=5265","og_locale":"pl_PL","og_type":"article","og_title":"Wi\u015bnicz: Ferie zimowe up\u0142yn\u0105 pod znakiem soli - mojabochnia.pl - portal informacyjny","og_description":"Tegoroczne ferie w Nowym Wi\u015bniczu up\u0142yn\u0105 pod has\u0142em \u201eNieznany smak soli\u201d. W ramach projektu przygotowano dla dzieci kilkana\u015bcie propozycji sp\u0119dzenia wolnego czasu.","og_url":"https:\/\/www.mojabochnia.pl\/?p=5265","og_site_name":"mojabochnia.pl - portal informacyjny","article_publisher":"https:\/\/www.facebook.com\/mojabochnia","article_published_time":"2009-02-10T14:11:25+00:00","author":"administrator","twitter_card":"summary_large_image","twitter_misc":{"Written by":"administrator","Est. reading time":"2 minuty"},"schema":{"@context":"https:\/\/schema.org","@graph":[{"@type":"Article","@id":"https:\/\/www.mojabochnia.pl\/?p=5265#article","isPartOf":{"@id":"https:\/\/www.mojabochnia.pl\/?p=5265"},"author":{"name":"administrator","@id":"https:\/\/www.mojabochnia.pl\/#\/schema\/person\/c00e1f64e6fa0e6de6d410f2c340017f"},"headline":"Wi\u015bnicz: Ferie zimowe up\u0142yn\u0105 pod znakiem soli","datePublished":"2009-02-10T14:11:25+00:00","mainEntityOfPage":{"@id":"https:\/\/www.mojabochnia.pl\/?p=5265"},"wordCount":365,"commentCount":0,"publisher":{"@id":"https:\/\/www.mojabochnia.pl\/#organization"},"keywords":["dom kultury","dzieci","ferie","ferie zimowe","gra terenowa","kopaliny","kopalnia soli","leszek marsza\u0142ek","m\u0142odzie\u017c","Nowy Wi\u015bnicz","o\u015brodek edukacji regionalnej","s\u00f3l","warsztaty","warsztaty fotograficzne","zima"],"articleSection":["2_ostatnie"],"inLanguage":"pl-PL","potentialAction":[{"@type":"CommentAction","name":"Comment","target":["https:\/\/www.mojabochnia.pl\/?p=5265#respond"]}]},{"@type":"WebPage","@id":"https:\/\/www.mojabochnia.pl\/?p=5265","url":"https:\/\/www.mojabochnia.pl\/?p=5265","name":"Wi\u015bnicz: Ferie zimowe up\u0142yn\u0105 pod znakiem soli - mojabochnia.pl - portal informacyjny","isPartOf":{"@id":"https:\/\/www.mojabochnia.pl\/#website"},"datePublished":"2009-02-10T14:11:25+00:00","breadcrumb":{"@id":"https:\/\/www.mojabochnia.pl\/?p=5265#breadcrumb"},"inLanguage":"pl-PL","potentialAction":[{"@type":"ReadAction","target":["https:\/\/www.mojabochnia.pl\/?p=5265"]}]},{"@type":"BreadcrumbList","@id":"https:\/\/www.mojabochnia.pl\/?p=5265#breadcrumb","itemListElement":[{"@type":"ListItem","position":1,"name":"Home","item":"https:\/\/www.mojabochnia.pl\/"},{"@type":"ListItem","position":2,"name":"Wi\u015bnicz: Ferie zimowe up\u0142yn\u0105 pod znakiem soli"}]},{"@type":"WebSite","@id":"https:\/\/www.mojabochnia.pl\/#website","url":"https:\/\/www.mojabochnia.pl\/","name":"mojabochnia.pl - portal informacyjny","description":"mojaBochnia to portal informacyjny o Bochni. Codziennie o Bochni piszemy i pokazujemy najwa\u017cniejsze wydarzenia","publisher":{"@id":"https:\/\/www.mojabochnia.pl\/#organization"},"potentialAction":[{"@type":"SearchAction","target":{"@type":"EntryPoint","urlTemplate":"https:\/\/www.mojabochnia.pl\/?s={search_term_string}"},"query-input":{"@type":"PropertyValueSpecification","valueRequired":true,"valueName":"search_term_string"}}],"inLanguage":"pl-PL"},{"@type":"Organization","@id":"https:\/\/www.mojabochnia.pl\/#organization","name":"mojabochnia.pl - portal informacyjny","url":"https:\/\/www.mojabochnia.pl\/","logo":{"@type":"ImageObject","inLanguage":"pl-PL","@id":"https:\/\/www.mojabochnia.pl\/#\/schema\/logo\/image\/","url":"https:\/\/www.mojabochnia.pl\/wp-content\/uploads\/2017\/08\/logo-mb-opt.png","contentUrl":"https:\/\/www.mojabochnia.pl\/wp-content\/uploads\/2017\/08\/logo-mb-opt.png","width":250,"height":48,"caption":"mojabochnia.pl - portal informacyjny"},"image":{"@id":"https:\/\/www.mojabochnia.pl\/#\/schema\/logo\/image\/"},"sameAs":["https:\/\/www.facebook.com\/mojabochnia"]},{"@type":"Person","@id":"https:\/\/www.mojabochnia.pl\/#\/schema\/person\/c00e1f64e6fa0e6de6d410f2c340017f","name":"administrator","url":"https:\/\/www.mojabochnia.pl\/?author=1"}]}},"_links":{"self":[{"href":"https:\/\/www.mojabochnia.pl\/index.php?rest_route=\/wp\/v2\/posts\/5265","targetHints":{"allow":["GET"]}}],"collection":[{"href":"https:\/\/www.mojabochnia.pl\/index.php?rest_route=\/wp\/v2\/posts"}],"about":[{"href":"https:\/\/www.mojabochnia.pl\/index.php?rest_route=\/wp\/v2\/types\/post"}],"author":[{"embeddable":true,"href":"https:\/\/www.mojabochnia.pl\/index.php?rest_route=\/wp\/v2\/users\/1"}],"replies":[{"embeddable":true,"href":"https:\/\/www.mojabochnia.pl\/index.php?rest_route=%2Fwp%2Fv2%2Fcomments&post=5265"}],"version-history":[{"count":0,"href":"https:\/\/www.mojabochnia.pl\/index.php?rest_route=\/wp\/v2\/posts\/5265\/revisions"}],"wp:attachment":[{"href":"https:\/\/www.mojabochnia.pl\/index.php?rest_route=%2Fwp%2Fv2%2Fmedia&parent=5265"}],"wp:term":[{"taxonomy":"category","embeddable":true,"href":"https:\/\/www.mojabochnia.pl\/index.php?rest_route=%2Fwp%2Fv2%2Fcategories&post=5265"},{"taxonomy":"post_tag","embeddable":true,"href":"https:\/\/www.mojabochnia.pl\/index.php?rest_route=%2Fwp%2Fv2%2Ftags&post=5265"}],"curies":[{"name":"wp","href":"https:\/\/api.w.org\/{rel}","templated":true}]}}