{"id":52349,"date":"2011-06-14T12:18:52","date_gmt":"2011-06-14T10:18:52","guid":{"rendered":"http:\/\/www.mojabochnia.pl\/?p=52349"},"modified":"2011-06-14T12:18:57","modified_gmt":"2011-06-14T10:18:57","slug":"budynek-po-pogotowiu-ratunkowym-na-sprzedaz","status":"publish","type":"post","link":"https:\/\/www.mojabochnia.pl\/?p=52349","title":{"rendered":"Powiat chce sprzeda\u0107 budynek po Pogotowiu Ratunkowym"},"content":{"rendered":"<p>W porz\u0105dku obrad najbli\u017cszej sesji znalaz\u0142 si\u0119 punkt &#8222;Podj\u0119cie uchwa\u0142y w sprawie wyra\u017cenia zgody na sprzeda\u017c zabudowanej nieruchomo\u015bci oznaczonej numerem 5206\/2 po\u0142o\u017conej w Bochni przy ul. Konstytucji 3 Maja, stanowi\u0105cej w\u0142asno\u015b\u0107 Powiatu Boche\u0144skiego&#8221;. <\/p>\n<p>Ju\u017c podczas poprzednich sesji by\u0142a mowa o pomy\u015ble spieni\u0119\u017cenia budynku, na kt\u00f3ry od 2007 r. by\u0142y coraz to nowe pomys\u0142y (rehabilitacja dzienna, stacjonarne hospicjum szko\u0142a muzyczna II stopnia). <\/p>\n<p>Gdy powsta\u0142 pomys\u0142 Centrum Solidarno\u015bci Spo\u0142ecznej im. Jana Paw\u0142a II, zrodzi\u0142a si\u0119 te\u017c koncepcja sprzeda\u017cy budynku po pogotowiu (oraz budynk\u00f3w w Cerekwi i U\u015bciu Solnym). Jak wida\u0107, od s\u0142\u00f3w do czyn\u00f3w zarz\u0105d powiatu przechodzi do\u015b\u0107 szybko.<\/p>\n<p>Na razie brak informacji co do szczeg\u00f3\u0142\u00f3w projektu uchwa\u0142y. Jaka b\u0119dzie decyzja radnych, przekonamy si\u0119 w pi\u0105tek.<\/p>\n","protected":false},"excerpt":{"rendered":"<p>W porz\u0105dku obrad najbli\u017cszej sesji znalaz\u0142 si\u0119 punkt dotycz\u0105cy sprzeda\u017cy budynku po Pogotowiu Ratunkowym przy ul. Konstytucji 3 Maja. Od jesieni 2007 r. stoi on pusty. <\/p>\n","protected":false},"author":4,"featured_media":0,"comment_status":"open","ping_status":"closed","sticky":false,"template":"","format":"standard","meta":{"_acf_changed":false,"footnotes":""},"categories":[5,6251,6250],"tags":[9197,17980,17308,17459,17398,346,17519,17821],"class_list":["post-52349","post","type-post","status-publish","format-standard","hentry","category-biezace-wydarzenia","category-polityka-i-wydarzenia","category-tematyka","tag-budynek-po-pogotowiu","tag-centrum-solidarnosci-spolecznej","tag-hospicjum","tag-pogotowie-ratunkowe","tag-powiat","tag-radni","tag-sesja","tag-starostwo","main_tag-pogotowie-ratunkowe"],"acf":[],"yoast_head":"<!-- This site is optimized with the Yoast SEO plugin v26.9 - https:\/\/yoast.com\/product\/yoast-seo-wordpress\/ -->\n<title>Powiat chce sprzeda\u0107 budynek po Pogotowiu Ratunkowym - mojabochnia.pl - portal informacyjny<\/title>\n<meta name=\"robots\" content=\"index, follow, max-snippet:-1, max-image-preview:large, max-video-preview:-1\" \/>\n<link rel=\"canonical\" href=\"https:\/\/www.mojabochnia.pl\/?p=52349\" \/>\n<meta property=\"og:locale\" content=\"pl_PL\" \/>\n<meta property=\"og:type\" content=\"article\" \/>\n<meta property=\"og:title\" content=\"Powiat chce sprzeda\u0107 budynek po Pogotowiu Ratunkowym - mojabochnia.pl - portal informacyjny\" \/>\n<meta property=\"og:description\" content=\"W porz\u0105dku obrad najbli\u017cszej sesji znalaz\u0142 si\u0119 punkt dotycz\u0105cy sprzeda\u017cy budynku po Pogotowiu Ratunkowym przy ul. Konstytucji 3 Maja. Od jesieni 2007 r. stoi on pusty.\" \/>\n<meta property=\"og:url\" content=\"https:\/\/www.mojabochnia.pl\/?p=52349\" \/>\n<meta property=\"og:site_name\" content=\"mojabochnia.pl - portal informacyjny\" \/>\n<meta property=\"article:publisher\" content=\"https:\/\/www.facebook.com\/mojabochnia\" \/>\n<meta property=\"article:published_time\" content=\"2011-06-14T10:18:52+00:00\" \/>\n<meta property=\"article:modified_time\" content=\"2011-06-14T10:18:57+00:00\" \/>\n<meta name=\"author\" content=\"Pawe\u0142 Michalczyk\" \/>\n<meta name=\"twitter:card\" content=\"summary_large_image\" \/>\n<meta name=\"twitter:label1\" content=\"Written by\" \/>\n\t<meta name=\"twitter:data1\" content=\"Pawe\u0142 Michalczyk\" \/>\n\t<meta name=\"twitter:label2\" content=\"Est. reading time\" \/>\n\t<meta name=\"twitter:data2\" content=\"1 minuta\" \/>\n<script type=\"application\/ld+json\" class=\"yoast-schema-graph\">{\"@context\":\"https:\/\/schema.org\",\"@graph\":[{\"@type\":\"Article\",\"@id\":\"https:\/\/www.mojabochnia.pl\/?p=52349#article\",\"isPartOf\":{\"@id\":\"https:\/\/www.mojabochnia.pl\/?p=52349\"},\"author\":{\"name\":\"Pawe\u0142 Michalczyk\",\"@id\":\"https:\/\/www.mojabochnia.pl\/#\/schema\/person\/ea042e4724a77627963f02166828ead4\"},\"headline\":\"Powiat chce sprzeda\u0107 budynek po Pogotowiu Ratunkowym\",\"datePublished\":\"2011-06-14T10:18:52+00:00\",\"dateModified\":\"2011-06-14T10:18:57+00:00\",\"mainEntityOfPage\":{\"@id\":\"https:\/\/www.mojabochnia.pl\/?p=52349\"},\"wordCount\":150,\"commentCount\":0,\"publisher\":{\"@id\":\"https:\/\/www.mojabochnia.pl\/#organization\"},\"keywords\":[\"budynek po pogotowiu\",\"centrum solidarno\u015bci spo\u0142ecznej\",\"hospicjum\",\"pogotowie ratunkowe\",\"powiat\",\"radni\",\"sesja\",\"starostwo\"],\"articleSection\":[\"2_ostatnie\",\"polityka i wydarzenia\",\"tematyka\"],\"inLanguage\":\"pl-PL\",\"potentialAction\":[{\"@type\":\"CommentAction\",\"name\":\"Comment\",\"target\":[\"https:\/\/www.mojabochnia.pl\/?p=52349#respond\"]}]},{\"@type\":\"WebPage\",\"@id\":\"https:\/\/www.mojabochnia.pl\/?p=52349\",\"url\":\"https:\/\/www.mojabochnia.pl\/?p=52349\",\"name\":\"Powiat chce sprzeda\u0107 budynek po Pogotowiu Ratunkowym - mojabochnia.pl - portal informacyjny\",\"isPartOf\":{\"@id\":\"https:\/\/www.mojabochnia.pl\/#website\"},\"datePublished\":\"2011-06-14T10:18:52+00:00\",\"dateModified\":\"2011-06-14T10:18:57+00:00\",\"breadcrumb\":{\"@id\":\"https:\/\/www.mojabochnia.pl\/?p=52349#breadcrumb\"},\"inLanguage\":\"pl-PL\",\"potentialAction\":[{\"@type\":\"ReadAction\",\"target\":[\"https:\/\/www.mojabochnia.pl\/?p=52349\"]}]},{\"@type\":\"BreadcrumbList\",\"@id\":\"https:\/\/www.mojabochnia.pl\/?p=52349#breadcrumb\",\"itemListElement\":[{\"@type\":\"ListItem\",\"position\":1,\"name\":\"Home\",\"item\":\"https:\/\/www.mojabochnia.pl\/\"},{\"@type\":\"ListItem\",\"position\":2,\"name\":\"Powiat chce sprzeda\u0107 budynek po Pogotowiu Ratunkowym\"}]},{\"@type\":\"WebSite\",\"@id\":\"https:\/\/www.mojabochnia.pl\/#website\",\"url\":\"https:\/\/www.mojabochnia.pl\/\",\"name\":\"mojabochnia.pl - portal informacyjny\",\"description\":\"mojaBochnia to portal informacyjny o Bochni. Codziennie o Bochni piszemy i pokazujemy najwa\u017cniejsze wydarzenia\",\"publisher\":{\"@id\":\"https:\/\/www.mojabochnia.pl\/#organization\"},\"potentialAction\":[{\"@type\":\"SearchAction\",\"target\":{\"@type\":\"EntryPoint\",\"urlTemplate\":\"https:\/\/www.mojabochnia.pl\/?s={search_term_string}\"},\"query-input\":{\"@type\":\"PropertyValueSpecification\",\"valueRequired\":true,\"valueName\":\"search_term_string\"}}],\"inLanguage\":\"pl-PL\"},{\"@type\":\"Organization\",\"@id\":\"https:\/\/www.mojabochnia.pl\/#organization\",\"name\":\"mojabochnia.pl - portal informacyjny\",\"url\":\"https:\/\/www.mojabochnia.pl\/\",\"logo\":{\"@type\":\"ImageObject\",\"inLanguage\":\"pl-PL\",\"@id\":\"https:\/\/www.mojabochnia.pl\/#\/schema\/logo\/image\/\",\"url\":\"https:\/\/www.mojabochnia.pl\/wp-content\/uploads\/2017\/08\/logo-mb-opt.png\",\"contentUrl\":\"https:\/\/www.mojabochnia.pl\/wp-content\/uploads\/2017\/08\/logo-mb-opt.png\",\"width\":250,\"height\":48,\"caption\":\"mojabochnia.pl - portal informacyjny\"},\"image\":{\"@id\":\"https:\/\/www.mojabochnia.pl\/#\/schema\/logo\/image\/\"},\"sameAs\":[\"https:\/\/www.facebook.com\/mojabochnia\"]},{\"@type\":\"Person\",\"@id\":\"https:\/\/www.mojabochnia.pl\/#\/schema\/person\/ea042e4724a77627963f02166828ead4\",\"name\":\"Pawe\u0142 Michalczyk\",\"url\":\"https:\/\/www.mojabochnia.pl\/?author=4\"}]}<\/script>\n<!-- \/ Yoast SEO plugin. -->","yoast_head_json":{"title":"Powiat chce sprzeda\u0107 budynek po Pogotowiu Ratunkowym - mojabochnia.pl - portal informacyjny","robots":{"index":"index","follow":"follow","max-snippet":"max-snippet:-1","max-image-preview":"max-image-preview:large","max-video-preview":"max-video-preview:-1"},"canonical":"https:\/\/www.mojabochnia.pl\/?p=52349","og_locale":"pl_PL","og_type":"article","og_title":"Powiat chce sprzeda\u0107 budynek po Pogotowiu Ratunkowym - mojabochnia.pl - portal informacyjny","og_description":"W porz\u0105dku obrad najbli\u017cszej sesji znalaz\u0142 si\u0119 punkt dotycz\u0105cy sprzeda\u017cy budynku po Pogotowiu Ratunkowym przy ul. Konstytucji 3 Maja. Od jesieni 2007 r. stoi on pusty.","og_url":"https:\/\/www.mojabochnia.pl\/?p=52349","og_site_name":"mojabochnia.pl - portal informacyjny","article_publisher":"https:\/\/www.facebook.com\/mojabochnia","article_published_time":"2011-06-14T10:18:52+00:00","article_modified_time":"2011-06-14T10:18:57+00:00","author":"Pawe\u0142 Michalczyk","twitter_card":"summary_large_image","twitter_misc":{"Written by":"Pawe\u0142 Michalczyk","Est. reading time":"1 minuta"},"schema":{"@context":"https:\/\/schema.org","@graph":[{"@type":"Article","@id":"https:\/\/www.mojabochnia.pl\/?p=52349#article","isPartOf":{"@id":"https:\/\/www.mojabochnia.pl\/?p=52349"},"author":{"name":"Pawe\u0142 Michalczyk","@id":"https:\/\/www.mojabochnia.pl\/#\/schema\/person\/ea042e4724a77627963f02166828ead4"},"headline":"Powiat chce sprzeda\u0107 budynek po Pogotowiu Ratunkowym","datePublished":"2011-06-14T10:18:52+00:00","dateModified":"2011-06-14T10:18:57+00:00","mainEntityOfPage":{"@id":"https:\/\/www.mojabochnia.pl\/?p=52349"},"wordCount":150,"commentCount":0,"publisher":{"@id":"https:\/\/www.mojabochnia.pl\/#organization"},"keywords":["budynek po pogotowiu","centrum solidarno\u015bci spo\u0142ecznej","hospicjum","pogotowie ratunkowe","powiat","radni","sesja","starostwo"],"articleSection":["2_ostatnie","polityka i wydarzenia","tematyka"],"inLanguage":"pl-PL","potentialAction":[{"@type":"CommentAction","name":"Comment","target":["https:\/\/www.mojabochnia.pl\/?p=52349#respond"]}]},{"@type":"WebPage","@id":"https:\/\/www.mojabochnia.pl\/?p=52349","url":"https:\/\/www.mojabochnia.pl\/?p=52349","name":"Powiat chce sprzeda\u0107 budynek po Pogotowiu Ratunkowym - mojabochnia.pl - portal informacyjny","isPartOf":{"@id":"https:\/\/www.mojabochnia.pl\/#website"},"datePublished":"2011-06-14T10:18:52+00:00","dateModified":"2011-06-14T10:18:57+00:00","breadcrumb":{"@id":"https:\/\/www.mojabochnia.pl\/?p=52349#breadcrumb"},"inLanguage":"pl-PL","potentialAction":[{"@type":"ReadAction","target":["https:\/\/www.mojabochnia.pl\/?p=52349"]}]},{"@type":"BreadcrumbList","@id":"https:\/\/www.mojabochnia.pl\/?p=52349#breadcrumb","itemListElement":[{"@type":"ListItem","position":1,"name":"Home","item":"https:\/\/www.mojabochnia.pl\/"},{"@type":"ListItem","position":2,"name":"Powiat chce sprzeda\u0107 budynek po Pogotowiu Ratunkowym"}]},{"@type":"WebSite","@id":"https:\/\/www.mojabochnia.pl\/#website","url":"https:\/\/www.mojabochnia.pl\/","name":"mojabochnia.pl - portal informacyjny","description":"mojaBochnia to portal informacyjny o Bochni. Codziennie o Bochni piszemy i pokazujemy najwa\u017cniejsze wydarzenia","publisher":{"@id":"https:\/\/www.mojabochnia.pl\/#organization"},"potentialAction":[{"@type":"SearchAction","target":{"@type":"EntryPoint","urlTemplate":"https:\/\/www.mojabochnia.pl\/?s={search_term_string}"},"query-input":{"@type":"PropertyValueSpecification","valueRequired":true,"valueName":"search_term_string"}}],"inLanguage":"pl-PL"},{"@type":"Organization","@id":"https:\/\/www.mojabochnia.pl\/#organization","name":"mojabochnia.pl - portal informacyjny","url":"https:\/\/www.mojabochnia.pl\/","logo":{"@type":"ImageObject","inLanguage":"pl-PL","@id":"https:\/\/www.mojabochnia.pl\/#\/schema\/logo\/image\/","url":"https:\/\/www.mojabochnia.pl\/wp-content\/uploads\/2017\/08\/logo-mb-opt.png","contentUrl":"https:\/\/www.mojabochnia.pl\/wp-content\/uploads\/2017\/08\/logo-mb-opt.png","width":250,"height":48,"caption":"mojabochnia.pl - portal informacyjny"},"image":{"@id":"https:\/\/www.mojabochnia.pl\/#\/schema\/logo\/image\/"},"sameAs":["https:\/\/www.facebook.com\/mojabochnia"]},{"@type":"Person","@id":"https:\/\/www.mojabochnia.pl\/#\/schema\/person\/ea042e4724a77627963f02166828ead4","name":"Pawe\u0142 Michalczyk","url":"https:\/\/www.mojabochnia.pl\/?author=4"}]}},"_links":{"self":[{"href":"https:\/\/www.mojabochnia.pl\/index.php?rest_route=\/wp\/v2\/posts\/52349","targetHints":{"allow":["GET"]}}],"collection":[{"href":"https:\/\/www.mojabochnia.pl\/index.php?rest_route=\/wp\/v2\/posts"}],"about":[{"href":"https:\/\/www.mojabochnia.pl\/index.php?rest_route=\/wp\/v2\/types\/post"}],"author":[{"embeddable":true,"href":"https:\/\/www.mojabochnia.pl\/index.php?rest_route=\/wp\/v2\/users\/4"}],"replies":[{"embeddable":true,"href":"https:\/\/www.mojabochnia.pl\/index.php?rest_route=%2Fwp%2Fv2%2Fcomments&post=52349"}],"version-history":[{"count":3,"href":"https:\/\/www.mojabochnia.pl\/index.php?rest_route=\/wp\/v2\/posts\/52349\/revisions"}],"predecessor-version":[{"id":52353,"href":"https:\/\/www.mojabochnia.pl\/index.php?rest_route=\/wp\/v2\/posts\/52349\/revisions\/52353"}],"wp:attachment":[{"href":"https:\/\/www.mojabochnia.pl\/index.php?rest_route=%2Fwp%2Fv2%2Fmedia&parent=52349"}],"wp:term":[{"taxonomy":"category","embeddable":true,"href":"https:\/\/www.mojabochnia.pl\/index.php?rest_route=%2Fwp%2Fv2%2Fcategories&post=52349"},{"taxonomy":"post_tag","embeddable":true,"href":"https:\/\/www.mojabochnia.pl\/index.php?rest_route=%2Fwp%2Fv2%2Ftags&post=52349"}],"curies":[{"name":"wp","href":"https:\/\/api.w.org\/{rel}","templated":true}]}}