{"id":51871,"date":"2011-06-11T17:26:26","date_gmt":"2011-06-11T15:26:26","guid":{"rendered":"http:\/\/www.mojabochnia.pl\/?p=51871"},"modified":"2011-06-11T17:26:26","modified_gmt":"2011-06-11T15:26:26","slug":"dni-bochni-mlodzi-opanowali-scene-bad-generation-zdjecia","status":"publish","type":"post","link":"https:\/\/www.mojabochnia.pl\/?p=51871","title":{"rendered":"Dni Bochni: m\u0142odzi opanowali scen\u0119 &#8211; Bad Generation &#8211; zdj\u0119cia"},"content":{"rendered":"\t  \r\n\t\r\n\t    <div class=\"mb-gallery\">\r\n\t    <a href=\"https:\/\/www.mojabochnia.pl\/?attachment_id=51872\" class=\"\"><img loading=\"lazy\" decoding=\"async\" width=\"100\" height=\"56\" src=\"https:\/\/www.mojabochnia.pl\/wp-content\/uploads\/2011\/06\/0611_bad_generation3-120x67.jpg\" class=\"attachment-100x100 size-100x100\" alt=\"\" srcset=\"https:\/\/www.mojabochnia.pl\/wp-content\/uploads\/2011\/06\/0611_bad_generation3-120x67.jpg 120w, https:\/\/www.mojabochnia.pl\/wp-content\/uploads\/2011\/06\/0611_bad_generation3-468x263.jpg 468w, https:\/\/www.mojabochnia.pl\/wp-content\/uploads\/2011\/06\/0611_bad_generation3.jpg 630w\" sizes=\"auto, (max-width: 100px) 100vw, 100px\" \/><\/a><a href=\"https:\/\/www.mojabochnia.pl\/?attachment_id=51873\" class=\"\"><img loading=\"lazy\" decoding=\"async\" width=\"100\" height=\"56\" src=\"https:\/\/www.mojabochnia.pl\/wp-content\/uploads\/2011\/06\/0611_bad_generation4-120x67.jpg\" class=\"attachment-100x100 size-100x100\" alt=\"\" srcset=\"https:\/\/www.mojabochnia.pl\/wp-content\/uploads\/2011\/06\/0611_bad_generation4-120x67.jpg 120w, https:\/\/www.mojabochnia.pl\/wp-content\/uploads\/2011\/06\/0611_bad_generation4-468x263.jpg 468w, https:\/\/www.mojabochnia.pl\/wp-content\/uploads\/2011\/06\/0611_bad_generation4.jpg 588w\" sizes=\"auto, (max-width: 100px) 100vw, 100px\" \/><\/a><a href=\"https:\/\/www.mojabochnia.pl\/?attachment_id=51874\" class=\"\"><img loading=\"lazy\" decoding=\"async\" width=\"100\" height=\"56\" src=\"https:\/\/www.mojabochnia.pl\/wp-content\/uploads\/2011\/06\/0611_bad_generation5-120x67.jpg\" class=\"attachment-100x100 size-100x100\" alt=\"\" srcset=\"https:\/\/www.mojabochnia.pl\/wp-content\/uploads\/2011\/06\/0611_bad_generation5-120x67.jpg 120w, https:\/\/www.mojabochnia.pl\/wp-content\/uploads\/2011\/06\/0611_bad_generation5-468x263.jpg 468w, https:\/\/www.mojabochnia.pl\/wp-content\/uploads\/2011\/06\/0611_bad_generation5.jpg 633w\" sizes=\"auto, (max-width: 100px) 100vw, 100px\" \/><\/a><a href=\"https:\/\/www.mojabochnia.pl\/?attachment_id=51875\" class=\"\"><img loading=\"lazy\" decoding=\"async\" width=\"100\" height=\"56\" src=\"https:\/\/www.mojabochnia.pl\/wp-content\/uploads\/2011\/06\/0611_bad_generation-120x67.jpg\" class=\"attachment-100x100 size-100x100\" alt=\"\" srcset=\"https:\/\/www.mojabochnia.pl\/wp-content\/uploads\/2011\/06\/0611_bad_generation-120x67.jpg 120w, https:\/\/www.mojabochnia.pl\/wp-content\/uploads\/2011\/06\/0611_bad_generation-468x263.jpg 468w, https:\/\/www.mojabochnia.pl\/wp-content\/uploads\/2011\/06\/0611_bad_generation.jpg 630w\" sizes=\"auto, (max-width: 100px) 100vw, 100px\" \/><\/a><a href=\"https:\/\/www.mojabochnia.pl\/?attachment_id=51876\" class=\"\"><img loading=\"lazy\" decoding=\"async\" width=\"100\" height=\"56\" src=\"https:\/\/www.mojabochnia.pl\/wp-content\/uploads\/2011\/06\/0611_bad_generation2-120x67.jpg\" class=\"attachment-100x100 size-100x100\" alt=\"\" srcset=\"https:\/\/www.mojabochnia.pl\/wp-content\/uploads\/2011\/06\/0611_bad_generation2-120x67.jpg 120w, https:\/\/www.mojabochnia.pl\/wp-content\/uploads\/2011\/06\/0611_bad_generation2-468x263.jpg 468w, https:\/\/www.mojabochnia.pl\/wp-content\/uploads\/2011\/06\/0611_bad_generation2.jpg 618w\" sizes=\"auto, (max-width: 100px) 100vw, 100px\" \/><\/a><a href=\"https:\/\/www.mojabochnia.pl\/?attachment_id=51877\" class=\"\"><img loading=\"lazy\" decoding=\"async\" width=\"100\" height=\"56\" src=\"https:\/\/www.mojabochnia.pl\/wp-content\/uploads\/2011\/06\/0611_bad_generation6-120x67.jpg\" class=\"attachment-100x100 size-100x100\" alt=\"\" srcset=\"https:\/\/www.mojabochnia.pl\/wp-content\/uploads\/2011\/06\/0611_bad_generation6-120x67.jpg 120w, https:\/\/www.mojabochnia.pl\/wp-content\/uploads\/2011\/06\/0611_bad_generation6-468x263.jpg 468w, https:\/\/www.mojabochnia.pl\/wp-content\/uploads\/2011\/06\/0611_bad_generation6.jpg 627w\" sizes=\"auto, (max-width: 100px) 100vw, 100px\" \/><\/a><a href=\"https:\/\/www.mojabochnia.pl\/?attachment_id=51878\" class=\"\"><img loading=\"lazy\" decoding=\"async\" width=\"100\" height=\"56\" src=\"https:\/\/www.mojabochnia.pl\/wp-content\/uploads\/2011\/06\/0611_bad_generation7-120x67.jpg\" class=\"attachment-100x100 size-100x100\" alt=\"\" srcset=\"https:\/\/www.mojabochnia.pl\/wp-content\/uploads\/2011\/06\/0611_bad_generation7-120x67.jpg 120w, https:\/\/www.mojabochnia.pl\/wp-content\/uploads\/2011\/06\/0611_bad_generation7-468x263.jpg 468w, https:\/\/www.mojabochnia.pl\/wp-content\/uploads\/2011\/06\/0611_bad_generation7.jpg 566w\" sizes=\"auto, (max-width: 100px) 100vw, 100px\" \/><\/a><a href=\"https:\/\/www.mojabochnia.pl\/?attachment_id=51879\" class=\"\"><img loading=\"lazy\" decoding=\"async\" width=\"100\" height=\"56\" src=\"https:\/\/www.mojabochnia.pl\/wp-content\/uploads\/2011\/06\/0611_bad_generation8-120x67.jpg\" class=\"attachment-100x100 size-100x100\" alt=\"\" srcset=\"https:\/\/www.mojabochnia.pl\/wp-content\/uploads\/2011\/06\/0611_bad_generation8-120x67.jpg 120w, https:\/\/www.mojabochnia.pl\/wp-content\/uploads\/2011\/06\/0611_bad_generation8-468x264.jpg 468w, https:\/\/www.mojabochnia.pl\/wp-content\/uploads\/2011\/06\/0611_bad_generation8.jpg 558w\" sizes=\"auto, (max-width: 100px) 100vw, 100px\" \/><\/a><a href=\"https:\/\/www.mojabochnia.pl\/?attachment_id=51880\" class=\"\"><img loading=\"lazy\" decoding=\"async\" width=\"100\" height=\"56\" src=\"https:\/\/www.mojabochnia.pl\/wp-content\/uploads\/2011\/06\/0611_bad_generation9-120x67.jpg\" class=\"attachment-100x100 size-100x100\" alt=\"\" srcset=\"https:\/\/www.mojabochnia.pl\/wp-content\/uploads\/2011\/06\/0611_bad_generation9-120x67.jpg 120w, https:\/\/www.mojabochnia.pl\/wp-content\/uploads\/2011\/06\/0611_bad_generation9-468x264.jpg 468w, https:\/\/www.mojabochnia.pl\/wp-content\/uploads\/2011\/06\/0611_bad_generation9.jpg 629w\" sizes=\"auto, (max-width: 100px) 100vw, 100px\" \/><\/a><a href=\"https:\/\/www.mojabochnia.pl\/?attachment_id=51881\" class=\"\"><img loading=\"lazy\" decoding=\"async\" width=\"100\" height=\"56\" src=\"https:\/\/www.mojabochnia.pl\/wp-content\/uploads\/2011\/06\/0611_bad_generation10-120x67.jpg\" class=\"attachment-100x100 size-100x100\" alt=\"\" srcset=\"https:\/\/www.mojabochnia.pl\/wp-content\/uploads\/2011\/06\/0611_bad_generation10-120x67.jpg 120w, https:\/\/www.mojabochnia.pl\/wp-content\/uploads\/2011\/06\/0611_bad_generation10-468x264.jpg 468w, https:\/\/www.mojabochnia.pl\/wp-content\/uploads\/2011\/06\/0611_bad_generation10.jpg 624w\" sizes=\"auto, (max-width: 100px) 100vw, 100px\" \/><\/a><a href=\"https:\/\/www.mojabochnia.pl\/?attachment_id=51882\" class=\"\"><img loading=\"lazy\" decoding=\"async\" width=\"100\" height=\"56\" src=\"https:\/\/www.mojabochnia.pl\/wp-content\/uploads\/2011\/06\/0611_bad_generation11-120x67.jpg\" class=\"attachment-100x100 size-100x100\" alt=\"\" srcset=\"https:\/\/www.mojabochnia.pl\/wp-content\/uploads\/2011\/06\/0611_bad_generation11-120x67.jpg 120w, https:\/\/www.mojabochnia.pl\/wp-content\/uploads\/2011\/06\/0611_bad_generation11-468x264.jpg 468w, https:\/\/www.mojabochnia.pl\/wp-content\/uploads\/2011\/06\/0611_bad_generation11.jpg 629w\" sizes=\"auto, (max-width: 100px) 100vw, 100px\" \/><\/a><a href=\"https:\/\/www.mojabochnia.pl\/?attachment_id=51883\" class=\"\"><img loading=\"lazy\" decoding=\"async\" width=\"100\" height=\"56\" src=\"https:\/\/www.mojabochnia.pl\/wp-content\/uploads\/2011\/06\/0611_bad_generation12-120x67.jpg\" class=\"attachment-100x100 size-100x100\" alt=\"\" srcset=\"https:\/\/www.mojabochnia.pl\/wp-content\/uploads\/2011\/06\/0611_bad_generation12-120x67.jpg 120w, https:\/\/www.mojabochnia.pl\/wp-content\/uploads\/2011\/06\/0611_bad_generation12-468x263.jpg 468w, https:\/\/www.mojabochnia.pl\/wp-content\/uploads\/2011\/06\/0611_bad_generation12.jpg 612w\" sizes=\"auto, (max-width: 100px) 100vw, 100px\" \/><\/a>\t    <\/div>\r\n\t    ","protected":false},"excerpt":{"rendered":"<p>Kolejny zesp\u00f3\u0142 na scenie Dni Bochni. Tym razem Bad Generation. R\u00f3wnie m\u0142oda jak wykonawcy publika zacz\u0119\u0142a si\u0119 powoli rozkr\u0119ca\u0107. Ale to przecie\u017c dopiero pocz\u0105tek szale\u0144stw.<\/p>\n","protected":false},"author":25,"featured_media":0,"comment_status":"open","ping_status":"closed","sticky":false,"template":"","format":"standard","meta":{"_acf_changed":false,"footnotes":""},"categories":[5,6247,6246,6251,6250],"tags":[9347,17160,17108,17745],"class_list":["post-51871","post","type-post","status-publish","format-standard","hentry","category-biezace-wydarzenia","category-fotogaleria","category-medium","category-polityka-i-wydarzenia","category-tematyka","tag-bad-generation","tag-dni-bochni","tag-koncert","tag-smykow","main_tag-dni-bochni"],"acf":[],"yoast_head":"<!-- This site is optimized with the Yoast SEO plugin v26.9 - https:\/\/yoast.com\/product\/yoast-seo-wordpress\/ -->\n<title>Dni Bochni: m\u0142odzi opanowali scen\u0119 - Bad Generation - zdj\u0119cia - mojabochnia.pl - portal informacyjny<\/title>\n<meta name=\"robots\" content=\"index, follow, max-snippet:-1, max-image-preview:large, max-video-preview:-1\" \/>\n<link rel=\"canonical\" href=\"https:\/\/www.mojabochnia.pl\/?p=51871\" \/>\n<meta property=\"og:locale\" content=\"pl_PL\" \/>\n<meta property=\"og:type\" content=\"article\" \/>\n<meta property=\"og:title\" content=\"Dni Bochni: m\u0142odzi opanowali scen\u0119 - Bad Generation - zdj\u0119cia - mojabochnia.pl - portal informacyjny\" \/>\n<meta property=\"og:description\" content=\"Kolejny zesp\u00f3\u0142 na scenie Dni Bochni. Tym razem Bad Generation. R\u00f3wnie m\u0142oda jak wykonawcy publika zacz\u0119\u0142a si\u0119 powoli rozkr\u0119ca\u0107. Ale to przecie\u017c dopiero pocz\u0105tek szale\u0144stw.\" \/>\n<meta property=\"og:url\" content=\"https:\/\/www.mojabochnia.pl\/?p=51871\" \/>\n<meta property=\"og:site_name\" content=\"mojabochnia.pl - portal informacyjny\" \/>\n<meta property=\"article:publisher\" content=\"https:\/\/www.facebook.com\/mojabochnia\" \/>\n<meta property=\"article:published_time\" content=\"2011-06-11T15:26:26+00:00\" \/>\n<meta name=\"author\" content=\"Weronika Kucharska\" \/>\n<meta name=\"twitter:card\" content=\"summary_large_image\" \/>\n<meta name=\"twitter:label1\" content=\"Written by\" \/>\n\t<meta name=\"twitter:data1\" content=\"Weronika Kucharska\" \/>\n<script type=\"application\/ld+json\" class=\"yoast-schema-graph\">{\"@context\":\"https:\/\/schema.org\",\"@graph\":[{\"@type\":\"Article\",\"@id\":\"https:\/\/www.mojabochnia.pl\/?p=51871#article\",\"isPartOf\":{\"@id\":\"https:\/\/www.mojabochnia.pl\/?p=51871\"},\"author\":{\"name\":\"Weronika Kucharska\",\"@id\":\"https:\/\/www.mojabochnia.pl\/#\/schema\/person\/8515edb0b31efb661d6df7949969c0ff\"},\"headline\":\"Dni Bochni: m\u0142odzi opanowali scen\u0119 &#8211; Bad Generation &#8211; zdj\u0119cia\",\"datePublished\":\"2011-06-11T15:26:26+00:00\",\"mainEntityOfPage\":{\"@id\":\"https:\/\/www.mojabochnia.pl\/?p=51871\"},\"wordCount\":12,\"commentCount\":0,\"publisher\":{\"@id\":\"https:\/\/www.mojabochnia.pl\/#organization\"},\"keywords\":[\"bad generation\",\"dni bochni\",\"koncert\",\"smyk\u00f3w\"],\"articleSection\":[\"2_ostatnie\",\"fotogaleria\",\"Medium\",\"polityka i wydarzenia\",\"tematyka\"],\"inLanguage\":\"pl-PL\",\"potentialAction\":[{\"@type\":\"CommentAction\",\"name\":\"Comment\",\"target\":[\"https:\/\/www.mojabochnia.pl\/?p=51871#respond\"]}]},{\"@type\":\"WebPage\",\"@id\":\"https:\/\/www.mojabochnia.pl\/?p=51871\",\"url\":\"https:\/\/www.mojabochnia.pl\/?p=51871\",\"name\":\"Dni Bochni: m\u0142odzi opanowali scen\u0119 - Bad Generation - zdj\u0119cia - mojabochnia.pl - portal informacyjny\",\"isPartOf\":{\"@id\":\"https:\/\/www.mojabochnia.pl\/#website\"},\"datePublished\":\"2011-06-11T15:26:26+00:00\",\"breadcrumb\":{\"@id\":\"https:\/\/www.mojabochnia.pl\/?p=51871#breadcrumb\"},\"inLanguage\":\"pl-PL\",\"potentialAction\":[{\"@type\":\"ReadAction\",\"target\":[\"https:\/\/www.mojabochnia.pl\/?p=51871\"]}]},{\"@type\":\"BreadcrumbList\",\"@id\":\"https:\/\/www.mojabochnia.pl\/?p=51871#breadcrumb\",\"itemListElement\":[{\"@type\":\"ListItem\",\"position\":1,\"name\":\"Home\",\"item\":\"https:\/\/www.mojabochnia.pl\/\"},{\"@type\":\"ListItem\",\"position\":2,\"name\":\"Dni Bochni: m\u0142odzi opanowali scen\u0119 &#8211; Bad Generation &#8211; zdj\u0119cia\"}]},{\"@type\":\"WebSite\",\"@id\":\"https:\/\/www.mojabochnia.pl\/#website\",\"url\":\"https:\/\/www.mojabochnia.pl\/\",\"name\":\"mojabochnia.pl - portal informacyjny\",\"description\":\"mojaBochnia to portal informacyjny o Bochni. Codziennie o Bochni piszemy i pokazujemy najwa\u017cniejsze wydarzenia\",\"publisher\":{\"@id\":\"https:\/\/www.mojabochnia.pl\/#organization\"},\"potentialAction\":[{\"@type\":\"SearchAction\",\"target\":{\"@type\":\"EntryPoint\",\"urlTemplate\":\"https:\/\/www.mojabochnia.pl\/?s={search_term_string}\"},\"query-input\":{\"@type\":\"PropertyValueSpecification\",\"valueRequired\":true,\"valueName\":\"search_term_string\"}}],\"inLanguage\":\"pl-PL\"},{\"@type\":\"Organization\",\"@id\":\"https:\/\/www.mojabochnia.pl\/#organization\",\"name\":\"mojabochnia.pl - portal informacyjny\",\"url\":\"https:\/\/www.mojabochnia.pl\/\",\"logo\":{\"@type\":\"ImageObject\",\"inLanguage\":\"pl-PL\",\"@id\":\"https:\/\/www.mojabochnia.pl\/#\/schema\/logo\/image\/\",\"url\":\"https:\/\/www.mojabochnia.pl\/wp-content\/uploads\/2017\/08\/logo-mb-opt.png\",\"contentUrl\":\"https:\/\/www.mojabochnia.pl\/wp-content\/uploads\/2017\/08\/logo-mb-opt.png\",\"width\":250,\"height\":48,\"caption\":\"mojabochnia.pl - portal informacyjny\"},\"image\":{\"@id\":\"https:\/\/www.mojabochnia.pl\/#\/schema\/logo\/image\/\"},\"sameAs\":[\"https:\/\/www.facebook.com\/mojabochnia\"]},{\"@type\":\"Person\",\"@id\":\"https:\/\/www.mojabochnia.pl\/#\/schema\/person\/8515edb0b31efb661d6df7949969c0ff\",\"name\":\"Weronika Kucharska\",\"url\":\"https:\/\/www.mojabochnia.pl\/?author=25\"}]}<\/script>\n<!-- \/ Yoast SEO plugin. -->","yoast_head_json":{"title":"Dni Bochni: m\u0142odzi opanowali scen\u0119 - Bad Generation - zdj\u0119cia - mojabochnia.pl - portal informacyjny","robots":{"index":"index","follow":"follow","max-snippet":"max-snippet:-1","max-image-preview":"max-image-preview:large","max-video-preview":"max-video-preview:-1"},"canonical":"https:\/\/www.mojabochnia.pl\/?p=51871","og_locale":"pl_PL","og_type":"article","og_title":"Dni Bochni: m\u0142odzi opanowali scen\u0119 - Bad Generation - zdj\u0119cia - mojabochnia.pl - portal informacyjny","og_description":"Kolejny zesp\u00f3\u0142 na scenie Dni Bochni. Tym razem Bad Generation. R\u00f3wnie m\u0142oda jak wykonawcy publika zacz\u0119\u0142a si\u0119 powoli rozkr\u0119ca\u0107. Ale to przecie\u017c dopiero pocz\u0105tek szale\u0144stw.","og_url":"https:\/\/www.mojabochnia.pl\/?p=51871","og_site_name":"mojabochnia.pl - portal informacyjny","article_publisher":"https:\/\/www.facebook.com\/mojabochnia","article_published_time":"2011-06-11T15:26:26+00:00","author":"Weronika Kucharska","twitter_card":"summary_large_image","twitter_misc":{"Written by":"Weronika Kucharska"},"schema":{"@context":"https:\/\/schema.org","@graph":[{"@type":"Article","@id":"https:\/\/www.mojabochnia.pl\/?p=51871#article","isPartOf":{"@id":"https:\/\/www.mojabochnia.pl\/?p=51871"},"author":{"name":"Weronika Kucharska","@id":"https:\/\/www.mojabochnia.pl\/#\/schema\/person\/8515edb0b31efb661d6df7949969c0ff"},"headline":"Dni Bochni: m\u0142odzi opanowali scen\u0119 &#8211; Bad Generation &#8211; zdj\u0119cia","datePublished":"2011-06-11T15:26:26+00:00","mainEntityOfPage":{"@id":"https:\/\/www.mojabochnia.pl\/?p=51871"},"wordCount":12,"commentCount":0,"publisher":{"@id":"https:\/\/www.mojabochnia.pl\/#organization"},"keywords":["bad generation","dni bochni","koncert","smyk\u00f3w"],"articleSection":["2_ostatnie","fotogaleria","Medium","polityka i wydarzenia","tematyka"],"inLanguage":"pl-PL","potentialAction":[{"@type":"CommentAction","name":"Comment","target":["https:\/\/www.mojabochnia.pl\/?p=51871#respond"]}]},{"@type":"WebPage","@id":"https:\/\/www.mojabochnia.pl\/?p=51871","url":"https:\/\/www.mojabochnia.pl\/?p=51871","name":"Dni Bochni: m\u0142odzi opanowali scen\u0119 - Bad Generation - zdj\u0119cia - mojabochnia.pl - portal informacyjny","isPartOf":{"@id":"https:\/\/www.mojabochnia.pl\/#website"},"datePublished":"2011-06-11T15:26:26+00:00","breadcrumb":{"@id":"https:\/\/www.mojabochnia.pl\/?p=51871#breadcrumb"},"inLanguage":"pl-PL","potentialAction":[{"@type":"ReadAction","target":["https:\/\/www.mojabochnia.pl\/?p=51871"]}]},{"@type":"BreadcrumbList","@id":"https:\/\/www.mojabochnia.pl\/?p=51871#breadcrumb","itemListElement":[{"@type":"ListItem","position":1,"name":"Home","item":"https:\/\/www.mojabochnia.pl\/"},{"@type":"ListItem","position":2,"name":"Dni Bochni: m\u0142odzi opanowali scen\u0119 &#8211; Bad Generation &#8211; zdj\u0119cia"}]},{"@type":"WebSite","@id":"https:\/\/www.mojabochnia.pl\/#website","url":"https:\/\/www.mojabochnia.pl\/","name":"mojabochnia.pl - portal informacyjny","description":"mojaBochnia to portal informacyjny o Bochni. Codziennie o Bochni piszemy i pokazujemy najwa\u017cniejsze wydarzenia","publisher":{"@id":"https:\/\/www.mojabochnia.pl\/#organization"},"potentialAction":[{"@type":"SearchAction","target":{"@type":"EntryPoint","urlTemplate":"https:\/\/www.mojabochnia.pl\/?s={search_term_string}"},"query-input":{"@type":"PropertyValueSpecification","valueRequired":true,"valueName":"search_term_string"}}],"inLanguage":"pl-PL"},{"@type":"Organization","@id":"https:\/\/www.mojabochnia.pl\/#organization","name":"mojabochnia.pl - portal informacyjny","url":"https:\/\/www.mojabochnia.pl\/","logo":{"@type":"ImageObject","inLanguage":"pl-PL","@id":"https:\/\/www.mojabochnia.pl\/#\/schema\/logo\/image\/","url":"https:\/\/www.mojabochnia.pl\/wp-content\/uploads\/2017\/08\/logo-mb-opt.png","contentUrl":"https:\/\/www.mojabochnia.pl\/wp-content\/uploads\/2017\/08\/logo-mb-opt.png","width":250,"height":48,"caption":"mojabochnia.pl - portal informacyjny"},"image":{"@id":"https:\/\/www.mojabochnia.pl\/#\/schema\/logo\/image\/"},"sameAs":["https:\/\/www.facebook.com\/mojabochnia"]},{"@type":"Person","@id":"https:\/\/www.mojabochnia.pl\/#\/schema\/person\/8515edb0b31efb661d6df7949969c0ff","name":"Weronika Kucharska","url":"https:\/\/www.mojabochnia.pl\/?author=25"}]}},"_links":{"self":[{"href":"https:\/\/www.mojabochnia.pl\/index.php?rest_route=\/wp\/v2\/posts\/51871","targetHints":{"allow":["GET"]}}],"collection":[{"href":"https:\/\/www.mojabochnia.pl\/index.php?rest_route=\/wp\/v2\/posts"}],"about":[{"href":"https:\/\/www.mojabochnia.pl\/index.php?rest_route=\/wp\/v2\/types\/post"}],"author":[{"embeddable":true,"href":"https:\/\/www.mojabochnia.pl\/index.php?rest_route=\/wp\/v2\/users\/25"}],"replies":[{"embeddable":true,"href":"https:\/\/www.mojabochnia.pl\/index.php?rest_route=%2Fwp%2Fv2%2Fcomments&post=51871"}],"version-history":[{"count":1,"href":"https:\/\/www.mojabochnia.pl\/index.php?rest_route=\/wp\/v2\/posts\/51871\/revisions"}],"predecessor-version":[{"id":51884,"href":"https:\/\/www.mojabochnia.pl\/index.php?rest_route=\/wp\/v2\/posts\/51871\/revisions\/51884"}],"wp:attachment":[{"href":"https:\/\/www.mojabochnia.pl\/index.php?rest_route=%2Fwp%2Fv2%2Fmedia&parent=51871"}],"wp:term":[{"taxonomy":"category","embeddable":true,"href":"https:\/\/www.mojabochnia.pl\/index.php?rest_route=%2Fwp%2Fv2%2Fcategories&post=51871"},{"taxonomy":"post_tag","embeddable":true,"href":"https:\/\/www.mojabochnia.pl\/index.php?rest_route=%2Fwp%2Fv2%2Ftags&post=51871"}],"curies":[{"name":"wp","href":"https:\/\/api.w.org\/{rel}","templated":true}]}}