{"id":50984,"date":"2011-05-31T07:31:04","date_gmt":"2011-05-31T05:31:04","guid":{"rendered":"http:\/\/www.mojabochnia.pl\/?p=50984"},"modified":"2011-05-31T08:36:32","modified_gmt":"2011-05-31T06:36:32","slug":"rajbrot-remont-zabytkow-wokol-starego-kosciola","status":"publish","type":"post","link":"https:\/\/www.mojabochnia.pl\/?p=50984","title":{"rendered":"Rajbrot: remont zabytk\u00f3w wok\u00f3\u0142 starego ko\u015bcio\u0142a"},"content":{"rendered":"<p>Wok\u00f3\u0142 zabytkowej \u015bwi\u0105tyni znajduj\u0105 si\u0119 wizerunki 12 aposto\u0142\u00f3w, wykonane z piaskowca. Z\u0105b czasu spowodowa\u0142, \u017ce uleg\u0142y cz\u0119\u015bciowemu zniekszta\u0142ceniu. Teraz rozpocznie si\u0119 ich wieloetapowy remont. \u2013 <em>Zostan\u0105 odrestaurowane dwie figury aposto\u0142\u00f3w<\/em> \u2013 m\u00f3wi ks. Tadeusz Mr\u00f3z, proboszcz w Rajbrocie. <\/p>\n<p>Prace zostan\u0105 wykonane dzi\u0119ki 30 tys. z\u0142 dotacji z urz\u0119du marsza\u0142kowskiego oraz 10 tys. z\u0142 z urz\u0119du gminy w Lipnicy Murowanej. <\/p>\n<p>W ubieg\u0142ym roku na ko\u015bciele drewnianym w Rajbrocie odnowiono gont, w tym roku planowany jest jeszcze remont dzwonnicy. Ma by\u0107 to przygotowanie do zamontowania dzwon\u00f3w o nap\u0119dzie elektrycznym.<\/p>\n","protected":false},"excerpt":{"rendered":"<p>W Rajbrocie zostan\u0105 odnowione zabytkowe figury otaczaj\u0105ce drewniany ko\u015bci\u00f3\u0142 p.w. Narodzenia Naj\u015bwi\u0119tszej Maryi Panny. B\u0119dzie te\u017c remont dzwonnicy. <\/p>\n","protected":false},"author":4,"featured_media":0,"comment_status":"open","ping_status":"closed","sticky":false,"template":"","format":"standard","meta":{"_acf_changed":false,"footnotes":""},"categories":[5,11,6250,1342],"tags":[17253,1787,9258,17325,9075,17552,17167,17300,17369],"class_list":["post-50984","post","type-post","status-publish","format-standard","hentry","category-biezace-wydarzenia","category-top-temat","category-tematyka","category-zycie-religijne","tag-dotacja","tag-dzwonnica","tag-gont","tag-kosciol","tag-ks-tadeusz-mroz","tag-proboszcz","tag-rajbrot","tag-remont","tag-zabytek","main_tag-rajbrot"],"acf":[],"yoast_head":"<!-- This site is optimized with the Yoast SEO plugin v26.9 - https:\/\/yoast.com\/product\/yoast-seo-wordpress\/ -->\n<title>Rajbrot: remont zabytk\u00f3w wok\u00f3\u0142 starego ko\u015bcio\u0142a - mojabochnia.pl - portal informacyjny<\/title>\n<meta name=\"robots\" content=\"index, follow, max-snippet:-1, max-image-preview:large, max-video-preview:-1\" \/>\n<link rel=\"canonical\" href=\"https:\/\/www.mojabochnia.pl\/?p=50984\" \/>\n<meta property=\"og:locale\" content=\"pl_PL\" \/>\n<meta property=\"og:type\" content=\"article\" \/>\n<meta property=\"og:title\" content=\"Rajbrot: remont zabytk\u00f3w wok\u00f3\u0142 starego ko\u015bcio\u0142a - mojabochnia.pl - portal informacyjny\" \/>\n<meta property=\"og:description\" content=\"W Rajbrocie zostan\u0105 odnowione zabytkowe figury otaczaj\u0105ce drewniany ko\u015bci\u00f3\u0142 p.w. Narodzenia Naj\u015bwi\u0119tszej Maryi Panny. B\u0119dzie te\u017c remont dzwonnicy.\" \/>\n<meta property=\"og:url\" content=\"https:\/\/www.mojabochnia.pl\/?p=50984\" \/>\n<meta property=\"og:site_name\" content=\"mojabochnia.pl - portal informacyjny\" \/>\n<meta property=\"article:publisher\" content=\"https:\/\/www.facebook.com\/mojabochnia\" \/>\n<meta property=\"article:published_time\" content=\"2011-05-31T05:31:04+00:00\" \/>\n<meta property=\"article:modified_time\" content=\"2011-05-31T06:36:32+00:00\" \/>\n<meta name=\"author\" content=\"Pawe\u0142 Michalczyk\" \/>\n<meta name=\"twitter:card\" content=\"summary_large_image\" \/>\n<meta name=\"twitter:label1\" content=\"Written by\" \/>\n\t<meta name=\"twitter:data1\" content=\"Pawe\u0142 Michalczyk\" \/>\n<script type=\"application\/ld+json\" class=\"yoast-schema-graph\">{\"@context\":\"https:\/\/schema.org\",\"@graph\":[{\"@type\":\"Article\",\"@id\":\"https:\/\/www.mojabochnia.pl\/?p=50984#article\",\"isPartOf\":{\"@id\":\"https:\/\/www.mojabochnia.pl\/?p=50984\"},\"author\":{\"name\":\"Pawe\u0142 Michalczyk\",\"@id\":\"https:\/\/www.mojabochnia.pl\/#\/schema\/person\/ea042e4724a77627963f02166828ead4\"},\"headline\":\"Rajbrot: remont zabytk\u00f3w wok\u00f3\u0142 starego ko\u015bcio\u0142a\",\"datePublished\":\"2011-05-31T05:31:04+00:00\",\"dateModified\":\"2011-05-31T06:36:32+00:00\",\"mainEntityOfPage\":{\"@id\":\"https:\/\/www.mojabochnia.pl\/?p=50984\"},\"wordCount\":108,\"commentCount\":0,\"publisher\":{\"@id\":\"https:\/\/www.mojabochnia.pl\/#organization\"},\"keywords\":[\"dotacja\",\"dzwonnica\",\"gont\",\"ko\u015bci\u00f3\u0142\",\"ks. tadeusz mr\u00f3z\",\"proboszcz\",\"rajbrot\",\"remont\",\"zabytek\"],\"articleSection\":[\"2_ostatnie\",\"3_w centrum uwagi\",\"tematyka\",\"\u017bycie religijne\"],\"inLanguage\":\"pl-PL\",\"potentialAction\":[{\"@type\":\"CommentAction\",\"name\":\"Comment\",\"target\":[\"https:\/\/www.mojabochnia.pl\/?p=50984#respond\"]}]},{\"@type\":\"WebPage\",\"@id\":\"https:\/\/www.mojabochnia.pl\/?p=50984\",\"url\":\"https:\/\/www.mojabochnia.pl\/?p=50984\",\"name\":\"Rajbrot: remont zabytk\u00f3w wok\u00f3\u0142 starego ko\u015bcio\u0142a - mojabochnia.pl - portal informacyjny\",\"isPartOf\":{\"@id\":\"https:\/\/www.mojabochnia.pl\/#website\"},\"datePublished\":\"2011-05-31T05:31:04+00:00\",\"dateModified\":\"2011-05-31T06:36:32+00:00\",\"breadcrumb\":{\"@id\":\"https:\/\/www.mojabochnia.pl\/?p=50984#breadcrumb\"},\"inLanguage\":\"pl-PL\",\"potentialAction\":[{\"@type\":\"ReadAction\",\"target\":[\"https:\/\/www.mojabochnia.pl\/?p=50984\"]}]},{\"@type\":\"BreadcrumbList\",\"@id\":\"https:\/\/www.mojabochnia.pl\/?p=50984#breadcrumb\",\"itemListElement\":[{\"@type\":\"ListItem\",\"position\":1,\"name\":\"Home\",\"item\":\"https:\/\/www.mojabochnia.pl\/\"},{\"@type\":\"ListItem\",\"position\":2,\"name\":\"Rajbrot: remont zabytk\u00f3w wok\u00f3\u0142 starego ko\u015bcio\u0142a\"}]},{\"@type\":\"WebSite\",\"@id\":\"https:\/\/www.mojabochnia.pl\/#website\",\"url\":\"https:\/\/www.mojabochnia.pl\/\",\"name\":\"mojabochnia.pl - portal informacyjny\",\"description\":\"mojaBochnia to portal informacyjny o Bochni. Codziennie o Bochni piszemy i pokazujemy najwa\u017cniejsze wydarzenia\",\"publisher\":{\"@id\":\"https:\/\/www.mojabochnia.pl\/#organization\"},\"potentialAction\":[{\"@type\":\"SearchAction\",\"target\":{\"@type\":\"EntryPoint\",\"urlTemplate\":\"https:\/\/www.mojabochnia.pl\/?s={search_term_string}\"},\"query-input\":{\"@type\":\"PropertyValueSpecification\",\"valueRequired\":true,\"valueName\":\"search_term_string\"}}],\"inLanguage\":\"pl-PL\"},{\"@type\":\"Organization\",\"@id\":\"https:\/\/www.mojabochnia.pl\/#organization\",\"name\":\"mojabochnia.pl - portal informacyjny\",\"url\":\"https:\/\/www.mojabochnia.pl\/\",\"logo\":{\"@type\":\"ImageObject\",\"inLanguage\":\"pl-PL\",\"@id\":\"https:\/\/www.mojabochnia.pl\/#\/schema\/logo\/image\/\",\"url\":\"https:\/\/www.mojabochnia.pl\/wp-content\/uploads\/2017\/08\/logo-mb-opt.png\",\"contentUrl\":\"https:\/\/www.mojabochnia.pl\/wp-content\/uploads\/2017\/08\/logo-mb-opt.png\",\"width\":250,\"height\":48,\"caption\":\"mojabochnia.pl - portal informacyjny\"},\"image\":{\"@id\":\"https:\/\/www.mojabochnia.pl\/#\/schema\/logo\/image\/\"},\"sameAs\":[\"https:\/\/www.facebook.com\/mojabochnia\"]},{\"@type\":\"Person\",\"@id\":\"https:\/\/www.mojabochnia.pl\/#\/schema\/person\/ea042e4724a77627963f02166828ead4\",\"name\":\"Pawe\u0142 Michalczyk\",\"url\":\"https:\/\/www.mojabochnia.pl\/?author=4\"}]}<\/script>\n<!-- \/ Yoast SEO plugin. -->","yoast_head_json":{"title":"Rajbrot: remont zabytk\u00f3w wok\u00f3\u0142 starego ko\u015bcio\u0142a - mojabochnia.pl - portal informacyjny","robots":{"index":"index","follow":"follow","max-snippet":"max-snippet:-1","max-image-preview":"max-image-preview:large","max-video-preview":"max-video-preview:-1"},"canonical":"https:\/\/www.mojabochnia.pl\/?p=50984","og_locale":"pl_PL","og_type":"article","og_title":"Rajbrot: remont zabytk\u00f3w wok\u00f3\u0142 starego ko\u015bcio\u0142a - mojabochnia.pl - portal informacyjny","og_description":"W Rajbrocie zostan\u0105 odnowione zabytkowe figury otaczaj\u0105ce drewniany ko\u015bci\u00f3\u0142 p.w. Narodzenia Naj\u015bwi\u0119tszej Maryi Panny. B\u0119dzie te\u017c remont dzwonnicy.","og_url":"https:\/\/www.mojabochnia.pl\/?p=50984","og_site_name":"mojabochnia.pl - portal informacyjny","article_publisher":"https:\/\/www.facebook.com\/mojabochnia","article_published_time":"2011-05-31T05:31:04+00:00","article_modified_time":"2011-05-31T06:36:32+00:00","author":"Pawe\u0142 Michalczyk","twitter_card":"summary_large_image","twitter_misc":{"Written by":"Pawe\u0142 Michalczyk"},"schema":{"@context":"https:\/\/schema.org","@graph":[{"@type":"Article","@id":"https:\/\/www.mojabochnia.pl\/?p=50984#article","isPartOf":{"@id":"https:\/\/www.mojabochnia.pl\/?p=50984"},"author":{"name":"Pawe\u0142 Michalczyk","@id":"https:\/\/www.mojabochnia.pl\/#\/schema\/person\/ea042e4724a77627963f02166828ead4"},"headline":"Rajbrot: remont zabytk\u00f3w wok\u00f3\u0142 starego ko\u015bcio\u0142a","datePublished":"2011-05-31T05:31:04+00:00","dateModified":"2011-05-31T06:36:32+00:00","mainEntityOfPage":{"@id":"https:\/\/www.mojabochnia.pl\/?p=50984"},"wordCount":108,"commentCount":0,"publisher":{"@id":"https:\/\/www.mojabochnia.pl\/#organization"},"keywords":["dotacja","dzwonnica","gont","ko\u015bci\u00f3\u0142","ks. tadeusz mr\u00f3z","proboszcz","rajbrot","remont","zabytek"],"articleSection":["2_ostatnie","3_w centrum uwagi","tematyka","\u017bycie religijne"],"inLanguage":"pl-PL","potentialAction":[{"@type":"CommentAction","name":"Comment","target":["https:\/\/www.mojabochnia.pl\/?p=50984#respond"]}]},{"@type":"WebPage","@id":"https:\/\/www.mojabochnia.pl\/?p=50984","url":"https:\/\/www.mojabochnia.pl\/?p=50984","name":"Rajbrot: remont zabytk\u00f3w wok\u00f3\u0142 starego ko\u015bcio\u0142a - mojabochnia.pl - portal informacyjny","isPartOf":{"@id":"https:\/\/www.mojabochnia.pl\/#website"},"datePublished":"2011-05-31T05:31:04+00:00","dateModified":"2011-05-31T06:36:32+00:00","breadcrumb":{"@id":"https:\/\/www.mojabochnia.pl\/?p=50984#breadcrumb"},"inLanguage":"pl-PL","potentialAction":[{"@type":"ReadAction","target":["https:\/\/www.mojabochnia.pl\/?p=50984"]}]},{"@type":"BreadcrumbList","@id":"https:\/\/www.mojabochnia.pl\/?p=50984#breadcrumb","itemListElement":[{"@type":"ListItem","position":1,"name":"Home","item":"https:\/\/www.mojabochnia.pl\/"},{"@type":"ListItem","position":2,"name":"Rajbrot: remont zabytk\u00f3w wok\u00f3\u0142 starego ko\u015bcio\u0142a"}]},{"@type":"WebSite","@id":"https:\/\/www.mojabochnia.pl\/#website","url":"https:\/\/www.mojabochnia.pl\/","name":"mojabochnia.pl - portal informacyjny","description":"mojaBochnia to portal informacyjny o Bochni. Codziennie o Bochni piszemy i pokazujemy najwa\u017cniejsze wydarzenia","publisher":{"@id":"https:\/\/www.mojabochnia.pl\/#organization"},"potentialAction":[{"@type":"SearchAction","target":{"@type":"EntryPoint","urlTemplate":"https:\/\/www.mojabochnia.pl\/?s={search_term_string}"},"query-input":{"@type":"PropertyValueSpecification","valueRequired":true,"valueName":"search_term_string"}}],"inLanguage":"pl-PL"},{"@type":"Organization","@id":"https:\/\/www.mojabochnia.pl\/#organization","name":"mojabochnia.pl - portal informacyjny","url":"https:\/\/www.mojabochnia.pl\/","logo":{"@type":"ImageObject","inLanguage":"pl-PL","@id":"https:\/\/www.mojabochnia.pl\/#\/schema\/logo\/image\/","url":"https:\/\/www.mojabochnia.pl\/wp-content\/uploads\/2017\/08\/logo-mb-opt.png","contentUrl":"https:\/\/www.mojabochnia.pl\/wp-content\/uploads\/2017\/08\/logo-mb-opt.png","width":250,"height":48,"caption":"mojabochnia.pl - portal informacyjny"},"image":{"@id":"https:\/\/www.mojabochnia.pl\/#\/schema\/logo\/image\/"},"sameAs":["https:\/\/www.facebook.com\/mojabochnia"]},{"@type":"Person","@id":"https:\/\/www.mojabochnia.pl\/#\/schema\/person\/ea042e4724a77627963f02166828ead4","name":"Pawe\u0142 Michalczyk","url":"https:\/\/www.mojabochnia.pl\/?author=4"}]}},"_links":{"self":[{"href":"https:\/\/www.mojabochnia.pl\/index.php?rest_route=\/wp\/v2\/posts\/50984","targetHints":{"allow":["GET"]}}],"collection":[{"href":"https:\/\/www.mojabochnia.pl\/index.php?rest_route=\/wp\/v2\/posts"}],"about":[{"href":"https:\/\/www.mojabochnia.pl\/index.php?rest_route=\/wp\/v2\/types\/post"}],"author":[{"embeddable":true,"href":"https:\/\/www.mojabochnia.pl\/index.php?rest_route=\/wp\/v2\/users\/4"}],"replies":[{"embeddable":true,"href":"https:\/\/www.mojabochnia.pl\/index.php?rest_route=%2Fwp%2Fv2%2Fcomments&post=50984"}],"version-history":[{"count":3,"href":"https:\/\/www.mojabochnia.pl\/index.php?rest_route=\/wp\/v2\/posts\/50984\/revisions"}],"predecessor-version":[{"id":50994,"href":"https:\/\/www.mojabochnia.pl\/index.php?rest_route=\/wp\/v2\/posts\/50984\/revisions\/50994"}],"wp:attachment":[{"href":"https:\/\/www.mojabochnia.pl\/index.php?rest_route=%2Fwp%2Fv2%2Fmedia&parent=50984"}],"wp:term":[{"taxonomy":"category","embeddable":true,"href":"https:\/\/www.mojabochnia.pl\/index.php?rest_route=%2Fwp%2Fv2%2Fcategories&post=50984"},{"taxonomy":"post_tag","embeddable":true,"href":"https:\/\/www.mojabochnia.pl\/index.php?rest_route=%2Fwp%2Fv2%2Ftags&post=50984"}],"curies":[{"name":"wp","href":"https:\/\/api.w.org\/{rel}","templated":true}]}}