{"id":50582,"date":"2011-05-25T07:32:01","date_gmt":"2011-05-25T05:32:01","guid":{"rendered":"http:\/\/www.mojabochnia.pl\/?p=50582"},"modified":"2011-05-24T15:29:17","modified_gmt":"2011-05-24T13:29:17","slug":"beda-kontrole-drog-pozarowych-na-osiedlach","status":"publish","type":"post","link":"https:\/\/www.mojabochnia.pl\/?p=50582","title":{"rendered":"B\u0119d\u0105 kontrole dr\u00f3g po\u017carowych na osiedlach"},"content":{"rendered":"<p>Nie od dzi\u015b problemem w Bochni jest brak miejsc parkingowych. Jest on szczeg\u00f3lnie dotkliwy dla mieszka\u0144c\u00f3w osiedli. Kierowcy t\u0142umacz\u0105, \u017ce nie maj\u0105 gdzie zostawi\u0107 samochodu np. na noc. &#8211; <em>Nie wszyscy maj\u0105 gara\u017ce<\/em> &#8211; m\u00f3wi\u0105.<\/p>\n<p>Stra\u017cacy za\u015b widz\u0105 spraw\u0119 od innej strony. Zaparkowane po obu stronach w\u0105skich ulic pojazdy mog\u0105 uniemo\u017cliwi\u0107 sprawn\u0105 akcj\u0119 ga\u015bnicz\u0105. \u2013 <em>Nam, ratownikom, zawsze chodzi o szybko\u015b\u0107 dojazdu, a nie o system prawny. Bo mo\u017cemy sobie te samochody pousuwa\u0107 i prawo nam na to zezwala, ale tu chodzi o szybkie dotarcie do os\u00f3b potrzebuj\u0105cych. Chodzi o wjazd naszego ci\u0119\u017ckiego sprz\u0119tu, drabin, podno\u015bnik\u00f3w<\/em> \u2013 m\u00f3wi Krzysztof Kokoszka, komendant powiatowy Pa\u0144stwowej Stra\u017cy Po\u017carnej w Bochni.<\/p>\n<p>Mieczys\u0142aw Tomczyk, mieszkaniec jednego z blok\u00f3w na os. S\u0142onecznym, zwraca uwag\u0119, \u017ce dojazd w porze wieczorowo-nocnej do budynku jest zablokowany. \u2013<em> Stra\u017c nie wjedzie, bo nie ma jak wjecha\u0107. Wszystko jest zablokowane, bo ludzie przyje\u017cd\u017caj\u0105 do domu. Przypu\u015b\u0107my, \u017ce pali si\u0119 w pierwszej klatce. Jak stra\u017c dojedzie? Nie ma \u017cadnej szansy. Nie ma objazdu dooko\u0142a bloku, kt\u00f3ry powinien by\u0107<\/em>. <\/p>\n<p>W najbli\u017cszym czasie osiedla w Bochni maj\u0105 zosta\u0107 skontrolowane przez stra\u017c po\u017carn\u0105, policj\u0119 i stra\u017c miejsk\u0105 pod k\u0105tem zastawiania dr\u00f3g po\u017carowych przez samochody. Mandat za zablokowanie takiej drogi to 200 z\u0142 plus ewentualne koszty holowania.<\/p>\n","protected":false},"excerpt":{"rendered":"<p>Stra\u017c po\u017carna apeluje: drogi po\u017carowe na osiedlach bywaj\u0105 nieprzejezdne. Zastawiaj\u0105 je kierowcy swoimi samochodami. To w istotny spos\u00f3b mo\u017ce op\u00f3\u017ani\u0107 akcj\u0119 ratownicz\u0105.<\/p>\n","protected":false},"author":4,"featured_media":0,"comment_status":"open","ping_status":"closed","sticky":false,"template":"","format":"standard","meta":{"_acf_changed":false,"footnotes":""},"categories":[5,11,6251,6250],"tags":[17907,9200,6954,17254,17704,17155,17140,1425,17255,17141],"class_list":["post-50582","post","type-post","status-publish","format-standard","hentry","category-biezace-wydarzenia","category-top-temat","category-polityka-i-wydarzenia","category-tematyka","tag-droga-pozarowa","tag-holowanie","tag-kzrysztof-kokoszka","tag-mandat","tag-osiedle","tag-policja","tag-pozar","tag-sprzet","tag-straz-miejska","tag-straz-pozarna","main_tag-droga-pozarowa"],"acf":[],"yoast_head":"<!-- This site is optimized with the Yoast SEO plugin v26.9 - https:\/\/yoast.com\/product\/yoast-seo-wordpress\/ -->\n<title>B\u0119d\u0105 kontrole dr\u00f3g po\u017carowych na osiedlach - mojabochnia.pl - portal informacyjny<\/title>\n<meta name=\"robots\" content=\"index, follow, max-snippet:-1, max-image-preview:large, max-video-preview:-1\" \/>\n<link rel=\"canonical\" href=\"https:\/\/www.mojabochnia.pl\/?p=50582\" \/>\n<meta property=\"og:locale\" content=\"pl_PL\" \/>\n<meta property=\"og:type\" content=\"article\" \/>\n<meta property=\"og:title\" content=\"B\u0119d\u0105 kontrole dr\u00f3g po\u017carowych na osiedlach - mojabochnia.pl - portal informacyjny\" \/>\n<meta property=\"og:description\" content=\"Stra\u017c po\u017carna apeluje: drogi po\u017carowe na osiedlach bywaj\u0105 nieprzejezdne. Zastawiaj\u0105 je kierowcy swoimi samochodami. To w istotny spos\u00f3b mo\u017ce op\u00f3\u017ani\u0107 akcj\u0119 ratownicz\u0105.\" \/>\n<meta property=\"og:url\" content=\"https:\/\/www.mojabochnia.pl\/?p=50582\" \/>\n<meta property=\"og:site_name\" content=\"mojabochnia.pl - portal informacyjny\" \/>\n<meta property=\"article:publisher\" content=\"https:\/\/www.facebook.com\/mojabochnia\" \/>\n<meta property=\"article:published_time\" content=\"2011-05-25T05:32:01+00:00\" \/>\n<meta name=\"author\" content=\"Pawe\u0142 Michalczyk\" \/>\n<meta name=\"twitter:card\" content=\"summary_large_image\" \/>\n<meta name=\"twitter:label1\" content=\"Written by\" \/>\n\t<meta name=\"twitter:data1\" content=\"Pawe\u0142 Michalczyk\" \/>\n\t<meta name=\"twitter:label2\" content=\"Est. reading time\" \/>\n\t<meta name=\"twitter:data2\" content=\"1 minuta\" \/>\n<script type=\"application\/ld+json\" class=\"yoast-schema-graph\">{\"@context\":\"https:\/\/schema.org\",\"@graph\":[{\"@type\":\"Article\",\"@id\":\"https:\/\/www.mojabochnia.pl\/?p=50582#article\",\"isPartOf\":{\"@id\":\"https:\/\/www.mojabochnia.pl\/?p=50582\"},\"author\":{\"name\":\"Pawe\u0142 Michalczyk\",\"@id\":\"https:\/\/www.mojabochnia.pl\/#\/schema\/person\/ea042e4724a77627963f02166828ead4\"},\"headline\":\"B\u0119d\u0105 kontrole dr\u00f3g po\u017carowych na osiedlach\",\"datePublished\":\"2011-05-25T05:32:01+00:00\",\"mainEntityOfPage\":{\"@id\":\"https:\/\/www.mojabochnia.pl\/?p=50582\"},\"wordCount\":240,\"commentCount\":0,\"publisher\":{\"@id\":\"https:\/\/www.mojabochnia.pl\/#organization\"},\"keywords\":[\"droga po\u017carowa\",\"holowanie\",\"kzrysztof kokoszka\",\"mandat\",\"osiedle\",\"policja\",\"po\u017car\",\"sprz\u0119t\",\"stra\u017c miejska\",\"stra\u017c po\u017carna\"],\"articleSection\":[\"2_ostatnie\",\"3_w centrum uwagi\",\"polityka i wydarzenia\",\"tematyka\"],\"inLanguage\":\"pl-PL\",\"potentialAction\":[{\"@type\":\"CommentAction\",\"name\":\"Comment\",\"target\":[\"https:\/\/www.mojabochnia.pl\/?p=50582#respond\"]}]},{\"@type\":\"WebPage\",\"@id\":\"https:\/\/www.mojabochnia.pl\/?p=50582\",\"url\":\"https:\/\/www.mojabochnia.pl\/?p=50582\",\"name\":\"B\u0119d\u0105 kontrole dr\u00f3g po\u017carowych na osiedlach - mojabochnia.pl - portal informacyjny\",\"isPartOf\":{\"@id\":\"https:\/\/www.mojabochnia.pl\/#website\"},\"datePublished\":\"2011-05-25T05:32:01+00:00\",\"breadcrumb\":{\"@id\":\"https:\/\/www.mojabochnia.pl\/?p=50582#breadcrumb\"},\"inLanguage\":\"pl-PL\",\"potentialAction\":[{\"@type\":\"ReadAction\",\"target\":[\"https:\/\/www.mojabochnia.pl\/?p=50582\"]}]},{\"@type\":\"BreadcrumbList\",\"@id\":\"https:\/\/www.mojabochnia.pl\/?p=50582#breadcrumb\",\"itemListElement\":[{\"@type\":\"ListItem\",\"position\":1,\"name\":\"Home\",\"item\":\"https:\/\/www.mojabochnia.pl\/\"},{\"@type\":\"ListItem\",\"position\":2,\"name\":\"B\u0119d\u0105 kontrole dr\u00f3g po\u017carowych na osiedlach\"}]},{\"@type\":\"WebSite\",\"@id\":\"https:\/\/www.mojabochnia.pl\/#website\",\"url\":\"https:\/\/www.mojabochnia.pl\/\",\"name\":\"mojabochnia.pl - portal informacyjny\",\"description\":\"mojaBochnia to portal informacyjny o Bochni. Codziennie o Bochni piszemy i pokazujemy najwa\u017cniejsze wydarzenia\",\"publisher\":{\"@id\":\"https:\/\/www.mojabochnia.pl\/#organization\"},\"potentialAction\":[{\"@type\":\"SearchAction\",\"target\":{\"@type\":\"EntryPoint\",\"urlTemplate\":\"https:\/\/www.mojabochnia.pl\/?s={search_term_string}\"},\"query-input\":{\"@type\":\"PropertyValueSpecification\",\"valueRequired\":true,\"valueName\":\"search_term_string\"}}],\"inLanguage\":\"pl-PL\"},{\"@type\":\"Organization\",\"@id\":\"https:\/\/www.mojabochnia.pl\/#organization\",\"name\":\"mojabochnia.pl - portal informacyjny\",\"url\":\"https:\/\/www.mojabochnia.pl\/\",\"logo\":{\"@type\":\"ImageObject\",\"inLanguage\":\"pl-PL\",\"@id\":\"https:\/\/www.mojabochnia.pl\/#\/schema\/logo\/image\/\",\"url\":\"https:\/\/www.mojabochnia.pl\/wp-content\/uploads\/2017\/08\/logo-mb-opt.png\",\"contentUrl\":\"https:\/\/www.mojabochnia.pl\/wp-content\/uploads\/2017\/08\/logo-mb-opt.png\",\"width\":250,\"height\":48,\"caption\":\"mojabochnia.pl - portal informacyjny\"},\"image\":{\"@id\":\"https:\/\/www.mojabochnia.pl\/#\/schema\/logo\/image\/\"},\"sameAs\":[\"https:\/\/www.facebook.com\/mojabochnia\"]},{\"@type\":\"Person\",\"@id\":\"https:\/\/www.mojabochnia.pl\/#\/schema\/person\/ea042e4724a77627963f02166828ead4\",\"name\":\"Pawe\u0142 Michalczyk\",\"url\":\"https:\/\/www.mojabochnia.pl\/?author=4\"}]}<\/script>\n<!-- \/ Yoast SEO plugin. -->","yoast_head_json":{"title":"B\u0119d\u0105 kontrole dr\u00f3g po\u017carowych na osiedlach - mojabochnia.pl - portal informacyjny","robots":{"index":"index","follow":"follow","max-snippet":"max-snippet:-1","max-image-preview":"max-image-preview:large","max-video-preview":"max-video-preview:-1"},"canonical":"https:\/\/www.mojabochnia.pl\/?p=50582","og_locale":"pl_PL","og_type":"article","og_title":"B\u0119d\u0105 kontrole dr\u00f3g po\u017carowych na osiedlach - mojabochnia.pl - portal informacyjny","og_description":"Stra\u017c po\u017carna apeluje: drogi po\u017carowe na osiedlach bywaj\u0105 nieprzejezdne. Zastawiaj\u0105 je kierowcy swoimi samochodami. To w istotny spos\u00f3b mo\u017ce op\u00f3\u017ani\u0107 akcj\u0119 ratownicz\u0105.","og_url":"https:\/\/www.mojabochnia.pl\/?p=50582","og_site_name":"mojabochnia.pl - portal informacyjny","article_publisher":"https:\/\/www.facebook.com\/mojabochnia","article_published_time":"2011-05-25T05:32:01+00:00","author":"Pawe\u0142 Michalczyk","twitter_card":"summary_large_image","twitter_misc":{"Written by":"Pawe\u0142 Michalczyk","Est. reading time":"1 minuta"},"schema":{"@context":"https:\/\/schema.org","@graph":[{"@type":"Article","@id":"https:\/\/www.mojabochnia.pl\/?p=50582#article","isPartOf":{"@id":"https:\/\/www.mojabochnia.pl\/?p=50582"},"author":{"name":"Pawe\u0142 Michalczyk","@id":"https:\/\/www.mojabochnia.pl\/#\/schema\/person\/ea042e4724a77627963f02166828ead4"},"headline":"B\u0119d\u0105 kontrole dr\u00f3g po\u017carowych na osiedlach","datePublished":"2011-05-25T05:32:01+00:00","mainEntityOfPage":{"@id":"https:\/\/www.mojabochnia.pl\/?p=50582"},"wordCount":240,"commentCount":0,"publisher":{"@id":"https:\/\/www.mojabochnia.pl\/#organization"},"keywords":["droga po\u017carowa","holowanie","kzrysztof kokoszka","mandat","osiedle","policja","po\u017car","sprz\u0119t","stra\u017c miejska","stra\u017c po\u017carna"],"articleSection":["2_ostatnie","3_w centrum uwagi","polityka i wydarzenia","tematyka"],"inLanguage":"pl-PL","potentialAction":[{"@type":"CommentAction","name":"Comment","target":["https:\/\/www.mojabochnia.pl\/?p=50582#respond"]}]},{"@type":"WebPage","@id":"https:\/\/www.mojabochnia.pl\/?p=50582","url":"https:\/\/www.mojabochnia.pl\/?p=50582","name":"B\u0119d\u0105 kontrole dr\u00f3g po\u017carowych na osiedlach - mojabochnia.pl - portal informacyjny","isPartOf":{"@id":"https:\/\/www.mojabochnia.pl\/#website"},"datePublished":"2011-05-25T05:32:01+00:00","breadcrumb":{"@id":"https:\/\/www.mojabochnia.pl\/?p=50582#breadcrumb"},"inLanguage":"pl-PL","potentialAction":[{"@type":"ReadAction","target":["https:\/\/www.mojabochnia.pl\/?p=50582"]}]},{"@type":"BreadcrumbList","@id":"https:\/\/www.mojabochnia.pl\/?p=50582#breadcrumb","itemListElement":[{"@type":"ListItem","position":1,"name":"Home","item":"https:\/\/www.mojabochnia.pl\/"},{"@type":"ListItem","position":2,"name":"B\u0119d\u0105 kontrole dr\u00f3g po\u017carowych na osiedlach"}]},{"@type":"WebSite","@id":"https:\/\/www.mojabochnia.pl\/#website","url":"https:\/\/www.mojabochnia.pl\/","name":"mojabochnia.pl - portal informacyjny","description":"mojaBochnia to portal informacyjny o Bochni. Codziennie o Bochni piszemy i pokazujemy najwa\u017cniejsze wydarzenia","publisher":{"@id":"https:\/\/www.mojabochnia.pl\/#organization"},"potentialAction":[{"@type":"SearchAction","target":{"@type":"EntryPoint","urlTemplate":"https:\/\/www.mojabochnia.pl\/?s={search_term_string}"},"query-input":{"@type":"PropertyValueSpecification","valueRequired":true,"valueName":"search_term_string"}}],"inLanguage":"pl-PL"},{"@type":"Organization","@id":"https:\/\/www.mojabochnia.pl\/#organization","name":"mojabochnia.pl - portal informacyjny","url":"https:\/\/www.mojabochnia.pl\/","logo":{"@type":"ImageObject","inLanguage":"pl-PL","@id":"https:\/\/www.mojabochnia.pl\/#\/schema\/logo\/image\/","url":"https:\/\/www.mojabochnia.pl\/wp-content\/uploads\/2017\/08\/logo-mb-opt.png","contentUrl":"https:\/\/www.mojabochnia.pl\/wp-content\/uploads\/2017\/08\/logo-mb-opt.png","width":250,"height":48,"caption":"mojabochnia.pl - portal informacyjny"},"image":{"@id":"https:\/\/www.mojabochnia.pl\/#\/schema\/logo\/image\/"},"sameAs":["https:\/\/www.facebook.com\/mojabochnia"]},{"@type":"Person","@id":"https:\/\/www.mojabochnia.pl\/#\/schema\/person\/ea042e4724a77627963f02166828ead4","name":"Pawe\u0142 Michalczyk","url":"https:\/\/www.mojabochnia.pl\/?author=4"}]}},"_links":{"self":[{"href":"https:\/\/www.mojabochnia.pl\/index.php?rest_route=\/wp\/v2\/posts\/50582","targetHints":{"allow":["GET"]}}],"collection":[{"href":"https:\/\/www.mojabochnia.pl\/index.php?rest_route=\/wp\/v2\/posts"}],"about":[{"href":"https:\/\/www.mojabochnia.pl\/index.php?rest_route=\/wp\/v2\/types\/post"}],"author":[{"embeddable":true,"href":"https:\/\/www.mojabochnia.pl\/index.php?rest_route=\/wp\/v2\/users\/4"}],"replies":[{"embeddable":true,"href":"https:\/\/www.mojabochnia.pl\/index.php?rest_route=%2Fwp%2Fv2%2Fcomments&post=50582"}],"version-history":[{"count":6,"href":"https:\/\/www.mojabochnia.pl\/index.php?rest_route=\/wp\/v2\/posts\/50582\/revisions"}],"predecessor-version":[{"id":50589,"href":"https:\/\/www.mojabochnia.pl\/index.php?rest_route=\/wp\/v2\/posts\/50582\/revisions\/50589"}],"wp:attachment":[{"href":"https:\/\/www.mojabochnia.pl\/index.php?rest_route=%2Fwp%2Fv2%2Fmedia&parent=50582"}],"wp:term":[{"taxonomy":"category","embeddable":true,"href":"https:\/\/www.mojabochnia.pl\/index.php?rest_route=%2Fwp%2Fv2%2Fcategories&post=50582"},{"taxonomy":"post_tag","embeddable":true,"href":"https:\/\/www.mojabochnia.pl\/index.php?rest_route=%2Fwp%2Fv2%2Ftags&post=50582"}],"curies":[{"name":"wp","href":"https:\/\/api.w.org\/{rel}","templated":true}]}}