{"id":50575,"date":"2011-05-24T18:26:21","date_gmt":"2011-05-24T16:26:21","guid":{"rendered":"http:\/\/www.mojabochnia.pl\/?p=50575"},"modified":"2011-05-25T11:12:01","modified_gmt":"2011-05-25T09:12:01","slug":"%e2%80%9emaslo-extra-bochenskie%e2%80%9d-pierwsze-%e2%80%9emagnacki-zadek%e2%80%9d-%e2%80%93-zamyka-liste","status":"publish","type":"post","link":"https:\/\/www.mojabochnia.pl\/?p=50575","title":{"rendered":"\u201eMas\u0142o extra boche\u0144skie\u201d pierwsze, \u201eMagnacki zadek\u201d \u2013 zamyka list\u0119"},"content":{"rendered":"<p><strong>Spo\u015br\u00f3d 18 wystawc\u00f3w jury nominowa\u0142o do etapu og\u00f3lnopolskiego:<\/strong><\/p>\n<p>\u201eMas\u0142o extra boche\u0144skie\u201d &#8211; Okr\u0119gowa Sp\u00f3\u0142dzielnia Mleczarska w Bochni <\/p>\n<p>\u201eKrem\u00f3wka krakowska\u201d &#8211; FPHU MELBA. Sp. w Krzeszowicach  <\/p>\n<p>\u201eMatias korzenny &#8211; filet \u015bledziowy &#8211; Przetw\u00f3rstwo Rybne KRAK-MARFISH w Poskwitowie<\/p>\n<p>\u201eBaba ziemniaczana\u201d &#8211; Ko\u0142o Gospody\u0144 Wiejskich \u201eWARKOCZ TAR\u0141\u00d3WNY\u201d w D\u0119bnie \u2013 <\/p>\n<p>\u201eGo\u0142\u0105bki w sosie grzybowym\u201d &#8211; Stowarzyszenie Kobiet Ko\u0142o Gospody\u0144 Wiejskich w Igo\u0142omi <\/p>\n<p>\u201eWino wi\u015bniowo &#8211; aroniowe\u201d \u2013 Ekologiczne Gospodarstwa Sadowniczego w Nowym  S\u0105czu<\/p>\n<p>\u201eKie\u0142basa wiejska\u201d &#8211; Zak\u0142ad Przetw\u00f3rstwa Mi\u0119snego H. Ko\u0142dras w Prosz\u00f3wkach<\/p>\n<p>\u201eCiasteczka ma\u015blane z bez\u0105\u201d &#8211; Piekarnia Z\u0142oty K\u0142os w Dobczycach<\/p>\n<p>\u201eCharsznicka kapusta kwaszona\u201d &#8211; Konfekcjonowanie i Sprzeda\u017c P\u0142od\u00f3w Rolnych Charsznicy  <\/p>\n<p>\u201eMagnacki zadek\u201d\u2013 Restauracja \u201eLAGUNA\u201d w Gorlicach.<\/p>\n","protected":false},"excerpt":{"rendered":"<p>\u201eMas\u0142o extra boche\u0144skie\u201d wygra\u0142o z \u201eKrem\u00f3wk\u0105 krakowsk\u0105\u201d, \u201eKie\u0142bas\u0105 wiejsk\u0105\u201d i \u201eMagnackim zadkiem\u201d, kt\u00f3ry &#8211; nomen omen &#8211; list\u0119 zamyka. Poni\u017cej &#8211; firmy, kt\u00f3re zawalcz\u0105 o tytu\u0142 &#8222;Polski Producent \u017bywno\u015bci 2011&#8221; i relacja TV z wydarzenia.<\/p>\n","protected":false},"author":4,"featured_media":0,"comment_status":"open","ping_status":"closed","sticky":false,"template":"","format":"standard","meta":{"_acf_changed":false,"footnotes":""},"categories":[5,6246,6251,6250,3633,3276],"tags":[17122,9201,9176,4112,1492],"class_list":["post-50575","post","type-post","status-publish","format-standard","hentry","category-biezace-wydarzenia","category-medium","category-polityka-i-wydarzenia","category-tematyka","category-tv","category-tv-flesz","tag-konkurs","tag-maslo","tag-polski-producent-zywnosci-2011","tag-produkt","tag-wyniki","main_tag-konkurs"],"acf":[],"yoast_head":"<!-- This site is optimized with the Yoast SEO plugin v26.9 - https:\/\/yoast.com\/product\/yoast-seo-wordpress\/ -->\n<title>\u201eMas\u0142o extra boche\u0144skie\u201d pierwsze, \u201eMagnacki zadek\u201d \u2013 zamyka list\u0119 - mojabochnia.pl - portal informacyjny<\/title>\n<meta name=\"robots\" content=\"index, follow, max-snippet:-1, max-image-preview:large, max-video-preview:-1\" \/>\n<link rel=\"canonical\" href=\"https:\/\/www.mojabochnia.pl\/?p=50575\" \/>\n<meta property=\"og:locale\" content=\"pl_PL\" \/>\n<meta property=\"og:type\" content=\"article\" \/>\n<meta property=\"og:title\" content=\"\u201eMas\u0142o extra boche\u0144skie\u201d pierwsze, \u201eMagnacki zadek\u201d \u2013 zamyka list\u0119 - mojabochnia.pl - portal informacyjny\" \/>\n<meta property=\"og:description\" content=\"\u201eMas\u0142o extra boche\u0144skie\u201d wygra\u0142o z \u201eKrem\u00f3wk\u0105 krakowsk\u0105\u201d, \u201eKie\u0142bas\u0105 wiejsk\u0105\u201d i \u201eMagnackim zadkiem\u201d, kt\u00f3ry - nomen omen - list\u0119 zamyka. Poni\u017cej - firmy, kt\u00f3re zawalcz\u0105 o tytu\u0142 &quot;Polski Producent \u017bywno\u015bci 2011&quot; i relacja TV z wydarzenia.\" \/>\n<meta property=\"og:url\" content=\"https:\/\/www.mojabochnia.pl\/?p=50575\" \/>\n<meta property=\"og:site_name\" content=\"mojabochnia.pl - portal informacyjny\" \/>\n<meta property=\"article:publisher\" content=\"https:\/\/www.facebook.com\/mojabochnia\" \/>\n<meta property=\"article:published_time\" content=\"2011-05-24T16:26:21+00:00\" \/>\n<meta property=\"article:modified_time\" content=\"2011-05-25T09:12:01+00:00\" \/>\n<meta name=\"author\" content=\"Pawe\u0142 Michalczyk\" \/>\n<meta name=\"twitter:card\" content=\"summary_large_image\" \/>\n<meta name=\"twitter:label1\" content=\"Written by\" \/>\n\t<meta name=\"twitter:data1\" content=\"Pawe\u0142 Michalczyk\" \/>\n\t<meta name=\"twitter:label2\" content=\"Est. reading time\" \/>\n\t<meta name=\"twitter:data2\" content=\"1 minuta\" \/>\n<script type=\"application\/ld+json\" class=\"yoast-schema-graph\">{\"@context\":\"https:\/\/schema.org\",\"@graph\":[{\"@type\":\"Article\",\"@id\":\"https:\/\/www.mojabochnia.pl\/?p=50575#article\",\"isPartOf\":{\"@id\":\"https:\/\/www.mojabochnia.pl\/?p=50575\"},\"author\":{\"name\":\"Pawe\u0142 Michalczyk\",\"@id\":\"https:\/\/www.mojabochnia.pl\/#\/schema\/person\/ea042e4724a77627963f02166828ead4\"},\"headline\":\"\u201eMas\u0142o extra boche\u0144skie\u201d pierwsze, \u201eMagnacki zadek\u201d \u2013 zamyka list\u0119\",\"datePublished\":\"2011-05-24T16:26:21+00:00\",\"dateModified\":\"2011-05-25T09:12:01+00:00\",\"mainEntityOfPage\":{\"@id\":\"https:\/\/www.mojabochnia.pl\/?p=50575\"},\"wordCount\":143,\"commentCount\":0,\"publisher\":{\"@id\":\"https:\/\/www.mojabochnia.pl\/#organization\"},\"keywords\":[\"konkurs\",\"mas\u0142o\",\"Polski Producent \u017bywno\u015bci 2011\",\"produkt\",\"wyniki\"],\"articleSection\":[\"2_ostatnie\",\"Medium\",\"polityka i wydarzenia\",\"tematyka\",\"TV\",\"TV Flesz\"],\"inLanguage\":\"pl-PL\",\"potentialAction\":[{\"@type\":\"CommentAction\",\"name\":\"Comment\",\"target\":[\"https:\/\/www.mojabochnia.pl\/?p=50575#respond\"]}]},{\"@type\":\"WebPage\",\"@id\":\"https:\/\/www.mojabochnia.pl\/?p=50575\",\"url\":\"https:\/\/www.mojabochnia.pl\/?p=50575\",\"name\":\"\u201eMas\u0142o extra boche\u0144skie\u201d pierwsze, \u201eMagnacki zadek\u201d \u2013 zamyka list\u0119 - mojabochnia.pl - portal informacyjny\",\"isPartOf\":{\"@id\":\"https:\/\/www.mojabochnia.pl\/#website\"},\"datePublished\":\"2011-05-24T16:26:21+00:00\",\"dateModified\":\"2011-05-25T09:12:01+00:00\",\"breadcrumb\":{\"@id\":\"https:\/\/www.mojabochnia.pl\/?p=50575#breadcrumb\"},\"inLanguage\":\"pl-PL\",\"potentialAction\":[{\"@type\":\"ReadAction\",\"target\":[\"https:\/\/www.mojabochnia.pl\/?p=50575\"]}]},{\"@type\":\"BreadcrumbList\",\"@id\":\"https:\/\/www.mojabochnia.pl\/?p=50575#breadcrumb\",\"itemListElement\":[{\"@type\":\"ListItem\",\"position\":1,\"name\":\"Home\",\"item\":\"https:\/\/www.mojabochnia.pl\/\"},{\"@type\":\"ListItem\",\"position\":2,\"name\":\"\u201eMas\u0142o extra boche\u0144skie\u201d pierwsze, \u201eMagnacki zadek\u201d \u2013 zamyka list\u0119\"}]},{\"@type\":\"WebSite\",\"@id\":\"https:\/\/www.mojabochnia.pl\/#website\",\"url\":\"https:\/\/www.mojabochnia.pl\/\",\"name\":\"mojabochnia.pl - portal informacyjny\",\"description\":\"mojaBochnia to portal informacyjny o Bochni. Codziennie o Bochni piszemy i pokazujemy najwa\u017cniejsze wydarzenia\",\"publisher\":{\"@id\":\"https:\/\/www.mojabochnia.pl\/#organization\"},\"potentialAction\":[{\"@type\":\"SearchAction\",\"target\":{\"@type\":\"EntryPoint\",\"urlTemplate\":\"https:\/\/www.mojabochnia.pl\/?s={search_term_string}\"},\"query-input\":{\"@type\":\"PropertyValueSpecification\",\"valueRequired\":true,\"valueName\":\"search_term_string\"}}],\"inLanguage\":\"pl-PL\"},{\"@type\":\"Organization\",\"@id\":\"https:\/\/www.mojabochnia.pl\/#organization\",\"name\":\"mojabochnia.pl - portal informacyjny\",\"url\":\"https:\/\/www.mojabochnia.pl\/\",\"logo\":{\"@type\":\"ImageObject\",\"inLanguage\":\"pl-PL\",\"@id\":\"https:\/\/www.mojabochnia.pl\/#\/schema\/logo\/image\/\",\"url\":\"https:\/\/www.mojabochnia.pl\/wp-content\/uploads\/2017\/08\/logo-mb-opt.png\",\"contentUrl\":\"https:\/\/www.mojabochnia.pl\/wp-content\/uploads\/2017\/08\/logo-mb-opt.png\",\"width\":250,\"height\":48,\"caption\":\"mojabochnia.pl - portal informacyjny\"},\"image\":{\"@id\":\"https:\/\/www.mojabochnia.pl\/#\/schema\/logo\/image\/\"},\"sameAs\":[\"https:\/\/www.facebook.com\/mojabochnia\"]},{\"@type\":\"Person\",\"@id\":\"https:\/\/www.mojabochnia.pl\/#\/schema\/person\/ea042e4724a77627963f02166828ead4\",\"name\":\"Pawe\u0142 Michalczyk\",\"url\":\"https:\/\/www.mojabochnia.pl\/?author=4\"}]}<\/script>\n<!-- \/ Yoast SEO plugin. -->","yoast_head_json":{"title":"\u201eMas\u0142o extra boche\u0144skie\u201d pierwsze, \u201eMagnacki zadek\u201d \u2013 zamyka list\u0119 - mojabochnia.pl - portal informacyjny","robots":{"index":"index","follow":"follow","max-snippet":"max-snippet:-1","max-image-preview":"max-image-preview:large","max-video-preview":"max-video-preview:-1"},"canonical":"https:\/\/www.mojabochnia.pl\/?p=50575","og_locale":"pl_PL","og_type":"article","og_title":"\u201eMas\u0142o extra boche\u0144skie\u201d pierwsze, \u201eMagnacki zadek\u201d \u2013 zamyka list\u0119 - mojabochnia.pl - portal informacyjny","og_description":"\u201eMas\u0142o extra boche\u0144skie\u201d wygra\u0142o z \u201eKrem\u00f3wk\u0105 krakowsk\u0105\u201d, \u201eKie\u0142bas\u0105 wiejsk\u0105\u201d i \u201eMagnackim zadkiem\u201d, kt\u00f3ry - nomen omen - list\u0119 zamyka. Poni\u017cej - firmy, kt\u00f3re zawalcz\u0105 o tytu\u0142 \"Polski Producent \u017bywno\u015bci 2011\" i relacja TV z wydarzenia.","og_url":"https:\/\/www.mojabochnia.pl\/?p=50575","og_site_name":"mojabochnia.pl - portal informacyjny","article_publisher":"https:\/\/www.facebook.com\/mojabochnia","article_published_time":"2011-05-24T16:26:21+00:00","article_modified_time":"2011-05-25T09:12:01+00:00","author":"Pawe\u0142 Michalczyk","twitter_card":"summary_large_image","twitter_misc":{"Written by":"Pawe\u0142 Michalczyk","Est. reading time":"1 minuta"},"schema":{"@context":"https:\/\/schema.org","@graph":[{"@type":"Article","@id":"https:\/\/www.mojabochnia.pl\/?p=50575#article","isPartOf":{"@id":"https:\/\/www.mojabochnia.pl\/?p=50575"},"author":{"name":"Pawe\u0142 Michalczyk","@id":"https:\/\/www.mojabochnia.pl\/#\/schema\/person\/ea042e4724a77627963f02166828ead4"},"headline":"\u201eMas\u0142o extra boche\u0144skie\u201d pierwsze, \u201eMagnacki zadek\u201d \u2013 zamyka list\u0119","datePublished":"2011-05-24T16:26:21+00:00","dateModified":"2011-05-25T09:12:01+00:00","mainEntityOfPage":{"@id":"https:\/\/www.mojabochnia.pl\/?p=50575"},"wordCount":143,"commentCount":0,"publisher":{"@id":"https:\/\/www.mojabochnia.pl\/#organization"},"keywords":["konkurs","mas\u0142o","Polski Producent \u017bywno\u015bci 2011","produkt","wyniki"],"articleSection":["2_ostatnie","Medium","polityka i wydarzenia","tematyka","TV","TV Flesz"],"inLanguage":"pl-PL","potentialAction":[{"@type":"CommentAction","name":"Comment","target":["https:\/\/www.mojabochnia.pl\/?p=50575#respond"]}]},{"@type":"WebPage","@id":"https:\/\/www.mojabochnia.pl\/?p=50575","url":"https:\/\/www.mojabochnia.pl\/?p=50575","name":"\u201eMas\u0142o extra boche\u0144skie\u201d pierwsze, \u201eMagnacki zadek\u201d \u2013 zamyka list\u0119 - mojabochnia.pl - portal informacyjny","isPartOf":{"@id":"https:\/\/www.mojabochnia.pl\/#website"},"datePublished":"2011-05-24T16:26:21+00:00","dateModified":"2011-05-25T09:12:01+00:00","breadcrumb":{"@id":"https:\/\/www.mojabochnia.pl\/?p=50575#breadcrumb"},"inLanguage":"pl-PL","potentialAction":[{"@type":"ReadAction","target":["https:\/\/www.mojabochnia.pl\/?p=50575"]}]},{"@type":"BreadcrumbList","@id":"https:\/\/www.mojabochnia.pl\/?p=50575#breadcrumb","itemListElement":[{"@type":"ListItem","position":1,"name":"Home","item":"https:\/\/www.mojabochnia.pl\/"},{"@type":"ListItem","position":2,"name":"\u201eMas\u0142o extra boche\u0144skie\u201d pierwsze, \u201eMagnacki zadek\u201d \u2013 zamyka list\u0119"}]},{"@type":"WebSite","@id":"https:\/\/www.mojabochnia.pl\/#website","url":"https:\/\/www.mojabochnia.pl\/","name":"mojabochnia.pl - portal informacyjny","description":"mojaBochnia to portal informacyjny o Bochni. Codziennie o Bochni piszemy i pokazujemy najwa\u017cniejsze wydarzenia","publisher":{"@id":"https:\/\/www.mojabochnia.pl\/#organization"},"potentialAction":[{"@type":"SearchAction","target":{"@type":"EntryPoint","urlTemplate":"https:\/\/www.mojabochnia.pl\/?s={search_term_string}"},"query-input":{"@type":"PropertyValueSpecification","valueRequired":true,"valueName":"search_term_string"}}],"inLanguage":"pl-PL"},{"@type":"Organization","@id":"https:\/\/www.mojabochnia.pl\/#organization","name":"mojabochnia.pl - portal informacyjny","url":"https:\/\/www.mojabochnia.pl\/","logo":{"@type":"ImageObject","inLanguage":"pl-PL","@id":"https:\/\/www.mojabochnia.pl\/#\/schema\/logo\/image\/","url":"https:\/\/www.mojabochnia.pl\/wp-content\/uploads\/2017\/08\/logo-mb-opt.png","contentUrl":"https:\/\/www.mojabochnia.pl\/wp-content\/uploads\/2017\/08\/logo-mb-opt.png","width":250,"height":48,"caption":"mojabochnia.pl - portal informacyjny"},"image":{"@id":"https:\/\/www.mojabochnia.pl\/#\/schema\/logo\/image\/"},"sameAs":["https:\/\/www.facebook.com\/mojabochnia"]},{"@type":"Person","@id":"https:\/\/www.mojabochnia.pl\/#\/schema\/person\/ea042e4724a77627963f02166828ead4","name":"Pawe\u0142 Michalczyk","url":"https:\/\/www.mojabochnia.pl\/?author=4"}]}},"_links":{"self":[{"href":"https:\/\/www.mojabochnia.pl\/index.php?rest_route=\/wp\/v2\/posts\/50575","targetHints":{"allow":["GET"]}}],"collection":[{"href":"https:\/\/www.mojabochnia.pl\/index.php?rest_route=\/wp\/v2\/posts"}],"about":[{"href":"https:\/\/www.mojabochnia.pl\/index.php?rest_route=\/wp\/v2\/types\/post"}],"author":[{"embeddable":true,"href":"https:\/\/www.mojabochnia.pl\/index.php?rest_route=\/wp\/v2\/users\/4"}],"replies":[{"embeddable":true,"href":"https:\/\/www.mojabochnia.pl\/index.php?rest_route=%2Fwp%2Fv2%2Fcomments&post=50575"}],"version-history":[{"count":8,"href":"https:\/\/www.mojabochnia.pl\/index.php?rest_route=\/wp\/v2\/posts\/50575\/revisions"}],"predecessor-version":[{"id":50620,"href":"https:\/\/www.mojabochnia.pl\/index.php?rest_route=\/wp\/v2\/posts\/50575\/revisions\/50620"}],"wp:attachment":[{"href":"https:\/\/www.mojabochnia.pl\/index.php?rest_route=%2Fwp%2Fv2%2Fmedia&parent=50575"}],"wp:term":[{"taxonomy":"category","embeddable":true,"href":"https:\/\/www.mojabochnia.pl\/index.php?rest_route=%2Fwp%2Fv2%2Fcategories&post=50575"},{"taxonomy":"post_tag","embeddable":true,"href":"https:\/\/www.mojabochnia.pl\/index.php?rest_route=%2Fwp%2Fv2%2Ftags&post=50575"}],"curies":[{"name":"wp","href":"https:\/\/api.w.org\/{rel}","templated":true}]}}