{"id":50421,"date":"2011-05-20T14:07:00","date_gmt":"2011-05-20T12:07:00","guid":{"rendered":"http:\/\/www.mojabochnia.pl\/?p=50421"},"modified":"2011-05-20T14:45:49","modified_gmt":"2011-05-20T12:45:49","slug":"nie-bedzie-wspolnej-sesji-rady-miasta-i-powiatu","status":"publish","type":"post","link":"https:\/\/www.mojabochnia.pl\/?p=50421","title":{"rendered":"Nie b\u0119dzie wsp\u00f3lnej sesji rady miasta i powiatu"},"content":{"rendered":"<p>Jak powiedzia\u0142 nam Aleksander Rzepecki, przewodnicz\u0105cy rady powiatu w Bochni, 1 czerwca w sali narad starostwa obrady b\u0119d\u0105 mia\u0142y charakter uroczysty. Wyrazem tego b\u0119dzie m.in. wyst\u0119p ch\u00f3ru Pueri Cantores Sancti Nicolai. <\/p>\n<p>Wed\u0142ug s\u0142\u00f3w szefa rady powiatu, wsp\u00f3lna sesja nie odb\u0119dzie si\u0119, bo nie by\u0142o w jej sprawie pe\u0142nej zgody po stronie miasta. Kazimierz \u015acis\u0142o, przewodnicz\u0105cy rady miejskiej m\u00f3wi, \u017ce radni uznali, i\u017c dop\u00f3ki nie ma zakupionej dzia\u0142ki, wsp\u00f3lna sesja nie powinna by\u0107 organizowana. Dodaje, \u017ce miasto na pewno zaanga\u017cuje si\u0119 w projekt.<\/p>\n","protected":false},"excerpt":{"rendered":"<p>Planowana wsp\u00f3lna sesja rad miejskiej i powiatowej nie odb\u0119dzie si\u0119. Mia\u0142a by\u0107 ona po\u015bwi\u0119cona przyj\u0119ciu uchwa\u0142y intencyjnej na temat budowy Centrum Solidarno\u015bci Spo\u0142ecznej przy ul. Karolina. 1 czerwca uchwa\u0142\u0119 tak\u0105 przyjm\u0105 jedynie radni powiatowi.<\/p>\n","protected":false},"author":4,"featured_media":0,"comment_status":"open","ping_status":"closed","sticky":false,"template":"","format":"standard","meta":{"_acf_changed":false,"footnotes":""},"categories":[5,6251,6250],"tags":[605,17980,17490,1450,6161,17451],"class_list":["post-50421","post","type-post","status-publish","format-standard","hentry","category-biezace-wydarzenia","category-polityka-i-wydarzenia","category-tematyka","tag-aleksander-rzepecki","tag-centrum-solidarnosci-spolecznej","tag-chor","tag-pueri-cantores-sancti-nicolai","tag-sesja-rady-miejskiej","tag-sesja-rady-powiatu","main_tag-sesja-rady-powiatu"],"acf":[],"yoast_head":"<!-- This site is optimized with the Yoast SEO plugin v26.9 - https:\/\/yoast.com\/product\/yoast-seo-wordpress\/ -->\n<title>Nie b\u0119dzie wsp\u00f3lnej sesji rady miasta i powiatu - mojabochnia.pl - portal informacyjny<\/title>\n<meta name=\"robots\" content=\"index, follow, max-snippet:-1, max-image-preview:large, max-video-preview:-1\" \/>\n<link rel=\"canonical\" href=\"https:\/\/www.mojabochnia.pl\/?p=50421\" \/>\n<meta property=\"og:locale\" content=\"pl_PL\" \/>\n<meta property=\"og:type\" content=\"article\" \/>\n<meta property=\"og:title\" content=\"Nie b\u0119dzie wsp\u00f3lnej sesji rady miasta i powiatu - mojabochnia.pl - portal informacyjny\" \/>\n<meta property=\"og:description\" content=\"Planowana wsp\u00f3lna sesja rad miejskiej i powiatowej nie odb\u0119dzie si\u0119. Mia\u0142a by\u0107 ona po\u015bwi\u0119cona przyj\u0119ciu uchwa\u0142y intencyjnej na temat budowy Centrum Solidarno\u015bci Spo\u0142ecznej przy ul. Karolina. 1 czerwca uchwa\u0142\u0119 tak\u0105 przyjm\u0105 jedynie radni powiatowi.\" \/>\n<meta property=\"og:url\" content=\"https:\/\/www.mojabochnia.pl\/?p=50421\" \/>\n<meta property=\"og:site_name\" content=\"mojabochnia.pl - portal informacyjny\" \/>\n<meta property=\"article:publisher\" content=\"https:\/\/www.facebook.com\/mojabochnia\" \/>\n<meta property=\"article:published_time\" content=\"2011-05-20T12:07:00+00:00\" \/>\n<meta property=\"article:modified_time\" content=\"2011-05-20T12:45:49+00:00\" \/>\n<meta name=\"author\" content=\"Pawe\u0142 Michalczyk\" \/>\n<meta name=\"twitter:card\" content=\"summary_large_image\" \/>\n<meta name=\"twitter:label1\" content=\"Written by\" \/>\n\t<meta name=\"twitter:data1\" content=\"Pawe\u0142 Michalczyk\" \/>\n\t<meta name=\"twitter:label2\" content=\"Est. reading time\" \/>\n\t<meta name=\"twitter:data2\" content=\"1 minuta\" \/>\n<script type=\"application\/ld+json\" class=\"yoast-schema-graph\">{\"@context\":\"https:\/\/schema.org\",\"@graph\":[{\"@type\":\"Article\",\"@id\":\"https:\/\/www.mojabochnia.pl\/?p=50421#article\",\"isPartOf\":{\"@id\":\"https:\/\/www.mojabochnia.pl\/?p=50421\"},\"author\":{\"name\":\"Pawe\u0142 Michalczyk\",\"@id\":\"https:\/\/www.mojabochnia.pl\/#\/schema\/person\/ea042e4724a77627963f02166828ead4\"},\"headline\":\"Nie b\u0119dzie wsp\u00f3lnej sesji rady miasta i powiatu\",\"datePublished\":\"2011-05-20T12:07:00+00:00\",\"dateModified\":\"2011-05-20T12:45:49+00:00\",\"mainEntityOfPage\":{\"@id\":\"https:\/\/www.mojabochnia.pl\/?p=50421\"},\"wordCount\":111,\"commentCount\":0,\"publisher\":{\"@id\":\"https:\/\/www.mojabochnia.pl\/#organization\"},\"keywords\":[\"aleksander rzepecki\",\"centrum solidarno\u015bci spo\u0142ecznej\",\"ch\u00f3r\",\"pueri cantores sancti nicolai\",\"sesja rady miejskiej\",\"sesja rady powiatu\"],\"articleSection\":[\"2_ostatnie\",\"polityka i wydarzenia\",\"tematyka\"],\"inLanguage\":\"pl-PL\",\"potentialAction\":[{\"@type\":\"CommentAction\",\"name\":\"Comment\",\"target\":[\"https:\/\/www.mojabochnia.pl\/?p=50421#respond\"]}]},{\"@type\":\"WebPage\",\"@id\":\"https:\/\/www.mojabochnia.pl\/?p=50421\",\"url\":\"https:\/\/www.mojabochnia.pl\/?p=50421\",\"name\":\"Nie b\u0119dzie wsp\u00f3lnej sesji rady miasta i powiatu - mojabochnia.pl - portal informacyjny\",\"isPartOf\":{\"@id\":\"https:\/\/www.mojabochnia.pl\/#website\"},\"datePublished\":\"2011-05-20T12:07:00+00:00\",\"dateModified\":\"2011-05-20T12:45:49+00:00\",\"breadcrumb\":{\"@id\":\"https:\/\/www.mojabochnia.pl\/?p=50421#breadcrumb\"},\"inLanguage\":\"pl-PL\",\"potentialAction\":[{\"@type\":\"ReadAction\",\"target\":[\"https:\/\/www.mojabochnia.pl\/?p=50421\"]}]},{\"@type\":\"BreadcrumbList\",\"@id\":\"https:\/\/www.mojabochnia.pl\/?p=50421#breadcrumb\",\"itemListElement\":[{\"@type\":\"ListItem\",\"position\":1,\"name\":\"Home\",\"item\":\"https:\/\/www.mojabochnia.pl\/\"},{\"@type\":\"ListItem\",\"position\":2,\"name\":\"Nie b\u0119dzie wsp\u00f3lnej sesji rady miasta i powiatu\"}]},{\"@type\":\"WebSite\",\"@id\":\"https:\/\/www.mojabochnia.pl\/#website\",\"url\":\"https:\/\/www.mojabochnia.pl\/\",\"name\":\"mojabochnia.pl - portal informacyjny\",\"description\":\"mojaBochnia to portal informacyjny o Bochni. Codziennie o Bochni piszemy i pokazujemy najwa\u017cniejsze wydarzenia\",\"publisher\":{\"@id\":\"https:\/\/www.mojabochnia.pl\/#organization\"},\"potentialAction\":[{\"@type\":\"SearchAction\",\"target\":{\"@type\":\"EntryPoint\",\"urlTemplate\":\"https:\/\/www.mojabochnia.pl\/?s={search_term_string}\"},\"query-input\":{\"@type\":\"PropertyValueSpecification\",\"valueRequired\":true,\"valueName\":\"search_term_string\"}}],\"inLanguage\":\"pl-PL\"},{\"@type\":\"Organization\",\"@id\":\"https:\/\/www.mojabochnia.pl\/#organization\",\"name\":\"mojabochnia.pl - portal informacyjny\",\"url\":\"https:\/\/www.mojabochnia.pl\/\",\"logo\":{\"@type\":\"ImageObject\",\"inLanguage\":\"pl-PL\",\"@id\":\"https:\/\/www.mojabochnia.pl\/#\/schema\/logo\/image\/\",\"url\":\"https:\/\/www.mojabochnia.pl\/wp-content\/uploads\/2017\/08\/logo-mb-opt.png\",\"contentUrl\":\"https:\/\/www.mojabochnia.pl\/wp-content\/uploads\/2017\/08\/logo-mb-opt.png\",\"width\":250,\"height\":48,\"caption\":\"mojabochnia.pl - portal informacyjny\"},\"image\":{\"@id\":\"https:\/\/www.mojabochnia.pl\/#\/schema\/logo\/image\/\"},\"sameAs\":[\"https:\/\/www.facebook.com\/mojabochnia\"]},{\"@type\":\"Person\",\"@id\":\"https:\/\/www.mojabochnia.pl\/#\/schema\/person\/ea042e4724a77627963f02166828ead4\",\"name\":\"Pawe\u0142 Michalczyk\",\"url\":\"https:\/\/www.mojabochnia.pl\/?author=4\"}]}<\/script>\n<!-- \/ Yoast SEO plugin. -->","yoast_head_json":{"title":"Nie b\u0119dzie wsp\u00f3lnej sesji rady miasta i powiatu - mojabochnia.pl - portal informacyjny","robots":{"index":"index","follow":"follow","max-snippet":"max-snippet:-1","max-image-preview":"max-image-preview:large","max-video-preview":"max-video-preview:-1"},"canonical":"https:\/\/www.mojabochnia.pl\/?p=50421","og_locale":"pl_PL","og_type":"article","og_title":"Nie b\u0119dzie wsp\u00f3lnej sesji rady miasta i powiatu - mojabochnia.pl - portal informacyjny","og_description":"Planowana wsp\u00f3lna sesja rad miejskiej i powiatowej nie odb\u0119dzie si\u0119. Mia\u0142a by\u0107 ona po\u015bwi\u0119cona przyj\u0119ciu uchwa\u0142y intencyjnej na temat budowy Centrum Solidarno\u015bci Spo\u0142ecznej przy ul. Karolina. 1 czerwca uchwa\u0142\u0119 tak\u0105 przyjm\u0105 jedynie radni powiatowi.","og_url":"https:\/\/www.mojabochnia.pl\/?p=50421","og_site_name":"mojabochnia.pl - portal informacyjny","article_publisher":"https:\/\/www.facebook.com\/mojabochnia","article_published_time":"2011-05-20T12:07:00+00:00","article_modified_time":"2011-05-20T12:45:49+00:00","author":"Pawe\u0142 Michalczyk","twitter_card":"summary_large_image","twitter_misc":{"Written by":"Pawe\u0142 Michalczyk","Est. reading time":"1 minuta"},"schema":{"@context":"https:\/\/schema.org","@graph":[{"@type":"Article","@id":"https:\/\/www.mojabochnia.pl\/?p=50421#article","isPartOf":{"@id":"https:\/\/www.mojabochnia.pl\/?p=50421"},"author":{"name":"Pawe\u0142 Michalczyk","@id":"https:\/\/www.mojabochnia.pl\/#\/schema\/person\/ea042e4724a77627963f02166828ead4"},"headline":"Nie b\u0119dzie wsp\u00f3lnej sesji rady miasta i powiatu","datePublished":"2011-05-20T12:07:00+00:00","dateModified":"2011-05-20T12:45:49+00:00","mainEntityOfPage":{"@id":"https:\/\/www.mojabochnia.pl\/?p=50421"},"wordCount":111,"commentCount":0,"publisher":{"@id":"https:\/\/www.mojabochnia.pl\/#organization"},"keywords":["aleksander rzepecki","centrum solidarno\u015bci spo\u0142ecznej","ch\u00f3r","pueri cantores sancti nicolai","sesja rady miejskiej","sesja rady powiatu"],"articleSection":["2_ostatnie","polityka i wydarzenia","tematyka"],"inLanguage":"pl-PL","potentialAction":[{"@type":"CommentAction","name":"Comment","target":["https:\/\/www.mojabochnia.pl\/?p=50421#respond"]}]},{"@type":"WebPage","@id":"https:\/\/www.mojabochnia.pl\/?p=50421","url":"https:\/\/www.mojabochnia.pl\/?p=50421","name":"Nie b\u0119dzie wsp\u00f3lnej sesji rady miasta i powiatu - mojabochnia.pl - portal informacyjny","isPartOf":{"@id":"https:\/\/www.mojabochnia.pl\/#website"},"datePublished":"2011-05-20T12:07:00+00:00","dateModified":"2011-05-20T12:45:49+00:00","breadcrumb":{"@id":"https:\/\/www.mojabochnia.pl\/?p=50421#breadcrumb"},"inLanguage":"pl-PL","potentialAction":[{"@type":"ReadAction","target":["https:\/\/www.mojabochnia.pl\/?p=50421"]}]},{"@type":"BreadcrumbList","@id":"https:\/\/www.mojabochnia.pl\/?p=50421#breadcrumb","itemListElement":[{"@type":"ListItem","position":1,"name":"Home","item":"https:\/\/www.mojabochnia.pl\/"},{"@type":"ListItem","position":2,"name":"Nie b\u0119dzie wsp\u00f3lnej sesji rady miasta i powiatu"}]},{"@type":"WebSite","@id":"https:\/\/www.mojabochnia.pl\/#website","url":"https:\/\/www.mojabochnia.pl\/","name":"mojabochnia.pl - portal informacyjny","description":"mojaBochnia to portal informacyjny o Bochni. Codziennie o Bochni piszemy i pokazujemy najwa\u017cniejsze wydarzenia","publisher":{"@id":"https:\/\/www.mojabochnia.pl\/#organization"},"potentialAction":[{"@type":"SearchAction","target":{"@type":"EntryPoint","urlTemplate":"https:\/\/www.mojabochnia.pl\/?s={search_term_string}"},"query-input":{"@type":"PropertyValueSpecification","valueRequired":true,"valueName":"search_term_string"}}],"inLanguage":"pl-PL"},{"@type":"Organization","@id":"https:\/\/www.mojabochnia.pl\/#organization","name":"mojabochnia.pl - portal informacyjny","url":"https:\/\/www.mojabochnia.pl\/","logo":{"@type":"ImageObject","inLanguage":"pl-PL","@id":"https:\/\/www.mojabochnia.pl\/#\/schema\/logo\/image\/","url":"https:\/\/www.mojabochnia.pl\/wp-content\/uploads\/2017\/08\/logo-mb-opt.png","contentUrl":"https:\/\/www.mojabochnia.pl\/wp-content\/uploads\/2017\/08\/logo-mb-opt.png","width":250,"height":48,"caption":"mojabochnia.pl - portal informacyjny"},"image":{"@id":"https:\/\/www.mojabochnia.pl\/#\/schema\/logo\/image\/"},"sameAs":["https:\/\/www.facebook.com\/mojabochnia"]},{"@type":"Person","@id":"https:\/\/www.mojabochnia.pl\/#\/schema\/person\/ea042e4724a77627963f02166828ead4","name":"Pawe\u0142 Michalczyk","url":"https:\/\/www.mojabochnia.pl\/?author=4"}]}},"_links":{"self":[{"href":"https:\/\/www.mojabochnia.pl\/index.php?rest_route=\/wp\/v2\/posts\/50421","targetHints":{"allow":["GET"]}}],"collection":[{"href":"https:\/\/www.mojabochnia.pl\/index.php?rest_route=\/wp\/v2\/posts"}],"about":[{"href":"https:\/\/www.mojabochnia.pl\/index.php?rest_route=\/wp\/v2\/types\/post"}],"author":[{"embeddable":true,"href":"https:\/\/www.mojabochnia.pl\/index.php?rest_route=\/wp\/v2\/users\/4"}],"replies":[{"embeddable":true,"href":"https:\/\/www.mojabochnia.pl\/index.php?rest_route=%2Fwp%2Fv2%2Fcomments&post=50421"}],"version-history":[{"count":7,"href":"https:\/\/www.mojabochnia.pl\/index.php?rest_route=\/wp\/v2\/posts\/50421\/revisions"}],"predecessor-version":[{"id":50438,"href":"https:\/\/www.mojabochnia.pl\/index.php?rest_route=\/wp\/v2\/posts\/50421\/revisions\/50438"}],"wp:attachment":[{"href":"https:\/\/www.mojabochnia.pl\/index.php?rest_route=%2Fwp%2Fv2%2Fmedia&parent=50421"}],"wp:term":[{"taxonomy":"category","embeddable":true,"href":"https:\/\/www.mojabochnia.pl\/index.php?rest_route=%2Fwp%2Fv2%2Fcategories&post=50421"},{"taxonomy":"post_tag","embeddable":true,"href":"https:\/\/www.mojabochnia.pl\/index.php?rest_route=%2Fwp%2Fv2%2Ftags&post=50421"}],"curies":[{"name":"wp","href":"https:\/\/api.w.org\/{rel}","templated":true}]}}