{"id":50411,"date":"2011-05-21T08:01:37","date_gmt":"2011-05-21T06:01:37","guid":{"rendered":"http:\/\/www.mojabochnia.pl\/?p=50411"},"modified":"2011-05-21T22:05:20","modified_gmt":"2011-05-21T20:05:20","slug":"bazylika-bedzie-remont-xviii-wiecznej-pasji","status":"publish","type":"post","link":"https:\/\/www.mojabochnia.pl\/?p=50411","title":{"rendered":"Bazylika: b\u0119dzie remont XVIII-wiecznej pasji"},"content":{"rendered":"<p>Obiekt pochodzi z pocz\u0105tku XVIII w. \u2013 <em>Na czele belki stoi krzy\u017c, po prawej stronie posta\u0107 \u015bw. Jana, a po lewej posta\u0107 Matki Naj\u015bwi\u0119tszej. Jest to belka drewniana, poniewa\u017c czas robi swoje, podejmujemy si\u0119 jej konserwacji<\/em> &#8211; m\u00f3wi ks. Zdzis\u0142aw Sadko, proboszcz parafii \u015bw. Miko\u0142aja. <\/p>\n<p>Konserwacja belki poch\u0142onie ponad 240 tys. z\u0142. Parafia stara si\u0119 o 100 tys. z\u0142 dotacji od konserwatora zabytk\u00f3w. Prace rozpoczn\u0105 si\u0119 na pocz\u0105tku czerwca i potrwaj\u0105 do jesieni. <\/p>\n","protected":false},"excerpt":{"rendered":"<p>Zabytkowa scena ukrzy\u017cowania w bazylice \u015bw. Miko\u0142aja w Bochni zostanie poddana konserwacji. Tzw. belka t\u0119czowa ze scen\u0105 ukrzy\u017cowania znajduje si\u0119 nad wej\u015bciem do prezbiterium. <\/p>\n","protected":false},"author":4,"featured_media":0,"comment_status":"open","ping_status":"closed","sticky":false,"template":"","format":"standard","meta":{"_acf_changed":false,"footnotes":""},"categories":[5,11,6250,1342],"tags":[17608,9174,17248,17732,384,9175,17369],"class_list":["post-50411","post","type-post","status-publish","format-standard","hentry","category-biezace-wydarzenia","category-top-temat","category-tematyka","category-zycie-religijne","tag-bazylika","tag-belka-teczowa","tag-ks-zdzislaw-sadko","tag-pasja","tag-sanktuarium","tag-scena-ukrzyzowania","tag-zabytek","main_tag-bazylika"],"acf":[],"yoast_head":"<!-- This site is optimized with the Yoast SEO plugin v26.9 - https:\/\/yoast.com\/product\/yoast-seo-wordpress\/ -->\n<title>Bazylika: b\u0119dzie remont XVIII-wiecznej pasji - mojabochnia.pl - portal informacyjny<\/title>\n<meta name=\"robots\" content=\"index, follow, max-snippet:-1, max-image-preview:large, max-video-preview:-1\" \/>\n<link rel=\"canonical\" href=\"https:\/\/www.mojabochnia.pl\/?p=50411\" \/>\n<meta property=\"og:locale\" content=\"pl_PL\" \/>\n<meta property=\"og:type\" content=\"article\" \/>\n<meta property=\"og:title\" content=\"Bazylika: b\u0119dzie remont XVIII-wiecznej pasji - mojabochnia.pl - portal informacyjny\" \/>\n<meta property=\"og:description\" content=\"Zabytkowa scena ukrzy\u017cowania w bazylice \u015bw. Miko\u0142aja w Bochni zostanie poddana konserwacji. Tzw. belka t\u0119czowa ze scen\u0105 ukrzy\u017cowania znajduje si\u0119 nad wej\u015bciem do prezbiterium.\" \/>\n<meta property=\"og:url\" content=\"https:\/\/www.mojabochnia.pl\/?p=50411\" \/>\n<meta property=\"og:site_name\" content=\"mojabochnia.pl - portal informacyjny\" \/>\n<meta property=\"article:publisher\" content=\"https:\/\/www.facebook.com\/mojabochnia\" \/>\n<meta property=\"article:published_time\" content=\"2011-05-21T06:01:37+00:00\" \/>\n<meta property=\"article:modified_time\" content=\"2011-05-21T20:05:20+00:00\" \/>\n<meta name=\"author\" content=\"Pawe\u0142 Michalczyk\" \/>\n<meta name=\"twitter:card\" content=\"summary_large_image\" \/>\n<meta name=\"twitter:label1\" content=\"Written by\" \/>\n\t<meta name=\"twitter:data1\" content=\"Pawe\u0142 Michalczyk\" \/>\n<script type=\"application\/ld+json\" class=\"yoast-schema-graph\">{\"@context\":\"https:\/\/schema.org\",\"@graph\":[{\"@type\":\"Article\",\"@id\":\"https:\/\/www.mojabochnia.pl\/?p=50411#article\",\"isPartOf\":{\"@id\":\"https:\/\/www.mojabochnia.pl\/?p=50411\"},\"author\":{\"name\":\"Pawe\u0142 Michalczyk\",\"@id\":\"https:\/\/www.mojabochnia.pl\/#\/schema\/person\/ea042e4724a77627963f02166828ead4\"},\"headline\":\"Bazylika: b\u0119dzie remont XVIII-wiecznej pasji\",\"datePublished\":\"2011-05-21T06:01:37+00:00\",\"dateModified\":\"2011-05-21T20:05:20+00:00\",\"mainEntityOfPage\":{\"@id\":\"https:\/\/www.mojabochnia.pl\/?p=50411\"},\"wordCount\":85,\"commentCount\":0,\"publisher\":{\"@id\":\"https:\/\/www.mojabochnia.pl\/#organization\"},\"keywords\":[\"bazylika\",\"belka t\u0119czowa\",\"ks. zdzis\u0142aw sadko\",\"pasja\",\"sanktuarium\",\"scena ukrzy\u017cowania\",\"zabytek\"],\"articleSection\":[\"2_ostatnie\",\"3_w centrum uwagi\",\"tematyka\",\"\u017bycie religijne\"],\"inLanguage\":\"pl-PL\",\"potentialAction\":[{\"@type\":\"CommentAction\",\"name\":\"Comment\",\"target\":[\"https:\/\/www.mojabochnia.pl\/?p=50411#respond\"]}]},{\"@type\":\"WebPage\",\"@id\":\"https:\/\/www.mojabochnia.pl\/?p=50411\",\"url\":\"https:\/\/www.mojabochnia.pl\/?p=50411\",\"name\":\"Bazylika: b\u0119dzie remont XVIII-wiecznej pasji - mojabochnia.pl - portal informacyjny\",\"isPartOf\":{\"@id\":\"https:\/\/www.mojabochnia.pl\/#website\"},\"datePublished\":\"2011-05-21T06:01:37+00:00\",\"dateModified\":\"2011-05-21T20:05:20+00:00\",\"breadcrumb\":{\"@id\":\"https:\/\/www.mojabochnia.pl\/?p=50411#breadcrumb\"},\"inLanguage\":\"pl-PL\",\"potentialAction\":[{\"@type\":\"ReadAction\",\"target\":[\"https:\/\/www.mojabochnia.pl\/?p=50411\"]}]},{\"@type\":\"BreadcrumbList\",\"@id\":\"https:\/\/www.mojabochnia.pl\/?p=50411#breadcrumb\",\"itemListElement\":[{\"@type\":\"ListItem\",\"position\":1,\"name\":\"Home\",\"item\":\"https:\/\/www.mojabochnia.pl\/\"},{\"@type\":\"ListItem\",\"position\":2,\"name\":\"Bazylika: b\u0119dzie remont XVIII-wiecznej pasji\"}]},{\"@type\":\"WebSite\",\"@id\":\"https:\/\/www.mojabochnia.pl\/#website\",\"url\":\"https:\/\/www.mojabochnia.pl\/\",\"name\":\"mojabochnia.pl - portal informacyjny\",\"description\":\"mojaBochnia to portal informacyjny o Bochni. Codziennie o Bochni piszemy i pokazujemy najwa\u017cniejsze wydarzenia\",\"publisher\":{\"@id\":\"https:\/\/www.mojabochnia.pl\/#organization\"},\"potentialAction\":[{\"@type\":\"SearchAction\",\"target\":{\"@type\":\"EntryPoint\",\"urlTemplate\":\"https:\/\/www.mojabochnia.pl\/?s={search_term_string}\"},\"query-input\":{\"@type\":\"PropertyValueSpecification\",\"valueRequired\":true,\"valueName\":\"search_term_string\"}}],\"inLanguage\":\"pl-PL\"},{\"@type\":\"Organization\",\"@id\":\"https:\/\/www.mojabochnia.pl\/#organization\",\"name\":\"mojabochnia.pl - portal informacyjny\",\"url\":\"https:\/\/www.mojabochnia.pl\/\",\"logo\":{\"@type\":\"ImageObject\",\"inLanguage\":\"pl-PL\",\"@id\":\"https:\/\/www.mojabochnia.pl\/#\/schema\/logo\/image\/\",\"url\":\"https:\/\/www.mojabochnia.pl\/wp-content\/uploads\/2017\/08\/logo-mb-opt.png\",\"contentUrl\":\"https:\/\/www.mojabochnia.pl\/wp-content\/uploads\/2017\/08\/logo-mb-opt.png\",\"width\":250,\"height\":48,\"caption\":\"mojabochnia.pl - portal informacyjny\"},\"image\":{\"@id\":\"https:\/\/www.mojabochnia.pl\/#\/schema\/logo\/image\/\"},\"sameAs\":[\"https:\/\/www.facebook.com\/mojabochnia\"]},{\"@type\":\"Person\",\"@id\":\"https:\/\/www.mojabochnia.pl\/#\/schema\/person\/ea042e4724a77627963f02166828ead4\",\"name\":\"Pawe\u0142 Michalczyk\",\"url\":\"https:\/\/www.mojabochnia.pl\/?author=4\"}]}<\/script>\n<!-- \/ Yoast SEO plugin. -->","yoast_head_json":{"title":"Bazylika: b\u0119dzie remont XVIII-wiecznej pasji - mojabochnia.pl - portal informacyjny","robots":{"index":"index","follow":"follow","max-snippet":"max-snippet:-1","max-image-preview":"max-image-preview:large","max-video-preview":"max-video-preview:-1"},"canonical":"https:\/\/www.mojabochnia.pl\/?p=50411","og_locale":"pl_PL","og_type":"article","og_title":"Bazylika: b\u0119dzie remont XVIII-wiecznej pasji - mojabochnia.pl - portal informacyjny","og_description":"Zabytkowa scena ukrzy\u017cowania w bazylice \u015bw. Miko\u0142aja w Bochni zostanie poddana konserwacji. Tzw. belka t\u0119czowa ze scen\u0105 ukrzy\u017cowania znajduje si\u0119 nad wej\u015bciem do prezbiterium.","og_url":"https:\/\/www.mojabochnia.pl\/?p=50411","og_site_name":"mojabochnia.pl - portal informacyjny","article_publisher":"https:\/\/www.facebook.com\/mojabochnia","article_published_time":"2011-05-21T06:01:37+00:00","article_modified_time":"2011-05-21T20:05:20+00:00","author":"Pawe\u0142 Michalczyk","twitter_card":"summary_large_image","twitter_misc":{"Written by":"Pawe\u0142 Michalczyk"},"schema":{"@context":"https:\/\/schema.org","@graph":[{"@type":"Article","@id":"https:\/\/www.mojabochnia.pl\/?p=50411#article","isPartOf":{"@id":"https:\/\/www.mojabochnia.pl\/?p=50411"},"author":{"name":"Pawe\u0142 Michalczyk","@id":"https:\/\/www.mojabochnia.pl\/#\/schema\/person\/ea042e4724a77627963f02166828ead4"},"headline":"Bazylika: b\u0119dzie remont XVIII-wiecznej pasji","datePublished":"2011-05-21T06:01:37+00:00","dateModified":"2011-05-21T20:05:20+00:00","mainEntityOfPage":{"@id":"https:\/\/www.mojabochnia.pl\/?p=50411"},"wordCount":85,"commentCount":0,"publisher":{"@id":"https:\/\/www.mojabochnia.pl\/#organization"},"keywords":["bazylika","belka t\u0119czowa","ks. zdzis\u0142aw sadko","pasja","sanktuarium","scena ukrzy\u017cowania","zabytek"],"articleSection":["2_ostatnie","3_w centrum uwagi","tematyka","\u017bycie religijne"],"inLanguage":"pl-PL","potentialAction":[{"@type":"CommentAction","name":"Comment","target":["https:\/\/www.mojabochnia.pl\/?p=50411#respond"]}]},{"@type":"WebPage","@id":"https:\/\/www.mojabochnia.pl\/?p=50411","url":"https:\/\/www.mojabochnia.pl\/?p=50411","name":"Bazylika: b\u0119dzie remont XVIII-wiecznej pasji - mojabochnia.pl - portal informacyjny","isPartOf":{"@id":"https:\/\/www.mojabochnia.pl\/#website"},"datePublished":"2011-05-21T06:01:37+00:00","dateModified":"2011-05-21T20:05:20+00:00","breadcrumb":{"@id":"https:\/\/www.mojabochnia.pl\/?p=50411#breadcrumb"},"inLanguage":"pl-PL","potentialAction":[{"@type":"ReadAction","target":["https:\/\/www.mojabochnia.pl\/?p=50411"]}]},{"@type":"BreadcrumbList","@id":"https:\/\/www.mojabochnia.pl\/?p=50411#breadcrumb","itemListElement":[{"@type":"ListItem","position":1,"name":"Home","item":"https:\/\/www.mojabochnia.pl\/"},{"@type":"ListItem","position":2,"name":"Bazylika: b\u0119dzie remont XVIII-wiecznej pasji"}]},{"@type":"WebSite","@id":"https:\/\/www.mojabochnia.pl\/#website","url":"https:\/\/www.mojabochnia.pl\/","name":"mojabochnia.pl - portal informacyjny","description":"mojaBochnia to portal informacyjny o Bochni. Codziennie o Bochni piszemy i pokazujemy najwa\u017cniejsze wydarzenia","publisher":{"@id":"https:\/\/www.mojabochnia.pl\/#organization"},"potentialAction":[{"@type":"SearchAction","target":{"@type":"EntryPoint","urlTemplate":"https:\/\/www.mojabochnia.pl\/?s={search_term_string}"},"query-input":{"@type":"PropertyValueSpecification","valueRequired":true,"valueName":"search_term_string"}}],"inLanguage":"pl-PL"},{"@type":"Organization","@id":"https:\/\/www.mojabochnia.pl\/#organization","name":"mojabochnia.pl - portal informacyjny","url":"https:\/\/www.mojabochnia.pl\/","logo":{"@type":"ImageObject","inLanguage":"pl-PL","@id":"https:\/\/www.mojabochnia.pl\/#\/schema\/logo\/image\/","url":"https:\/\/www.mojabochnia.pl\/wp-content\/uploads\/2017\/08\/logo-mb-opt.png","contentUrl":"https:\/\/www.mojabochnia.pl\/wp-content\/uploads\/2017\/08\/logo-mb-opt.png","width":250,"height":48,"caption":"mojabochnia.pl - portal informacyjny"},"image":{"@id":"https:\/\/www.mojabochnia.pl\/#\/schema\/logo\/image\/"},"sameAs":["https:\/\/www.facebook.com\/mojabochnia"]},{"@type":"Person","@id":"https:\/\/www.mojabochnia.pl\/#\/schema\/person\/ea042e4724a77627963f02166828ead4","name":"Pawe\u0142 Michalczyk","url":"https:\/\/www.mojabochnia.pl\/?author=4"}]}},"_links":{"self":[{"href":"https:\/\/www.mojabochnia.pl\/index.php?rest_route=\/wp\/v2\/posts\/50411","targetHints":{"allow":["GET"]}}],"collection":[{"href":"https:\/\/www.mojabochnia.pl\/index.php?rest_route=\/wp\/v2\/posts"}],"about":[{"href":"https:\/\/www.mojabochnia.pl\/index.php?rest_route=\/wp\/v2\/types\/post"}],"author":[{"embeddable":true,"href":"https:\/\/www.mojabochnia.pl\/index.php?rest_route=\/wp\/v2\/users\/4"}],"replies":[{"embeddable":true,"href":"https:\/\/www.mojabochnia.pl\/index.php?rest_route=%2Fwp%2Fv2%2Fcomments&post=50411"}],"version-history":[{"count":6,"href":"https:\/\/www.mojabochnia.pl\/index.php?rest_route=\/wp\/v2\/posts\/50411\/revisions"}],"predecessor-version":[{"id":50460,"href":"https:\/\/www.mojabochnia.pl\/index.php?rest_route=\/wp\/v2\/posts\/50411\/revisions\/50460"}],"wp:attachment":[{"href":"https:\/\/www.mojabochnia.pl\/index.php?rest_route=%2Fwp%2Fv2%2Fmedia&parent=50411"}],"wp:term":[{"taxonomy":"category","embeddable":true,"href":"https:\/\/www.mojabochnia.pl\/index.php?rest_route=%2Fwp%2Fv2%2Fcategories&post=50411"},{"taxonomy":"post_tag","embeddable":true,"href":"https:\/\/www.mojabochnia.pl\/index.php?rest_route=%2Fwp%2Fv2%2Ftags&post=50411"}],"curies":[{"name":"wp","href":"https:\/\/api.w.org\/{rel}","templated":true}]}}