{"id":50395,"date":"2011-05-20T12:34:32","date_gmt":"2011-05-20T10:34:32","guid":{"rendered":"http:\/\/www.mojabochnia.pl\/?p=50395"},"modified":"2011-05-21T22:42:04","modified_gmt":"2011-05-21T20:42:04","slug":"paulina-bisztyga-duet-w-kapciach-i-marek-piekarczyk-akustyczny-koncert-na-zamku-w-wisniczu","status":"publish","type":"post","link":"https:\/\/www.mojabochnia.pl\/?p=50395","title":{"rendered":"Paulina Bisztyga, Duet w Kapciach i Marek Piekarczyk &#8211; akustyczny koncert na zamku w Wi\u015bniczu"},"content":{"rendered":"<p>Wi\u015bnickie Inicjatywy Artystyczne &#8211; w skr\u00f3cie &#8222;Wi\u015bnia&#8221; to inicjatywa absolwent\u00f3w Liceum Plastycznego na czele z grafikiem Leszkiem Nowakiem. W ramach projektu od listopada ubieg\u0142ego roku w szkole odbywa\u0142o si\u0119 5 spotka\u0144 uczni\u00f3w z absolwentami &#8222;plastyka&#8221;. &#8211; <em>Ich przyjazdy wi\u0105za\u0142y si\u0119 z opowie\u015bciami o tym, co dalej, po Wi\u015bniczu, jak uk\u0142ada\u0142y si\u0119 ich artystyczne drogi <\/em>&#8211; m\u00f3wi Barbara Szota &#8211; Rekie\u0107, wsp\u00f3\u0142koordynator projektu z ramienia szko\u0142y.<\/p>\n<p>Po latach, szko\u0142\u0119 odwiedzili m.in. malarz Kazimierz Fr\u0105czek, grafik Damian Styrna, czy aktor Jacek Jachowicz, a tak\u017ce re\u017cyserzy filmowi, fotograficy, pedagodzy. Uczniowie mieli okazj\u0119 do tej pory wys\u0142ucha\u0107 wspomnie\u0144 i rad 9 absolwent\u00f3w. Wiadomo ju\u017c, \u017ce projekt ma by\u0107 kontynuowany w przysz\u0142ym roku szkolnym, a jak m\u00f3wi Barbara Szota &#8211; Rekie\u0107 &#8211; jego formu\u0142a by\u0107 mo\u017ce poszerzy si\u0119 o specjalnie przygotowywane przez absolwent\u00f3w warsztaty zawodowe. <\/p>\n<p>Koncert na zamku w Wi\u015bniczu w poniedzia\u0142ek, 23 maja o godz. 17.30 b\u0119dzie podsumowaniem tegorocznej dzia\u0142alno\u015bci &#8222;Wi\u015bni&#8221;. Na dziedzi\u0144cu wyst\u0105pi\u0105: Paulina Bisztyga, Tadeusz Apryjas, Grzegorz Kapcia, Jacek Borowiecki i Marek Piekarczyk.<\/p>\n<p>Impreza skierowana jest do kr\u0119gu sympatyk\u00f3w wi\u015bnickiego plastyka, dlatego wst\u0119p b\u0119dzie mo\u017cliwy za okazaniem specjalnego zaproszenia.<\/p>\n","protected":false},"excerpt":{"rendered":"<p>&#8222;Wi\u015bnia&#8221; &#8211; dzia\u0142aj\u0105cy od listopada ubieg\u0142ego roku projekt absolwent\u00f3w Liceum Sztuk Plastycznych, kt\u00f3rego celem jest pokazanie uczniom szko\u0142y mo\u017cliwo\u015bci jakie czekaj\u0105 ich po maturze -ko\u0144czy tegoroczny cykl spotka\u0144. W poniedzia\u0142ek na dziedzi\u0144cu wi\u015bnickiego zamku odb\u0119dzie si\u0119 akustyczny koncert &#8211; wyst\u0105pi m. in. Marek Piekarczyk.<\/p>\n","protected":false},"author":25,"featured_media":0,"comment_status":"open","ping_status":"closed","sticky":false,"template":"","format":"standard","meta":{"_acf_changed":false,"footnotes":""},"categories":[5,92,6250],"tags":[3833,9171,2138,2641,17108,9172,17379,17123,9170,17674,17287,7684,17274,17133],"class_list":["post-50395","post","type-post","status-publish","format-standard","hentry","category-biezace-wydarzenia","category-kultura","category-tematyka","tag-absolwenci","tag-barbara-szota-kierec","tag-duet-w-kapciach","tag-inicjatywa","tag-koncert","tag-leszek-nowak","tag-marek-piekarczyk","tag-muzyka","tag-paulina-bisztyga","tag-plastyk","tag-projekt","tag-spotkania","tag-sztuka","tag-zamek","main_tag-kultura"],"acf":[],"yoast_head":"<!-- This site is optimized with the Yoast SEO plugin v26.9 - https:\/\/yoast.com\/product\/yoast-seo-wordpress\/ -->\n<title>Paulina Bisztyga, Duet w Kapciach i Marek Piekarczyk - akustyczny koncert na zamku w Wi\u015bniczu - mojabochnia.pl - portal informacyjny<\/title>\n<meta name=\"robots\" content=\"index, follow, max-snippet:-1, max-image-preview:large, max-video-preview:-1\" \/>\n<link rel=\"canonical\" href=\"https:\/\/www.mojabochnia.pl\/?p=50395\" \/>\n<meta property=\"og:locale\" content=\"pl_PL\" \/>\n<meta property=\"og:type\" content=\"article\" \/>\n<meta property=\"og:title\" content=\"Paulina Bisztyga, Duet w Kapciach i Marek Piekarczyk - akustyczny koncert na zamku w Wi\u015bniczu - mojabochnia.pl - portal informacyjny\" \/>\n<meta property=\"og:description\" content=\"&quot;Wi\u015bnia&quot; - dzia\u0142aj\u0105cy od listopada ubieg\u0142ego roku projekt absolwent\u00f3w Liceum Sztuk Plastycznych, kt\u00f3rego celem jest pokazanie uczniom szko\u0142y mo\u017cliwo\u015bci jakie czekaj\u0105 ich po maturze -ko\u0144czy tegoroczny cykl spotka\u0144. W poniedzia\u0142ek na dziedzi\u0144cu wi\u015bnickiego zamku odb\u0119dzie si\u0119 akustyczny koncert - wyst\u0105pi m. in. Marek Piekarczyk.\" \/>\n<meta property=\"og:url\" content=\"https:\/\/www.mojabochnia.pl\/?p=50395\" \/>\n<meta property=\"og:site_name\" content=\"mojabochnia.pl - portal informacyjny\" \/>\n<meta property=\"article:publisher\" content=\"https:\/\/www.facebook.com\/mojabochnia\" \/>\n<meta property=\"article:published_time\" content=\"2011-05-20T10:34:32+00:00\" \/>\n<meta property=\"article:modified_time\" content=\"2011-05-21T20:42:04+00:00\" \/>\n<meta name=\"author\" content=\"Weronika Kucharska\" \/>\n<meta name=\"twitter:card\" content=\"summary_large_image\" \/>\n<meta name=\"twitter:label1\" content=\"Written by\" \/>\n\t<meta name=\"twitter:data1\" content=\"Weronika Kucharska\" \/>\n\t<meta name=\"twitter:label2\" content=\"Est. reading time\" \/>\n\t<meta name=\"twitter:data2\" content=\"1 minuta\" \/>\n<script type=\"application\/ld+json\" class=\"yoast-schema-graph\">{\"@context\":\"https:\/\/schema.org\",\"@graph\":[{\"@type\":\"Article\",\"@id\":\"https:\/\/www.mojabochnia.pl\/?p=50395#article\",\"isPartOf\":{\"@id\":\"https:\/\/www.mojabochnia.pl\/?p=50395\"},\"author\":{\"name\":\"Weronika Kucharska\",\"@id\":\"https:\/\/www.mojabochnia.pl\/#\/schema\/person\/8515edb0b31efb661d6df7949969c0ff\"},\"headline\":\"Paulina Bisztyga, Duet w Kapciach i Marek Piekarczyk &#8211; akustyczny koncert na zamku w Wi\u015bniczu\",\"datePublished\":\"2011-05-20T10:34:32+00:00\",\"dateModified\":\"2011-05-21T20:42:04+00:00\",\"mainEntityOfPage\":{\"@id\":\"https:\/\/www.mojabochnia.pl\/?p=50395\"},\"wordCount\":230,\"commentCount\":0,\"publisher\":{\"@id\":\"https:\/\/www.mojabochnia.pl\/#organization\"},\"keywords\":[\"absolwenci\",\"barbara szota kiere\u0107\",\"duet w kapciach\",\"inicjatywa\",\"koncert\",\"leszek nowak\",\"marek piekarczyk\",\"muzyka\",\"paulina bisztyga\",\"plastyk\",\"projekt\",\"spotkania\",\"sztuka\",\"zamek\"],\"articleSection\":[\"2_ostatnie\",\"kultura\",\"tematyka\"],\"inLanguage\":\"pl-PL\",\"potentialAction\":[{\"@type\":\"CommentAction\",\"name\":\"Comment\",\"target\":[\"https:\/\/www.mojabochnia.pl\/?p=50395#respond\"]}]},{\"@type\":\"WebPage\",\"@id\":\"https:\/\/www.mojabochnia.pl\/?p=50395\",\"url\":\"https:\/\/www.mojabochnia.pl\/?p=50395\",\"name\":\"Paulina Bisztyga, Duet w Kapciach i Marek Piekarczyk - akustyczny koncert na zamku w Wi\u015bniczu - mojabochnia.pl - portal informacyjny\",\"isPartOf\":{\"@id\":\"https:\/\/www.mojabochnia.pl\/#website\"},\"datePublished\":\"2011-05-20T10:34:32+00:00\",\"dateModified\":\"2011-05-21T20:42:04+00:00\",\"breadcrumb\":{\"@id\":\"https:\/\/www.mojabochnia.pl\/?p=50395#breadcrumb\"},\"inLanguage\":\"pl-PL\",\"potentialAction\":[{\"@type\":\"ReadAction\",\"target\":[\"https:\/\/www.mojabochnia.pl\/?p=50395\"]}]},{\"@type\":\"BreadcrumbList\",\"@id\":\"https:\/\/www.mojabochnia.pl\/?p=50395#breadcrumb\",\"itemListElement\":[{\"@type\":\"ListItem\",\"position\":1,\"name\":\"Home\",\"item\":\"https:\/\/www.mojabochnia.pl\/\"},{\"@type\":\"ListItem\",\"position\":2,\"name\":\"Paulina Bisztyga, Duet w Kapciach i Marek Piekarczyk &#8211; akustyczny koncert na zamku w Wi\u015bniczu\"}]},{\"@type\":\"WebSite\",\"@id\":\"https:\/\/www.mojabochnia.pl\/#website\",\"url\":\"https:\/\/www.mojabochnia.pl\/\",\"name\":\"mojabochnia.pl - portal informacyjny\",\"description\":\"mojaBochnia to portal informacyjny o Bochni. Codziennie o Bochni piszemy i pokazujemy najwa\u017cniejsze wydarzenia\",\"publisher\":{\"@id\":\"https:\/\/www.mojabochnia.pl\/#organization\"},\"potentialAction\":[{\"@type\":\"SearchAction\",\"target\":{\"@type\":\"EntryPoint\",\"urlTemplate\":\"https:\/\/www.mojabochnia.pl\/?s={search_term_string}\"},\"query-input\":{\"@type\":\"PropertyValueSpecification\",\"valueRequired\":true,\"valueName\":\"search_term_string\"}}],\"inLanguage\":\"pl-PL\"},{\"@type\":\"Organization\",\"@id\":\"https:\/\/www.mojabochnia.pl\/#organization\",\"name\":\"mojabochnia.pl - portal informacyjny\",\"url\":\"https:\/\/www.mojabochnia.pl\/\",\"logo\":{\"@type\":\"ImageObject\",\"inLanguage\":\"pl-PL\",\"@id\":\"https:\/\/www.mojabochnia.pl\/#\/schema\/logo\/image\/\",\"url\":\"https:\/\/www.mojabochnia.pl\/wp-content\/uploads\/2017\/08\/logo-mb-opt.png\",\"contentUrl\":\"https:\/\/www.mojabochnia.pl\/wp-content\/uploads\/2017\/08\/logo-mb-opt.png\",\"width\":250,\"height\":48,\"caption\":\"mojabochnia.pl - portal informacyjny\"},\"image\":{\"@id\":\"https:\/\/www.mojabochnia.pl\/#\/schema\/logo\/image\/\"},\"sameAs\":[\"https:\/\/www.facebook.com\/mojabochnia\"]},{\"@type\":\"Person\",\"@id\":\"https:\/\/www.mojabochnia.pl\/#\/schema\/person\/8515edb0b31efb661d6df7949969c0ff\",\"name\":\"Weronika Kucharska\",\"url\":\"https:\/\/www.mojabochnia.pl\/?author=25\"}]}<\/script>\n<!-- \/ Yoast SEO plugin. -->","yoast_head_json":{"title":"Paulina Bisztyga, Duet w Kapciach i Marek Piekarczyk - akustyczny koncert na zamku w Wi\u015bniczu - mojabochnia.pl - portal informacyjny","robots":{"index":"index","follow":"follow","max-snippet":"max-snippet:-1","max-image-preview":"max-image-preview:large","max-video-preview":"max-video-preview:-1"},"canonical":"https:\/\/www.mojabochnia.pl\/?p=50395","og_locale":"pl_PL","og_type":"article","og_title":"Paulina Bisztyga, Duet w Kapciach i Marek Piekarczyk - akustyczny koncert na zamku w Wi\u015bniczu - mojabochnia.pl - portal informacyjny","og_description":"\"Wi\u015bnia\" - dzia\u0142aj\u0105cy od listopada ubieg\u0142ego roku projekt absolwent\u00f3w Liceum Sztuk Plastycznych, kt\u00f3rego celem jest pokazanie uczniom szko\u0142y mo\u017cliwo\u015bci jakie czekaj\u0105 ich po maturze -ko\u0144czy tegoroczny cykl spotka\u0144. W poniedzia\u0142ek na dziedzi\u0144cu wi\u015bnickiego zamku odb\u0119dzie si\u0119 akustyczny koncert - wyst\u0105pi m. in. Marek Piekarczyk.","og_url":"https:\/\/www.mojabochnia.pl\/?p=50395","og_site_name":"mojabochnia.pl - portal informacyjny","article_publisher":"https:\/\/www.facebook.com\/mojabochnia","article_published_time":"2011-05-20T10:34:32+00:00","article_modified_time":"2011-05-21T20:42:04+00:00","author":"Weronika Kucharska","twitter_card":"summary_large_image","twitter_misc":{"Written by":"Weronika Kucharska","Est. reading time":"1 minuta"},"schema":{"@context":"https:\/\/schema.org","@graph":[{"@type":"Article","@id":"https:\/\/www.mojabochnia.pl\/?p=50395#article","isPartOf":{"@id":"https:\/\/www.mojabochnia.pl\/?p=50395"},"author":{"name":"Weronika Kucharska","@id":"https:\/\/www.mojabochnia.pl\/#\/schema\/person\/8515edb0b31efb661d6df7949969c0ff"},"headline":"Paulina Bisztyga, Duet w Kapciach i Marek Piekarczyk &#8211; akustyczny koncert na zamku w Wi\u015bniczu","datePublished":"2011-05-20T10:34:32+00:00","dateModified":"2011-05-21T20:42:04+00:00","mainEntityOfPage":{"@id":"https:\/\/www.mojabochnia.pl\/?p=50395"},"wordCount":230,"commentCount":0,"publisher":{"@id":"https:\/\/www.mojabochnia.pl\/#organization"},"keywords":["absolwenci","barbara szota kiere\u0107","duet w kapciach","inicjatywa","koncert","leszek nowak","marek piekarczyk","muzyka","paulina bisztyga","plastyk","projekt","spotkania","sztuka","zamek"],"articleSection":["2_ostatnie","kultura","tematyka"],"inLanguage":"pl-PL","potentialAction":[{"@type":"CommentAction","name":"Comment","target":["https:\/\/www.mojabochnia.pl\/?p=50395#respond"]}]},{"@type":"WebPage","@id":"https:\/\/www.mojabochnia.pl\/?p=50395","url":"https:\/\/www.mojabochnia.pl\/?p=50395","name":"Paulina Bisztyga, Duet w Kapciach i Marek Piekarczyk - akustyczny koncert na zamku w Wi\u015bniczu - mojabochnia.pl - portal informacyjny","isPartOf":{"@id":"https:\/\/www.mojabochnia.pl\/#website"},"datePublished":"2011-05-20T10:34:32+00:00","dateModified":"2011-05-21T20:42:04+00:00","breadcrumb":{"@id":"https:\/\/www.mojabochnia.pl\/?p=50395#breadcrumb"},"inLanguage":"pl-PL","potentialAction":[{"@type":"ReadAction","target":["https:\/\/www.mojabochnia.pl\/?p=50395"]}]},{"@type":"BreadcrumbList","@id":"https:\/\/www.mojabochnia.pl\/?p=50395#breadcrumb","itemListElement":[{"@type":"ListItem","position":1,"name":"Home","item":"https:\/\/www.mojabochnia.pl\/"},{"@type":"ListItem","position":2,"name":"Paulina Bisztyga, Duet w Kapciach i Marek Piekarczyk &#8211; akustyczny koncert na zamku w Wi\u015bniczu"}]},{"@type":"WebSite","@id":"https:\/\/www.mojabochnia.pl\/#website","url":"https:\/\/www.mojabochnia.pl\/","name":"mojabochnia.pl - portal informacyjny","description":"mojaBochnia to portal informacyjny o Bochni. Codziennie o Bochni piszemy i pokazujemy najwa\u017cniejsze wydarzenia","publisher":{"@id":"https:\/\/www.mojabochnia.pl\/#organization"},"potentialAction":[{"@type":"SearchAction","target":{"@type":"EntryPoint","urlTemplate":"https:\/\/www.mojabochnia.pl\/?s={search_term_string}"},"query-input":{"@type":"PropertyValueSpecification","valueRequired":true,"valueName":"search_term_string"}}],"inLanguage":"pl-PL"},{"@type":"Organization","@id":"https:\/\/www.mojabochnia.pl\/#organization","name":"mojabochnia.pl - portal informacyjny","url":"https:\/\/www.mojabochnia.pl\/","logo":{"@type":"ImageObject","inLanguage":"pl-PL","@id":"https:\/\/www.mojabochnia.pl\/#\/schema\/logo\/image\/","url":"https:\/\/www.mojabochnia.pl\/wp-content\/uploads\/2017\/08\/logo-mb-opt.png","contentUrl":"https:\/\/www.mojabochnia.pl\/wp-content\/uploads\/2017\/08\/logo-mb-opt.png","width":250,"height":48,"caption":"mojabochnia.pl - portal informacyjny"},"image":{"@id":"https:\/\/www.mojabochnia.pl\/#\/schema\/logo\/image\/"},"sameAs":["https:\/\/www.facebook.com\/mojabochnia"]},{"@type":"Person","@id":"https:\/\/www.mojabochnia.pl\/#\/schema\/person\/8515edb0b31efb661d6df7949969c0ff","name":"Weronika Kucharska","url":"https:\/\/www.mojabochnia.pl\/?author=25"}]}},"_links":{"self":[{"href":"https:\/\/www.mojabochnia.pl\/index.php?rest_route=\/wp\/v2\/posts\/50395","targetHints":{"allow":["GET"]}}],"collection":[{"href":"https:\/\/www.mojabochnia.pl\/index.php?rest_route=\/wp\/v2\/posts"}],"about":[{"href":"https:\/\/www.mojabochnia.pl\/index.php?rest_route=\/wp\/v2\/types\/post"}],"author":[{"embeddable":true,"href":"https:\/\/www.mojabochnia.pl\/index.php?rest_route=\/wp\/v2\/users\/25"}],"replies":[{"embeddable":true,"href":"https:\/\/www.mojabochnia.pl\/index.php?rest_route=%2Fwp%2Fv2%2Fcomments&post=50395"}],"version-history":[{"count":7,"href":"https:\/\/www.mojabochnia.pl\/index.php?rest_route=\/wp\/v2\/posts\/50395\/revisions"}],"predecessor-version":[{"id":50462,"href":"https:\/\/www.mojabochnia.pl\/index.php?rest_route=\/wp\/v2\/posts\/50395\/revisions\/50462"}],"wp:attachment":[{"href":"https:\/\/www.mojabochnia.pl\/index.php?rest_route=%2Fwp%2Fv2%2Fmedia&parent=50395"}],"wp:term":[{"taxonomy":"category","embeddable":true,"href":"https:\/\/www.mojabochnia.pl\/index.php?rest_route=%2Fwp%2Fv2%2Fcategories&post=50395"},{"taxonomy":"post_tag","embeddable":true,"href":"https:\/\/www.mojabochnia.pl\/index.php?rest_route=%2Fwp%2Fv2%2Ftags&post=50395"}],"curies":[{"name":"wp","href":"https:\/\/api.w.org\/{rel}","templated":true}]}}