{"id":50234,"date":"2011-05-18T14:17:51","date_gmt":"2011-05-18T12:17:51","guid":{"rendered":"http:\/\/www.mojabochnia.pl\/?p=50234"},"modified":"2011-05-19T14:25:25","modified_gmt":"2011-05-19T12:25:25","slug":"pokaz-mody-i-otwarte-pokazy-cyrkowe-w-niedziele-w-borku","status":"publish","type":"post","link":"https:\/\/www.mojabochnia.pl\/?p=50234","title":{"rendered":"Pokaz mody i otwarte pokazy cyrkowe w niedziel\u0119 w Borku"},"content":{"rendered":"<p><strong>Program imprez w Borku &#8211; VII Spotkania Zespo\u0142\u00f3w Artystycznych i X Ma\u0142opolski Gwia\u017adzisty Zlot Rowerowy &#8211; 22 maja 2011<\/strong><\/p>\n<p><strong>11.00<\/strong> rozpocz\u0119cie zlotu rowerowego<\/p>\n<p><strong>11.15<\/strong> tr\u00f3jb\u00f3j vip\u00f3w<\/p>\n<p><strong>11.30 &#8211; 12.30<\/strong> koncert Orkiestry D\u0119tej z Okulic<\/p>\n<p><strong>12.00 &#8211; 13.45<\/strong> blok konkurencji sportowo &#8211; rekreacyjnych<\/p>\n<p>14.00 cyrkowe pokazy Grupy Teatralnej &#8222;Lustro&#8221;<\/p>\n<p><strong>14.30<\/strong> zako\u0144czenie zlotu, wr\u0119czenie nagr\u00f3d, losowanie rower\u00f3w<\/p>\n<p><strong>15.15<\/strong> rozpocz\u0119cie VII Spotka\u0144 Zespo\u0142\u00f3w Artystycznych<\/p>\n<p><strong>15.25<\/strong> koncert zespo\u0142u Feta Band<\/p>\n<p><strong>17.15<\/strong> losowanie nagr\u00f3d w konkursie &#8222;Bia\u0142o &#8211; czerwony balkony&#8221;<\/p>\n<p><strong>17.25<\/strong> cyrkowe pokazy Grupy Teatralnej &#8222;Lustro&#8221;<\/p>\n<p><strong>17.40<\/strong> koncert zespo\u0142u Ton Mix<\/p>\n<p><strong>20.00<\/strong> pokaz mody &#8211; kolekcja Anny Kmiecik i Moniki Styrny <\/p>\n<p><strong>21.00<\/strong> koncert kapeli Baciary<\/p>\n<p><strong>23.00 &#8211; 24.00<\/strong> dyskoteka <\/p>\n","protected":false},"excerpt":{"rendered":"<p>W najbli\u017csz\u0105 niedziel\u0119 na terenie Centrum Aktywnego Wypoczynku w Borku odbywa\u0107 si\u0119 b\u0119dzie ca\u0142odniowa impreza rodzinna. Od godzin popo\u0142udniowych trwa\u0107 b\u0119d\u0105 tam VII Spotkania Zespo\u0142\u00f3w Artystycznych. Poni\u017cej szczeg\u00f3\u0142y imprez.<\/p>\n","protected":false},"author":25,"featured_media":0,"comment_status":"open","ping_status":"closed","sticky":false,"template":"","format":"standard","meta":{"_acf_changed":false,"footnotes":""},"categories":[5,92,6250],"tags":[15,17796,17,17838,17292,17108,17135,4125,17671,9147],"class_list":["post-50234","post","type-post","status-publish","format-standard","hentry","category-biezace-wydarzenia","category-kultura","category-tematyka","tag-borek","tag-caw-borek","tag-centrum-aktywnego-wypoczynku-borek","tag-cyrk","tag-impreza","tag-koncert","tag-kultura","tag-malopolski-gwiazdzisty-zlot-rowerowy","tag-pokaz-mody","tag-spotkania-zespolow-artystycznych","main_tag-impreza"],"acf":[],"yoast_head":"<!-- This site is optimized with the Yoast SEO plugin v26.9 - https:\/\/yoast.com\/product\/yoast-seo-wordpress\/ -->\n<title>Pokaz mody i otwarte pokazy cyrkowe w niedziel\u0119 w Borku - mojabochnia.pl - portal informacyjny<\/title>\n<meta name=\"robots\" content=\"index, follow, max-snippet:-1, max-image-preview:large, max-video-preview:-1\" \/>\n<link rel=\"canonical\" href=\"https:\/\/www.mojabochnia.pl\/?p=50234\" \/>\n<meta property=\"og:locale\" content=\"pl_PL\" \/>\n<meta property=\"og:type\" content=\"article\" \/>\n<meta property=\"og:title\" content=\"Pokaz mody i otwarte pokazy cyrkowe w niedziel\u0119 w Borku - mojabochnia.pl - portal informacyjny\" \/>\n<meta property=\"og:description\" content=\"W najbli\u017csz\u0105 niedziel\u0119 na terenie Centrum Aktywnego Wypoczynku w Borku odbywa\u0107 si\u0119 b\u0119dzie ca\u0142odniowa impreza rodzinna. Od godzin popo\u0142udniowych trwa\u0107 b\u0119d\u0105 tam VII Spotkania Zespo\u0142\u00f3w Artystycznych. Poni\u017cej szczeg\u00f3\u0142y imprez.\" \/>\n<meta property=\"og:url\" content=\"https:\/\/www.mojabochnia.pl\/?p=50234\" \/>\n<meta property=\"og:site_name\" content=\"mojabochnia.pl - portal informacyjny\" \/>\n<meta property=\"article:publisher\" content=\"https:\/\/www.facebook.com\/mojabochnia\" \/>\n<meta property=\"article:published_time\" content=\"2011-05-18T12:17:51+00:00\" \/>\n<meta property=\"article:modified_time\" content=\"2011-05-19T12:25:25+00:00\" \/>\n<meta name=\"author\" content=\"Weronika Kucharska\" \/>\n<meta name=\"twitter:card\" content=\"summary_large_image\" \/>\n<meta name=\"twitter:label1\" content=\"Written by\" \/>\n\t<meta name=\"twitter:data1\" content=\"Weronika Kucharska\" \/>\n\t<meta name=\"twitter:label2\" content=\"Est. reading time\" \/>\n\t<meta name=\"twitter:data2\" content=\"1 minuta\" \/>\n<script type=\"application\/ld+json\" class=\"yoast-schema-graph\">{\"@context\":\"https:\/\/schema.org\",\"@graph\":[{\"@type\":\"Article\",\"@id\":\"https:\/\/www.mojabochnia.pl\/?p=50234#article\",\"isPartOf\":{\"@id\":\"https:\/\/www.mojabochnia.pl\/?p=50234\"},\"author\":{\"name\":\"Weronika Kucharska\",\"@id\":\"https:\/\/www.mojabochnia.pl\/#\/schema\/person\/8515edb0b31efb661d6df7949969c0ff\"},\"headline\":\"Pokaz mody i otwarte pokazy cyrkowe w niedziel\u0119 w Borku\",\"datePublished\":\"2011-05-18T12:17:51+00:00\",\"dateModified\":\"2011-05-19T12:25:25+00:00\",\"mainEntityOfPage\":{\"@id\":\"https:\/\/www.mojabochnia.pl\/?p=50234\"},\"wordCount\":113,\"commentCount\":0,\"publisher\":{\"@id\":\"https:\/\/www.mojabochnia.pl\/#organization\"},\"keywords\":[\"Borek\",\"caw borek\",\"Centrum Aktywnego Wypoczynku Borek\",\"cyrk\",\"impreza\",\"koncert\",\"kultura\",\"ma\u0142opolski gwia\u017adzisty zlot rowerowy\",\"pokaz mody\",\"spotkania zespo\u0142\u00f3w artystycznych\"],\"articleSection\":[\"2_ostatnie\",\"kultura\",\"tematyka\"],\"inLanguage\":\"pl-PL\",\"potentialAction\":[{\"@type\":\"CommentAction\",\"name\":\"Comment\",\"target\":[\"https:\/\/www.mojabochnia.pl\/?p=50234#respond\"]}]},{\"@type\":\"WebPage\",\"@id\":\"https:\/\/www.mojabochnia.pl\/?p=50234\",\"url\":\"https:\/\/www.mojabochnia.pl\/?p=50234\",\"name\":\"Pokaz mody i otwarte pokazy cyrkowe w niedziel\u0119 w Borku - mojabochnia.pl - portal informacyjny\",\"isPartOf\":{\"@id\":\"https:\/\/www.mojabochnia.pl\/#website\"},\"datePublished\":\"2011-05-18T12:17:51+00:00\",\"dateModified\":\"2011-05-19T12:25:25+00:00\",\"breadcrumb\":{\"@id\":\"https:\/\/www.mojabochnia.pl\/?p=50234#breadcrumb\"},\"inLanguage\":\"pl-PL\",\"potentialAction\":[{\"@type\":\"ReadAction\",\"target\":[\"https:\/\/www.mojabochnia.pl\/?p=50234\"]}]},{\"@type\":\"BreadcrumbList\",\"@id\":\"https:\/\/www.mojabochnia.pl\/?p=50234#breadcrumb\",\"itemListElement\":[{\"@type\":\"ListItem\",\"position\":1,\"name\":\"Home\",\"item\":\"https:\/\/www.mojabochnia.pl\/\"},{\"@type\":\"ListItem\",\"position\":2,\"name\":\"Pokaz mody i otwarte pokazy cyrkowe w niedziel\u0119 w Borku\"}]},{\"@type\":\"WebSite\",\"@id\":\"https:\/\/www.mojabochnia.pl\/#website\",\"url\":\"https:\/\/www.mojabochnia.pl\/\",\"name\":\"mojabochnia.pl - portal informacyjny\",\"description\":\"mojaBochnia to portal informacyjny o Bochni. Codziennie o Bochni piszemy i pokazujemy najwa\u017cniejsze wydarzenia\",\"publisher\":{\"@id\":\"https:\/\/www.mojabochnia.pl\/#organization\"},\"potentialAction\":[{\"@type\":\"SearchAction\",\"target\":{\"@type\":\"EntryPoint\",\"urlTemplate\":\"https:\/\/www.mojabochnia.pl\/?s={search_term_string}\"},\"query-input\":{\"@type\":\"PropertyValueSpecification\",\"valueRequired\":true,\"valueName\":\"search_term_string\"}}],\"inLanguage\":\"pl-PL\"},{\"@type\":\"Organization\",\"@id\":\"https:\/\/www.mojabochnia.pl\/#organization\",\"name\":\"mojabochnia.pl - portal informacyjny\",\"url\":\"https:\/\/www.mojabochnia.pl\/\",\"logo\":{\"@type\":\"ImageObject\",\"inLanguage\":\"pl-PL\",\"@id\":\"https:\/\/www.mojabochnia.pl\/#\/schema\/logo\/image\/\",\"url\":\"https:\/\/www.mojabochnia.pl\/wp-content\/uploads\/2017\/08\/logo-mb-opt.png\",\"contentUrl\":\"https:\/\/www.mojabochnia.pl\/wp-content\/uploads\/2017\/08\/logo-mb-opt.png\",\"width\":250,\"height\":48,\"caption\":\"mojabochnia.pl - portal informacyjny\"},\"image\":{\"@id\":\"https:\/\/www.mojabochnia.pl\/#\/schema\/logo\/image\/\"},\"sameAs\":[\"https:\/\/www.facebook.com\/mojabochnia\"]},{\"@type\":\"Person\",\"@id\":\"https:\/\/www.mojabochnia.pl\/#\/schema\/person\/8515edb0b31efb661d6df7949969c0ff\",\"name\":\"Weronika Kucharska\",\"url\":\"https:\/\/www.mojabochnia.pl\/?author=25\"}]}<\/script>\n<!-- \/ Yoast SEO plugin. -->","yoast_head_json":{"title":"Pokaz mody i otwarte pokazy cyrkowe w niedziel\u0119 w Borku - mojabochnia.pl - portal informacyjny","robots":{"index":"index","follow":"follow","max-snippet":"max-snippet:-1","max-image-preview":"max-image-preview:large","max-video-preview":"max-video-preview:-1"},"canonical":"https:\/\/www.mojabochnia.pl\/?p=50234","og_locale":"pl_PL","og_type":"article","og_title":"Pokaz mody i otwarte pokazy cyrkowe w niedziel\u0119 w Borku - mojabochnia.pl - portal informacyjny","og_description":"W najbli\u017csz\u0105 niedziel\u0119 na terenie Centrum Aktywnego Wypoczynku w Borku odbywa\u0107 si\u0119 b\u0119dzie ca\u0142odniowa impreza rodzinna. Od godzin popo\u0142udniowych trwa\u0107 b\u0119d\u0105 tam VII Spotkania Zespo\u0142\u00f3w Artystycznych. Poni\u017cej szczeg\u00f3\u0142y imprez.","og_url":"https:\/\/www.mojabochnia.pl\/?p=50234","og_site_name":"mojabochnia.pl - portal informacyjny","article_publisher":"https:\/\/www.facebook.com\/mojabochnia","article_published_time":"2011-05-18T12:17:51+00:00","article_modified_time":"2011-05-19T12:25:25+00:00","author":"Weronika Kucharska","twitter_card":"summary_large_image","twitter_misc":{"Written by":"Weronika Kucharska","Est. reading time":"1 minuta"},"schema":{"@context":"https:\/\/schema.org","@graph":[{"@type":"Article","@id":"https:\/\/www.mojabochnia.pl\/?p=50234#article","isPartOf":{"@id":"https:\/\/www.mojabochnia.pl\/?p=50234"},"author":{"name":"Weronika Kucharska","@id":"https:\/\/www.mojabochnia.pl\/#\/schema\/person\/8515edb0b31efb661d6df7949969c0ff"},"headline":"Pokaz mody i otwarte pokazy cyrkowe w niedziel\u0119 w Borku","datePublished":"2011-05-18T12:17:51+00:00","dateModified":"2011-05-19T12:25:25+00:00","mainEntityOfPage":{"@id":"https:\/\/www.mojabochnia.pl\/?p=50234"},"wordCount":113,"commentCount":0,"publisher":{"@id":"https:\/\/www.mojabochnia.pl\/#organization"},"keywords":["Borek","caw borek","Centrum Aktywnego Wypoczynku Borek","cyrk","impreza","koncert","kultura","ma\u0142opolski gwia\u017adzisty zlot rowerowy","pokaz mody","spotkania zespo\u0142\u00f3w artystycznych"],"articleSection":["2_ostatnie","kultura","tematyka"],"inLanguage":"pl-PL","potentialAction":[{"@type":"CommentAction","name":"Comment","target":["https:\/\/www.mojabochnia.pl\/?p=50234#respond"]}]},{"@type":"WebPage","@id":"https:\/\/www.mojabochnia.pl\/?p=50234","url":"https:\/\/www.mojabochnia.pl\/?p=50234","name":"Pokaz mody i otwarte pokazy cyrkowe w niedziel\u0119 w Borku - mojabochnia.pl - portal informacyjny","isPartOf":{"@id":"https:\/\/www.mojabochnia.pl\/#website"},"datePublished":"2011-05-18T12:17:51+00:00","dateModified":"2011-05-19T12:25:25+00:00","breadcrumb":{"@id":"https:\/\/www.mojabochnia.pl\/?p=50234#breadcrumb"},"inLanguage":"pl-PL","potentialAction":[{"@type":"ReadAction","target":["https:\/\/www.mojabochnia.pl\/?p=50234"]}]},{"@type":"BreadcrumbList","@id":"https:\/\/www.mojabochnia.pl\/?p=50234#breadcrumb","itemListElement":[{"@type":"ListItem","position":1,"name":"Home","item":"https:\/\/www.mojabochnia.pl\/"},{"@type":"ListItem","position":2,"name":"Pokaz mody i otwarte pokazy cyrkowe w niedziel\u0119 w Borku"}]},{"@type":"WebSite","@id":"https:\/\/www.mojabochnia.pl\/#website","url":"https:\/\/www.mojabochnia.pl\/","name":"mojabochnia.pl - portal informacyjny","description":"mojaBochnia to portal informacyjny o Bochni. Codziennie o Bochni piszemy i pokazujemy najwa\u017cniejsze wydarzenia","publisher":{"@id":"https:\/\/www.mojabochnia.pl\/#organization"},"potentialAction":[{"@type":"SearchAction","target":{"@type":"EntryPoint","urlTemplate":"https:\/\/www.mojabochnia.pl\/?s={search_term_string}"},"query-input":{"@type":"PropertyValueSpecification","valueRequired":true,"valueName":"search_term_string"}}],"inLanguage":"pl-PL"},{"@type":"Organization","@id":"https:\/\/www.mojabochnia.pl\/#organization","name":"mojabochnia.pl - portal informacyjny","url":"https:\/\/www.mojabochnia.pl\/","logo":{"@type":"ImageObject","inLanguage":"pl-PL","@id":"https:\/\/www.mojabochnia.pl\/#\/schema\/logo\/image\/","url":"https:\/\/www.mojabochnia.pl\/wp-content\/uploads\/2017\/08\/logo-mb-opt.png","contentUrl":"https:\/\/www.mojabochnia.pl\/wp-content\/uploads\/2017\/08\/logo-mb-opt.png","width":250,"height":48,"caption":"mojabochnia.pl - portal informacyjny"},"image":{"@id":"https:\/\/www.mojabochnia.pl\/#\/schema\/logo\/image\/"},"sameAs":["https:\/\/www.facebook.com\/mojabochnia"]},{"@type":"Person","@id":"https:\/\/www.mojabochnia.pl\/#\/schema\/person\/8515edb0b31efb661d6df7949969c0ff","name":"Weronika Kucharska","url":"https:\/\/www.mojabochnia.pl\/?author=25"}]}},"_links":{"self":[{"href":"https:\/\/www.mojabochnia.pl\/index.php?rest_route=\/wp\/v2\/posts\/50234","targetHints":{"allow":["GET"]}}],"collection":[{"href":"https:\/\/www.mojabochnia.pl\/index.php?rest_route=\/wp\/v2\/posts"}],"about":[{"href":"https:\/\/www.mojabochnia.pl\/index.php?rest_route=\/wp\/v2\/types\/post"}],"author":[{"embeddable":true,"href":"https:\/\/www.mojabochnia.pl\/index.php?rest_route=\/wp\/v2\/users\/25"}],"replies":[{"embeddable":true,"href":"https:\/\/www.mojabochnia.pl\/index.php?rest_route=%2Fwp%2Fv2%2Fcomments&post=50234"}],"version-history":[{"count":4,"href":"https:\/\/www.mojabochnia.pl\/index.php?rest_route=\/wp\/v2\/posts\/50234\/revisions"}],"predecessor-version":[{"id":50238,"href":"https:\/\/www.mojabochnia.pl\/index.php?rest_route=\/wp\/v2\/posts\/50234\/revisions\/50238"}],"wp:attachment":[{"href":"https:\/\/www.mojabochnia.pl\/index.php?rest_route=%2Fwp%2Fv2%2Fmedia&parent=50234"}],"wp:term":[{"taxonomy":"category","embeddable":true,"href":"https:\/\/www.mojabochnia.pl\/index.php?rest_route=%2Fwp%2Fv2%2Fcategories&post=50234"},{"taxonomy":"post_tag","embeddable":true,"href":"https:\/\/www.mojabochnia.pl\/index.php?rest_route=%2Fwp%2Fv2%2Ftags&post=50234"}],"curies":[{"name":"wp","href":"https:\/\/api.w.org\/{rel}","templated":true}]}}