{"id":50225,"date":"2011-05-18T12:12:32","date_gmt":"2011-05-18T10:12:32","guid":{"rendered":"http:\/\/www.mojabochnia.pl\/?p=50225"},"modified":"2011-05-18T13:02:02","modified_gmt":"2011-05-18T11:02:02","slug":"za-podwyzka-wody-idzie-podwyzka-cen-biletow-bzk-ale-nie-bedzie-obowiazywac-wszystkich","status":"publish","type":"post","link":"https:\/\/www.mojabochnia.pl\/?p=50225","title":{"rendered":"Kolejna podwy\u017cka &#8211; wzrosn\u0105 ceny bilet\u00f3w BZK. Ale nie wszyscy zap\u0142ac\u0105 dro\u017cej"},"content":{"rendered":"<p>Wzrost cen bilet\u00f3w o 10% oznacza, \u017ce za bilet normalny zap\u0142acimy ju\u017c nie 2, a 2,20 z\u0142. Bilety ulgowe za\u015b &#8211; ze z\u0142ot\u00f3wki zdro\u017cej\u0105 do 1,10 z\u0142.<\/p>\n<p>Przychody z bilet\u00f3w BZK w ubieg\u0142ym roku wynios\u0142y oko\u0142o 600 tys. 700 tysi\u0119cy do utrzymania firmy dop\u0142aca miasto. Bez tej dotacji, za bilet normalny p\u0142aciliby\u015bmy 3,90 z\u0142 &#8211; m\u00f3wi S\u0142awomir Ko\u0142odziej, prezes Boche\u0144skiego Zak\u0142adu Us\u0142ug Komunalnych.<\/p>\n<p>Nowe ceny wejd\u0105 w \u017cycie za oko\u0142o dwa miesi\u0105ce. Kogo nie b\u0119d\u0105 dotyczy\u0107? O tym w materiale TV.<\/p>\n","protected":false},"excerpt":{"rendered":"<p>Bilety Boche\u0144skiego Zak\u0142adu Komunikacji zdro\u017cej\u0105 o 10%. To efekt inflacji, podwy\u017cki vatu, ale te\u017c wysokich koszt\u00f3w benzyny jakie ponosi przewo\u017anik. Podwy\u017cka jednak nie dotknie wszystkich pasa\u017cer\u00f3w. Kto mo\u017ce liczy\u0107 na jazd\u0119 po starych cenach? Pos\u0142uchaj w kr\u00f3tkim materiale TV.<\/p>\n","protected":false},"author":25,"featured_media":0,"comment_status":"open","ping_status":"closed","sticky":false,"template":"","format":"standard","meta":{"_acf_changed":false,"footnotes":""},"categories":[5,6246,6251,6250,3633,3276],"tags":[5116,797,17861,17610,9146,1015,794,17632],"class_list":["post-50225","post","type-post","status-publish","format-standard","hentry","category-biezace-wydarzenia","category-medium","category-polityka-i-wydarzenia","category-tematyka","category-tv","category-tv-flesz","tag-autobusy","tag-bilety","tag-bzk","tag-bzuk","tag-cena","tag-komunikacja","tag-pasazer","tag-podwyzka","main_tag-bzk"],"acf":[],"yoast_head":"<!-- This site is optimized with the Yoast SEO plugin v26.9 - https:\/\/yoast.com\/product\/yoast-seo-wordpress\/ -->\n<title>Kolejna podwy\u017cka - wzrosn\u0105 ceny bilet\u00f3w BZK. Ale nie wszyscy zap\u0142ac\u0105 dro\u017cej - mojabochnia.pl - portal informacyjny<\/title>\n<meta name=\"robots\" content=\"index, follow, max-snippet:-1, max-image-preview:large, max-video-preview:-1\" \/>\n<link rel=\"canonical\" href=\"https:\/\/www.mojabochnia.pl\/?p=50225\" \/>\n<meta property=\"og:locale\" content=\"pl_PL\" \/>\n<meta property=\"og:type\" content=\"article\" \/>\n<meta property=\"og:title\" content=\"Kolejna podwy\u017cka - wzrosn\u0105 ceny bilet\u00f3w BZK. Ale nie wszyscy zap\u0142ac\u0105 dro\u017cej - mojabochnia.pl - portal informacyjny\" \/>\n<meta property=\"og:description\" content=\"Bilety Boche\u0144skiego Zak\u0142adu Komunikacji zdro\u017cej\u0105 o 10%. To efekt inflacji, podwy\u017cki vatu, ale te\u017c wysokich koszt\u00f3w benzyny jakie ponosi przewo\u017anik. Podwy\u017cka jednak nie dotknie wszystkich pasa\u017cer\u00f3w. Kto mo\u017ce liczy\u0107 na jazd\u0119 po starych cenach? Pos\u0142uchaj w kr\u00f3tkim materiale TV.\" \/>\n<meta property=\"og:url\" content=\"https:\/\/www.mojabochnia.pl\/?p=50225\" \/>\n<meta property=\"og:site_name\" content=\"mojabochnia.pl - portal informacyjny\" \/>\n<meta property=\"article:publisher\" content=\"https:\/\/www.facebook.com\/mojabochnia\" \/>\n<meta property=\"article:published_time\" content=\"2011-05-18T10:12:32+00:00\" \/>\n<meta property=\"article:modified_time\" content=\"2011-05-18T11:02:02+00:00\" \/>\n<meta name=\"author\" content=\"Weronika Kucharska\" \/>\n<meta name=\"twitter:card\" content=\"summary_large_image\" \/>\n<meta name=\"twitter:label1\" content=\"Written by\" \/>\n\t<meta name=\"twitter:data1\" content=\"Weronika Kucharska\" \/>\n<script type=\"application\/ld+json\" class=\"yoast-schema-graph\">{\"@context\":\"https:\/\/schema.org\",\"@graph\":[{\"@type\":\"Article\",\"@id\":\"https:\/\/www.mojabochnia.pl\/?p=50225#article\",\"isPartOf\":{\"@id\":\"https:\/\/www.mojabochnia.pl\/?p=50225\"},\"author\":{\"name\":\"Weronika Kucharska\",\"@id\":\"https:\/\/www.mojabochnia.pl\/#\/schema\/person\/8515edb0b31efb661d6df7949969c0ff\"},\"headline\":\"Kolejna podwy\u017cka &#8211; wzrosn\u0105 ceny bilet\u00f3w BZK. Ale nie wszyscy zap\u0142ac\u0105 dro\u017cej\",\"datePublished\":\"2011-05-18T10:12:32+00:00\",\"dateModified\":\"2011-05-18T11:02:02+00:00\",\"mainEntityOfPage\":{\"@id\":\"https:\/\/www.mojabochnia.pl\/?p=50225\"},\"wordCount\":112,\"commentCount\":0,\"publisher\":{\"@id\":\"https:\/\/www.mojabochnia.pl\/#organization\"},\"keywords\":[\"autobusy\",\"bilety\",\"bzk\",\"bzuk\",\"cena\",\"komunikacja\",\"pasa\u017cer\",\"podwy\u017cka\"],\"articleSection\":[\"2_ostatnie\",\"Medium\",\"polityka i wydarzenia\",\"tematyka\",\"TV\",\"TV Flesz\"],\"inLanguage\":\"pl-PL\",\"potentialAction\":[{\"@type\":\"CommentAction\",\"name\":\"Comment\",\"target\":[\"https:\/\/www.mojabochnia.pl\/?p=50225#respond\"]}]},{\"@type\":\"WebPage\",\"@id\":\"https:\/\/www.mojabochnia.pl\/?p=50225\",\"url\":\"https:\/\/www.mojabochnia.pl\/?p=50225\",\"name\":\"Kolejna podwy\u017cka - wzrosn\u0105 ceny bilet\u00f3w BZK. Ale nie wszyscy zap\u0142ac\u0105 dro\u017cej - mojabochnia.pl - portal informacyjny\",\"isPartOf\":{\"@id\":\"https:\/\/www.mojabochnia.pl\/#website\"},\"datePublished\":\"2011-05-18T10:12:32+00:00\",\"dateModified\":\"2011-05-18T11:02:02+00:00\",\"breadcrumb\":{\"@id\":\"https:\/\/www.mojabochnia.pl\/?p=50225#breadcrumb\"},\"inLanguage\":\"pl-PL\",\"potentialAction\":[{\"@type\":\"ReadAction\",\"target\":[\"https:\/\/www.mojabochnia.pl\/?p=50225\"]}]},{\"@type\":\"BreadcrumbList\",\"@id\":\"https:\/\/www.mojabochnia.pl\/?p=50225#breadcrumb\",\"itemListElement\":[{\"@type\":\"ListItem\",\"position\":1,\"name\":\"Home\",\"item\":\"https:\/\/www.mojabochnia.pl\/\"},{\"@type\":\"ListItem\",\"position\":2,\"name\":\"Kolejna podwy\u017cka &#8211; wzrosn\u0105 ceny bilet\u00f3w BZK. Ale nie wszyscy zap\u0142ac\u0105 dro\u017cej\"}]},{\"@type\":\"WebSite\",\"@id\":\"https:\/\/www.mojabochnia.pl\/#website\",\"url\":\"https:\/\/www.mojabochnia.pl\/\",\"name\":\"mojabochnia.pl - portal informacyjny\",\"description\":\"mojaBochnia to portal informacyjny o Bochni. Codziennie o Bochni piszemy i pokazujemy najwa\u017cniejsze wydarzenia\",\"publisher\":{\"@id\":\"https:\/\/www.mojabochnia.pl\/#organization\"},\"potentialAction\":[{\"@type\":\"SearchAction\",\"target\":{\"@type\":\"EntryPoint\",\"urlTemplate\":\"https:\/\/www.mojabochnia.pl\/?s={search_term_string}\"},\"query-input\":{\"@type\":\"PropertyValueSpecification\",\"valueRequired\":true,\"valueName\":\"search_term_string\"}}],\"inLanguage\":\"pl-PL\"},{\"@type\":\"Organization\",\"@id\":\"https:\/\/www.mojabochnia.pl\/#organization\",\"name\":\"mojabochnia.pl - portal informacyjny\",\"url\":\"https:\/\/www.mojabochnia.pl\/\",\"logo\":{\"@type\":\"ImageObject\",\"inLanguage\":\"pl-PL\",\"@id\":\"https:\/\/www.mojabochnia.pl\/#\/schema\/logo\/image\/\",\"url\":\"https:\/\/www.mojabochnia.pl\/wp-content\/uploads\/2017\/08\/logo-mb-opt.png\",\"contentUrl\":\"https:\/\/www.mojabochnia.pl\/wp-content\/uploads\/2017\/08\/logo-mb-opt.png\",\"width\":250,\"height\":48,\"caption\":\"mojabochnia.pl - portal informacyjny\"},\"image\":{\"@id\":\"https:\/\/www.mojabochnia.pl\/#\/schema\/logo\/image\/\"},\"sameAs\":[\"https:\/\/www.facebook.com\/mojabochnia\"]},{\"@type\":\"Person\",\"@id\":\"https:\/\/www.mojabochnia.pl\/#\/schema\/person\/8515edb0b31efb661d6df7949969c0ff\",\"name\":\"Weronika Kucharska\",\"url\":\"https:\/\/www.mojabochnia.pl\/?author=25\"}]}<\/script>\n<!-- \/ Yoast SEO plugin. -->","yoast_head_json":{"title":"Kolejna podwy\u017cka - wzrosn\u0105 ceny bilet\u00f3w BZK. Ale nie wszyscy zap\u0142ac\u0105 dro\u017cej - mojabochnia.pl - portal informacyjny","robots":{"index":"index","follow":"follow","max-snippet":"max-snippet:-1","max-image-preview":"max-image-preview:large","max-video-preview":"max-video-preview:-1"},"canonical":"https:\/\/www.mojabochnia.pl\/?p=50225","og_locale":"pl_PL","og_type":"article","og_title":"Kolejna podwy\u017cka - wzrosn\u0105 ceny bilet\u00f3w BZK. Ale nie wszyscy zap\u0142ac\u0105 dro\u017cej - mojabochnia.pl - portal informacyjny","og_description":"Bilety Boche\u0144skiego Zak\u0142adu Komunikacji zdro\u017cej\u0105 o 10%. To efekt inflacji, podwy\u017cki vatu, ale te\u017c wysokich koszt\u00f3w benzyny jakie ponosi przewo\u017anik. Podwy\u017cka jednak nie dotknie wszystkich pasa\u017cer\u00f3w. Kto mo\u017ce liczy\u0107 na jazd\u0119 po starych cenach? Pos\u0142uchaj w kr\u00f3tkim materiale TV.","og_url":"https:\/\/www.mojabochnia.pl\/?p=50225","og_site_name":"mojabochnia.pl - portal informacyjny","article_publisher":"https:\/\/www.facebook.com\/mojabochnia","article_published_time":"2011-05-18T10:12:32+00:00","article_modified_time":"2011-05-18T11:02:02+00:00","author":"Weronika Kucharska","twitter_card":"summary_large_image","twitter_misc":{"Written by":"Weronika Kucharska"},"schema":{"@context":"https:\/\/schema.org","@graph":[{"@type":"Article","@id":"https:\/\/www.mojabochnia.pl\/?p=50225#article","isPartOf":{"@id":"https:\/\/www.mojabochnia.pl\/?p=50225"},"author":{"name":"Weronika Kucharska","@id":"https:\/\/www.mojabochnia.pl\/#\/schema\/person\/8515edb0b31efb661d6df7949969c0ff"},"headline":"Kolejna podwy\u017cka &#8211; wzrosn\u0105 ceny bilet\u00f3w BZK. Ale nie wszyscy zap\u0142ac\u0105 dro\u017cej","datePublished":"2011-05-18T10:12:32+00:00","dateModified":"2011-05-18T11:02:02+00:00","mainEntityOfPage":{"@id":"https:\/\/www.mojabochnia.pl\/?p=50225"},"wordCount":112,"commentCount":0,"publisher":{"@id":"https:\/\/www.mojabochnia.pl\/#organization"},"keywords":["autobusy","bilety","bzk","bzuk","cena","komunikacja","pasa\u017cer","podwy\u017cka"],"articleSection":["2_ostatnie","Medium","polityka i wydarzenia","tematyka","TV","TV Flesz"],"inLanguage":"pl-PL","potentialAction":[{"@type":"CommentAction","name":"Comment","target":["https:\/\/www.mojabochnia.pl\/?p=50225#respond"]}]},{"@type":"WebPage","@id":"https:\/\/www.mojabochnia.pl\/?p=50225","url":"https:\/\/www.mojabochnia.pl\/?p=50225","name":"Kolejna podwy\u017cka - wzrosn\u0105 ceny bilet\u00f3w BZK. Ale nie wszyscy zap\u0142ac\u0105 dro\u017cej - mojabochnia.pl - portal informacyjny","isPartOf":{"@id":"https:\/\/www.mojabochnia.pl\/#website"},"datePublished":"2011-05-18T10:12:32+00:00","dateModified":"2011-05-18T11:02:02+00:00","breadcrumb":{"@id":"https:\/\/www.mojabochnia.pl\/?p=50225#breadcrumb"},"inLanguage":"pl-PL","potentialAction":[{"@type":"ReadAction","target":["https:\/\/www.mojabochnia.pl\/?p=50225"]}]},{"@type":"BreadcrumbList","@id":"https:\/\/www.mojabochnia.pl\/?p=50225#breadcrumb","itemListElement":[{"@type":"ListItem","position":1,"name":"Home","item":"https:\/\/www.mojabochnia.pl\/"},{"@type":"ListItem","position":2,"name":"Kolejna podwy\u017cka &#8211; wzrosn\u0105 ceny bilet\u00f3w BZK. Ale nie wszyscy zap\u0142ac\u0105 dro\u017cej"}]},{"@type":"WebSite","@id":"https:\/\/www.mojabochnia.pl\/#website","url":"https:\/\/www.mojabochnia.pl\/","name":"mojabochnia.pl - portal informacyjny","description":"mojaBochnia to portal informacyjny o Bochni. Codziennie o Bochni piszemy i pokazujemy najwa\u017cniejsze wydarzenia","publisher":{"@id":"https:\/\/www.mojabochnia.pl\/#organization"},"potentialAction":[{"@type":"SearchAction","target":{"@type":"EntryPoint","urlTemplate":"https:\/\/www.mojabochnia.pl\/?s={search_term_string}"},"query-input":{"@type":"PropertyValueSpecification","valueRequired":true,"valueName":"search_term_string"}}],"inLanguage":"pl-PL"},{"@type":"Organization","@id":"https:\/\/www.mojabochnia.pl\/#organization","name":"mojabochnia.pl - portal informacyjny","url":"https:\/\/www.mojabochnia.pl\/","logo":{"@type":"ImageObject","inLanguage":"pl-PL","@id":"https:\/\/www.mojabochnia.pl\/#\/schema\/logo\/image\/","url":"https:\/\/www.mojabochnia.pl\/wp-content\/uploads\/2017\/08\/logo-mb-opt.png","contentUrl":"https:\/\/www.mojabochnia.pl\/wp-content\/uploads\/2017\/08\/logo-mb-opt.png","width":250,"height":48,"caption":"mojabochnia.pl - portal informacyjny"},"image":{"@id":"https:\/\/www.mojabochnia.pl\/#\/schema\/logo\/image\/"},"sameAs":["https:\/\/www.facebook.com\/mojabochnia"]},{"@type":"Person","@id":"https:\/\/www.mojabochnia.pl\/#\/schema\/person\/8515edb0b31efb661d6df7949969c0ff","name":"Weronika Kucharska","url":"https:\/\/www.mojabochnia.pl\/?author=25"}]}},"_links":{"self":[{"href":"https:\/\/www.mojabochnia.pl\/index.php?rest_route=\/wp\/v2\/posts\/50225","targetHints":{"allow":["GET"]}}],"collection":[{"href":"https:\/\/www.mojabochnia.pl\/index.php?rest_route=\/wp\/v2\/posts"}],"about":[{"href":"https:\/\/www.mojabochnia.pl\/index.php?rest_route=\/wp\/v2\/types\/post"}],"author":[{"embeddable":true,"href":"https:\/\/www.mojabochnia.pl\/index.php?rest_route=\/wp\/v2\/users\/25"}],"replies":[{"embeddable":true,"href":"https:\/\/www.mojabochnia.pl\/index.php?rest_route=%2Fwp%2Fv2%2Fcomments&post=50225"}],"version-history":[{"count":6,"href":"https:\/\/www.mojabochnia.pl\/index.php?rest_route=\/wp\/v2\/posts\/50225\/revisions"}],"predecessor-version":[{"id":50246,"href":"https:\/\/www.mojabochnia.pl\/index.php?rest_route=\/wp\/v2\/posts\/50225\/revisions\/50246"}],"wp:attachment":[{"href":"https:\/\/www.mojabochnia.pl\/index.php?rest_route=%2Fwp%2Fv2%2Fmedia&parent=50225"}],"wp:term":[{"taxonomy":"category","embeddable":true,"href":"https:\/\/www.mojabochnia.pl\/index.php?rest_route=%2Fwp%2Fv2%2Fcategories&post=50225"},{"taxonomy":"post_tag","embeddable":true,"href":"https:\/\/www.mojabochnia.pl\/index.php?rest_route=%2Fwp%2Fv2%2Ftags&post=50225"}],"curies":[{"name":"wp","href":"https:\/\/api.w.org\/{rel}","templated":true}]}}