{"id":4984,"date":"2009-02-03T10:21:15","date_gmt":"2009-02-03T09:21:15","guid":{"rendered":"http:\/\/www.mojabochnia.pl\/?p=4984"},"modified":"2009-02-02T14:04:06","modified_gmt":"2009-02-02T13:04:06","slug":"szpital-w-bochni-%e2%80%9eperla-medycyny%e2%80%9d","status":"publish","type":"post","link":"https:\/\/www.mojabochnia.pl\/?p=4984","title":{"rendered":"Szpital w Bochni \u201ePer\u0142\u0105 medycyny\u201d"},"content":{"rendered":"<p>Plac\u00f3wka wystartowa\u0142a w kategorii szpitali wielospecjalistycznych poni\u017cej 400 \u0142\u00f3\u017cek. \u2013<em> Kapitu\u0142a Konkursu ocenia\u0142a uczestnik\u00f3w przez pryzmat czynnik\u00f3w, kt\u00f3re zapewniaj\u0105 sprawno\u015b\u0107 funkcjonowania plac\u00f3wki medycznej zar\u00f3wno pod wzgl\u0119dem leczniczym, administracyjnym, jak i gospodarczym. Oceniane by\u0142o m.in. efektywne zarz\u0105dzanie, organizacja pracy, inwestycje, a tak\u017ce podnoszenie kwalifikacji zespo\u0142u<\/em> \u2013 wylicza Katarzyna K\u0119pa z biura prasowego boche\u0144skiego starostwa.<\/p>\n<p>Warto doda\u0107, \u017ce szpital w Bochni od kilku lat systematycznie si\u0119 rozwija, inwestuj\u0105c w nowoczesny sprz\u0119t. W tym roku rozpocznie si\u0119 budowa nowego skrzyd\u0142a plac\u00f3wki, na kt\u00f3re uda\u0142o si\u0119 zdoby\u0107 pieni\u0105dze z Unii Europejskiej.<\/p>\n","protected":false},"excerpt":{"rendered":"<p>Szpital w Bochni zosta\u0142 nagrodzony w ramach og\u00f3lnopolskiego konkursu medycznego \u201ePer\u0142y medycyny\u201d. <\/p>\n","protected":false},"author":4,"featured_media":0,"comment_status":"open","ping_status":"closed","sticky":false,"template":"","format":"standard","meta":{"_acf_changed":false,"footnotes":""},"categories":[5],"tags":[2021,1185,434,1675,17408,17459,1032,1333,17174,17324,398,1089,1031],"class_list":["post-4984","post","type-post","status-publish","format-standard","hentry","category-biezace-wydarzenia","tag-anna-kosturek","tag-biuro-komunikacji-spolecznej","tag-katarzyna-kepa","tag-medycyna","tag-pogotowie","tag-pogotowie-ratunkowe","tag-ratownictwo-medyczne","tag-sprzet-medyczny","tag-starostwo-powiatowe","tag-szpital","tag-szpital-powiatowy","tag-uslugi-medyczne","tag-wojciech-szafranski"],"acf":[],"yoast_head":"<!-- This site is optimized with the Yoast SEO plugin v26.9 - https:\/\/yoast.com\/product\/yoast-seo-wordpress\/ -->\n<title>Szpital w Bochni \u201ePer\u0142\u0105 medycyny\u201d - mojabochnia.pl - portal informacyjny<\/title>\n<meta name=\"robots\" content=\"index, follow, max-snippet:-1, max-image-preview:large, max-video-preview:-1\" \/>\n<link rel=\"canonical\" href=\"https:\/\/www.mojabochnia.pl\/?p=4984\" \/>\n<meta property=\"og:locale\" content=\"pl_PL\" \/>\n<meta property=\"og:type\" content=\"article\" \/>\n<meta property=\"og:title\" content=\"Szpital w Bochni \u201ePer\u0142\u0105 medycyny\u201d - mojabochnia.pl - portal informacyjny\" \/>\n<meta property=\"og:description\" content=\"Szpital w Bochni zosta\u0142 nagrodzony w ramach og\u00f3lnopolskiego konkursu medycznego \u201ePer\u0142y medycyny\u201d.\" \/>\n<meta property=\"og:url\" content=\"https:\/\/www.mojabochnia.pl\/?p=4984\" \/>\n<meta property=\"og:site_name\" content=\"mojabochnia.pl - portal informacyjny\" \/>\n<meta property=\"article:publisher\" content=\"https:\/\/www.facebook.com\/mojabochnia\" \/>\n<meta property=\"article:published_time\" content=\"2009-02-03T09:21:15+00:00\" \/>\n<meta name=\"author\" content=\"Pawe\u0142 Michalczyk\" \/>\n<meta name=\"twitter:card\" content=\"summary_large_image\" \/>\n<meta name=\"twitter:label1\" content=\"Written by\" \/>\n\t<meta name=\"twitter:data1\" content=\"Pawe\u0142 Michalczyk\" \/>\n\t<meta name=\"twitter:label2\" content=\"Est. reading time\" \/>\n\t<meta name=\"twitter:data2\" content=\"1 minuta\" \/>\n<script type=\"application\/ld+json\" class=\"yoast-schema-graph\">{\"@context\":\"https:\/\/schema.org\",\"@graph\":[{\"@type\":\"Article\",\"@id\":\"https:\/\/www.mojabochnia.pl\/?p=4984#article\",\"isPartOf\":{\"@id\":\"https:\/\/www.mojabochnia.pl\/?p=4984\"},\"author\":{\"name\":\"Pawe\u0142 Michalczyk\",\"@id\":\"https:\/\/www.mojabochnia.pl\/#\/schema\/person\/ea042e4724a77627963f02166828ead4\"},\"headline\":\"Szpital w Bochni \u201ePer\u0142\u0105 medycyny\u201d\",\"datePublished\":\"2009-02-03T09:21:15+00:00\",\"mainEntityOfPage\":{\"@id\":\"https:\/\/www.mojabochnia.pl\/?p=4984\"},\"wordCount\":114,\"commentCount\":0,\"publisher\":{\"@id\":\"https:\/\/www.mojabochnia.pl\/#organization\"},\"keywords\":[\"anna kosturek\",\"biuro komunikacji spo\u0142ecznej\",\"katarzyna k\u0119pa\",\"medycyna\",\"pogotowie\",\"pogotowie ratunkowe\",\"ratownictwo medyczne\",\"sprz\u0119t medyczny\",\"starostwo powiatowe\",\"szpital\",\"szpital powiatowy\",\"us\u0142ugi  medyczne\",\"wojciech szafra\u0144ski\"],\"articleSection\":[\"2_ostatnie\"],\"inLanguage\":\"pl-PL\",\"potentialAction\":[{\"@type\":\"CommentAction\",\"name\":\"Comment\",\"target\":[\"https:\/\/www.mojabochnia.pl\/?p=4984#respond\"]}]},{\"@type\":\"WebPage\",\"@id\":\"https:\/\/www.mojabochnia.pl\/?p=4984\",\"url\":\"https:\/\/www.mojabochnia.pl\/?p=4984\",\"name\":\"Szpital w Bochni \u201ePer\u0142\u0105 medycyny\u201d - mojabochnia.pl - portal informacyjny\",\"isPartOf\":{\"@id\":\"https:\/\/www.mojabochnia.pl\/#website\"},\"datePublished\":\"2009-02-03T09:21:15+00:00\",\"breadcrumb\":{\"@id\":\"https:\/\/www.mojabochnia.pl\/?p=4984#breadcrumb\"},\"inLanguage\":\"pl-PL\",\"potentialAction\":[{\"@type\":\"ReadAction\",\"target\":[\"https:\/\/www.mojabochnia.pl\/?p=4984\"]}]},{\"@type\":\"BreadcrumbList\",\"@id\":\"https:\/\/www.mojabochnia.pl\/?p=4984#breadcrumb\",\"itemListElement\":[{\"@type\":\"ListItem\",\"position\":1,\"name\":\"Home\",\"item\":\"https:\/\/www.mojabochnia.pl\/\"},{\"@type\":\"ListItem\",\"position\":2,\"name\":\"Szpital w Bochni \u201ePer\u0142\u0105 medycyny\u201d\"}]},{\"@type\":\"WebSite\",\"@id\":\"https:\/\/www.mojabochnia.pl\/#website\",\"url\":\"https:\/\/www.mojabochnia.pl\/\",\"name\":\"mojabochnia.pl - portal informacyjny\",\"description\":\"mojaBochnia to portal informacyjny o Bochni. Codziennie o Bochni piszemy i pokazujemy najwa\u017cniejsze wydarzenia\",\"publisher\":{\"@id\":\"https:\/\/www.mojabochnia.pl\/#organization\"},\"potentialAction\":[{\"@type\":\"SearchAction\",\"target\":{\"@type\":\"EntryPoint\",\"urlTemplate\":\"https:\/\/www.mojabochnia.pl\/?s={search_term_string}\"},\"query-input\":{\"@type\":\"PropertyValueSpecification\",\"valueRequired\":true,\"valueName\":\"search_term_string\"}}],\"inLanguage\":\"pl-PL\"},{\"@type\":\"Organization\",\"@id\":\"https:\/\/www.mojabochnia.pl\/#organization\",\"name\":\"mojabochnia.pl - portal informacyjny\",\"url\":\"https:\/\/www.mojabochnia.pl\/\",\"logo\":{\"@type\":\"ImageObject\",\"inLanguage\":\"pl-PL\",\"@id\":\"https:\/\/www.mojabochnia.pl\/#\/schema\/logo\/image\/\",\"url\":\"https:\/\/www.mojabochnia.pl\/wp-content\/uploads\/2017\/08\/logo-mb-opt.png\",\"contentUrl\":\"https:\/\/www.mojabochnia.pl\/wp-content\/uploads\/2017\/08\/logo-mb-opt.png\",\"width\":250,\"height\":48,\"caption\":\"mojabochnia.pl - portal informacyjny\"},\"image\":{\"@id\":\"https:\/\/www.mojabochnia.pl\/#\/schema\/logo\/image\/\"},\"sameAs\":[\"https:\/\/www.facebook.com\/mojabochnia\"]},{\"@type\":\"Person\",\"@id\":\"https:\/\/www.mojabochnia.pl\/#\/schema\/person\/ea042e4724a77627963f02166828ead4\",\"name\":\"Pawe\u0142 Michalczyk\",\"url\":\"https:\/\/www.mojabochnia.pl\/?author=4\"}]}<\/script>\n<!-- \/ Yoast SEO plugin. -->","yoast_head_json":{"title":"Szpital w Bochni \u201ePer\u0142\u0105 medycyny\u201d - mojabochnia.pl - portal informacyjny","robots":{"index":"index","follow":"follow","max-snippet":"max-snippet:-1","max-image-preview":"max-image-preview:large","max-video-preview":"max-video-preview:-1"},"canonical":"https:\/\/www.mojabochnia.pl\/?p=4984","og_locale":"pl_PL","og_type":"article","og_title":"Szpital w Bochni \u201ePer\u0142\u0105 medycyny\u201d - mojabochnia.pl - portal informacyjny","og_description":"Szpital w Bochni zosta\u0142 nagrodzony w ramach og\u00f3lnopolskiego konkursu medycznego \u201ePer\u0142y medycyny\u201d.","og_url":"https:\/\/www.mojabochnia.pl\/?p=4984","og_site_name":"mojabochnia.pl - portal informacyjny","article_publisher":"https:\/\/www.facebook.com\/mojabochnia","article_published_time":"2009-02-03T09:21:15+00:00","author":"Pawe\u0142 Michalczyk","twitter_card":"summary_large_image","twitter_misc":{"Written by":"Pawe\u0142 Michalczyk","Est. reading time":"1 minuta"},"schema":{"@context":"https:\/\/schema.org","@graph":[{"@type":"Article","@id":"https:\/\/www.mojabochnia.pl\/?p=4984#article","isPartOf":{"@id":"https:\/\/www.mojabochnia.pl\/?p=4984"},"author":{"name":"Pawe\u0142 Michalczyk","@id":"https:\/\/www.mojabochnia.pl\/#\/schema\/person\/ea042e4724a77627963f02166828ead4"},"headline":"Szpital w Bochni \u201ePer\u0142\u0105 medycyny\u201d","datePublished":"2009-02-03T09:21:15+00:00","mainEntityOfPage":{"@id":"https:\/\/www.mojabochnia.pl\/?p=4984"},"wordCount":114,"commentCount":0,"publisher":{"@id":"https:\/\/www.mojabochnia.pl\/#organization"},"keywords":["anna kosturek","biuro komunikacji spo\u0142ecznej","katarzyna k\u0119pa","medycyna","pogotowie","pogotowie ratunkowe","ratownictwo medyczne","sprz\u0119t medyczny","starostwo powiatowe","szpital","szpital powiatowy","us\u0142ugi  medyczne","wojciech szafra\u0144ski"],"articleSection":["2_ostatnie"],"inLanguage":"pl-PL","potentialAction":[{"@type":"CommentAction","name":"Comment","target":["https:\/\/www.mojabochnia.pl\/?p=4984#respond"]}]},{"@type":"WebPage","@id":"https:\/\/www.mojabochnia.pl\/?p=4984","url":"https:\/\/www.mojabochnia.pl\/?p=4984","name":"Szpital w Bochni \u201ePer\u0142\u0105 medycyny\u201d - mojabochnia.pl - portal informacyjny","isPartOf":{"@id":"https:\/\/www.mojabochnia.pl\/#website"},"datePublished":"2009-02-03T09:21:15+00:00","breadcrumb":{"@id":"https:\/\/www.mojabochnia.pl\/?p=4984#breadcrumb"},"inLanguage":"pl-PL","potentialAction":[{"@type":"ReadAction","target":["https:\/\/www.mojabochnia.pl\/?p=4984"]}]},{"@type":"BreadcrumbList","@id":"https:\/\/www.mojabochnia.pl\/?p=4984#breadcrumb","itemListElement":[{"@type":"ListItem","position":1,"name":"Home","item":"https:\/\/www.mojabochnia.pl\/"},{"@type":"ListItem","position":2,"name":"Szpital w Bochni \u201ePer\u0142\u0105 medycyny\u201d"}]},{"@type":"WebSite","@id":"https:\/\/www.mojabochnia.pl\/#website","url":"https:\/\/www.mojabochnia.pl\/","name":"mojabochnia.pl - portal informacyjny","description":"mojaBochnia to portal informacyjny o Bochni. Codziennie o Bochni piszemy i pokazujemy najwa\u017cniejsze wydarzenia","publisher":{"@id":"https:\/\/www.mojabochnia.pl\/#organization"},"potentialAction":[{"@type":"SearchAction","target":{"@type":"EntryPoint","urlTemplate":"https:\/\/www.mojabochnia.pl\/?s={search_term_string}"},"query-input":{"@type":"PropertyValueSpecification","valueRequired":true,"valueName":"search_term_string"}}],"inLanguage":"pl-PL"},{"@type":"Organization","@id":"https:\/\/www.mojabochnia.pl\/#organization","name":"mojabochnia.pl - portal informacyjny","url":"https:\/\/www.mojabochnia.pl\/","logo":{"@type":"ImageObject","inLanguage":"pl-PL","@id":"https:\/\/www.mojabochnia.pl\/#\/schema\/logo\/image\/","url":"https:\/\/www.mojabochnia.pl\/wp-content\/uploads\/2017\/08\/logo-mb-opt.png","contentUrl":"https:\/\/www.mojabochnia.pl\/wp-content\/uploads\/2017\/08\/logo-mb-opt.png","width":250,"height":48,"caption":"mojabochnia.pl - portal informacyjny"},"image":{"@id":"https:\/\/www.mojabochnia.pl\/#\/schema\/logo\/image\/"},"sameAs":["https:\/\/www.facebook.com\/mojabochnia"]},{"@type":"Person","@id":"https:\/\/www.mojabochnia.pl\/#\/schema\/person\/ea042e4724a77627963f02166828ead4","name":"Pawe\u0142 Michalczyk","url":"https:\/\/www.mojabochnia.pl\/?author=4"}]}},"_links":{"self":[{"href":"https:\/\/www.mojabochnia.pl\/index.php?rest_route=\/wp\/v2\/posts\/4984","targetHints":{"allow":["GET"]}}],"collection":[{"href":"https:\/\/www.mojabochnia.pl\/index.php?rest_route=\/wp\/v2\/posts"}],"about":[{"href":"https:\/\/www.mojabochnia.pl\/index.php?rest_route=\/wp\/v2\/types\/post"}],"author":[{"embeddable":true,"href":"https:\/\/www.mojabochnia.pl\/index.php?rest_route=\/wp\/v2\/users\/4"}],"replies":[{"embeddable":true,"href":"https:\/\/www.mojabochnia.pl\/index.php?rest_route=%2Fwp%2Fv2%2Fcomments&post=4984"}],"version-history":[{"count":0,"href":"https:\/\/www.mojabochnia.pl\/index.php?rest_route=\/wp\/v2\/posts\/4984\/revisions"}],"wp:attachment":[{"href":"https:\/\/www.mojabochnia.pl\/index.php?rest_route=%2Fwp%2Fv2%2Fmedia&parent=4984"}],"wp:term":[{"taxonomy":"category","embeddable":true,"href":"https:\/\/www.mojabochnia.pl\/index.php?rest_route=%2Fwp%2Fv2%2Fcategories&post=4984"},{"taxonomy":"post_tag","embeddable":true,"href":"https:\/\/www.mojabochnia.pl\/index.php?rest_route=%2Fwp%2Fv2%2Ftags&post=4984"}],"curies":[{"name":"wp","href":"https:\/\/api.w.org\/{rel}","templated":true}]}}