{"id":490,"date":"2008-08-07T08:13:46","date_gmt":"2008-08-07T06:13:46","guid":{"rendered":"http:\/\/beta.mojabochnia.pl\/?p=490"},"modified":"2008-08-21T12:53:26","modified_gmt":"2008-08-21T10:53:26","slug":"jak-daleko-do-czestochowy","status":"publish","type":"post","link":"https:\/\/www.mojabochnia.pl\/?p=490","title":{"rendered":"Jak daleko do Cz\u0119stochowy?"},"content":{"rendered":"<p>Na stronie www.opoka.org.pl mo\u017cna zobaczy\u0107 map\u0119 wszystkich pielgrzymek zd\u0105\u017caj\u0105cych do Cz\u0119stochowy w tym tak\u017ce krakowskiej. W tym roku serwis umo\u017cliwia tak\u017ce zapisywanie si\u0119 na e-li\u015bcie wszystkich pielgrzym\u00f3w. Mog\u0105 oni wysy\u0142a\u0107 MMS-y i zdj\u0119cia z aparat\u00f3w fotograficznych. Dla Pieszej Pielgrzymki Krakowskiej na Jasn\u0105 G\u00f3r\u0119 numer docelowy to: 607 875 476. Galerie fotografii cyfrowych redagowane b\u0119d\u0105 przez cz\u0142onk\u00f3w spo\u0142eczno\u015bciowego serwisu po pielgrzymce, jako swego rodzaju podsumowanie najwa\u017cniejszych wydarze\u0144.<\/p>\n<p>Wirtualna Mapa Pielgrzymek to serwis, na kt\u00f3rym w czasie rzeczywistym mo\u017cna obserwowa\u0107 marsz danej grupy p\u0105tnik\u00f3w. Mapa jest znakomit\u0105 informacj\u0105 dla wszystkich, kt\u00f3rzy chc\u0105 na trasie odwiedzi\u0107 pielgrzym\u00f3w, a tak\u017ce pomoc\u0105 dla medi\u00f3w, kierowc\u00f3w i wszelkich s\u0142u\u017cb zaopatruj\u0105cych pielgrzymki w \u017cywno\u015b\u0107 i napoje. Serwis pielgrzymkowy Opoki to tak\u017ce Informator Pielgrzymkowy, galerie MMS-\u00f3w oraz fotografii wykonanych przez u\u017cytkownik\u00f3w strony, oraz e-Lista pielgrzym\u00f3w, kt\u00f3ra zapocz\u0105tkuje serwis spo\u0142eczno\u015bciowy e-Pielgrzymka.pl. Po powrocie z pielgrzymki, uczestnicy b\u0119d\u0105 mogli wymienia\u0107 si\u0119 tam swoimi wra\u017ceniami, komentarzami i fotografiami.<\/p>\n<p>Informator Pielgrzymkowy zawiera trasy w\u0119dr\u00f3wki poszczeg\u00f3lnych grup, terminy i miejsca zapisu, histori\u0119 i opis danej pielgrzymki. W tym roku we wsp\u00f3lnym przedsi\u0119wzi\u0119ciu sieci PLUS i \u201eOpoki\u201d we\u017amie udzia\u0142 31 pielgrzymek &#8211; o po\u0142ow\u0119 wi\u0119cej ni\u017c w ubieg\u0142ym. Grupy, kt\u00f3re dot\u0105d nie znalaz\u0142y si\u0119 w informatorze, mog\u0105 jeszcze zg\u0142osi\u0107 si\u0119, wysy\u0142aj\u0105c dane na adres: pielgrzymki@opoka.org.pl.<\/p>\n<p>E-Lista Pielgrzym\u00f3w dzia\u0142a od pocz\u0105tku lipca, a Wirtualna Mapa Pielgrzymek zosta\u0142a aktywowana 21 lipca, wraz z wyruszeniem na szlak pierwszej uczestnicz\u0105cej w projekcie pielgrzymki. W roku ubieg\u0142ym tworzony wraz z sieci\u0105 PLUS serwis mia\u0142 620 tys. ods\u0142on. <\/p>\n","protected":false},"excerpt":{"rendered":"<p>Wczoraj ju\u017c po raz 28 z Wawelu wyruszy\u0142a piesza pielgrzymka do Cz\u0119stochowy, kt\u00f3rej tegorocznym has\u0142em jest &#8222;B\u0105d\u017amy uczniami Chrystusa&#8221;. W\u015br\u00f3d p\u0105tnik\u00f3w s\u0105 tak\u017ce pielgrzymi z Bochni, kt\u00f3rzy 4 sierpnia rozpocz\u0119li w\u0119dr\u00f3wk\u0119 na Jasn\u0105 G\u00f3r\u0119. Ci, kt\u00f3rzy nie mog\u0105 wzi\u0105\u0107 udzia\u0142u w pielgrzymce mog\u0105 \u015bledzi\u0107 w\u0119dr\u00f3wk\u0119 p\u0105tnik\u00f3w na Wirtualnej Mapie Pielgrzymek Opoki i Plusa.<\/p>\n","protected":false},"author":1,"featured_media":0,"comment_status":"open","ping_status":"open","sticky":false,"template":"","format":"standard","meta":{"_acf_changed":false,"footnotes":""},"categories":[5],"tags":[230,17129,360,372],"class_list":["post-490","post","type-post","status-publish","format-standard","hentry","category-biezace-wydarzenia","tag-jasna-gora","tag-pielgrzymka","tag-pielgrzymka-krakowska-na-jasna-gore","tag-wawel"],"acf":[],"yoast_head":"<!-- This site is optimized with the Yoast SEO plugin v26.9 - https:\/\/yoast.com\/product\/yoast-seo-wordpress\/ -->\n<title>Jak daleko do Cz\u0119stochowy? - mojabochnia.pl - portal informacyjny<\/title>\n<meta name=\"robots\" content=\"index, follow, max-snippet:-1, max-image-preview:large, max-video-preview:-1\" \/>\n<link rel=\"canonical\" href=\"https:\/\/www.mojabochnia.pl\/?p=490\" \/>\n<meta property=\"og:locale\" content=\"pl_PL\" \/>\n<meta property=\"og:type\" content=\"article\" \/>\n<meta property=\"og:title\" content=\"Jak daleko do Cz\u0119stochowy? - mojabochnia.pl - portal informacyjny\" \/>\n<meta property=\"og:description\" content=\"Wczoraj ju\u017c po raz 28 z Wawelu wyruszy\u0142a piesza pielgrzymka do Cz\u0119stochowy, kt\u00f3rej tegorocznym has\u0142em jest &quot;B\u0105d\u017amy uczniami Chrystusa&quot;. W\u015br\u00f3d p\u0105tnik\u00f3w s\u0105 tak\u017ce pielgrzymi z Bochni, kt\u00f3rzy 4 sierpnia rozpocz\u0119li w\u0119dr\u00f3wk\u0119 na Jasn\u0105 G\u00f3r\u0119. Ci, kt\u00f3rzy nie mog\u0105 wzi\u0105\u0107 udzia\u0142u w pielgrzymce mog\u0105 \u015bledzi\u0107 w\u0119dr\u00f3wk\u0119 p\u0105tnik\u00f3w na Wirtualnej Mapie Pielgrzymek Opoki i Plusa.\" \/>\n<meta property=\"og:url\" content=\"https:\/\/www.mojabochnia.pl\/?p=490\" \/>\n<meta property=\"og:site_name\" content=\"mojabochnia.pl - portal informacyjny\" \/>\n<meta property=\"article:publisher\" content=\"https:\/\/www.facebook.com\/mojabochnia\" \/>\n<meta property=\"article:published_time\" content=\"2008-08-07T06:13:46+00:00\" \/>\n<meta property=\"article:modified_time\" content=\"2008-08-21T10:53:26+00:00\" \/>\n<meta name=\"author\" content=\"administrator\" \/>\n<meta name=\"twitter:card\" content=\"summary_large_image\" \/>\n<meta name=\"twitter:label1\" content=\"Written by\" \/>\n\t<meta name=\"twitter:data1\" content=\"administrator\" \/>\n\t<meta name=\"twitter:label2\" content=\"Est. reading time\" \/>\n\t<meta name=\"twitter:data2\" content=\"2 minuty\" \/>\n<script type=\"application\/ld+json\" class=\"yoast-schema-graph\">{\"@context\":\"https:\/\/schema.org\",\"@graph\":[{\"@type\":\"Article\",\"@id\":\"https:\/\/www.mojabochnia.pl\/?p=490#article\",\"isPartOf\":{\"@id\":\"https:\/\/www.mojabochnia.pl\/?p=490\"},\"author\":{\"name\":\"administrator\",\"@id\":\"https:\/\/www.mojabochnia.pl\/#\/schema\/person\/c00e1f64e6fa0e6de6d410f2c340017f\"},\"headline\":\"Jak daleko do Cz\u0119stochowy?\",\"datePublished\":\"2008-08-07T06:13:46+00:00\",\"dateModified\":\"2008-08-21T10:53:26+00:00\",\"mainEntityOfPage\":{\"@id\":\"https:\/\/www.mojabochnia.pl\/?p=490\"},\"wordCount\":309,\"commentCount\":0,\"publisher\":{\"@id\":\"https:\/\/www.mojabochnia.pl\/#organization\"},\"keywords\":[\"jasna g\u00f3ra\",\"pielgrzymka\",\"pielgrzymka krakowska na jasn\u0105 g\u00f3r\u0119\",\"wawel\"],\"articleSection\":[\"2_ostatnie\"],\"inLanguage\":\"pl-PL\",\"potentialAction\":[{\"@type\":\"CommentAction\",\"name\":\"Comment\",\"target\":[\"https:\/\/www.mojabochnia.pl\/?p=490#respond\"]}]},{\"@type\":\"WebPage\",\"@id\":\"https:\/\/www.mojabochnia.pl\/?p=490\",\"url\":\"https:\/\/www.mojabochnia.pl\/?p=490\",\"name\":\"Jak daleko do Cz\u0119stochowy? - mojabochnia.pl - portal informacyjny\",\"isPartOf\":{\"@id\":\"https:\/\/www.mojabochnia.pl\/#website\"},\"datePublished\":\"2008-08-07T06:13:46+00:00\",\"dateModified\":\"2008-08-21T10:53:26+00:00\",\"breadcrumb\":{\"@id\":\"https:\/\/www.mojabochnia.pl\/?p=490#breadcrumb\"},\"inLanguage\":\"pl-PL\",\"potentialAction\":[{\"@type\":\"ReadAction\",\"target\":[\"https:\/\/www.mojabochnia.pl\/?p=490\"]}]},{\"@type\":\"BreadcrumbList\",\"@id\":\"https:\/\/www.mojabochnia.pl\/?p=490#breadcrumb\",\"itemListElement\":[{\"@type\":\"ListItem\",\"position\":1,\"name\":\"Home\",\"item\":\"https:\/\/www.mojabochnia.pl\/\"},{\"@type\":\"ListItem\",\"position\":2,\"name\":\"Jak daleko do Cz\u0119stochowy?\"}]},{\"@type\":\"WebSite\",\"@id\":\"https:\/\/www.mojabochnia.pl\/#website\",\"url\":\"https:\/\/www.mojabochnia.pl\/\",\"name\":\"mojabochnia.pl - portal informacyjny\",\"description\":\"mojaBochnia to portal informacyjny o Bochni. Codziennie o Bochni piszemy i pokazujemy najwa\u017cniejsze wydarzenia\",\"publisher\":{\"@id\":\"https:\/\/www.mojabochnia.pl\/#organization\"},\"potentialAction\":[{\"@type\":\"SearchAction\",\"target\":{\"@type\":\"EntryPoint\",\"urlTemplate\":\"https:\/\/www.mojabochnia.pl\/?s={search_term_string}\"},\"query-input\":{\"@type\":\"PropertyValueSpecification\",\"valueRequired\":true,\"valueName\":\"search_term_string\"}}],\"inLanguage\":\"pl-PL\"},{\"@type\":\"Organization\",\"@id\":\"https:\/\/www.mojabochnia.pl\/#organization\",\"name\":\"mojabochnia.pl - portal informacyjny\",\"url\":\"https:\/\/www.mojabochnia.pl\/\",\"logo\":{\"@type\":\"ImageObject\",\"inLanguage\":\"pl-PL\",\"@id\":\"https:\/\/www.mojabochnia.pl\/#\/schema\/logo\/image\/\",\"url\":\"https:\/\/www.mojabochnia.pl\/wp-content\/uploads\/2017\/08\/logo-mb-opt.png\",\"contentUrl\":\"https:\/\/www.mojabochnia.pl\/wp-content\/uploads\/2017\/08\/logo-mb-opt.png\",\"width\":250,\"height\":48,\"caption\":\"mojabochnia.pl - portal informacyjny\"},\"image\":{\"@id\":\"https:\/\/www.mojabochnia.pl\/#\/schema\/logo\/image\/\"},\"sameAs\":[\"https:\/\/www.facebook.com\/mojabochnia\"]},{\"@type\":\"Person\",\"@id\":\"https:\/\/www.mojabochnia.pl\/#\/schema\/person\/c00e1f64e6fa0e6de6d410f2c340017f\",\"name\":\"administrator\",\"url\":\"https:\/\/www.mojabochnia.pl\/?author=1\"}]}<\/script>\n<!-- \/ Yoast SEO plugin. -->","yoast_head_json":{"title":"Jak daleko do Cz\u0119stochowy? - mojabochnia.pl - portal informacyjny","robots":{"index":"index","follow":"follow","max-snippet":"max-snippet:-1","max-image-preview":"max-image-preview:large","max-video-preview":"max-video-preview:-1"},"canonical":"https:\/\/www.mojabochnia.pl\/?p=490","og_locale":"pl_PL","og_type":"article","og_title":"Jak daleko do Cz\u0119stochowy? - mojabochnia.pl - portal informacyjny","og_description":"Wczoraj ju\u017c po raz 28 z Wawelu wyruszy\u0142a piesza pielgrzymka do Cz\u0119stochowy, kt\u00f3rej tegorocznym has\u0142em jest \"B\u0105d\u017amy uczniami Chrystusa\". W\u015br\u00f3d p\u0105tnik\u00f3w s\u0105 tak\u017ce pielgrzymi z Bochni, kt\u00f3rzy 4 sierpnia rozpocz\u0119li w\u0119dr\u00f3wk\u0119 na Jasn\u0105 G\u00f3r\u0119. Ci, kt\u00f3rzy nie mog\u0105 wzi\u0105\u0107 udzia\u0142u w pielgrzymce mog\u0105 \u015bledzi\u0107 w\u0119dr\u00f3wk\u0119 p\u0105tnik\u00f3w na Wirtualnej Mapie Pielgrzymek Opoki i Plusa.","og_url":"https:\/\/www.mojabochnia.pl\/?p=490","og_site_name":"mojabochnia.pl - portal informacyjny","article_publisher":"https:\/\/www.facebook.com\/mojabochnia","article_published_time":"2008-08-07T06:13:46+00:00","article_modified_time":"2008-08-21T10:53:26+00:00","author":"administrator","twitter_card":"summary_large_image","twitter_misc":{"Written by":"administrator","Est. reading time":"2 minuty"},"schema":{"@context":"https:\/\/schema.org","@graph":[{"@type":"Article","@id":"https:\/\/www.mojabochnia.pl\/?p=490#article","isPartOf":{"@id":"https:\/\/www.mojabochnia.pl\/?p=490"},"author":{"name":"administrator","@id":"https:\/\/www.mojabochnia.pl\/#\/schema\/person\/c00e1f64e6fa0e6de6d410f2c340017f"},"headline":"Jak daleko do Cz\u0119stochowy?","datePublished":"2008-08-07T06:13:46+00:00","dateModified":"2008-08-21T10:53:26+00:00","mainEntityOfPage":{"@id":"https:\/\/www.mojabochnia.pl\/?p=490"},"wordCount":309,"commentCount":0,"publisher":{"@id":"https:\/\/www.mojabochnia.pl\/#organization"},"keywords":["jasna g\u00f3ra","pielgrzymka","pielgrzymka krakowska na jasn\u0105 g\u00f3r\u0119","wawel"],"articleSection":["2_ostatnie"],"inLanguage":"pl-PL","potentialAction":[{"@type":"CommentAction","name":"Comment","target":["https:\/\/www.mojabochnia.pl\/?p=490#respond"]}]},{"@type":"WebPage","@id":"https:\/\/www.mojabochnia.pl\/?p=490","url":"https:\/\/www.mojabochnia.pl\/?p=490","name":"Jak daleko do Cz\u0119stochowy? - mojabochnia.pl - portal informacyjny","isPartOf":{"@id":"https:\/\/www.mojabochnia.pl\/#website"},"datePublished":"2008-08-07T06:13:46+00:00","dateModified":"2008-08-21T10:53:26+00:00","breadcrumb":{"@id":"https:\/\/www.mojabochnia.pl\/?p=490#breadcrumb"},"inLanguage":"pl-PL","potentialAction":[{"@type":"ReadAction","target":["https:\/\/www.mojabochnia.pl\/?p=490"]}]},{"@type":"BreadcrumbList","@id":"https:\/\/www.mojabochnia.pl\/?p=490#breadcrumb","itemListElement":[{"@type":"ListItem","position":1,"name":"Home","item":"https:\/\/www.mojabochnia.pl\/"},{"@type":"ListItem","position":2,"name":"Jak daleko do Cz\u0119stochowy?"}]},{"@type":"WebSite","@id":"https:\/\/www.mojabochnia.pl\/#website","url":"https:\/\/www.mojabochnia.pl\/","name":"mojabochnia.pl - portal informacyjny","description":"mojaBochnia to portal informacyjny o Bochni. Codziennie o Bochni piszemy i pokazujemy najwa\u017cniejsze wydarzenia","publisher":{"@id":"https:\/\/www.mojabochnia.pl\/#organization"},"potentialAction":[{"@type":"SearchAction","target":{"@type":"EntryPoint","urlTemplate":"https:\/\/www.mojabochnia.pl\/?s={search_term_string}"},"query-input":{"@type":"PropertyValueSpecification","valueRequired":true,"valueName":"search_term_string"}}],"inLanguage":"pl-PL"},{"@type":"Organization","@id":"https:\/\/www.mojabochnia.pl\/#organization","name":"mojabochnia.pl - portal informacyjny","url":"https:\/\/www.mojabochnia.pl\/","logo":{"@type":"ImageObject","inLanguage":"pl-PL","@id":"https:\/\/www.mojabochnia.pl\/#\/schema\/logo\/image\/","url":"https:\/\/www.mojabochnia.pl\/wp-content\/uploads\/2017\/08\/logo-mb-opt.png","contentUrl":"https:\/\/www.mojabochnia.pl\/wp-content\/uploads\/2017\/08\/logo-mb-opt.png","width":250,"height":48,"caption":"mojabochnia.pl - portal informacyjny"},"image":{"@id":"https:\/\/www.mojabochnia.pl\/#\/schema\/logo\/image\/"},"sameAs":["https:\/\/www.facebook.com\/mojabochnia"]},{"@type":"Person","@id":"https:\/\/www.mojabochnia.pl\/#\/schema\/person\/c00e1f64e6fa0e6de6d410f2c340017f","name":"administrator","url":"https:\/\/www.mojabochnia.pl\/?author=1"}]}},"_links":{"self":[{"href":"https:\/\/www.mojabochnia.pl\/index.php?rest_route=\/wp\/v2\/posts\/490","targetHints":{"allow":["GET"]}}],"collection":[{"href":"https:\/\/www.mojabochnia.pl\/index.php?rest_route=\/wp\/v2\/posts"}],"about":[{"href":"https:\/\/www.mojabochnia.pl\/index.php?rest_route=\/wp\/v2\/types\/post"}],"author":[{"embeddable":true,"href":"https:\/\/www.mojabochnia.pl\/index.php?rest_route=\/wp\/v2\/users\/1"}],"replies":[{"embeddable":true,"href":"https:\/\/www.mojabochnia.pl\/index.php?rest_route=%2Fwp%2Fv2%2Fcomments&post=490"}],"version-history":[{"count":0,"href":"https:\/\/www.mojabochnia.pl\/index.php?rest_route=\/wp\/v2\/posts\/490\/revisions"}],"wp:attachment":[{"href":"https:\/\/www.mojabochnia.pl\/index.php?rest_route=%2Fwp%2Fv2%2Fmedia&parent=490"}],"wp:term":[{"taxonomy":"category","embeddable":true,"href":"https:\/\/www.mojabochnia.pl\/index.php?rest_route=%2Fwp%2Fv2%2Fcategories&post=490"},{"taxonomy":"post_tag","embeddable":true,"href":"https:\/\/www.mojabochnia.pl\/index.php?rest_route=%2Fwp%2Fv2%2Ftags&post=490"}],"curies":[{"name":"wp","href":"https:\/\/api.w.org\/{rel}","templated":true}]}}