{"id":488,"date":"2008-08-06T14:06:30","date_gmt":"2008-08-06T12:06:30","guid":{"rendered":"http:\/\/beta.mojabochnia.pl\/?p=488"},"modified":"2008-08-21T12:55:31","modified_gmt":"2008-08-21T10:55:31","slug":"horyzonty-urbanczyka","status":"publish","type":"post","link":"https:\/\/www.mojabochnia.pl\/?p=488","title":{"rendered":"Horyzonty Urba\u0144czyka"},"content":{"rendered":"<p>Marcin Urba\u0144czyk urodzi\u0142 si\u0119 10.04.1981r. w Tychach. Uko\u0144czy\u0142 studia na kierunku Edukacja Artystyczna w zakresie Sztuk Plastycznych na Wydziale Artystycznym Uniwersytetu \u015al\u0105skiego w Katowicach (2001-2007). Uzyska\u0142 dyplom z malarstwa w pracowni prof. Lecha Ko\u0142odziejczyka. Ponadto studiowa\u0142 grafik\u0119 na w\/w uczelni (2002-2007). Dyplom z wyr\u00f3\u017cnieniem obroni\u0142 w pracowni prof. J\u00f3zefa Ho\u0142arda z projektowania graficznego oraz w pracowni dr hab. J\u00f3zefa Knopka z grafiki warsztatowej. Zrealizowa\u0142 jeden semestr studi\u00f3w w York St. John, College of The University of Leeds w Wielkiej Brytanii (2005). W 2004r. otrzyma\u0142 Nagrod\u0119 Samorz\u0105du Miasta Tychy dla najlepszych tyskich student\u00f3w \u201eQuod discis, tibi discis\u201d.<\/p>\n<p>Obecnie jest asystentem w Katedrze Projektowania Graficznego na macierzystej uczelni. Zajmuje si\u0119 plakatem, identyfikacj\u0105 wizualn\u0105 i malarstwem. Ma na swoim koncie wystawy indywidualne oraz zbiorowe, ponadto jego prace znajduj\u0105 si\u0119 w kolekcjach prywatnych w kraju i za granic\u0105.<\/p>\n<p>Na wystawie w Che\u0142mie zaprezentowany zostanie cykl Horyzonty, wpisuj\u0105cy si\u0119 w nurt abstrakcji o wyra\u017anie zaznaczonej warstwie ideowej. Ekspozycja potrwa do 14.09.2008r. B\u0119dzie j\u0105 mo\u017cna zobaczy\u0107 w pi\u0105tki w godz. od 18.00 do 21.00, a tak\u017ce w soboty i niedziele w godz. od 16.00 do 21.00.<\/p>\n","protected":false},"excerpt":{"rendered":"<p>Gminne Centrum Kultury, Czytelnictwa i Sportu w Bochni zaprasza na wystaw\u0119 malarstwa Marcina Urba\u0144czyka. Wernisa\u017c odb\u0119dzie si\u0119 w pi\u0105tek 8 sierpnia o godz. 18.00 w Galerii \u201eChe\u0142m\u201d(Che\u0142m 75). Otwarciu towarzyszy\u0107 b\u0119dzie koncert Duetu Gitarowego MG\u00b2 w sk\u0142adzie: Micha\u0142 G\u0105siorowski i Micha\u0142 J\u0119dros.<\/p>\n","protected":false},"author":1,"featured_media":0,"comment_status":"open","ping_status":"open","sticky":false,"template":"","format":"standard","meta":{"_acf_changed":false,"footnotes":""},"categories":[5],"tags":[371,164,17244,182,369,17108,17158,368,17159,17157],"class_list":["post-488","post","type-post","status-publish","format-standard","hentry","category-biezace-wydarzenia","tag-abstrakcja","tag-centrum-kultury-czytelnictwa-i-sportu-w-bochni","tag-chelm","tag-galeria","tag-grafika","tag-koncert","tag-malarstwo","tag-marcin-urbanczyk","tag-wernisaz","tag-wystawa"],"acf":[],"yoast_head":"<!-- This site is optimized with the Yoast SEO plugin v26.9 - https:\/\/yoast.com\/product\/yoast-seo-wordpress\/ -->\n<title>Horyzonty Urba\u0144czyka - mojabochnia.pl - portal informacyjny<\/title>\n<meta name=\"robots\" content=\"index, follow, max-snippet:-1, max-image-preview:large, max-video-preview:-1\" \/>\n<link rel=\"canonical\" href=\"https:\/\/www.mojabochnia.pl\/?p=488\" \/>\n<meta property=\"og:locale\" content=\"pl_PL\" \/>\n<meta property=\"og:type\" content=\"article\" \/>\n<meta property=\"og:title\" content=\"Horyzonty Urba\u0144czyka - mojabochnia.pl - portal informacyjny\" \/>\n<meta property=\"og:description\" content=\"Gminne Centrum Kultury, Czytelnictwa i Sportu w Bochni zaprasza na wystaw\u0119 malarstwa Marcina Urba\u0144czyka. Wernisa\u017c odb\u0119dzie si\u0119 w pi\u0105tek 8 sierpnia o godz. 18.00 w Galerii \u201eChe\u0142m\u201d(Che\u0142m 75). Otwarciu towarzyszy\u0107 b\u0119dzie koncert Duetu Gitarowego MG\u00b2 w sk\u0142adzie: Micha\u0142 G\u0105siorowski i Micha\u0142 J\u0119dros.\" \/>\n<meta property=\"og:url\" content=\"https:\/\/www.mojabochnia.pl\/?p=488\" \/>\n<meta property=\"og:site_name\" content=\"mojabochnia.pl - portal informacyjny\" \/>\n<meta property=\"article:publisher\" content=\"https:\/\/www.facebook.com\/mojabochnia\" \/>\n<meta property=\"article:published_time\" content=\"2008-08-06T12:06:30+00:00\" \/>\n<meta property=\"article:modified_time\" content=\"2008-08-21T10:55:31+00:00\" \/>\n<meta name=\"author\" content=\"administrator\" \/>\n<meta name=\"twitter:card\" content=\"summary_large_image\" \/>\n<meta name=\"twitter:label1\" content=\"Written by\" \/>\n\t<meta name=\"twitter:data1\" content=\"administrator\" \/>\n\t<meta name=\"twitter:label2\" content=\"Est. reading time\" \/>\n\t<meta name=\"twitter:data2\" content=\"1 minuta\" \/>\n<script type=\"application\/ld+json\" class=\"yoast-schema-graph\">{\"@context\":\"https:\/\/schema.org\",\"@graph\":[{\"@type\":\"Article\",\"@id\":\"https:\/\/www.mojabochnia.pl\/?p=488#article\",\"isPartOf\":{\"@id\":\"https:\/\/www.mojabochnia.pl\/?p=488\"},\"author\":{\"name\":\"administrator\",\"@id\":\"https:\/\/www.mojabochnia.pl\/#\/schema\/person\/c00e1f64e6fa0e6de6d410f2c340017f\"},\"headline\":\"Horyzonty Urba\u0144czyka\",\"datePublished\":\"2008-08-06T12:06:30+00:00\",\"dateModified\":\"2008-08-21T10:55:31+00:00\",\"mainEntityOfPage\":{\"@id\":\"https:\/\/www.mojabochnia.pl\/?p=488\"},\"wordCount\":197,\"commentCount\":2,\"publisher\":{\"@id\":\"https:\/\/www.mojabochnia.pl\/#organization\"},\"keywords\":[\"abstrakcja\",\"Centrum Kultury Czytelnictwa i Sportu w Bochni\",\"che\u0142m\",\"galeria\",\"grafika\",\"koncert\",\"malarstwo\",\"marcin urba\u0144czyk\",\"wernisa\u017c\",\"wystawa\"],\"articleSection\":[\"2_ostatnie\"],\"inLanguage\":\"pl-PL\",\"potentialAction\":[{\"@type\":\"CommentAction\",\"name\":\"Comment\",\"target\":[\"https:\/\/www.mojabochnia.pl\/?p=488#respond\"]}]},{\"@type\":\"WebPage\",\"@id\":\"https:\/\/www.mojabochnia.pl\/?p=488\",\"url\":\"https:\/\/www.mojabochnia.pl\/?p=488\",\"name\":\"Horyzonty Urba\u0144czyka - mojabochnia.pl - portal informacyjny\",\"isPartOf\":{\"@id\":\"https:\/\/www.mojabochnia.pl\/#website\"},\"datePublished\":\"2008-08-06T12:06:30+00:00\",\"dateModified\":\"2008-08-21T10:55:31+00:00\",\"breadcrumb\":{\"@id\":\"https:\/\/www.mojabochnia.pl\/?p=488#breadcrumb\"},\"inLanguage\":\"pl-PL\",\"potentialAction\":[{\"@type\":\"ReadAction\",\"target\":[\"https:\/\/www.mojabochnia.pl\/?p=488\"]}]},{\"@type\":\"BreadcrumbList\",\"@id\":\"https:\/\/www.mojabochnia.pl\/?p=488#breadcrumb\",\"itemListElement\":[{\"@type\":\"ListItem\",\"position\":1,\"name\":\"Home\",\"item\":\"https:\/\/www.mojabochnia.pl\/\"},{\"@type\":\"ListItem\",\"position\":2,\"name\":\"Horyzonty Urba\u0144czyka\"}]},{\"@type\":\"WebSite\",\"@id\":\"https:\/\/www.mojabochnia.pl\/#website\",\"url\":\"https:\/\/www.mojabochnia.pl\/\",\"name\":\"mojabochnia.pl - portal informacyjny\",\"description\":\"mojaBochnia to portal informacyjny o Bochni. Codziennie o Bochni piszemy i pokazujemy najwa\u017cniejsze wydarzenia\",\"publisher\":{\"@id\":\"https:\/\/www.mojabochnia.pl\/#organization\"},\"potentialAction\":[{\"@type\":\"SearchAction\",\"target\":{\"@type\":\"EntryPoint\",\"urlTemplate\":\"https:\/\/www.mojabochnia.pl\/?s={search_term_string}\"},\"query-input\":{\"@type\":\"PropertyValueSpecification\",\"valueRequired\":true,\"valueName\":\"search_term_string\"}}],\"inLanguage\":\"pl-PL\"},{\"@type\":\"Organization\",\"@id\":\"https:\/\/www.mojabochnia.pl\/#organization\",\"name\":\"mojabochnia.pl - portal informacyjny\",\"url\":\"https:\/\/www.mojabochnia.pl\/\",\"logo\":{\"@type\":\"ImageObject\",\"inLanguage\":\"pl-PL\",\"@id\":\"https:\/\/www.mojabochnia.pl\/#\/schema\/logo\/image\/\",\"url\":\"https:\/\/www.mojabochnia.pl\/wp-content\/uploads\/2017\/08\/logo-mb-opt.png\",\"contentUrl\":\"https:\/\/www.mojabochnia.pl\/wp-content\/uploads\/2017\/08\/logo-mb-opt.png\",\"width\":250,\"height\":48,\"caption\":\"mojabochnia.pl - portal informacyjny\"},\"image\":{\"@id\":\"https:\/\/www.mojabochnia.pl\/#\/schema\/logo\/image\/\"},\"sameAs\":[\"https:\/\/www.facebook.com\/mojabochnia\"]},{\"@type\":\"Person\",\"@id\":\"https:\/\/www.mojabochnia.pl\/#\/schema\/person\/c00e1f64e6fa0e6de6d410f2c340017f\",\"name\":\"administrator\",\"url\":\"https:\/\/www.mojabochnia.pl\/?author=1\"}]}<\/script>\n<!-- \/ Yoast SEO plugin. -->","yoast_head_json":{"title":"Horyzonty Urba\u0144czyka - mojabochnia.pl - portal informacyjny","robots":{"index":"index","follow":"follow","max-snippet":"max-snippet:-1","max-image-preview":"max-image-preview:large","max-video-preview":"max-video-preview:-1"},"canonical":"https:\/\/www.mojabochnia.pl\/?p=488","og_locale":"pl_PL","og_type":"article","og_title":"Horyzonty Urba\u0144czyka - mojabochnia.pl - portal informacyjny","og_description":"Gminne Centrum Kultury, Czytelnictwa i Sportu w Bochni zaprasza na wystaw\u0119 malarstwa Marcina Urba\u0144czyka. Wernisa\u017c odb\u0119dzie si\u0119 w pi\u0105tek 8 sierpnia o godz. 18.00 w Galerii \u201eChe\u0142m\u201d(Che\u0142m 75). Otwarciu towarzyszy\u0107 b\u0119dzie koncert Duetu Gitarowego MG\u00b2 w sk\u0142adzie: Micha\u0142 G\u0105siorowski i Micha\u0142 J\u0119dros.","og_url":"https:\/\/www.mojabochnia.pl\/?p=488","og_site_name":"mojabochnia.pl - portal informacyjny","article_publisher":"https:\/\/www.facebook.com\/mojabochnia","article_published_time":"2008-08-06T12:06:30+00:00","article_modified_time":"2008-08-21T10:55:31+00:00","author":"administrator","twitter_card":"summary_large_image","twitter_misc":{"Written by":"administrator","Est. reading time":"1 minuta"},"schema":{"@context":"https:\/\/schema.org","@graph":[{"@type":"Article","@id":"https:\/\/www.mojabochnia.pl\/?p=488#article","isPartOf":{"@id":"https:\/\/www.mojabochnia.pl\/?p=488"},"author":{"name":"administrator","@id":"https:\/\/www.mojabochnia.pl\/#\/schema\/person\/c00e1f64e6fa0e6de6d410f2c340017f"},"headline":"Horyzonty Urba\u0144czyka","datePublished":"2008-08-06T12:06:30+00:00","dateModified":"2008-08-21T10:55:31+00:00","mainEntityOfPage":{"@id":"https:\/\/www.mojabochnia.pl\/?p=488"},"wordCount":197,"commentCount":2,"publisher":{"@id":"https:\/\/www.mojabochnia.pl\/#organization"},"keywords":["abstrakcja","Centrum Kultury Czytelnictwa i Sportu w Bochni","che\u0142m","galeria","grafika","koncert","malarstwo","marcin urba\u0144czyk","wernisa\u017c","wystawa"],"articleSection":["2_ostatnie"],"inLanguage":"pl-PL","potentialAction":[{"@type":"CommentAction","name":"Comment","target":["https:\/\/www.mojabochnia.pl\/?p=488#respond"]}]},{"@type":"WebPage","@id":"https:\/\/www.mojabochnia.pl\/?p=488","url":"https:\/\/www.mojabochnia.pl\/?p=488","name":"Horyzonty Urba\u0144czyka - mojabochnia.pl - portal informacyjny","isPartOf":{"@id":"https:\/\/www.mojabochnia.pl\/#website"},"datePublished":"2008-08-06T12:06:30+00:00","dateModified":"2008-08-21T10:55:31+00:00","breadcrumb":{"@id":"https:\/\/www.mojabochnia.pl\/?p=488#breadcrumb"},"inLanguage":"pl-PL","potentialAction":[{"@type":"ReadAction","target":["https:\/\/www.mojabochnia.pl\/?p=488"]}]},{"@type":"BreadcrumbList","@id":"https:\/\/www.mojabochnia.pl\/?p=488#breadcrumb","itemListElement":[{"@type":"ListItem","position":1,"name":"Home","item":"https:\/\/www.mojabochnia.pl\/"},{"@type":"ListItem","position":2,"name":"Horyzonty Urba\u0144czyka"}]},{"@type":"WebSite","@id":"https:\/\/www.mojabochnia.pl\/#website","url":"https:\/\/www.mojabochnia.pl\/","name":"mojabochnia.pl - portal informacyjny","description":"mojaBochnia to portal informacyjny o Bochni. Codziennie o Bochni piszemy i pokazujemy najwa\u017cniejsze wydarzenia","publisher":{"@id":"https:\/\/www.mojabochnia.pl\/#organization"},"potentialAction":[{"@type":"SearchAction","target":{"@type":"EntryPoint","urlTemplate":"https:\/\/www.mojabochnia.pl\/?s={search_term_string}"},"query-input":{"@type":"PropertyValueSpecification","valueRequired":true,"valueName":"search_term_string"}}],"inLanguage":"pl-PL"},{"@type":"Organization","@id":"https:\/\/www.mojabochnia.pl\/#organization","name":"mojabochnia.pl - portal informacyjny","url":"https:\/\/www.mojabochnia.pl\/","logo":{"@type":"ImageObject","inLanguage":"pl-PL","@id":"https:\/\/www.mojabochnia.pl\/#\/schema\/logo\/image\/","url":"https:\/\/www.mojabochnia.pl\/wp-content\/uploads\/2017\/08\/logo-mb-opt.png","contentUrl":"https:\/\/www.mojabochnia.pl\/wp-content\/uploads\/2017\/08\/logo-mb-opt.png","width":250,"height":48,"caption":"mojabochnia.pl - portal informacyjny"},"image":{"@id":"https:\/\/www.mojabochnia.pl\/#\/schema\/logo\/image\/"},"sameAs":["https:\/\/www.facebook.com\/mojabochnia"]},{"@type":"Person","@id":"https:\/\/www.mojabochnia.pl\/#\/schema\/person\/c00e1f64e6fa0e6de6d410f2c340017f","name":"administrator","url":"https:\/\/www.mojabochnia.pl\/?author=1"}]}},"_links":{"self":[{"href":"https:\/\/www.mojabochnia.pl\/index.php?rest_route=\/wp\/v2\/posts\/488","targetHints":{"allow":["GET"]}}],"collection":[{"href":"https:\/\/www.mojabochnia.pl\/index.php?rest_route=\/wp\/v2\/posts"}],"about":[{"href":"https:\/\/www.mojabochnia.pl\/index.php?rest_route=\/wp\/v2\/types\/post"}],"author":[{"embeddable":true,"href":"https:\/\/www.mojabochnia.pl\/index.php?rest_route=\/wp\/v2\/users\/1"}],"replies":[{"embeddable":true,"href":"https:\/\/www.mojabochnia.pl\/index.php?rest_route=%2Fwp%2Fv2%2Fcomments&post=488"}],"version-history":[{"count":0,"href":"https:\/\/www.mojabochnia.pl\/index.php?rest_route=\/wp\/v2\/posts\/488\/revisions"}],"wp:attachment":[{"href":"https:\/\/www.mojabochnia.pl\/index.php?rest_route=%2Fwp%2Fv2%2Fmedia&parent=488"}],"wp:term":[{"taxonomy":"category","embeddable":true,"href":"https:\/\/www.mojabochnia.pl\/index.php?rest_route=%2Fwp%2Fv2%2Fcategories&post=488"},{"taxonomy":"post_tag","embeddable":true,"href":"https:\/\/www.mojabochnia.pl\/index.php?rest_route=%2Fwp%2Fv2%2Ftags&post=488"}],"curies":[{"name":"wp","href":"https:\/\/api.w.org\/{rel}","templated":true}]}}