{"id":486,"date":"2008-08-06T11:43:34","date_gmt":"2008-08-06T09:43:34","guid":{"rendered":"http:\/\/beta.mojabochnia.pl\/?p=486"},"modified":"2008-08-21T13:03:43","modified_gmt":"2008-08-21T11:03:43","slug":"46-malopolski-wyscig-gorski","status":"publish","type":"post","link":"https:\/\/www.mojabochnia.pl\/?p=486","title":{"rendered":"46 Ma\u0142opolski Wy\u015bcig G\u00f3rski"},"content":{"rendered":"<p>&#8211; <em>Tegoroczny wy\u015bcig, zreszt\u0105 jak zawsze, zapowiada si\u0119 bardzo interesuj\u0105co. Na starcie zobaczymy ponad 100 znakomitych kolarzy: wszystkie polskie grupy zawodowe, kilka najlepszych team\u00f3w amatorskich oraz czo\u0142owe grupy i reprezentacje narodowe z tej cz\u0119\u015bci Europy <\/em>&#8211; m\u00f3wi Marek Kosicki, dyrektor Ma\u0142opolskiego Wy\u015bcigu G\u00f3rskiego.<\/p>\n<p>Wy\u015bcig rozpocznie si\u0119 25 Kryterium Kolarskim o Z\u0142oty Pier\u015bcie\u0144 Krakowa, kt\u00f3ry b\u0119dzie jednocze\u015bnie prologiem. Kryterium rozgrywane dzisiaj od 17.00 sk\u0142ada\u0107 si\u0119 b\u0119dzie z 57 okr\u0105\u017ce\u0144 wok\u00f3\u0142 Rynku G\u0142\u00f3wnego. \u0141\u0105czna d\u0142ugo\u015b\u0107 kryterium to 40 km. Wyniki dzisiejszego wy\u015bcigu nie licz\u0105 si\u0119 do og\u00f3lnej klasyfikacji, ale zwyci\u0119zcy ubior\u0105 na krakowskim Rynku pierwsze koszulki lider\u00f3w.<\/p>\n<p>Rywalizacja w\u0142a\u015bciwa rozpocznie si\u0119 w czwartek 7 sierpnia w Gdowie. o godz. 13.45 zawodnicy wyrusz\u0105 na tras\u0119 prowadz\u0105ca przez \u0141apan\u00f3w \u2013 Much\u00f3wk\u0119 \u2013 Rozdziele  &#8211; Limanow\u0105 Sowliny \u2013 Wi\u015bniow\u0105 \u2013 My\u015blenice \u2013 \u015awi\u0105tniki G\u00f3rne \u2013 Skawin\u0119 z met\u0105 w Kalwarii Zebrzydowskiej. Kolarze pokonaj\u0105 \u0142\u0105cznie w tym dniu 150 km.<\/p>\n<p>Drugi dzie\u0144 zmaga\u0144 kolarzy to trasa ze Spytkowic przez Wadowice \u2013 Mak\u00f3w Podhala\u0144ski- Czarny Dunajec- Szaflary- Rab\u0119 Wy\u017cn\u0105 \u2013 Spytkowice z met\u0105 na 179 km w Jordanowie. Trzeci a zarazem ostatni dzie\u0144 jazdy to dwa etapy. Pierwszy poranny 140 km ze \u015awi\u0105tnik G\u00f3rnych przez My\u015blenice- Wi\u015bniow\u0105- Limanow\u0105- Zawadk\u0119- Wielog\u0142owy- Bobow\u0105 z met\u0105 w Gorlicach. Drugi popo\u0142udniowy etap to jazda indywidualna na czas na trasie Str\u00f3\u017ce- Bobowa- Str\u00f3\u017ce licz\u0105cy 18,8 km.<\/p>\n<p>Honorowy patronat nad wy\u015bcigiem obj\u0105\u0142 Marsza\u0142ek Wojew\u00f3dztwa Ma\u0142opolskiego Marek Nawara, a w\u015br\u00f3d komitetu honorowego znalaz\u0142 si\u0119 m.in. Jacek Paj\u0105k, starosta boche\u0144ski oraz Zbigniew Wojas, w\u00f3jt gminy Gd\u00f3w.<\/p>\n<p><strong>Dla mi\u0142o\u015bnik\u00f3w kolarstwa g\u00f3rskiego podajemy szczeg\u00f3\u0142owy program wy\u015bcigu:<br \/>\n6 SIERPNIA (\u015broda) <\/strong><br \/>\ngodz. 17.00 Krak\u00f3w &#8211; Rynek G\u0142\u00f3wny &#8211; Wielka Gala Rowerowa &#8211; prezentacja ekip<br \/>\ngodz. 17.45 Krak\u00f3w &#8211; Rynek G\u0142\u00f3wny &#8211; start do zawod\u00f3w m\u0142odzie\u017cowych<br \/>\ngodz. 18.00 Krak\u00f3w &#8211; Rynek G\u0142\u00f3wny &#8211; start do kryterium &#8211; 40 km<br \/>\n57 okr\u0105\u017ce\u0144 x 700 m (start)<br \/>\ngodz. 19:00 Krak\u00f3w &#8211; Rynek G\u0142\u00f3wny &#8211; zako\u0144czenie kryterium <\/p>\n<p>7 SIERPNIA (czwartek)<br \/>\n13:45 0 km Gd\u00f3w Rynek &#8211; start do I etapu<br \/>\n13:57 9 km \u0141apan\u00f3w<br \/>\n14:18 21 km Much\u00f3wka<br \/>\n14:37 33 km Rozdziele- premia g\u00f3rska im. Boles\u0142awa Urba\u0144skiego<br \/>\n14:48 41 km Przejazd kolejowy strze\u017cony<br \/>\n14:50 42 km Limanowa &#8211; Sowliny<br \/>\n15:10 57 km Gruszowiec<br \/>\n15:21 64 km Kasina Wlk. &#8211; przejazd kolejowy strze\u017cony<br \/>\n15:30 70 km Wierzbanowa &#8211; premia g\u00f3rska<br \/>\n15.37 75 km Wi\u015bniowa<br \/>\n15:53 85 km Dobczyce<br \/>\n16:20 104 km My\u015blenice<br \/>\n16:20 105 km &#8222;bufet&#8221; d\u0142ugo\u015b\u0107 2 km<br \/>\n16:25 107 km Borz\u0119ta<br \/>\n16:40 118 km \u015awi\u0105tniki G\u00f3rne &#8211; premia g\u00f3rska<br \/>\n16:45 121 km Mogilany<br \/>\n17:00 130 km Skawina<br \/>\n17:07 134 km przejazd kolejowy strze\u017cony<br \/>\n17:27 148 i 149 przejazdy kolejowe strze\u017cone<br \/>\n17:30 150 Km Kalwaria Zebrzydowska Rynek &#8211; meta I etapu <\/p>\n<p><strong>8 SIERPNIA (pi\u0105tek) <\/strong><br \/>\n12:00 0 km Spytkowice Urz\u0105d Gminy &#8211; start do II etapu<br \/>\n12:05 3 km przejazd kolejowy niestrze\u017cony<br \/>\n12:08 5 km Zator<br \/>\n12:28 19 km przejazd kolejowy strze\u017cony<br \/>\n12:30 20 km Wadowice<br \/>\n13:00 37 km przejazd kolejowy strze\u017cony<br \/>\n13:07 47 km Mak\u00f3w Podhala\u0144ski &#8211; przejazd kolejowy strz.<br \/>\n13:15 50 km Grzechynia<br \/>\n13:20 54 km Zalas &#8211; premia g\u00f3rska<br \/>\n13:30 56 km Zawoja<br \/>\n13:55 73 km Krowiarki &#8211; premia g\u00f3rska<br \/>\n14:20 90 km Jab\u0142onka<br \/>\n14:38 102 km Czarny Dunajec<br \/>\n14:50 110 km Czerwienne<br \/>\n15:00 118 km &#8222;droga papieska&#8221; &#8211; &#8222;bufet&#8221; d\u0142ugo\u015b\u0107 2 km<br \/>\n15:05 121 km Bustryk &#8211; premia g\u00f3rska<br \/>\n15:20 129 km Szaflary<br \/>\n15:22 130 km Maruszyna<br \/>\n15:36 142 km Stare Bystre<br \/>\n15:52 147 km Czarny Dunajec<br \/>\n16:15 163 km Raba Wy\u017cna<br \/>\n16:18 167 km Spytkowice<br \/>\n16:27 177 km Jordan\u00f3w przejazd kolejowy strze\u017cony<br \/>\n16:30 179 km Jordan\u00f3w Rynek &#8211; meta II etapu <\/p>\n<p><strong>9 SIERPNIA (sobota) <\/strong><br \/>\n9:00 0 km \u015awi\u0105tniki G\u00f3rne Rynek &#8211; start do III etapu<br \/>\n9:06 4 km Siepraw<br \/>\n9:24 16 km My\u015blenice<br \/>\n9:33 21 km Trzeme\u015bnia<br \/>\n9:45 30 km Wi\u015bniowa<br \/>\n9:50 33 km Wierzbanowa<br \/>\n10:02 41 km Kasina Wielka przejazd kolejowy strze\u017cony<br \/>\n10:35 62 km Limanowa<br \/>\n10:38 65 km Limanowa przejazd kolejowy strze\u017cony<br \/>\n10:59 79 km Chromanice przejazd kolejowy niestrze\u017cony<br \/>\n11:03 81 km Zawadka- premia g\u00f3rska<br \/>\n11:10 85 km T\u0119goborze<br \/>\n11:20 92 km Wielog\u0142owy<br \/>\n11:20 92 km bufet d\u0142ugo\u015b\u0107 2km<br \/>\n11:22 93 km Ubiad<br \/>\n11:30 98 km Librantowa<br \/>\n11:55 115 km Wilczyska &#8211; przejazd kolejowy strze\u017cony<br \/>\n11:58 117 km Bobowa<br \/>\n12:00 120 km Siedliska &#8211; przejazd kolejowy strze\u017cony<br \/>\n12:20 134 km Wola \u0141u\u017c &#8211; przejazd kolejowy strze\u017cony<br \/>\n12:24 137 km Str\u00f3\u017c\u00f3wka<br \/>\n12:30 141 km Gorlice Rynek- meta III etapu<br \/>\n14:00 &#8211; 15:00 &#8211; przejazd do Str\u00f3\u017c ok. 25 km (transfer to start 25 km)<br \/>\n15:30 &#8211; 16.30 0 km Str\u00f3\u017ce &#8211; start do IV etapu &#8211; jazdy indywidualnej na czas<br \/>\n15:45 &#8211; 16:45 8 km Bobowa &#8211; p\u00f3\u0142metek<br \/>\n16:00 &#8211; 17:00 16 km Str\u00f3\u017ce &#8211; meta IV etapu <\/p>\n","protected":false},"excerpt":{"rendered":"<p>Juz dzisiaj w Krakowie startuje 46 Ma\u0142opolski Wy\u015bcig G\u00f3rski. Podczas tegorocznej edycji wy\u015bcigu, kolarze b\u0119d\u0105 mieli do pokonania \u0142\u0105cznie 486 km trudnych g\u00f3rzystych tras podzielonych na cztery etapy z siedmioma premiami g\u00f3rskimi. Trasa wy\u015bcigu prowadzi m.in. przez Gd\u00f3w, \u0141apan\u00f3w, Much\u00f3wk\u0119 oraz Rozdziele, gdzie zaplanowano pierwsz\u0105  premi\u0119 g\u00f3rsk\u0105 im. Boles\u0142awa Urba\u0144skiego. <\/p>\n","protected":false},"author":1,"featured_media":0,"comment_status":"open","ping_status":"open","sticky":false,"template":"","format":"standard","meta":{"_acf_changed":false,"footnotes":""},"categories":[5],"tags":[17206,17136,17243,34,17233,366,17148,365,17106,363],"class_list":["post-486","post","type-post","status-publish","format-standard","hentry","category-biezace-wydarzenia","tag-gdow","tag-jacek-pajak","tag-kolarstwo","tag-krakow","tag-lapanow","tag-marek-nawara","tag-muchowka","tag-rozdziele","tag-sport","tag-wyscig"],"acf":[],"yoast_head":"<!-- This site is optimized with the Yoast SEO plugin v26.9 - https:\/\/yoast.com\/product\/yoast-seo-wordpress\/ -->\n<title>46 Ma\u0142opolski Wy\u015bcig G\u00f3rski - mojabochnia.pl - portal informacyjny<\/title>\n<meta name=\"robots\" content=\"index, follow, max-snippet:-1, max-image-preview:large, max-video-preview:-1\" \/>\n<link rel=\"canonical\" href=\"https:\/\/www.mojabochnia.pl\/?p=486\" \/>\n<meta property=\"og:locale\" content=\"pl_PL\" \/>\n<meta property=\"og:type\" content=\"article\" \/>\n<meta property=\"og:title\" content=\"46 Ma\u0142opolski Wy\u015bcig G\u00f3rski - mojabochnia.pl - portal informacyjny\" \/>\n<meta property=\"og:description\" content=\"Juz dzisiaj w Krakowie startuje 46 Ma\u0142opolski Wy\u015bcig G\u00f3rski. Podczas tegorocznej edycji wy\u015bcigu, kolarze b\u0119d\u0105 mieli do pokonania \u0142\u0105cznie 486 km trudnych g\u00f3rzystych tras podzielonych na cztery etapy z siedmioma premiami g\u00f3rskimi. Trasa wy\u015bcigu prowadzi m.in. przez Gd\u00f3w, \u0141apan\u00f3w, Much\u00f3wk\u0119 oraz Rozdziele, gdzie zaplanowano pierwsz\u0105 premi\u0119 g\u00f3rsk\u0105 im. Boles\u0142awa Urba\u0144skiego.\" \/>\n<meta property=\"og:url\" content=\"https:\/\/www.mojabochnia.pl\/?p=486\" \/>\n<meta property=\"og:site_name\" content=\"mojabochnia.pl - portal informacyjny\" \/>\n<meta property=\"article:publisher\" content=\"https:\/\/www.facebook.com\/mojabochnia\" \/>\n<meta property=\"article:published_time\" content=\"2008-08-06T09:43:34+00:00\" \/>\n<meta property=\"article:modified_time\" content=\"2008-08-21T11:03:43+00:00\" \/>\n<meta name=\"author\" content=\"administrator\" \/>\n<meta name=\"twitter:card\" content=\"summary_large_image\" \/>\n<meta name=\"twitter:label1\" content=\"Written by\" \/>\n\t<meta name=\"twitter:data1\" content=\"administrator\" \/>\n\t<meta name=\"twitter:label2\" content=\"Est. reading time\" \/>\n\t<meta name=\"twitter:data2\" content=\"4 minuty\" \/>\n<script type=\"application\/ld+json\" class=\"yoast-schema-graph\">{\"@context\":\"https:\/\/schema.org\",\"@graph\":[{\"@type\":\"Article\",\"@id\":\"https:\/\/www.mojabochnia.pl\/?p=486#article\",\"isPartOf\":{\"@id\":\"https:\/\/www.mojabochnia.pl\/?p=486\"},\"author\":{\"name\":\"administrator\",\"@id\":\"https:\/\/www.mojabochnia.pl\/#\/schema\/person\/c00e1f64e6fa0e6de6d410f2c340017f\"},\"headline\":\"46 Ma\u0142opolski Wy\u015bcig G\u00f3rski\",\"datePublished\":\"2008-08-06T09:43:34+00:00\",\"dateModified\":\"2008-08-21T11:03:43+00:00\",\"mainEntityOfPage\":{\"@id\":\"https:\/\/www.mojabochnia.pl\/?p=486\"},\"wordCount\":709,\"commentCount\":1,\"publisher\":{\"@id\":\"https:\/\/www.mojabochnia.pl\/#organization\"},\"keywords\":[\"gd\u00f3w\",\"jacek paj\u0105k\",\"kolarstwo\",\"Krak\u00f3w\",\"\u0141apan\u00f3w\",\"marek nawara\",\"much\u00f3wka\",\"rozdziele\",\"sport\",\"wy\u015bcig\"],\"articleSection\":[\"2_ostatnie\"],\"inLanguage\":\"pl-PL\",\"potentialAction\":[{\"@type\":\"CommentAction\",\"name\":\"Comment\",\"target\":[\"https:\/\/www.mojabochnia.pl\/?p=486#respond\"]}]},{\"@type\":\"WebPage\",\"@id\":\"https:\/\/www.mojabochnia.pl\/?p=486\",\"url\":\"https:\/\/www.mojabochnia.pl\/?p=486\",\"name\":\"46 Ma\u0142opolski Wy\u015bcig G\u00f3rski - mojabochnia.pl - portal informacyjny\",\"isPartOf\":{\"@id\":\"https:\/\/www.mojabochnia.pl\/#website\"},\"datePublished\":\"2008-08-06T09:43:34+00:00\",\"dateModified\":\"2008-08-21T11:03:43+00:00\",\"breadcrumb\":{\"@id\":\"https:\/\/www.mojabochnia.pl\/?p=486#breadcrumb\"},\"inLanguage\":\"pl-PL\",\"potentialAction\":[{\"@type\":\"ReadAction\",\"target\":[\"https:\/\/www.mojabochnia.pl\/?p=486\"]}]},{\"@type\":\"BreadcrumbList\",\"@id\":\"https:\/\/www.mojabochnia.pl\/?p=486#breadcrumb\",\"itemListElement\":[{\"@type\":\"ListItem\",\"position\":1,\"name\":\"Home\",\"item\":\"https:\/\/www.mojabochnia.pl\/\"},{\"@type\":\"ListItem\",\"position\":2,\"name\":\"46 Ma\u0142opolski Wy\u015bcig G\u00f3rski\"}]},{\"@type\":\"WebSite\",\"@id\":\"https:\/\/www.mojabochnia.pl\/#website\",\"url\":\"https:\/\/www.mojabochnia.pl\/\",\"name\":\"mojabochnia.pl - portal informacyjny\",\"description\":\"mojaBochnia to portal informacyjny o Bochni. Codziennie o Bochni piszemy i pokazujemy najwa\u017cniejsze wydarzenia\",\"publisher\":{\"@id\":\"https:\/\/www.mojabochnia.pl\/#organization\"},\"potentialAction\":[{\"@type\":\"SearchAction\",\"target\":{\"@type\":\"EntryPoint\",\"urlTemplate\":\"https:\/\/www.mojabochnia.pl\/?s={search_term_string}\"},\"query-input\":{\"@type\":\"PropertyValueSpecification\",\"valueRequired\":true,\"valueName\":\"search_term_string\"}}],\"inLanguage\":\"pl-PL\"},{\"@type\":\"Organization\",\"@id\":\"https:\/\/www.mojabochnia.pl\/#organization\",\"name\":\"mojabochnia.pl - portal informacyjny\",\"url\":\"https:\/\/www.mojabochnia.pl\/\",\"logo\":{\"@type\":\"ImageObject\",\"inLanguage\":\"pl-PL\",\"@id\":\"https:\/\/www.mojabochnia.pl\/#\/schema\/logo\/image\/\",\"url\":\"https:\/\/www.mojabochnia.pl\/wp-content\/uploads\/2017\/08\/logo-mb-opt.png\",\"contentUrl\":\"https:\/\/www.mojabochnia.pl\/wp-content\/uploads\/2017\/08\/logo-mb-opt.png\",\"width\":250,\"height\":48,\"caption\":\"mojabochnia.pl - portal informacyjny\"},\"image\":{\"@id\":\"https:\/\/www.mojabochnia.pl\/#\/schema\/logo\/image\/\"},\"sameAs\":[\"https:\/\/www.facebook.com\/mojabochnia\"]},{\"@type\":\"Person\",\"@id\":\"https:\/\/www.mojabochnia.pl\/#\/schema\/person\/c00e1f64e6fa0e6de6d410f2c340017f\",\"name\":\"administrator\",\"url\":\"https:\/\/www.mojabochnia.pl\/?author=1\"}]}<\/script>\n<!-- \/ Yoast SEO plugin. -->","yoast_head_json":{"title":"46 Ma\u0142opolski Wy\u015bcig G\u00f3rski - mojabochnia.pl - portal informacyjny","robots":{"index":"index","follow":"follow","max-snippet":"max-snippet:-1","max-image-preview":"max-image-preview:large","max-video-preview":"max-video-preview:-1"},"canonical":"https:\/\/www.mojabochnia.pl\/?p=486","og_locale":"pl_PL","og_type":"article","og_title":"46 Ma\u0142opolski Wy\u015bcig G\u00f3rski - mojabochnia.pl - portal informacyjny","og_description":"Juz dzisiaj w Krakowie startuje 46 Ma\u0142opolski Wy\u015bcig G\u00f3rski. Podczas tegorocznej edycji wy\u015bcigu, kolarze b\u0119d\u0105 mieli do pokonania \u0142\u0105cznie 486 km trudnych g\u00f3rzystych tras podzielonych na cztery etapy z siedmioma premiami g\u00f3rskimi. Trasa wy\u015bcigu prowadzi m.in. przez Gd\u00f3w, \u0141apan\u00f3w, Much\u00f3wk\u0119 oraz Rozdziele, gdzie zaplanowano pierwsz\u0105 premi\u0119 g\u00f3rsk\u0105 im. Boles\u0142awa Urba\u0144skiego.","og_url":"https:\/\/www.mojabochnia.pl\/?p=486","og_site_name":"mojabochnia.pl - portal informacyjny","article_publisher":"https:\/\/www.facebook.com\/mojabochnia","article_published_time":"2008-08-06T09:43:34+00:00","article_modified_time":"2008-08-21T11:03:43+00:00","author":"administrator","twitter_card":"summary_large_image","twitter_misc":{"Written by":"administrator","Est. reading time":"4 minuty"},"schema":{"@context":"https:\/\/schema.org","@graph":[{"@type":"Article","@id":"https:\/\/www.mojabochnia.pl\/?p=486#article","isPartOf":{"@id":"https:\/\/www.mojabochnia.pl\/?p=486"},"author":{"name":"administrator","@id":"https:\/\/www.mojabochnia.pl\/#\/schema\/person\/c00e1f64e6fa0e6de6d410f2c340017f"},"headline":"46 Ma\u0142opolski Wy\u015bcig G\u00f3rski","datePublished":"2008-08-06T09:43:34+00:00","dateModified":"2008-08-21T11:03:43+00:00","mainEntityOfPage":{"@id":"https:\/\/www.mojabochnia.pl\/?p=486"},"wordCount":709,"commentCount":1,"publisher":{"@id":"https:\/\/www.mojabochnia.pl\/#organization"},"keywords":["gd\u00f3w","jacek paj\u0105k","kolarstwo","Krak\u00f3w","\u0141apan\u00f3w","marek nawara","much\u00f3wka","rozdziele","sport","wy\u015bcig"],"articleSection":["2_ostatnie"],"inLanguage":"pl-PL","potentialAction":[{"@type":"CommentAction","name":"Comment","target":["https:\/\/www.mojabochnia.pl\/?p=486#respond"]}]},{"@type":"WebPage","@id":"https:\/\/www.mojabochnia.pl\/?p=486","url":"https:\/\/www.mojabochnia.pl\/?p=486","name":"46 Ma\u0142opolski Wy\u015bcig G\u00f3rski - mojabochnia.pl - portal informacyjny","isPartOf":{"@id":"https:\/\/www.mojabochnia.pl\/#website"},"datePublished":"2008-08-06T09:43:34+00:00","dateModified":"2008-08-21T11:03:43+00:00","breadcrumb":{"@id":"https:\/\/www.mojabochnia.pl\/?p=486#breadcrumb"},"inLanguage":"pl-PL","potentialAction":[{"@type":"ReadAction","target":["https:\/\/www.mojabochnia.pl\/?p=486"]}]},{"@type":"BreadcrumbList","@id":"https:\/\/www.mojabochnia.pl\/?p=486#breadcrumb","itemListElement":[{"@type":"ListItem","position":1,"name":"Home","item":"https:\/\/www.mojabochnia.pl\/"},{"@type":"ListItem","position":2,"name":"46 Ma\u0142opolski Wy\u015bcig G\u00f3rski"}]},{"@type":"WebSite","@id":"https:\/\/www.mojabochnia.pl\/#website","url":"https:\/\/www.mojabochnia.pl\/","name":"mojabochnia.pl - portal informacyjny","description":"mojaBochnia to portal informacyjny o Bochni. Codziennie o Bochni piszemy i pokazujemy najwa\u017cniejsze wydarzenia","publisher":{"@id":"https:\/\/www.mojabochnia.pl\/#organization"},"potentialAction":[{"@type":"SearchAction","target":{"@type":"EntryPoint","urlTemplate":"https:\/\/www.mojabochnia.pl\/?s={search_term_string}"},"query-input":{"@type":"PropertyValueSpecification","valueRequired":true,"valueName":"search_term_string"}}],"inLanguage":"pl-PL"},{"@type":"Organization","@id":"https:\/\/www.mojabochnia.pl\/#organization","name":"mojabochnia.pl - portal informacyjny","url":"https:\/\/www.mojabochnia.pl\/","logo":{"@type":"ImageObject","inLanguage":"pl-PL","@id":"https:\/\/www.mojabochnia.pl\/#\/schema\/logo\/image\/","url":"https:\/\/www.mojabochnia.pl\/wp-content\/uploads\/2017\/08\/logo-mb-opt.png","contentUrl":"https:\/\/www.mojabochnia.pl\/wp-content\/uploads\/2017\/08\/logo-mb-opt.png","width":250,"height":48,"caption":"mojabochnia.pl - portal informacyjny"},"image":{"@id":"https:\/\/www.mojabochnia.pl\/#\/schema\/logo\/image\/"},"sameAs":["https:\/\/www.facebook.com\/mojabochnia"]},{"@type":"Person","@id":"https:\/\/www.mojabochnia.pl\/#\/schema\/person\/c00e1f64e6fa0e6de6d410f2c340017f","name":"administrator","url":"https:\/\/www.mojabochnia.pl\/?author=1"}]}},"_links":{"self":[{"href":"https:\/\/www.mojabochnia.pl\/index.php?rest_route=\/wp\/v2\/posts\/486","targetHints":{"allow":["GET"]}}],"collection":[{"href":"https:\/\/www.mojabochnia.pl\/index.php?rest_route=\/wp\/v2\/posts"}],"about":[{"href":"https:\/\/www.mojabochnia.pl\/index.php?rest_route=\/wp\/v2\/types\/post"}],"author":[{"embeddable":true,"href":"https:\/\/www.mojabochnia.pl\/index.php?rest_route=\/wp\/v2\/users\/1"}],"replies":[{"embeddable":true,"href":"https:\/\/www.mojabochnia.pl\/index.php?rest_route=%2Fwp%2Fv2%2Fcomments&post=486"}],"version-history":[{"count":0,"href":"https:\/\/www.mojabochnia.pl\/index.php?rest_route=\/wp\/v2\/posts\/486\/revisions"}],"wp:attachment":[{"href":"https:\/\/www.mojabochnia.pl\/index.php?rest_route=%2Fwp%2Fv2%2Fmedia&parent=486"}],"wp:term":[{"taxonomy":"category","embeddable":true,"href":"https:\/\/www.mojabochnia.pl\/index.php?rest_route=%2Fwp%2Fv2%2Fcategories&post=486"},{"taxonomy":"post_tag","embeddable":true,"href":"https:\/\/www.mojabochnia.pl\/index.php?rest_route=%2Fwp%2Fv2%2Ftags&post=486"}],"curies":[{"name":"wp","href":"https:\/\/api.w.org\/{rel}","templated":true}]}}