{"id":4814,"date":"2009-01-30T09:35:30","date_gmt":"2009-01-30T08:35:30","guid":{"rendered":"http:\/\/www.mojabochnia.pl\/?p=4814"},"modified":"2009-01-30T11:32:04","modified_gmt":"2009-01-30T10:32:04","slug":"bochenskie-podstawowki-zapraszaja-na-dni-otwarte","status":"publish","type":"post","link":"https:\/\/www.mojabochnia.pl\/?p=4814","title":{"rendered":"Boche\u0144skie podstaw\u00f3wki zapraszaj\u0105 na Dni Otwarte"},"content":{"rendered":"<p>Szko\u0142y Podstawowe nr 5 i 7 w tym tygodniu zapraszaj\u0105 dzieci z rocznik\u00f3w 2002 i 2003 wraz z rodzicami do zapoznania si\u0119 z ofertami programowymi na nowy rok szkolny.<\/p>\n<p>Pierwsza wystartowa\u0142a \u201ePi\u0105tka\u201d w czwartek 29 stycznia o godzinie 17 od spektaklu pt \u201eKr\u00f3lewna \u015anie\u017cka\u201d przygotowanego przez swoich uczni\u00f3w, nast\u0119pnie program Dnia Otwartego zak\u0142ada\u0142 zwiedzanie szko\u0142y \u015bladami bohater\u00f3w ba\u015bniowej krainy, koncert kol\u0119d w wykonaniu ch\u00f3ru szkolnego, rozmowy z pedagogiem szkolnym oraz prezentacj\u0119 oferty dydaktyczno \u2013 wychowawczo \u2013 opieku\u0144czej. <\/p>\n<p>Si\u00f3demka z kolei przemieni si\u0119 w bajeczny \u015bwiat dla maluch\u00f3w w sobot\u0119 31 stycznia. Dzie\u0144 Otwarty rozpocznie si\u0119 o godzinie 9. W\u015br\u00f3d atrakcji przewidziano przedstawienie pt. \u201eBrzydkie kacz\u0105tko\u201d, pogadanki dla rodzic\u00f3w pod has\u0142em \u201e\u0141atwy start malucha\u201d oraz prezentacj\u0119 oferty dydaktyczno \u2013 wychowawczej szko\u0142y. Zainteresowani rodzice b\u0119d\u0105 mogli od razu dokona\u0107 zapisu dzieci do przysz\u0142orocznej klasy zerowej i pierwszej.<\/p>\n","protected":false},"excerpt":{"rendered":"<p>Kr\u00f3lewna \u015anie\u017cka czy Brzydkie Kacz\u0105tko, kto przyci\u0105gnie wi\u0119cej sze\u015bcio- i siedmiolatk\u00f3w?<br \/>\nZaczyna si\u0119 rywalizacja o nowych uczni\u00f3w.<\/p>\n","protected":false},"author":1,"featured_media":0,"comment_status":"open","ping_status":"closed","sticky":false,"template":"","format":"standard","meta":{"_acf_changed":false,"footnotes":""},"categories":[5],"tags":[17203,17363,2301,17592,1611,17439,261,17251,387,795],"class_list":["post-4814","post","type-post","status-publish","format-standard","hentry","category-biezace-wydarzenia","tag-dyrektor","tag-dzien-otwarty","tag-krolewna-sniezka","tag-przedstawienie","tag-rodzice","tag-spektakl","tag-szkola-podstawowa","tag-szkola-podstawowa-nr-5","tag-szkola-podstawowa-nr-7","tag-zwiedzanie"],"acf":[],"yoast_head":"<!-- This site is optimized with the Yoast SEO plugin v26.9 - https:\/\/yoast.com\/product\/yoast-seo-wordpress\/ -->\n<title>Boche\u0144skie podstaw\u00f3wki zapraszaj\u0105 na Dni Otwarte  - mojabochnia.pl - portal informacyjny<\/title>\n<meta name=\"robots\" content=\"index, follow, max-snippet:-1, max-image-preview:large, max-video-preview:-1\" \/>\n<link rel=\"canonical\" href=\"https:\/\/www.mojabochnia.pl\/?p=4814\" \/>\n<meta property=\"og:locale\" content=\"pl_PL\" \/>\n<meta property=\"og:type\" content=\"article\" \/>\n<meta property=\"og:title\" content=\"Boche\u0144skie podstaw\u00f3wki zapraszaj\u0105 na Dni Otwarte  - mojabochnia.pl - portal informacyjny\" \/>\n<meta property=\"og:description\" content=\"Kr\u00f3lewna \u015anie\u017cka czy Brzydkie Kacz\u0105tko, kto przyci\u0105gnie wi\u0119cej sze\u015bcio- i siedmiolatk\u00f3w? Zaczyna si\u0119 rywalizacja o nowych uczni\u00f3w.\" \/>\n<meta property=\"og:url\" content=\"https:\/\/www.mojabochnia.pl\/?p=4814\" \/>\n<meta property=\"og:site_name\" content=\"mojabochnia.pl - portal informacyjny\" \/>\n<meta property=\"article:publisher\" content=\"https:\/\/www.facebook.com\/mojabochnia\" \/>\n<meta property=\"article:published_time\" content=\"2009-01-30T08:35:30+00:00\" \/>\n<meta property=\"article:modified_time\" content=\"2009-01-30T10:32:04+00:00\" \/>\n<meta name=\"author\" content=\"administrator\" \/>\n<meta name=\"twitter:card\" content=\"summary_large_image\" \/>\n<meta name=\"twitter:label1\" content=\"Written by\" \/>\n\t<meta name=\"twitter:data1\" content=\"administrator\" \/>\n\t<meta name=\"twitter:label2\" content=\"Est. reading time\" \/>\n\t<meta name=\"twitter:data2\" content=\"1 minuta\" \/>\n<script type=\"application\/ld+json\" class=\"yoast-schema-graph\">{\"@context\":\"https:\/\/schema.org\",\"@graph\":[{\"@type\":\"Article\",\"@id\":\"https:\/\/www.mojabochnia.pl\/?p=4814#article\",\"isPartOf\":{\"@id\":\"https:\/\/www.mojabochnia.pl\/?p=4814\"},\"author\":{\"name\":\"administrator\",\"@id\":\"https:\/\/www.mojabochnia.pl\/#\/schema\/person\/c00e1f64e6fa0e6de6d410f2c340017f\"},\"headline\":\"Boche\u0144skie podstaw\u00f3wki zapraszaj\u0105 na Dni Otwarte\",\"datePublished\":\"2009-01-30T08:35:30+00:00\",\"dateModified\":\"2009-01-30T10:32:04+00:00\",\"mainEntityOfPage\":{\"@id\":\"https:\/\/www.mojabochnia.pl\/?p=4814\"},\"wordCount\":157,\"commentCount\":0,\"publisher\":{\"@id\":\"https:\/\/www.mojabochnia.pl\/#organization\"},\"keywords\":[\"dyrektor\",\"dzie\u0144 otwarty\",\"Kr\u00f3lewna \u015anie\u017cka\",\"przedstawienie\",\"rodzice\",\"spektakl\",\"szko\u0142a podstawowa\",\"szko\u0142a podstawowa nr 5\",\"szko\u0142a podstawowa nr 7\",\"zwiedzanie\"],\"articleSection\":[\"2_ostatnie\"],\"inLanguage\":\"pl-PL\",\"potentialAction\":[{\"@type\":\"CommentAction\",\"name\":\"Comment\",\"target\":[\"https:\/\/www.mojabochnia.pl\/?p=4814#respond\"]}]},{\"@type\":\"WebPage\",\"@id\":\"https:\/\/www.mojabochnia.pl\/?p=4814\",\"url\":\"https:\/\/www.mojabochnia.pl\/?p=4814\",\"name\":\"Boche\u0144skie podstaw\u00f3wki zapraszaj\u0105 na Dni Otwarte - mojabochnia.pl - portal informacyjny\",\"isPartOf\":{\"@id\":\"https:\/\/www.mojabochnia.pl\/#website\"},\"datePublished\":\"2009-01-30T08:35:30+00:00\",\"dateModified\":\"2009-01-30T10:32:04+00:00\",\"breadcrumb\":{\"@id\":\"https:\/\/www.mojabochnia.pl\/?p=4814#breadcrumb\"},\"inLanguage\":\"pl-PL\",\"potentialAction\":[{\"@type\":\"ReadAction\",\"target\":[\"https:\/\/www.mojabochnia.pl\/?p=4814\"]}]},{\"@type\":\"BreadcrumbList\",\"@id\":\"https:\/\/www.mojabochnia.pl\/?p=4814#breadcrumb\",\"itemListElement\":[{\"@type\":\"ListItem\",\"position\":1,\"name\":\"Home\",\"item\":\"https:\/\/www.mojabochnia.pl\/\"},{\"@type\":\"ListItem\",\"position\":2,\"name\":\"Boche\u0144skie podstaw\u00f3wki zapraszaj\u0105 na Dni Otwarte\"}]},{\"@type\":\"WebSite\",\"@id\":\"https:\/\/www.mojabochnia.pl\/#website\",\"url\":\"https:\/\/www.mojabochnia.pl\/\",\"name\":\"mojabochnia.pl - portal informacyjny\",\"description\":\"mojaBochnia to portal informacyjny o Bochni. Codziennie o Bochni piszemy i pokazujemy najwa\u017cniejsze wydarzenia\",\"publisher\":{\"@id\":\"https:\/\/www.mojabochnia.pl\/#organization\"},\"potentialAction\":[{\"@type\":\"SearchAction\",\"target\":{\"@type\":\"EntryPoint\",\"urlTemplate\":\"https:\/\/www.mojabochnia.pl\/?s={search_term_string}\"},\"query-input\":{\"@type\":\"PropertyValueSpecification\",\"valueRequired\":true,\"valueName\":\"search_term_string\"}}],\"inLanguage\":\"pl-PL\"},{\"@type\":\"Organization\",\"@id\":\"https:\/\/www.mojabochnia.pl\/#organization\",\"name\":\"mojabochnia.pl - portal informacyjny\",\"url\":\"https:\/\/www.mojabochnia.pl\/\",\"logo\":{\"@type\":\"ImageObject\",\"inLanguage\":\"pl-PL\",\"@id\":\"https:\/\/www.mojabochnia.pl\/#\/schema\/logo\/image\/\",\"url\":\"https:\/\/www.mojabochnia.pl\/wp-content\/uploads\/2017\/08\/logo-mb-opt.png\",\"contentUrl\":\"https:\/\/www.mojabochnia.pl\/wp-content\/uploads\/2017\/08\/logo-mb-opt.png\",\"width\":250,\"height\":48,\"caption\":\"mojabochnia.pl - portal informacyjny\"},\"image\":{\"@id\":\"https:\/\/www.mojabochnia.pl\/#\/schema\/logo\/image\/\"},\"sameAs\":[\"https:\/\/www.facebook.com\/mojabochnia\"]},{\"@type\":\"Person\",\"@id\":\"https:\/\/www.mojabochnia.pl\/#\/schema\/person\/c00e1f64e6fa0e6de6d410f2c340017f\",\"name\":\"administrator\",\"url\":\"https:\/\/www.mojabochnia.pl\/?author=1\"}]}<\/script>\n<!-- \/ Yoast SEO plugin. -->","yoast_head_json":{"title":"Boche\u0144skie podstaw\u00f3wki zapraszaj\u0105 na Dni Otwarte  - mojabochnia.pl - portal informacyjny","robots":{"index":"index","follow":"follow","max-snippet":"max-snippet:-1","max-image-preview":"max-image-preview:large","max-video-preview":"max-video-preview:-1"},"canonical":"https:\/\/www.mojabochnia.pl\/?p=4814","og_locale":"pl_PL","og_type":"article","og_title":"Boche\u0144skie podstaw\u00f3wki zapraszaj\u0105 na Dni Otwarte  - mojabochnia.pl - portal informacyjny","og_description":"Kr\u00f3lewna \u015anie\u017cka czy Brzydkie Kacz\u0105tko, kto przyci\u0105gnie wi\u0119cej sze\u015bcio- i siedmiolatk\u00f3w? Zaczyna si\u0119 rywalizacja o nowych uczni\u00f3w.","og_url":"https:\/\/www.mojabochnia.pl\/?p=4814","og_site_name":"mojabochnia.pl - portal informacyjny","article_publisher":"https:\/\/www.facebook.com\/mojabochnia","article_published_time":"2009-01-30T08:35:30+00:00","article_modified_time":"2009-01-30T10:32:04+00:00","author":"administrator","twitter_card":"summary_large_image","twitter_misc":{"Written by":"administrator","Est. reading time":"1 minuta"},"schema":{"@context":"https:\/\/schema.org","@graph":[{"@type":"Article","@id":"https:\/\/www.mojabochnia.pl\/?p=4814#article","isPartOf":{"@id":"https:\/\/www.mojabochnia.pl\/?p=4814"},"author":{"name":"administrator","@id":"https:\/\/www.mojabochnia.pl\/#\/schema\/person\/c00e1f64e6fa0e6de6d410f2c340017f"},"headline":"Boche\u0144skie podstaw\u00f3wki zapraszaj\u0105 na Dni Otwarte","datePublished":"2009-01-30T08:35:30+00:00","dateModified":"2009-01-30T10:32:04+00:00","mainEntityOfPage":{"@id":"https:\/\/www.mojabochnia.pl\/?p=4814"},"wordCount":157,"commentCount":0,"publisher":{"@id":"https:\/\/www.mojabochnia.pl\/#organization"},"keywords":["dyrektor","dzie\u0144 otwarty","Kr\u00f3lewna \u015anie\u017cka","przedstawienie","rodzice","spektakl","szko\u0142a podstawowa","szko\u0142a podstawowa nr 5","szko\u0142a podstawowa nr 7","zwiedzanie"],"articleSection":["2_ostatnie"],"inLanguage":"pl-PL","potentialAction":[{"@type":"CommentAction","name":"Comment","target":["https:\/\/www.mojabochnia.pl\/?p=4814#respond"]}]},{"@type":"WebPage","@id":"https:\/\/www.mojabochnia.pl\/?p=4814","url":"https:\/\/www.mojabochnia.pl\/?p=4814","name":"Boche\u0144skie podstaw\u00f3wki zapraszaj\u0105 na Dni Otwarte - mojabochnia.pl - portal informacyjny","isPartOf":{"@id":"https:\/\/www.mojabochnia.pl\/#website"},"datePublished":"2009-01-30T08:35:30+00:00","dateModified":"2009-01-30T10:32:04+00:00","breadcrumb":{"@id":"https:\/\/www.mojabochnia.pl\/?p=4814#breadcrumb"},"inLanguage":"pl-PL","potentialAction":[{"@type":"ReadAction","target":["https:\/\/www.mojabochnia.pl\/?p=4814"]}]},{"@type":"BreadcrumbList","@id":"https:\/\/www.mojabochnia.pl\/?p=4814#breadcrumb","itemListElement":[{"@type":"ListItem","position":1,"name":"Home","item":"https:\/\/www.mojabochnia.pl\/"},{"@type":"ListItem","position":2,"name":"Boche\u0144skie podstaw\u00f3wki zapraszaj\u0105 na Dni Otwarte"}]},{"@type":"WebSite","@id":"https:\/\/www.mojabochnia.pl\/#website","url":"https:\/\/www.mojabochnia.pl\/","name":"mojabochnia.pl - portal informacyjny","description":"mojaBochnia to portal informacyjny o Bochni. Codziennie o Bochni piszemy i pokazujemy najwa\u017cniejsze wydarzenia","publisher":{"@id":"https:\/\/www.mojabochnia.pl\/#organization"},"potentialAction":[{"@type":"SearchAction","target":{"@type":"EntryPoint","urlTemplate":"https:\/\/www.mojabochnia.pl\/?s={search_term_string}"},"query-input":{"@type":"PropertyValueSpecification","valueRequired":true,"valueName":"search_term_string"}}],"inLanguage":"pl-PL"},{"@type":"Organization","@id":"https:\/\/www.mojabochnia.pl\/#organization","name":"mojabochnia.pl - portal informacyjny","url":"https:\/\/www.mojabochnia.pl\/","logo":{"@type":"ImageObject","inLanguage":"pl-PL","@id":"https:\/\/www.mojabochnia.pl\/#\/schema\/logo\/image\/","url":"https:\/\/www.mojabochnia.pl\/wp-content\/uploads\/2017\/08\/logo-mb-opt.png","contentUrl":"https:\/\/www.mojabochnia.pl\/wp-content\/uploads\/2017\/08\/logo-mb-opt.png","width":250,"height":48,"caption":"mojabochnia.pl - portal informacyjny"},"image":{"@id":"https:\/\/www.mojabochnia.pl\/#\/schema\/logo\/image\/"},"sameAs":["https:\/\/www.facebook.com\/mojabochnia"]},{"@type":"Person","@id":"https:\/\/www.mojabochnia.pl\/#\/schema\/person\/c00e1f64e6fa0e6de6d410f2c340017f","name":"administrator","url":"https:\/\/www.mojabochnia.pl\/?author=1"}]}},"_links":{"self":[{"href":"https:\/\/www.mojabochnia.pl\/index.php?rest_route=\/wp\/v2\/posts\/4814","targetHints":{"allow":["GET"]}}],"collection":[{"href":"https:\/\/www.mojabochnia.pl\/index.php?rest_route=\/wp\/v2\/posts"}],"about":[{"href":"https:\/\/www.mojabochnia.pl\/index.php?rest_route=\/wp\/v2\/types\/post"}],"author":[{"embeddable":true,"href":"https:\/\/www.mojabochnia.pl\/index.php?rest_route=\/wp\/v2\/users\/1"}],"replies":[{"embeddable":true,"href":"https:\/\/www.mojabochnia.pl\/index.php?rest_route=%2Fwp%2Fv2%2Fcomments&post=4814"}],"version-history":[{"count":0,"href":"https:\/\/www.mojabochnia.pl\/index.php?rest_route=\/wp\/v2\/posts\/4814\/revisions"}],"wp:attachment":[{"href":"https:\/\/www.mojabochnia.pl\/index.php?rest_route=%2Fwp%2Fv2%2Fmedia&parent=4814"}],"wp:term":[{"taxonomy":"category","embeddable":true,"href":"https:\/\/www.mojabochnia.pl\/index.php?rest_route=%2Fwp%2Fv2%2Fcategories&post=4814"},{"taxonomy":"post_tag","embeddable":true,"href":"https:\/\/www.mojabochnia.pl\/index.php?rest_route=%2Fwp%2Fv2%2Ftags&post=4814"}],"curies":[{"name":"wp","href":"https:\/\/api.w.org\/{rel}","templated":true}]}}