{"id":4807,"date":"2009-01-29T16:08:43","date_gmt":"2009-01-29T15:08:43","guid":{"rendered":"http:\/\/www.mojabochnia.pl\/?p=4807"},"modified":"2009-01-29T16:25:16","modified_gmt":"2009-01-29T15:25:16","slug":"wybiora-%e2%80%9ewisnicki-smak-kapusty%e2%80%9d","status":"publish","type":"post","link":"https:\/\/www.mojabochnia.pl\/?p=4807","title":{"rendered":"Wybior\u0105 \u201eWi\u015bnicki smak kapusty\u201d"},"content":{"rendered":"<p>&#8211; <em>Szukamy potraw regionalnych i charakterystycznych dla naszego regionu, kt\u00f3re funkcjonuj\u0105 u nas co najmniej od 25 lat a zosta\u0142y przekazane jeszcze przez poprzednie pokolenie <\/em>\u2013 m\u00f3wi Bernadetta B\u0142oniarz, etnolog, opiekun O\u015brodka Edukacji Regionalnej w Starym Wi\u015bniczu, koordynator konkursu. <\/p>\n<p>Warunkiem uczestnictwa w konkursie jest zg\u0142oszenie si\u0119 osobi\u015bcie, droga telefoniczna b\u0105d\u017a internetow\u0105, przygotowanie z w\u0142asnych produkt\u00f3w potrawy przekazywanej z pokolenia na pokolenie od 25 lat i dostarczenie jej do O\u015brodka Edukacji Regionalnej w Starym Wi\u015bniczu. <\/p>\n<p>Na 7 lutego jest przygotowywany fina\u0142 konkursu. \u2013 <em>Spo\u015br\u00f3d zg\u0142oszonych potraw b\u0119dziemy wybiera\u0107 \u201eSmak roku\u201d. A uczyni to komisja z\u0142o\u017cona z technologa \u017cywieniowego oraz przedstawicieli organizatora<\/em> \u2013 zaznacza Bernadetta B\u0142oniarz \u2013 <em>Dodatkowo opr\u00f3cz werdyktu jury poznamy werdykt publiczno\u015bci, kt\u00f3ra podczas fina\u0142u wybierze tak\u017ce \u201esw\u00f3j smak\u201d. A co wa\u017cne wst\u0119p na spotkanie jest wolny<\/em> \u2013 dodaje. <\/p>\n<p>Ka\u017cda potrawa b\u0119dzie oceniania w kilku kategoriach m.in. pod uwag\u0119 b\u0119dzie brany smak potrawy, jej oryginalno\u015b\u0107, regionalno\u015b\u0107 czy \u0142atwo\u015b\u0107 przygotowania. Spo\u015br\u00f3d uczestnik\u00f3w zostanie wy\u0142oniony zwyci\u0119zca \u201eWi\u015bnickiego Smaku Kapusty\u2019 Stary Wi\u015bnicz 2009\u201d. Organizatorzy zaznaczaj\u0105, \u017ce dla ka\u017cdego z uczestnik\u00f3w przygotowali nagrody rzeczowe. <\/p>\n<p>&#8211; <em>W tym roku organizujemy ju\u017c II edycj\u0119 tego konkursu. W roku ubieg\u0142ym odbywa\u0142 si\u0119 on pod has\u0142em \u201eWi\u015bnicki smak pierog\u00f3w\u201d. W przysz\u0142ym roku b\u0119dzie na pewno co\u015b innego. Poszukujemy bowiem produkt\u00f3w, kt\u00f3re s\u0105 charakterystyczne dla \u017cywienia w naszym regionie<\/em> \u2013 zaznacza koordynator konkursu.<\/p>\n<p>Konkurs organizuj\u0105 Miejski O\u015brodek Kultury w Nowym Wi\u015bniczu, ma\u0142opolski O\u015brodek Doradztwa Rolniczego \u2013 Powiatowy Zesp\u00f3\u0142 Doradztwa Rolniczego w Bochni oraz burmistrz Nowego Wi\u015bnicza. <\/p>\n<p><a onclick=\"javascript:pageTracker._trackPageview('\/outgoing\/umwisnicz.home.pl\/index.php?option=com_docman&#038;task=doc_view&#038;gid=92&#038;Itemid=164');\"  href=\"http:\/\/umwisnicz.home.pl\/index.php?option=com_docman&#038;task=doc_view&#038;gid=92&#038;Itemid=164\">Pe\u0142ny regulamin konkursu<\/a><\/p>\n<p><a href=\"http:\/\/umwisnicz.home.pl\/index.php?option=com_docman&#038;task=doc_view&#038;gid=93&#038;Itemid=164\">Karta zg\u0142oszenia<br \/>\n<\/a><\/p>\n","protected":false},"excerpt":{"rendered":"<p>Miejski O\u015brodek Kultury w Nowym Wi\u015bniczu przyjmuje nadal zg\u0142oszenia do konkursy kulinarnego \u201eWi\u015bnicki smak kapusty\u201d.<\/p>\n","protected":false},"author":1,"featured_media":0,"comment_status":"open","ping_status":"closed","sticky":false,"template":"","format":"standard","meta":{"_acf_changed":false,"footnotes":""},"categories":[92],"tags":[784,17421,975,2149,17122,2296,17118,785,577],"class_list":["post-4807","post","type-post","status-publish","format-standard","hentry","category-kultura","tag-bernadetta-bloniarz","tag-burmistrz","tag-gmina","tag-gminny-dom-kultury","tag-konkurs","tag-konkurs-kulinarny","tag-wisnicz","tag-osrodek-edukacji-regionalnej","tag-stary-wisnicz"],"acf":[],"yoast_head":"<!-- This site is optimized with the Yoast SEO plugin v26.9 - https:\/\/yoast.com\/product\/yoast-seo-wordpress\/ -->\n<title>Wybior\u0105 \u201eWi\u015bnicki smak kapusty\u201d - mojabochnia.pl - portal informacyjny<\/title>\n<meta name=\"robots\" content=\"index, follow, max-snippet:-1, max-image-preview:large, max-video-preview:-1\" \/>\n<link rel=\"canonical\" href=\"https:\/\/www.mojabochnia.pl\/?p=4807\" \/>\n<meta property=\"og:locale\" content=\"pl_PL\" \/>\n<meta property=\"og:type\" content=\"article\" \/>\n<meta property=\"og:title\" content=\"Wybior\u0105 \u201eWi\u015bnicki smak kapusty\u201d - mojabochnia.pl - portal informacyjny\" \/>\n<meta property=\"og:description\" content=\"Miejski O\u015brodek Kultury w Nowym Wi\u015bniczu przyjmuje nadal zg\u0142oszenia do konkursy kulinarnego \u201eWi\u015bnicki smak kapusty\u201d.\" \/>\n<meta property=\"og:url\" content=\"https:\/\/www.mojabochnia.pl\/?p=4807\" \/>\n<meta property=\"og:site_name\" content=\"mojabochnia.pl - portal informacyjny\" \/>\n<meta property=\"article:publisher\" content=\"https:\/\/www.facebook.com\/mojabochnia\" \/>\n<meta property=\"article:published_time\" content=\"2009-01-29T15:08:43+00:00\" \/>\n<meta property=\"article:modified_time\" content=\"2009-01-29T15:25:16+00:00\" \/>\n<meta name=\"author\" content=\"administrator\" \/>\n<meta name=\"twitter:card\" content=\"summary_large_image\" \/>\n<meta name=\"twitter:label1\" content=\"Written by\" \/>\n\t<meta name=\"twitter:data1\" content=\"administrator\" \/>\n\t<meta name=\"twitter:label2\" content=\"Est. reading time\" \/>\n\t<meta name=\"twitter:data2\" content=\"1 minuta\" \/>\n<script type=\"application\/ld+json\" class=\"yoast-schema-graph\">{\"@context\":\"https:\/\/schema.org\",\"@graph\":[{\"@type\":\"Article\",\"@id\":\"https:\/\/www.mojabochnia.pl\/?p=4807#article\",\"isPartOf\":{\"@id\":\"https:\/\/www.mojabochnia.pl\/?p=4807\"},\"author\":{\"name\":\"administrator\",\"@id\":\"https:\/\/www.mojabochnia.pl\/#\/schema\/person\/c00e1f64e6fa0e6de6d410f2c340017f\"},\"headline\":\"Wybior\u0105 \u201eWi\u015bnicki smak kapusty\u201d\",\"datePublished\":\"2009-01-29T15:08:43+00:00\",\"dateModified\":\"2009-01-29T15:25:16+00:00\",\"mainEntityOfPage\":{\"@id\":\"https:\/\/www.mojabochnia.pl\/?p=4807\"},\"wordCount\":292,\"commentCount\":0,\"publisher\":{\"@id\":\"https:\/\/www.mojabochnia.pl\/#organization\"},\"keywords\":[\"bernadetta b\u0142oniarz\",\"burmistrz\",\"gmina\",\"gminny dom kultury\",\"konkurs\",\"konkurs kulinarny\",\"Nowy Wi\u015bnicz\",\"o\u015brodek edukacji regionalnej\",\"stary wi\u015bnicz\"],\"articleSection\":[\"kultura\"],\"inLanguage\":\"pl-PL\",\"potentialAction\":[{\"@type\":\"CommentAction\",\"name\":\"Comment\",\"target\":[\"https:\/\/www.mojabochnia.pl\/?p=4807#respond\"]}]},{\"@type\":\"WebPage\",\"@id\":\"https:\/\/www.mojabochnia.pl\/?p=4807\",\"url\":\"https:\/\/www.mojabochnia.pl\/?p=4807\",\"name\":\"Wybior\u0105 \u201eWi\u015bnicki smak kapusty\u201d - mojabochnia.pl - portal informacyjny\",\"isPartOf\":{\"@id\":\"https:\/\/www.mojabochnia.pl\/#website\"},\"datePublished\":\"2009-01-29T15:08:43+00:00\",\"dateModified\":\"2009-01-29T15:25:16+00:00\",\"breadcrumb\":{\"@id\":\"https:\/\/www.mojabochnia.pl\/?p=4807#breadcrumb\"},\"inLanguage\":\"pl-PL\",\"potentialAction\":[{\"@type\":\"ReadAction\",\"target\":[\"https:\/\/www.mojabochnia.pl\/?p=4807\"]}]},{\"@type\":\"BreadcrumbList\",\"@id\":\"https:\/\/www.mojabochnia.pl\/?p=4807#breadcrumb\",\"itemListElement\":[{\"@type\":\"ListItem\",\"position\":1,\"name\":\"Home\",\"item\":\"https:\/\/www.mojabochnia.pl\/\"},{\"@type\":\"ListItem\",\"position\":2,\"name\":\"Wybior\u0105 \u201eWi\u015bnicki smak kapusty\u201d\"}]},{\"@type\":\"WebSite\",\"@id\":\"https:\/\/www.mojabochnia.pl\/#website\",\"url\":\"https:\/\/www.mojabochnia.pl\/\",\"name\":\"mojabochnia.pl - portal informacyjny\",\"description\":\"mojaBochnia to portal informacyjny o Bochni. Codziennie o Bochni piszemy i pokazujemy najwa\u017cniejsze wydarzenia\",\"publisher\":{\"@id\":\"https:\/\/www.mojabochnia.pl\/#organization\"},\"potentialAction\":[{\"@type\":\"SearchAction\",\"target\":{\"@type\":\"EntryPoint\",\"urlTemplate\":\"https:\/\/www.mojabochnia.pl\/?s={search_term_string}\"},\"query-input\":{\"@type\":\"PropertyValueSpecification\",\"valueRequired\":true,\"valueName\":\"search_term_string\"}}],\"inLanguage\":\"pl-PL\"},{\"@type\":\"Organization\",\"@id\":\"https:\/\/www.mojabochnia.pl\/#organization\",\"name\":\"mojabochnia.pl - portal informacyjny\",\"url\":\"https:\/\/www.mojabochnia.pl\/\",\"logo\":{\"@type\":\"ImageObject\",\"inLanguage\":\"pl-PL\",\"@id\":\"https:\/\/www.mojabochnia.pl\/#\/schema\/logo\/image\/\",\"url\":\"https:\/\/www.mojabochnia.pl\/wp-content\/uploads\/2017\/08\/logo-mb-opt.png\",\"contentUrl\":\"https:\/\/www.mojabochnia.pl\/wp-content\/uploads\/2017\/08\/logo-mb-opt.png\",\"width\":250,\"height\":48,\"caption\":\"mojabochnia.pl - portal informacyjny\"},\"image\":{\"@id\":\"https:\/\/www.mojabochnia.pl\/#\/schema\/logo\/image\/\"},\"sameAs\":[\"https:\/\/www.facebook.com\/mojabochnia\"]},{\"@type\":\"Person\",\"@id\":\"https:\/\/www.mojabochnia.pl\/#\/schema\/person\/c00e1f64e6fa0e6de6d410f2c340017f\",\"name\":\"administrator\",\"url\":\"https:\/\/www.mojabochnia.pl\/?author=1\"}]}<\/script>\n<!-- \/ Yoast SEO plugin. -->","yoast_head_json":{"title":"Wybior\u0105 \u201eWi\u015bnicki smak kapusty\u201d - mojabochnia.pl - portal informacyjny","robots":{"index":"index","follow":"follow","max-snippet":"max-snippet:-1","max-image-preview":"max-image-preview:large","max-video-preview":"max-video-preview:-1"},"canonical":"https:\/\/www.mojabochnia.pl\/?p=4807","og_locale":"pl_PL","og_type":"article","og_title":"Wybior\u0105 \u201eWi\u015bnicki smak kapusty\u201d - mojabochnia.pl - portal informacyjny","og_description":"Miejski O\u015brodek Kultury w Nowym Wi\u015bniczu przyjmuje nadal zg\u0142oszenia do konkursy kulinarnego \u201eWi\u015bnicki smak kapusty\u201d.","og_url":"https:\/\/www.mojabochnia.pl\/?p=4807","og_site_name":"mojabochnia.pl - portal informacyjny","article_publisher":"https:\/\/www.facebook.com\/mojabochnia","article_published_time":"2009-01-29T15:08:43+00:00","article_modified_time":"2009-01-29T15:25:16+00:00","author":"administrator","twitter_card":"summary_large_image","twitter_misc":{"Written by":"administrator","Est. reading time":"1 minuta"},"schema":{"@context":"https:\/\/schema.org","@graph":[{"@type":"Article","@id":"https:\/\/www.mojabochnia.pl\/?p=4807#article","isPartOf":{"@id":"https:\/\/www.mojabochnia.pl\/?p=4807"},"author":{"name":"administrator","@id":"https:\/\/www.mojabochnia.pl\/#\/schema\/person\/c00e1f64e6fa0e6de6d410f2c340017f"},"headline":"Wybior\u0105 \u201eWi\u015bnicki smak kapusty\u201d","datePublished":"2009-01-29T15:08:43+00:00","dateModified":"2009-01-29T15:25:16+00:00","mainEntityOfPage":{"@id":"https:\/\/www.mojabochnia.pl\/?p=4807"},"wordCount":292,"commentCount":0,"publisher":{"@id":"https:\/\/www.mojabochnia.pl\/#organization"},"keywords":["bernadetta b\u0142oniarz","burmistrz","gmina","gminny dom kultury","konkurs","konkurs kulinarny","Nowy Wi\u015bnicz","o\u015brodek edukacji regionalnej","stary wi\u015bnicz"],"articleSection":["kultura"],"inLanguage":"pl-PL","potentialAction":[{"@type":"CommentAction","name":"Comment","target":["https:\/\/www.mojabochnia.pl\/?p=4807#respond"]}]},{"@type":"WebPage","@id":"https:\/\/www.mojabochnia.pl\/?p=4807","url":"https:\/\/www.mojabochnia.pl\/?p=4807","name":"Wybior\u0105 \u201eWi\u015bnicki smak kapusty\u201d - mojabochnia.pl - portal informacyjny","isPartOf":{"@id":"https:\/\/www.mojabochnia.pl\/#website"},"datePublished":"2009-01-29T15:08:43+00:00","dateModified":"2009-01-29T15:25:16+00:00","breadcrumb":{"@id":"https:\/\/www.mojabochnia.pl\/?p=4807#breadcrumb"},"inLanguage":"pl-PL","potentialAction":[{"@type":"ReadAction","target":["https:\/\/www.mojabochnia.pl\/?p=4807"]}]},{"@type":"BreadcrumbList","@id":"https:\/\/www.mojabochnia.pl\/?p=4807#breadcrumb","itemListElement":[{"@type":"ListItem","position":1,"name":"Home","item":"https:\/\/www.mojabochnia.pl\/"},{"@type":"ListItem","position":2,"name":"Wybior\u0105 \u201eWi\u015bnicki smak kapusty\u201d"}]},{"@type":"WebSite","@id":"https:\/\/www.mojabochnia.pl\/#website","url":"https:\/\/www.mojabochnia.pl\/","name":"mojabochnia.pl - portal informacyjny","description":"mojaBochnia to portal informacyjny o Bochni. Codziennie o Bochni piszemy i pokazujemy najwa\u017cniejsze wydarzenia","publisher":{"@id":"https:\/\/www.mojabochnia.pl\/#organization"},"potentialAction":[{"@type":"SearchAction","target":{"@type":"EntryPoint","urlTemplate":"https:\/\/www.mojabochnia.pl\/?s={search_term_string}"},"query-input":{"@type":"PropertyValueSpecification","valueRequired":true,"valueName":"search_term_string"}}],"inLanguage":"pl-PL"},{"@type":"Organization","@id":"https:\/\/www.mojabochnia.pl\/#organization","name":"mojabochnia.pl - portal informacyjny","url":"https:\/\/www.mojabochnia.pl\/","logo":{"@type":"ImageObject","inLanguage":"pl-PL","@id":"https:\/\/www.mojabochnia.pl\/#\/schema\/logo\/image\/","url":"https:\/\/www.mojabochnia.pl\/wp-content\/uploads\/2017\/08\/logo-mb-opt.png","contentUrl":"https:\/\/www.mojabochnia.pl\/wp-content\/uploads\/2017\/08\/logo-mb-opt.png","width":250,"height":48,"caption":"mojabochnia.pl - portal informacyjny"},"image":{"@id":"https:\/\/www.mojabochnia.pl\/#\/schema\/logo\/image\/"},"sameAs":["https:\/\/www.facebook.com\/mojabochnia"]},{"@type":"Person","@id":"https:\/\/www.mojabochnia.pl\/#\/schema\/person\/c00e1f64e6fa0e6de6d410f2c340017f","name":"administrator","url":"https:\/\/www.mojabochnia.pl\/?author=1"}]}},"_links":{"self":[{"href":"https:\/\/www.mojabochnia.pl\/index.php?rest_route=\/wp\/v2\/posts\/4807","targetHints":{"allow":["GET"]}}],"collection":[{"href":"https:\/\/www.mojabochnia.pl\/index.php?rest_route=\/wp\/v2\/posts"}],"about":[{"href":"https:\/\/www.mojabochnia.pl\/index.php?rest_route=\/wp\/v2\/types\/post"}],"author":[{"embeddable":true,"href":"https:\/\/www.mojabochnia.pl\/index.php?rest_route=\/wp\/v2\/users\/1"}],"replies":[{"embeddable":true,"href":"https:\/\/www.mojabochnia.pl\/index.php?rest_route=%2Fwp%2Fv2%2Fcomments&post=4807"}],"version-history":[{"count":0,"href":"https:\/\/www.mojabochnia.pl\/index.php?rest_route=\/wp\/v2\/posts\/4807\/revisions"}],"wp:attachment":[{"href":"https:\/\/www.mojabochnia.pl\/index.php?rest_route=%2Fwp%2Fv2%2Fmedia&parent=4807"}],"wp:term":[{"taxonomy":"category","embeddable":true,"href":"https:\/\/www.mojabochnia.pl\/index.php?rest_route=%2Fwp%2Fv2%2Fcategories&post=4807"},{"taxonomy":"post_tag","embeddable":true,"href":"https:\/\/www.mojabochnia.pl\/index.php?rest_route=%2Fwp%2Fv2%2Ftags&post=4807"}],"curies":[{"name":"wp","href":"https:\/\/api.w.org\/{rel}","templated":true}]}}